{"id":153385,"date":"2016-10-13T13:09:05","date_gmt":"2016-10-13T11:09:05","guid":{"rendered":"http:\/\/hudo.com\/si\/?p=153385"},"modified":"2016-10-13T13:14:49","modified_gmt":"2016-10-13T11:14:49","slug":"nobelova-nagrada-za-literaturo-letos-bobu-dylanu","status":"publish","type":"post","link":"https:\/\/hudo.com\/si\/aktualno\/nobelova-nagrada-za-literaturo-letos-bobu-dylanu\/","title":{"rendered":"Nobelova nagrada za literaturo letos Bobu Dylanu"},"content":{"rendered":"<p>Robert Allen Zimmerman je svojo glasbeno pot kot Bob Dylan za\u010del v Greenwich Vilageu. Na glasbeno sceno je prodrl leta 1963 z drugim albumom The Freewheelin&#8217; Bob Dylan, ki je z izrazito politi\u010dno-protestno in dru\u017ebeno-kriti\u010dno vsebino mo\u010dno zaznamoval tedanjo ameri\u0161ko kulturo.<\/p>\n<p>Dylan je v svoji karieri raziskoval raznovrstne ameri\u0161ke tradicije in glasbene \u017eanre, ki jih je pogosto spajal z angle\u0161ko, irsko in \u0161kotsko folk glasbo. Nastopa s kitaro, bas kitaro, klavirjem in orglicami. Od poznih 80. let ga na turnejah spremljajo razli\u010dni glasbeniki.<\/p>\n<p>V Sloveniji je nastopil \u017ee \u0161tirikrat &#8211; leta 1991, 1999 in 2010 ter nazadnje lani v dvorani Sto\u017eice, ko je predstavil album Shadows in the Night.<\/p>\n<p>Vsi leto\u0161nji dobitniki bodo nagrade tradicionalno prevzeli v Stockholmu 10. decembra, na obletnico smrti \u0161vedskega izumitelja Alfreda Nobela. Letos je nagrada vredna osem milijonov \u0161vedskih kron (831.000 evrov).<\/p>\n<p>Lani je Nobelovo nagrado za literaturo prejela beloruska novinarka Svetlana Aleksijevi\u010d.<\/p>\n","protected":false},"excerpt":{"rendered":"<p>Nobelovo nagrado za literaturo letos prejeme ameri\u0161ki glasbenik Bob Dylan za nov pesni\u0161ki izraz znotraj ameri\u0161ke pesni\u0161ke tradicije, je v Stokholmu sporo\u010dila \u0160vedska kraljeva akademija. Dylan je vse od 60. let do danes ohranil status vrhunskega avtorja glasbe in besedil.<\/p>\n","protected":false},"author":8,"featured_media":153387,"comment_status":"closed","ping_status":"closed","sticky":false,"template":"","format":"standard","meta":{"footnotes":""},"categories":[1179],"tags":[6687,6430],"source":[4511],"supertag":[6103],"acf":[],"yoast_head":"<!-- This site is optimized with the Yoast SEO plugin v21.3 - https:\/\/yoast.com\/wordpress\/plugins\/seo\/ -->\n<title>Nobelova nagrada za literaturo letos Bobu Dylanu - Hudo Slovenija<\/title>\n<meta name=\"robots\" content=\"index, follow, max-snippet:-1, max-image-preview:large, max-video-preview:-1\" \/>\n<link rel=\"canonical\" href=\"https:\/\/hudo.com\/si\/aktualno\/nobelova-nagrada-za-literaturo-letos-bobu-dylanu\/\" \/>\n<meta property=\"og:locale\" content=\"sl_SI\" \/>\n<meta property=\"og:type\" content=\"article\" \/>\n<meta property=\"og:title\" content=\"Nobelova nagrada za literaturo letos Bobu Dylanu - Hudo Slovenija\" \/>\n<meta property=\"og:description\" content=\"Nobelovo nagrado za literaturo letos prejeme ameri\u0161ki glasbenik Bob Dylan za nov pesni\u0161ki izraz znotraj ameri\u0161ke pesni\u0161ke tradicije, je v Stokholmu sporo\u010dila \u0160vedska kraljeva akademija. Dylan je vse od 60. let do danes ohranil status vrhunskega avtorja glasbe in besedil.\" \/>\n<meta property=\"og:url\" content=\"https:\/\/hudo.com\/si\/aktualno\/nobelova-nagrada-za-literaturo-letos-bobu-dylanu\/\" \/>\n<meta property=\"og:site_name\" content=\"Hudo Slovenija\" \/>\n<meta property=\"article:publisher\" content=\"https:\/\/www.facebook.com\/hudo.si\" \/>\n<meta property=\"article:published_time\" content=\"2016-10-13T11:09:05+00:00\" \/>\n<meta property=\"article:modified_time\" content=\"2016-10-13T11:14:49+00:00\" \/>\n<meta property=\"og:image\" content=\"https:\/\/hudo.com\/si\/wp-content\/uploads\/sites\/2\/2016\/10\/profimedia-0302278980-1.jpg\" \/>\n\t<meta property=\"og:image:width\" content=\"1250\" \/>\n\t<meta property=\"og:image:height\" content=\"882\" \/>\n\t<meta property=\"og:image:type\" content=\"image\/jpeg\" \/>\n<meta name=\"author\" content=\"M. N., STA\" \/>\n<meta name=\"twitter:card\" content=\"summary_large_image\" \/>\n<meta name=\"twitter:creator\" content=\"@hudo_si\" \/>\n<meta name=\"twitter:site\" content=\"@hudo_si\" \/>\n<meta name=\"twitter:label1\" content=\"Written by\" \/>\n\t<meta name=\"twitter:data1\" content=\"M. N., STA\" \/>\n\t<meta name=\"twitter:label2\" content=\"Est. reading time\" \/>\n\t<meta name=\"twitter:data2\" content=\"1 minuta\" \/>\n<script type=\"application\/ld+json\" class=\"yoast-schema-graph\">{\"@context\":\"https:\/\/schema.org\",\"@graph\":[{\"@type\":\"Article\",\"@id\":\"https:\/\/hudo.com\/si\/aktualno\/nobelova-nagrada-za-literaturo-letos-bobu-dylanu\/#article\",\"isPartOf\":{\"@id\":\"https:\/\/hudo.com\/si\/aktualno\/nobelova-nagrada-za-literaturo-letos-bobu-dylanu\/\"},\"author\":{\"name\":\"M. N., STA\",\"@id\":\"https:\/\/hudo.com\/si\/#\/schema\/person\/c2f10ce65d2e6ede2aeda5be2a0611fa\"},\"headline\":\"Nobelova nagrada za literaturo letos Bobu Dylanu\",\"datePublished\":\"2016-10-13T11:09:05+00:00\",\"dateModified\":\"2016-10-13T11:14:49+00:00\",\"mainEntityOfPage\":{\"@id\":\"https:\/\/hudo.com\/si\/aktualno\/nobelova-nagrada-za-literaturo-letos-bobu-dylanu\/\"},\"wordCount\":159,\"publisher\":{\"@id\":\"https:\/\/hudo.com\/si\/#organization\"},\"keywords\":[\"Bob Dylan\",\"nobelove nagrade\"],\"articleSection\":[\"Aktualno\"],\"inLanguage\":\"sl-SI\"},{\"@type\":\"WebPage\",\"@id\":\"https:\/\/hudo.com\/si\/aktualno\/nobelova-nagrada-za-literaturo-letos-bobu-dylanu\/\",\"url\":\"https:\/\/hudo.com\/si\/aktualno\/nobelova-nagrada-za-literaturo-letos-bobu-dylanu\/\",\"name\":\"Nobelova nagrada za literaturo letos Bobu Dylanu - Hudo Slovenija\",\"isPartOf\":{\"@id\":\"https:\/\/hudo.com\/si\/#website\"},\"datePublished\":\"2016-10-13T11:09:05+00:00\",\"dateModified\":\"2016-10-13T11:14:49+00:00\",\"breadcrumb\":{\"@id\":\"https:\/\/hudo.com\/si\/aktualno\/nobelova-nagrada-za-literaturo-letos-bobu-dylanu\/#breadcrumb\"},\"inLanguage\":\"sl-SI\",\"potentialAction\":[{\"@type\":\"ReadAction\",\"target\":[\"https:\/\/hudo.com\/si\/aktualno\/nobelova-nagrada-za-literaturo-letos-bobu-dylanu\/\"]}]},{\"@type\":\"BreadcrumbList\",\"@id\":\"https:\/\/hudo.com\/si\/aktualno\/nobelova-nagrada-za-literaturo-letos-bobu-dylanu\/#breadcrumb\",\"itemListElement\":[{\"@type\":\"ListItem\",\"position\":1,\"name\":\"Home\",\"item\":\"https:\/\/hudo.com\/si\/\"},{\"@type\":\"ListItem\",\"position\":2,\"name\":\"Nobelova nagrada za literaturo letos Bobu Dylanu\"}]},{\"@type\":\"WebSite\",\"@id\":\"https:\/\/hudo.com\/si\/#website\",\"url\":\"https:\/\/hudo.com\/si\/\",\"name\":\"Hudo Slovenija\",\"description\":\"Vse novice iz Slovenije in sveta\",\"publisher\":{\"@id\":\"https:\/\/hudo.com\/si\/#organization\"},\"potentialAction\":[{\"@type\":\"SearchAction\",\"target\":{\"@type\":\"EntryPoint\",\"urlTemplate\":\"https:\/\/hudo.com\/si\/?s={search_term_string}\"},\"query-input\":\"required name=search_term_string\"}],\"inLanguage\":\"sl-SI\"},{\"@type\":\"Organization\",\"@id\":\"https:\/\/hudo.com\/si\/#organization\",\"name\":\"VSN Media\",\"url\":\"https:\/\/hudo.com\/si\/\",\"logo\":{\"@type\":\"ImageObject\",\"inLanguage\":\"sl-SI\",\"@id\":\"https:\/\/hudo.com\/si\/#\/schema\/logo\/image\/\",\"url\":\"https:\/\/hudo.com\/si\/wp-content\/uploads\/sites\/2\/2021\/03\/hudo-app-2.png\",\"contentUrl\":\"https:\/\/hudo.com\/si\/wp-content\/uploads\/sites\/2\/2021\/03\/hudo-app-2.png\",\"width\":2185,\"height\":2167,\"caption\":\"VSN Media\"},\"image\":{\"@id\":\"https:\/\/hudo.com\/si\/#\/schema\/logo\/image\/\"},\"sameAs\":[\"https:\/\/www.facebook.com\/hudo.si\",\"https:\/\/twitter.com\/hudo_si\"]},{\"@type\":\"Person\",\"@id\":\"https:\/\/hudo.com\/si\/#\/schema\/person\/c2f10ce65d2e6ede2aeda5be2a0611fa\",\"name\":\"M. N., STA\",\"image\":{\"@type\":\"ImageObject\",\"inLanguage\":\"sl-SI\",\"@id\":\"https:\/\/hudo.com\/si\/#\/schema\/person\/image\/\",\"url\":\"https:\/\/secure.gravatar.com\/avatar\/f370d38daa10467f755c5c766a4cac20?s=96&d=mm&r=g\",\"contentUrl\":\"https:\/\/secure.gravatar.com\/avatar\/f370d38daa10467f755c5c766a4cac20?s=96&d=mm&r=g\",\"caption\":\"M. N., STA\"},\"url\":\"https:\/\/hudo.com\/si\/author\/mana\/\"}]}<\/script>\n<!-- \/ Yoast SEO plugin. -->","yoast_head_json":{"title":"Nobelova nagrada za literaturo letos Bobu Dylanu - Hudo Slovenija","robots":{"index":"index","follow":"follow","max-snippet":"max-snippet:-1","max-image-preview":"max-image-preview:large","max-video-preview":"max-video-preview:-1"},"canonical":"https:\/\/hudo.com\/si\/aktualno\/nobelova-nagrada-za-literaturo-letos-bobu-dylanu\/","og_locale":"sl_SI","og_type":"article","og_title":"Nobelova nagrada za literaturo letos Bobu Dylanu - Hudo Slovenija","og_description":"Nobelovo nagrado za literaturo letos prejeme ameri\u0161ki glasbenik Bob Dylan za nov pesni\u0161ki izraz znotraj ameri\u0161ke pesni\u0161ke tradicije, je v Stokholmu sporo\u010dila \u0160vedska kraljeva akademija. Dylan je vse od 60. let do danes ohranil status vrhunskega avtorja glasbe in besedil.","og_url":"https:\/\/hudo.com\/si\/aktualno\/nobelova-nagrada-za-literaturo-letos-bobu-dylanu\/","og_site_name":"Hudo Slovenija","article_publisher":"https:\/\/www.facebook.com\/hudo.si","article_published_time":"2016-10-13T11:09:05+00:00","article_modified_time":"2016-10-13T11:14:49+00:00","og_image":[{"width":1250,"height":882,"url":"https:\/\/hudo.com\/si\/wp-content\/uploads\/sites\/2\/2016\/10\/profimedia-0302278980-1.jpg","type":"image\/jpeg"}],"author":"M. N., STA","twitter_card":"summary_large_image","twitter_creator":"@hudo_si","twitter_site":"@hudo_si","twitter_misc":{"Written by":"M. N., STA","Est. reading time":"1 minuta"},"schema":{"@context":"https:\/\/schema.org","@graph":[{"@type":"Article","@id":"https:\/\/hudo.com\/si\/aktualno\/nobelova-nagrada-za-literaturo-letos-bobu-dylanu\/#article","isPartOf":{"@id":"https:\/\/hudo.com\/si\/aktualno\/nobelova-nagrada-za-literaturo-letos-bobu-dylanu\/"},"author":{"name":"M. N., STA","@id":"https:\/\/hudo.com\/si\/#\/schema\/person\/c2f10ce65d2e6ede2aeda5be2a0611fa"},"headline":"Nobelova nagrada za literaturo letos Bobu Dylanu","datePublished":"2016-10-13T11:09:05+00:00","dateModified":"2016-10-13T11:14:49+00:00","mainEntityOfPage":{"@id":"https:\/\/hudo.com\/si\/aktualno\/nobelova-nagrada-za-literaturo-letos-bobu-dylanu\/"},"wordCount":159,"publisher":{"@id":"https:\/\/hudo.com\/si\/#organization"},"keywords":["Bob Dylan","nobelove nagrade"],"articleSection":["Aktualno"],"inLanguage":"sl-SI"},{"@type":"WebPage","@id":"https:\/\/hudo.com\/si\/aktualno\/nobelova-nagrada-za-literaturo-letos-bobu-dylanu\/","url":"https:\/\/hudo.com\/si\/aktualno\/nobelova-nagrada-za-literaturo-letos-bobu-dylanu\/","name":"Nobelova nagrada za literaturo letos Bobu Dylanu - Hudo Slovenija","isPartOf":{"@id":"https:\/\/hudo.com\/si\/#website"},"datePublished":"2016-10-13T11:09:05+00:00","dateModified":"2016-10-13T11:14:49+00:00","breadcrumb":{"@id":"https:\/\/hudo.com\/si\/aktualno\/nobelova-nagrada-za-literaturo-letos-bobu-dylanu\/#breadcrumb"},"inLanguage":"sl-SI","potentialAction":[{"@type":"ReadAction","target":["https:\/\/hudo.com\/si\/aktualno\/nobelova-nagrada-za-literaturo-letos-bobu-dylanu\/"]}]},{"@type":"BreadcrumbList","@id":"https:\/\/hudo.com\/si\/aktualno\/nobelova-nagrada-za-literaturo-letos-bobu-dylanu\/#breadcrumb","itemListElement":[{"@type":"ListItem","position":1,"name":"Home","item":"https:\/\/hudo.com\/si\/"},{"@type":"ListItem","position":2,"name":"Nobelova nagrada za literaturo letos Bobu Dylanu"}]},{"@type":"WebSite","@id":"https:\/\/hudo.com\/si\/#website","url":"https:\/\/hudo.com\/si\/","name":"Hudo Slovenija","description":"Vse novice iz Slovenije in sveta","publisher":{"@id":"https:\/\/hudo.com\/si\/#organization"},"potentialAction":[{"@type":"SearchAction","target":{"@type":"EntryPoint","urlTemplate":"https:\/\/hudo.com\/si\/?s={search_term_string}"},"query-input":"required name=search_term_string"}],"inLanguage":"sl-SI"},{"@type":"Organization","@id":"https:\/\/hudo.com\/si\/#organization","name":"VSN Media","url":"https:\/\/hudo.com\/si\/","logo":{"@type":"ImageObject","inLanguage":"sl-SI","@id":"https:\/\/hudo.com\/si\/#\/schema\/logo\/image\/","url":"https:\/\/hudo.com\/si\/wp-content\/uploads\/sites\/2\/2021\/03\/hudo-app-2.png","contentUrl":"https:\/\/hudo.com\/si\/wp-content\/uploads\/sites\/2\/2021\/03\/hudo-app-2.png","width":2185,"height":2167,"caption":"VSN Media"},"image":{"@id":"https:\/\/hudo.com\/si\/#\/schema\/logo\/image\/"},"sameAs":["https:\/\/www.facebook.com\/hudo.si","https:\/\/twitter.com\/hudo_si"]},{"@type":"Person","@id":"https:\/\/hudo.com\/si\/#\/schema\/person\/c2f10ce65d2e6ede2aeda5be2a0611fa","name":"M. N., STA","image":{"@type":"ImageObject","inLanguage":"sl-SI","@id":"https:\/\/hudo.com\/si\/#\/schema\/person\/image\/","url":"https:\/\/secure.gravatar.com\/avatar\/f370d38daa10467f755c5c766a4cac20?s=96&d=mm&r=g","contentUrl":"https:\/\/secure.gravatar.com\/avatar\/f370d38daa10467f755c5c766a4cac20?s=96&d=mm&r=g","caption":"M. N., STA"},"url":"https:\/\/hudo.com\/si\/author\/mana\/"}]}},"amp_enabled":true,"_links":{"self":[{"href":"https:\/\/hudo.com\/si\/wp-json\/wp\/v2\/posts\/153385"}],"collection":[{"href":"https:\/\/hudo.com\/si\/wp-json\/wp\/v2\/posts"}],"about":[{"href":"https:\/\/hudo.com\/si\/wp-json\/wp\/v2\/types\/post"}],"author":[{"embeddable":true,"href":"https:\/\/hudo.com\/si\/wp-json\/wp\/v2\/users\/8"}],"replies":[{"embeddable":true,"href":"https:\/\/hudo.com\/si\/wp-json\/wp\/v2\/comments?post=153385"}],"version-history":[{"count":2,"href":"https:\/\/hudo.com\/si\/wp-json\/wp\/v2\/posts\/153385\/revisions"}],"predecessor-version":[{"id":153389,"href":"https:\/\/hudo.com\/si\/wp-json\/wp\/v2\/posts\/153385\/revisions\/153389"}],"wp:featuredmedia":[{"embeddable":true,"href":"https:\/\/hudo.com\/si\/wp-json\/wp\/v2\/media\/153387"}],"wp:attachment":[{"href":"https:\/\/hudo.com\/si\/wp-json\/wp\/v2\/media?parent=153385"}],"wp:term":[{"taxonomy":"category","embeddable":true,"href":"https:\/\/hudo.com\/si\/wp-json\/wp\/v2\/categories?post=153385"},{"taxonomy":"post_tag","embeddable":true,"href":"https:\/\/hudo.com\/si\/wp-json\/wp\/v2\/tags?post=153385"},{"taxonomy":"source","embeddable":true,"href":"https:\/\/hudo.com\/si\/wp-json\/wp\/v2\/source?post=153385"},{"taxonomy":"supertag","embeddable":true,"href":"https:\/\/hudo.com\/si\/wp-json\/wp\/v2\/supertag?post=153385"}],"curies":[{"name":"wp","href":"https:\/\/api.w.org\/{rel}","templated":true}]}}