{"id":15341,"date":"2013-12-17T14:45:04","date_gmt":"2013-12-17T13:45:04","guid":{"rendered":"http:\/\/master.hudo.com\/si\/2013\/12\/17\/video-nenormalen-veter-skoraj-odpihnil-ljudi\/"},"modified":"2016-04-01T10:46:23","modified_gmt":"2016-04-01T09:46:23","slug":"video-nenormalen-veter-skoraj-odpihnil-ljudi","status":"publish","type":"post","link":"https:\/\/hudo.com\/si\/lifestyle\/video-nenormalen-veter-skoraj-odpihnil-ljudi\/","title":{"rendered":"VIDEO: Nenormalen veter skoraj odpihnil ljudi!"},"content":{"rendered":"<figure class=\"wp-caption video\" style=\"padding-top:56.212121212121%\">\n  \t<div class=\"embed\"><div class=\"embed-notice\">Za ogled vstavljene vsebine morate omogo\u010diti <a href=\"#\" onclick=\"Optanon.ToggleInfoDisplay()\">shranjevanje pi\u0161kotkov v napravi<\/a><\/div><iframe loading=\"lazy\" width=\"660\" height=\"371\"  class=\"optanon-category-C0002-C0003-C0004\" optanon-src=\"http:\/\/www.youtube.com\/embed\/rKUipxR3bDc?autohide=1&#038;fs=1&#038;autoplay=0&#038;iv_load_policy=3&#038;rel=0&#038;modestbranding=1&#038;showinfo=0&#038;hd=1\" frameborder=\"0\" allowfullscreen><\/iframe><\/div><br \/>\n  <\/figure>\n<p>Nevihta Ivar, ki je zajela severno Evropo, je s svojim mo\u010dnim vetrom skorajda s seboj odnesla prebivalce norve\u0161kega mesta Aalesund. V videoposnetku lahko vidite, kako so se namu\u010dili, da so ob mo\u010dnih sunkih vetra pre\u010dkali eno izmed cest v centru mesta. Zaradi izrednih razmer so oblasti na ulice poslale mestne policaje, ki so ljudem dobesedno ponudili roko, da so se la\u017eje pomikali po cestah in varno pri\u0161li na svoj cilj. Po poro\u010danju Euronewsa so bili nekateri pri tem tudi la\u017ee po\u0161kodovani. Starej\u0161ega mo\u017eakarja, ki ga je veter s plo\u010dnika odpihnil na cesto, so morali celo odpeljati z re\u0161evalnim vozilom.<\/p>\n","protected":false},"excerpt":{"rendered":"<p>Poglejte si ta neverjeten posnetek iz norve\u0161kega mesta Aalesund, kjer ljudje zaradi nenormalno mo\u010dnega vetra niso mogli pre\u010dkati ceste. Nekateri so se ob tem zabavali, drugi pa so celo potrebovali pomo\u010d!<\/p>\n","protected":false},"author":1,"featured_media":0,"comment_status":"closed","ping_status":"closed","sticky":false,"template":"","format":"standard","meta":{"footnotes":""},"categories":[1091],"tags":[3821,3723,3724,2267,3725,3822],"source":[1733,1734],"supertag":[],"acf":[],"yoast_head":"<!-- This site is optimized with the Yoast SEO plugin v21.3 - https:\/\/yoast.com\/wordpress\/plugins\/seo\/ -->\n<title>VIDEO: Nenormalen veter skoraj odpihnil ljudi! - Hudo Slovenija<\/title>\n<meta name=\"robots\" content=\"index, follow, max-snippet:-1, max-image-preview:large, max-video-preview:-1\" \/>\n<link rel=\"canonical\" href=\"https:\/\/hudo.com\/si\/lifestyle\/video-nenormalen-veter-skoraj-odpihnil-ljudi\/\" \/>\n<meta property=\"og:locale\" content=\"sl_SI\" \/>\n<meta property=\"og:type\" content=\"article\" \/>\n<meta property=\"og:title\" content=\"VIDEO: Nenormalen veter skoraj odpihnil ljudi! - Hudo Slovenija\" \/>\n<meta property=\"og:description\" content=\"Poglejte si ta neverjeten posnetek iz norve\u0161kega mesta Aalesund, kjer ljudje zaradi nenormalno mo\u010dnega vetra niso mogli pre\u010dkati ceste. Nekateri so se ob tem zabavali, drugi pa so celo potrebovali pomo\u010d!\" \/>\n<meta property=\"og:url\" content=\"https:\/\/hudo.com\/si\/lifestyle\/video-nenormalen-veter-skoraj-odpihnil-ljudi\/\" \/>\n<meta property=\"og:site_name\" content=\"Hudo Slovenija\" \/>\n<meta property=\"article:publisher\" content=\"https:\/\/www.facebook.com\/hudo.si\" \/>\n<meta property=\"article:published_time\" content=\"2013-12-17T13:45:04+00:00\" \/>\n<meta property=\"article:modified_time\" content=\"2016-04-01T09:46:23+00:00\" \/>\n<meta property=\"og:image\" content=\"https:\/\/hudo.com\/si\/wp-content\/uploads\/sites\/2\/2016\/04\/untitled-3.png\" \/>\n\t<meta property=\"og:image:width\" content=\"628\" \/>\n\t<meta property=\"og:image:height\" content=\"360\" \/>\n\t<meta property=\"og:image:type\" content=\"image\/png\" \/>\n<meta name=\"author\" content=\"hudo\" \/>\n<meta name=\"twitter:card\" content=\"summary_large_image\" \/>\n<meta name=\"twitter:creator\" content=\"@hudo_si\" \/>\n<meta name=\"twitter:site\" content=\"@hudo_si\" \/>\n<meta name=\"twitter:label1\" content=\"Written by\" \/>\n\t<meta name=\"twitter:data1\" content=\"hudo\" \/>\n\t<meta name=\"twitter:label2\" content=\"Est. reading time\" \/>\n\t<meta name=\"twitter:data2\" content=\"1 minuta\" \/>\n<script type=\"application\/ld+json\" class=\"yoast-schema-graph\">{\"@context\":\"https:\/\/schema.org\",\"@graph\":[{\"@type\":\"Article\",\"@id\":\"https:\/\/hudo.com\/si\/lifestyle\/video-nenormalen-veter-skoraj-odpihnil-ljudi\/#article\",\"isPartOf\":{\"@id\":\"https:\/\/hudo.com\/si\/lifestyle\/video-nenormalen-veter-skoraj-odpihnil-ljudi\/\"},\"author\":{\"name\":\"hudo\",\"@id\":\"https:\/\/hudo.com\/si\/#\/schema\/person\/601cf3379633985b20f7e50f2bb47707\"},\"headline\":\"VIDEO: Nenormalen veter skoraj odpihnil ljudi!\",\"datePublished\":\"2013-12-17T13:45:04+00:00\",\"dateModified\":\"2016-04-01T09:46:23+00:00\",\"mainEntityOfPage\":{\"@id\":\"https:\/\/hudo.com\/si\/lifestyle\/video-nenormalen-veter-skoraj-odpihnil-ljudi\/\"},\"wordCount\":119,\"publisher\":{\"@id\":\"https:\/\/hudo.com\/si\/#organization\"},\"keywords\":[\"ivar\",\"neurje\",\"nevihta\",\"Norve\u0161ka\",\"orkan\",\"veter\"],\"articleSection\":[\"Lifestyle\"],\"inLanguage\":\"sl-SI\"},{\"@type\":\"WebPage\",\"@id\":\"https:\/\/hudo.com\/si\/lifestyle\/video-nenormalen-veter-skoraj-odpihnil-ljudi\/\",\"url\":\"https:\/\/hudo.com\/si\/lifestyle\/video-nenormalen-veter-skoraj-odpihnil-ljudi\/\",\"name\":\"VIDEO: Nenormalen veter skoraj odpihnil ljudi! - Hudo Slovenija\",\"isPartOf\":{\"@id\":\"https:\/\/hudo.com\/si\/#website\"},\"datePublished\":\"2013-12-17T13:45:04+00:00\",\"dateModified\":\"2016-04-01T09:46:23+00:00\",\"breadcrumb\":{\"@id\":\"https:\/\/hudo.com\/si\/lifestyle\/video-nenormalen-veter-skoraj-odpihnil-ljudi\/#breadcrumb\"},\"inLanguage\":\"sl-SI\",\"potentialAction\":[{\"@type\":\"ReadAction\",\"target\":[\"https:\/\/hudo.com\/si\/lifestyle\/video-nenormalen-veter-skoraj-odpihnil-ljudi\/\"]}]},{\"@type\":\"BreadcrumbList\",\"@id\":\"https:\/\/hudo.com\/si\/lifestyle\/video-nenormalen-veter-skoraj-odpihnil-ljudi\/#breadcrumb\",\"itemListElement\":[{\"@type\":\"ListItem\",\"position\":1,\"name\":\"Home\",\"item\":\"https:\/\/hudo.com\/si\/\"},{\"@type\":\"ListItem\",\"position\":2,\"name\":\"VIDEO: Nenormalen veter skoraj odpihnil ljudi!\"}]},{\"@type\":\"WebSite\",\"@id\":\"https:\/\/hudo.com\/si\/#website\",\"url\":\"https:\/\/hudo.com\/si\/\",\"name\":\"Hudo Slovenija\",\"description\":\"Vse novice iz Slovenije in sveta\",\"publisher\":{\"@id\":\"https:\/\/hudo.com\/si\/#organization\"},\"potentialAction\":[{\"@type\":\"SearchAction\",\"target\":{\"@type\":\"EntryPoint\",\"urlTemplate\":\"https:\/\/hudo.com\/si\/?s={search_term_string}\"},\"query-input\":\"required name=search_term_string\"}],\"inLanguage\":\"sl-SI\"},{\"@type\":\"Organization\",\"@id\":\"https:\/\/hudo.com\/si\/#organization\",\"name\":\"VSN Media\",\"url\":\"https:\/\/hudo.com\/si\/\",\"logo\":{\"@type\":\"ImageObject\",\"inLanguage\":\"sl-SI\",\"@id\":\"https:\/\/hudo.com\/si\/#\/schema\/logo\/image\/\",\"url\":\"https:\/\/hudo.com\/si\/wp-content\/uploads\/sites\/2\/2021\/03\/hudo-app-2.png\",\"contentUrl\":\"https:\/\/hudo.com\/si\/wp-content\/uploads\/sites\/2\/2021\/03\/hudo-app-2.png\",\"width\":2185,\"height\":2167,\"caption\":\"VSN Media\"},\"image\":{\"@id\":\"https:\/\/hudo.com\/si\/#\/schema\/logo\/image\/\"},\"sameAs\":[\"https:\/\/www.facebook.com\/hudo.si\",\"https:\/\/twitter.com\/hudo_si\"]},{\"@type\":\"Person\",\"@id\":\"https:\/\/hudo.com\/si\/#\/schema\/person\/601cf3379633985b20f7e50f2bb47707\",\"name\":\"hudo\",\"image\":{\"@type\":\"ImageObject\",\"inLanguage\":\"sl-SI\",\"@id\":\"https:\/\/hudo.com\/si\/#\/schema\/person\/image\/\",\"url\":\"https:\/\/secure.gravatar.com\/avatar\/c4ca25fa72cace7a696b52ff5db9e095?s=96&d=mm&r=g\",\"contentUrl\":\"https:\/\/secure.gravatar.com\/avatar\/c4ca25fa72cace7a696b52ff5db9e095?s=96&d=mm&r=g\",\"caption\":\"hudo\"},\"url\":\"https:\/\/hudo.com\/si\/author\/hudo\/\"}]}<\/script>\n<!-- \/ Yoast SEO plugin. -->","yoast_head_json":{"title":"VIDEO: Nenormalen veter skoraj odpihnil ljudi! - Hudo Slovenija","robots":{"index":"index","follow":"follow","max-snippet":"max-snippet:-1","max-image-preview":"max-image-preview:large","max-video-preview":"max-video-preview:-1"},"canonical":"https:\/\/hudo.com\/si\/lifestyle\/video-nenormalen-veter-skoraj-odpihnil-ljudi\/","og_locale":"sl_SI","og_type":"article","og_title":"VIDEO: Nenormalen veter skoraj odpihnil ljudi! - Hudo Slovenija","og_description":"Poglejte si ta neverjeten posnetek iz norve\u0161kega mesta Aalesund, kjer ljudje zaradi nenormalno mo\u010dnega vetra niso mogli pre\u010dkati ceste. Nekateri so se ob tem zabavali, drugi pa so celo potrebovali pomo\u010d!","og_url":"https:\/\/hudo.com\/si\/lifestyle\/video-nenormalen-veter-skoraj-odpihnil-ljudi\/","og_site_name":"Hudo Slovenija","article_publisher":"https:\/\/www.facebook.com\/hudo.si","article_published_time":"2013-12-17T13:45:04+00:00","article_modified_time":"2016-04-01T09:46:23+00:00","og_image":[{"width":628,"height":360,"url":"https:\/\/hudo.com\/si\/wp-content\/uploads\/sites\/2\/2016\/04\/untitled-3.png","type":"image\/png"}],"author":"hudo","twitter_card":"summary_large_image","twitter_creator":"@hudo_si","twitter_site":"@hudo_si","twitter_misc":{"Written by":"hudo","Est. reading time":"1 minuta"},"schema":{"@context":"https:\/\/schema.org","@graph":[{"@type":"Article","@id":"https:\/\/hudo.com\/si\/lifestyle\/video-nenormalen-veter-skoraj-odpihnil-ljudi\/#article","isPartOf":{"@id":"https:\/\/hudo.com\/si\/lifestyle\/video-nenormalen-veter-skoraj-odpihnil-ljudi\/"},"author":{"name":"hudo","@id":"https:\/\/hudo.com\/si\/#\/schema\/person\/601cf3379633985b20f7e50f2bb47707"},"headline":"VIDEO: Nenormalen veter skoraj odpihnil ljudi!","datePublished":"2013-12-17T13:45:04+00:00","dateModified":"2016-04-01T09:46:23+00:00","mainEntityOfPage":{"@id":"https:\/\/hudo.com\/si\/lifestyle\/video-nenormalen-veter-skoraj-odpihnil-ljudi\/"},"wordCount":119,"publisher":{"@id":"https:\/\/hudo.com\/si\/#organization"},"keywords":["ivar","neurje","nevihta","Norve\u0161ka","orkan","veter"],"articleSection":["Lifestyle"],"inLanguage":"sl-SI"},{"@type":"WebPage","@id":"https:\/\/hudo.com\/si\/lifestyle\/video-nenormalen-veter-skoraj-odpihnil-ljudi\/","url":"https:\/\/hudo.com\/si\/lifestyle\/video-nenormalen-veter-skoraj-odpihnil-ljudi\/","name":"VIDEO: Nenormalen veter skoraj odpihnil ljudi! - Hudo Slovenija","isPartOf":{"@id":"https:\/\/hudo.com\/si\/#website"},"datePublished":"2013-12-17T13:45:04+00:00","dateModified":"2016-04-01T09:46:23+00:00","breadcrumb":{"@id":"https:\/\/hudo.com\/si\/lifestyle\/video-nenormalen-veter-skoraj-odpihnil-ljudi\/#breadcrumb"},"inLanguage":"sl-SI","potentialAction":[{"@type":"ReadAction","target":["https:\/\/hudo.com\/si\/lifestyle\/video-nenormalen-veter-skoraj-odpihnil-ljudi\/"]}]},{"@type":"BreadcrumbList","@id":"https:\/\/hudo.com\/si\/lifestyle\/video-nenormalen-veter-skoraj-odpihnil-ljudi\/#breadcrumb","itemListElement":[{"@type":"ListItem","position":1,"name":"Home","item":"https:\/\/hudo.com\/si\/"},{"@type":"ListItem","position":2,"name":"VIDEO: Nenormalen veter skoraj odpihnil ljudi!"}]},{"@type":"WebSite","@id":"https:\/\/hudo.com\/si\/#website","url":"https:\/\/hudo.com\/si\/","name":"Hudo Slovenija","description":"Vse novice iz Slovenije in sveta","publisher":{"@id":"https:\/\/hudo.com\/si\/#organization"},"potentialAction":[{"@type":"SearchAction","target":{"@type":"EntryPoint","urlTemplate":"https:\/\/hudo.com\/si\/?s={search_term_string}"},"query-input":"required name=search_term_string"}],"inLanguage":"sl-SI"},{"@type":"Organization","@id":"https:\/\/hudo.com\/si\/#organization","name":"VSN Media","url":"https:\/\/hudo.com\/si\/","logo":{"@type":"ImageObject","inLanguage":"sl-SI","@id":"https:\/\/hudo.com\/si\/#\/schema\/logo\/image\/","url":"https:\/\/hudo.com\/si\/wp-content\/uploads\/sites\/2\/2021\/03\/hudo-app-2.png","contentUrl":"https:\/\/hudo.com\/si\/wp-content\/uploads\/sites\/2\/2021\/03\/hudo-app-2.png","width":2185,"height":2167,"caption":"VSN Media"},"image":{"@id":"https:\/\/hudo.com\/si\/#\/schema\/logo\/image\/"},"sameAs":["https:\/\/www.facebook.com\/hudo.si","https:\/\/twitter.com\/hudo_si"]},{"@type":"Person","@id":"https:\/\/hudo.com\/si\/#\/schema\/person\/601cf3379633985b20f7e50f2bb47707","name":"hudo","image":{"@type":"ImageObject","inLanguage":"sl-SI","@id":"https:\/\/hudo.com\/si\/#\/schema\/person\/image\/","url":"https:\/\/secure.gravatar.com\/avatar\/c4ca25fa72cace7a696b52ff5db9e095?s=96&d=mm&r=g","contentUrl":"https:\/\/secure.gravatar.com\/avatar\/c4ca25fa72cace7a696b52ff5db9e095?s=96&d=mm&r=g","caption":"hudo"},"url":"https:\/\/hudo.com\/si\/author\/hudo\/"}]}},"amp_enabled":true,"_links":{"self":[{"href":"https:\/\/hudo.com\/si\/wp-json\/wp\/v2\/posts\/15341"}],"collection":[{"href":"https:\/\/hudo.com\/si\/wp-json\/wp\/v2\/posts"}],"about":[{"href":"https:\/\/hudo.com\/si\/wp-json\/wp\/v2\/types\/post"}],"author":[{"embeddable":true,"href":"https:\/\/hudo.com\/si\/wp-json\/wp\/v2\/users\/1"}],"replies":[{"embeddable":true,"href":"https:\/\/hudo.com\/si\/wp-json\/wp\/v2\/comments?post=15341"}],"version-history":[{"count":0,"href":"https:\/\/hudo.com\/si\/wp-json\/wp\/v2\/posts\/15341\/revisions"}],"wp:attachment":[{"href":"https:\/\/hudo.com\/si\/wp-json\/wp\/v2\/media?parent=15341"}],"wp:term":[{"taxonomy":"category","embeddable":true,"href":"https:\/\/hudo.com\/si\/wp-json\/wp\/v2\/categories?post=15341"},{"taxonomy":"post_tag","embeddable":true,"href":"https:\/\/hudo.com\/si\/wp-json\/wp\/v2\/tags?post=15341"},{"taxonomy":"source","embeddable":true,"href":"https:\/\/hudo.com\/si\/wp-json\/wp\/v2\/source?post=15341"},{"taxonomy":"supertag","embeddable":true,"href":"https:\/\/hudo.com\/si\/wp-json\/wp\/v2\/supertag?post=15341"}],"curies":[{"name":"wp","href":"https:\/\/api.w.org\/{rel}","templated":true}]}}