{"id":153538,"date":"2016-10-13T14:45:00","date_gmt":"2016-10-13T12:45:00","guid":{"rendered":"http:\/\/hudo.com\/si\/2016\/10\/13\/zoper-krkovica-ne-bo-preiskave\/"},"modified":"2016-10-14T17:03:35","modified_gmt":"2016-10-14T15:03:35","slug":"zoper-krkovica-ne-bo-preiskave","status":"publish","type":"post","link":"https:\/\/hudo.com\/si\/aktualno\/zoper-krkovica-ne-bo-preiskave\/","title":{"rendered":"Zoper Krkovi\u010da ne bo preiskave"},"content":{"rendered":"<p>Okro\u017eno sodi\u0161\u010de v Ljubljani je zavrnilo zahtevo Emilije Mrlak za uvedbo preiskave zoper brigadirja Antona Krkovi\u010da zaradi sestrelitve helikopterja med osamosvojitveno vojno, ko sta umrla njen mo\u017e, pilot Toni Mrlak, in tehnik letalec Bojan\u010de Sibinovski. Po mnenju senata niso podane okoli\u0161\u010dine, ki bi potrjevale, da gre za kaznivo dejanje protipravnega pobijanja in povzro\u010danja ran sovra\u017eniku, saj je Krkovi\u010d med oboro\u017eenim spopadom med enotami JLA in obrambnimi strukturami Republike Slovenije le ukazal v skladu z navodili in ukazi streljanje na helikopter JLA, kar je obi\u010dajna voja\u0161ka akcija v oboro\u017eenem spopadu, ko izvidni\u0161ki sovra\u017eni helikopter preletava obmo\u010dje mestnega sredi\u0161\u010da, kjer je sede\u017e republi\u0161kih organov. Prav tako po ugotovitvah sodnega senata ni z ni\u010demer izkazan utemeljen sum, da naj bi bilo kaznivo dejanje storjeno na grozovit in zahrbten na\u010din, kar je kvalificirana oblika tega kaznivega dejanja. \u017dena umrlega pilota Tonija Mrlaka Emilija Mrlak je zoper Krkovi\u010da najprej podala kazensko ovadbo, ki pa jo je to\u017eilstvo zavrglo. Zato je Mrlakova pregon prevzela kot zasebna to\u017eilka. Krkovi\u010du je o\u010ditala dva umora. Prepri\u010dana je, da kot poveljnik ne bi smel izdati ukaza o sestrelitvi, ker da njen mo\u017e na dan sestrelitve ni bil del JLA, ampak del TO, pa tudi, da ne bi bil smel ravnati ofenzivno, ker da predsedstvo RS takrat ni izdalo nobenega ukaza za ofenzivno bojevanje, ampak samo za obrambo. Krkovi\u010d je na sodi\u0161\u010du med drugim pojasnil, da je sestrelitev voja\u0161kega helikopterja z oznakami JLA med osamosvojitveno vojno 27. junija 1991 ukazal, ker je preletel polo\u017eaje specialne brigade Moris. Pri tem, kot je dejal, ni vedel, kdo je v njem, prav tako ne, da naj bi se bil umrli pilot dogovarjal za prestop v teritorialno obrambo (TO). Tudi sodni senat v obrazlo\u017eitvi zavrnitve preiskave med drugim &#8220;ni mogel mimo dejstva, da je Toni Mrlak takrat letel po navodilih svojih poveljnikov na JLA, torej v trenutku, ko je bil sestreljen, helikopter ni bil na begu iz JLA, \u010deprav iz<\/p>\n","protected":false},"excerpt":{"rendered":"<p>Okro\u017eno sodi\u0161\u010de v Ljubljani je zavrnilo zahtevo Emilije Mrlak za uvedbo preiskave zoper brigadirja Antona Krkovi\u010da zaradi sestrelitve helikopterja med osamosvojitveno vojno, ko sta umrla njen mo\u017e, pilot Toni Mrlak, in tehnik letalec Bojan\u010de Sibinovski. Po mnenju senata niso podane okoli\u0161\u010dine, ki bi potrjevale, da gre za kaznivo dejanje protipravnega pobijanja in povzro\u010danja ran sovra\u017eniku, saj je Krkovi\u010d med oboro\u017eenim spopadom med enotami JLA in obrambnimi strukturami Republike Slovenije le ukazal v skladu z navodili in ukazi streljanje na helikopter JLA, kar je obi\u010dajna voja\u0161ka akcija v oboro\u017eenem spopadu, ko izvidni\u0161ki sovra\u017eni helikopter preletava obmo\u010dje mestnega sredi\u0161\u010da, kjer je sede\u017e republi\u0161kih organov. Prav tako po ugotovitvah sodnega senata ni z ni\u010demer izkazan utemeljen sum, da naj bi bilo kaznivo dejanje storjeno na grozovit in zahrbten na\u010din, kar je kvalificirana oblika tega kaznivega dejanja. \u017dena umrlega pilota Tonija Mrlaka Emilija Mrlak je zoper Krkovi\u010da najprej podala kazensko ovadbo, ki pa jo je to\u017eilstvo zavrglo. Zato je Mrlakova pregon prevzela kot zasebna to\u017eilka. Krkovi\u010du je o\u010ditala dva umora. Prepri\u010dana je, da kot poveljnik ne bi smel izdati ukaza o sestrelitvi, ker da njen mo\u017e na dan sestrelitve ni bil del JLA, ampak del TO, pa tudi, da ne bi bil smel ravnati ofenzivno, ker da predsedstvo RS takrat ni izdalo nobenega ukaza za ofenzivno bojevanje, ampak samo za obrambo. Krkovi\u010d je na sodi\u0161\u010du med drugim pojasnil, da je sestrelitev voja\u0161kega helikopterja z oznakami JLA med osamosvojitveno vojno 27. junija 1991 ukazal, ker je preletel polo\u017eaje specialne brigade Moris. Pri tem, kot je dejal, ni vedel, kdo je v njem, prav tako ne, da naj bi se bil umrli pilot dogovarjal za prestop v teritorialno obrambo (TO). Tudi sodni senat v obrazlo\u017eitvi zavrnitve preiskave med drugim &#8220;ni mogel mimo dejstva, da je Toni Mrlak takrat letel po navodilih svojih poveljnikov na JLA, torej v trenutku, ko je bil sestreljen, helikopter ni bil na begu iz JLA, \u010deprav iz<\/p>\n","protected":false},"author":1,"featured_media":0,"comment_status":"closed","ping_status":"closed","sticky":false,"template":"","format":"standard","meta":{"footnotes":""},"categories":[1179],"tags":[],"source":[1711],"supertag":[],"acf":[],"yoast_head":"<!-- This site is optimized with the Yoast SEO plugin v21.3 - https:\/\/yoast.com\/wordpress\/plugins\/seo\/ -->\n<title>Zoper Krkovi\u010da ne bo preiskave - Hudo Slovenija<\/title>\n<meta name=\"robots\" content=\"index, follow, max-snippet:-1, max-image-preview:large, max-video-preview:-1\" \/>\n<link rel=\"canonical\" href=\"https:\/\/hudo.com\/si\/aktualno\/zoper-krkovica-ne-bo-preiskave\/\" \/>\n<meta property=\"og:locale\" content=\"sl_SI\" \/>\n<meta property=\"og:type\" content=\"article\" \/>\n<meta property=\"og:title\" content=\"Zoper Krkovi\u010da ne bo preiskave - Hudo Slovenija\" \/>\n<meta property=\"og:description\" content=\"Okro\u017eno sodi\u0161\u010de v Ljubljani je zavrnilo zahtevo Emilije Mrlak za uvedbo preiskave zoper brigadirja Antona Krkovi\u010da zaradi sestrelitve helikopterja med osamosvojitveno vojno, ko sta umrla njen mo\u017e, pilot Toni Mrlak, in tehnik letalec Bojan\u010de Sibinovski. Po mnenju senata niso podane okoli\u0161\u010dine, ki bi potrjevale, da gre za kaznivo dejanje protipravnega pobijanja in povzro\u010danja ran sovra\u017eniku, saj je Krkovi\u010d med oboro\u017eenim spopadom med enotami JLA in obrambnimi strukturami Republike Slovenije le ukazal v skladu z navodili in ukazi streljanje na helikopter JLA, kar je obi\u010dajna voja\u0161ka akcija v oboro\u017eenem spopadu, ko izvidni\u0161ki sovra\u017eni helikopter preletava obmo\u010dje mestnega sredi\u0161\u010da, kjer je sede\u017e republi\u0161kih organov. Prav tako po ugotovitvah sodnega senata ni z ni\u010demer izkazan utemeljen sum, da naj bi bilo kaznivo dejanje storjeno na grozovit in zahrbten na\u010din, kar je kvalificirana oblika tega kaznivega dejanja. \u017dena umrlega pilota Tonija Mrlaka Emilija Mrlak je zoper Krkovi\u010da najprej podala kazensko ovadbo, ki pa jo je to\u017eilstvo zavrglo. Zato je Mrlakova pregon prevzela kot zasebna to\u017eilka. Krkovi\u010du je o\u010ditala dva umora. Prepri\u010dana je, da kot poveljnik ne bi smel izdati ukaza o sestrelitvi, ker da njen mo\u017e na dan sestrelitve ni bil del JLA, ampak del TO, pa tudi, da ne bi bil smel ravnati ofenzivno, ker da predsedstvo RS takrat ni izdalo nobenega ukaza za ofenzivno bojevanje, ampak samo za obrambo. Krkovi\u010d je na sodi\u0161\u010du med drugim pojasnil, da je sestrelitev voja\u0161kega helikopterja z oznakami JLA med osamosvojitveno vojno 27. junija 1991 ukazal, ker je preletel polo\u017eaje specialne brigade Moris. Pri tem, kot je dejal, ni vedel, kdo je v njem, prav tako ne, da naj bi se bil umrli pilot dogovarjal za prestop v teritorialno obrambo (TO). Tudi sodni senat v obrazlo\u017eitvi zavrnitve preiskave med drugim &quot;ni mogel mimo dejstva, da je Toni Mrlak takrat letel po navodilih svojih poveljnikov na JLA, torej v trenutku, ko je bil sestreljen, helikopter ni bil na begu iz JLA, \u010deprav iz\" \/>\n<meta property=\"og:url\" content=\"https:\/\/hudo.com\/si\/aktualno\/zoper-krkovica-ne-bo-preiskave\/\" \/>\n<meta property=\"og:site_name\" content=\"Hudo Slovenija\" \/>\n<meta property=\"article:publisher\" content=\"https:\/\/www.facebook.com\/hudo.si\" \/>\n<meta property=\"article:published_time\" content=\"2016-10-13T12:45:00+00:00\" \/>\n<meta property=\"article:modified_time\" content=\"2016-10-14T15:03:35+00:00\" \/>\n<meta property=\"og:image\" content=\"https:\/\/hudo.com\/si\/wp-content\/uploads\/sites\/2\/2016\/10\/01057548F-300.jpg\" \/>\n\t<meta property=\"og:image:width\" content=\"450\" \/>\n\t<meta property=\"og:image:height\" content=\"315\" \/>\n\t<meta property=\"og:image:type\" content=\"image\/jpeg\" \/>\n<meta name=\"author\" content=\"hudo\" \/>\n<meta name=\"twitter:card\" content=\"summary_large_image\" \/>\n<meta name=\"twitter:creator\" content=\"@hudo_si\" \/>\n<meta name=\"twitter:site\" content=\"@hudo_si\" \/>\n<meta name=\"twitter:label1\" content=\"Written by\" \/>\n\t<meta name=\"twitter:data1\" content=\"hudo\" \/>\n\t<meta name=\"twitter:label2\" content=\"Est. reading time\" \/>\n\t<meta name=\"twitter:data2\" content=\"2 minuti\" \/>\n<script type=\"application\/ld+json\" class=\"yoast-schema-graph\">{\"@context\":\"https:\/\/schema.org\",\"@graph\":[{\"@type\":\"Article\",\"@id\":\"https:\/\/hudo.com\/si\/aktualno\/zoper-krkovica-ne-bo-preiskave\/#article\",\"isPartOf\":{\"@id\":\"https:\/\/hudo.com\/si\/aktualno\/zoper-krkovica-ne-bo-preiskave\/\"},\"author\":{\"name\":\"hudo\",\"@id\":\"https:\/\/hudo.com\/si\/#\/schema\/person\/601cf3379633985b20f7e50f2bb47707\"},\"headline\":\"Zoper Krkovi\u010da ne bo preiskave\",\"datePublished\":\"2016-10-13T12:45:00+00:00\",\"dateModified\":\"2016-10-14T15:03:35+00:00\",\"mainEntityOfPage\":{\"@id\":\"https:\/\/hudo.com\/si\/aktualno\/zoper-krkovica-ne-bo-preiskave\/\"},\"wordCount\":347,\"publisher\":{\"@id\":\"https:\/\/hudo.com\/si\/#organization\"},\"articleSection\":[\"Aktualno\"],\"inLanguage\":\"sl-SI\"},{\"@type\":\"WebPage\",\"@id\":\"https:\/\/hudo.com\/si\/aktualno\/zoper-krkovica-ne-bo-preiskave\/\",\"url\":\"https:\/\/hudo.com\/si\/aktualno\/zoper-krkovica-ne-bo-preiskave\/\",\"name\":\"Zoper Krkovi\u010da ne bo preiskave - Hudo Slovenija\",\"isPartOf\":{\"@id\":\"https:\/\/hudo.com\/si\/#website\"},\"datePublished\":\"2016-10-13T12:45:00+00:00\",\"dateModified\":\"2016-10-14T15:03:35+00:00\",\"breadcrumb\":{\"@id\":\"https:\/\/hudo.com\/si\/aktualno\/zoper-krkovica-ne-bo-preiskave\/#breadcrumb\"},\"inLanguage\":\"sl-SI\",\"potentialAction\":[{\"@type\":\"ReadAction\",\"target\":[\"https:\/\/hudo.com\/si\/aktualno\/zoper-krkovica-ne-bo-preiskave\/\"]}]},{\"@type\":\"BreadcrumbList\",\"@id\":\"https:\/\/hudo.com\/si\/aktualno\/zoper-krkovica-ne-bo-preiskave\/#breadcrumb\",\"itemListElement\":[{\"@type\":\"ListItem\",\"position\":1,\"name\":\"Home\",\"item\":\"https:\/\/hudo.com\/si\/\"},{\"@type\":\"ListItem\",\"position\":2,\"name\":\"Zoper Krkovi\u010da ne bo preiskave\"}]},{\"@type\":\"WebSite\",\"@id\":\"https:\/\/hudo.com\/si\/#website\",\"url\":\"https:\/\/hudo.com\/si\/\",\"name\":\"Hudo Slovenija\",\"description\":\"Vse novice iz Slovenije in sveta\",\"publisher\":{\"@id\":\"https:\/\/hudo.com\/si\/#organization\"},\"potentialAction\":[{\"@type\":\"SearchAction\",\"target\":{\"@type\":\"EntryPoint\",\"urlTemplate\":\"https:\/\/hudo.com\/si\/?s={search_term_string}\"},\"query-input\":\"required name=search_term_string\"}],\"inLanguage\":\"sl-SI\"},{\"@type\":\"Organization\",\"@id\":\"https:\/\/hudo.com\/si\/#organization\",\"name\":\"VSN Media\",\"url\":\"https:\/\/hudo.com\/si\/\",\"logo\":{\"@type\":\"ImageObject\",\"inLanguage\":\"sl-SI\",\"@id\":\"https:\/\/hudo.com\/si\/#\/schema\/logo\/image\/\",\"url\":\"https:\/\/hudo.com\/si\/wp-content\/uploads\/sites\/2\/2021\/03\/hudo-app-2.png\",\"contentUrl\":\"https:\/\/hudo.com\/si\/wp-content\/uploads\/sites\/2\/2021\/03\/hudo-app-2.png\",\"width\":2185,\"height\":2167,\"caption\":\"VSN Media\"},\"image\":{\"@id\":\"https:\/\/hudo.com\/si\/#\/schema\/logo\/image\/\"},\"sameAs\":[\"https:\/\/www.facebook.com\/hudo.si\",\"https:\/\/twitter.com\/hudo_si\"]},{\"@type\":\"Person\",\"@id\":\"https:\/\/hudo.com\/si\/#\/schema\/person\/601cf3379633985b20f7e50f2bb47707\",\"name\":\"hudo\",\"image\":{\"@type\":\"ImageObject\",\"inLanguage\":\"sl-SI\",\"@id\":\"https:\/\/hudo.com\/si\/#\/schema\/person\/image\/\",\"url\":\"https:\/\/secure.gravatar.com\/avatar\/c4ca25fa72cace7a696b52ff5db9e095?s=96&d=mm&r=g\",\"contentUrl\":\"https:\/\/secure.gravatar.com\/avatar\/c4ca25fa72cace7a696b52ff5db9e095?s=96&d=mm&r=g\",\"caption\":\"hudo\"},\"url\":\"https:\/\/hudo.com\/si\/author\/hudo\/\"}]}<\/script>\n<!-- \/ Yoast SEO plugin. -->","yoast_head_json":{"title":"Zoper Krkovi\u010da ne bo preiskave - Hudo Slovenija","robots":{"index":"index","follow":"follow","max-snippet":"max-snippet:-1","max-image-preview":"max-image-preview:large","max-video-preview":"max-video-preview:-1"},"canonical":"https:\/\/hudo.com\/si\/aktualno\/zoper-krkovica-ne-bo-preiskave\/","og_locale":"sl_SI","og_type":"article","og_title":"Zoper Krkovi\u010da ne bo preiskave - Hudo Slovenija","og_description":"Okro\u017eno sodi\u0161\u010de v Ljubljani je zavrnilo zahtevo Emilije Mrlak za uvedbo preiskave zoper brigadirja Antona Krkovi\u010da zaradi sestrelitve helikopterja med osamosvojitveno vojno, ko sta umrla njen mo\u017e, pilot Toni Mrlak, in tehnik letalec Bojan\u010de Sibinovski. Po mnenju senata niso podane okoli\u0161\u010dine, ki bi potrjevale, da gre za kaznivo dejanje protipravnega pobijanja in povzro\u010danja ran sovra\u017eniku, saj je Krkovi\u010d med oboro\u017eenim spopadom med enotami JLA in obrambnimi strukturami Republike Slovenije le ukazal v skladu z navodili in ukazi streljanje na helikopter JLA, kar je obi\u010dajna voja\u0161ka akcija v oboro\u017eenem spopadu, ko izvidni\u0161ki sovra\u017eni helikopter preletava obmo\u010dje mestnega sredi\u0161\u010da, kjer je sede\u017e republi\u0161kih organov. Prav tako po ugotovitvah sodnega senata ni z ni\u010demer izkazan utemeljen sum, da naj bi bilo kaznivo dejanje storjeno na grozovit in zahrbten na\u010din, kar je kvalificirana oblika tega kaznivega dejanja. \u017dena umrlega pilota Tonija Mrlaka Emilija Mrlak je zoper Krkovi\u010da najprej podala kazensko ovadbo, ki pa jo je to\u017eilstvo zavrglo. Zato je Mrlakova pregon prevzela kot zasebna to\u017eilka. Krkovi\u010du je o\u010ditala dva umora. Prepri\u010dana je, da kot poveljnik ne bi smel izdati ukaza o sestrelitvi, ker da njen mo\u017e na dan sestrelitve ni bil del JLA, ampak del TO, pa tudi, da ne bi bil smel ravnati ofenzivno, ker da predsedstvo RS takrat ni izdalo nobenega ukaza za ofenzivno bojevanje, ampak samo za obrambo. Krkovi\u010d je na sodi\u0161\u010du med drugim pojasnil, da je sestrelitev voja\u0161kega helikopterja z oznakami JLA med osamosvojitveno vojno 27. junija 1991 ukazal, ker je preletel polo\u017eaje specialne brigade Moris. Pri tem, kot je dejal, ni vedel, kdo je v njem, prav tako ne, da naj bi se bil umrli pilot dogovarjal za prestop v teritorialno obrambo (TO). Tudi sodni senat v obrazlo\u017eitvi zavrnitve preiskave med drugim \"ni mogel mimo dejstva, da je Toni Mrlak takrat letel po navodilih svojih poveljnikov na JLA, torej v trenutku, ko je bil sestreljen, helikopter ni bil na begu iz JLA, \u010deprav iz","og_url":"https:\/\/hudo.com\/si\/aktualno\/zoper-krkovica-ne-bo-preiskave\/","og_site_name":"Hudo Slovenija","article_publisher":"https:\/\/www.facebook.com\/hudo.si","article_published_time":"2016-10-13T12:45:00+00:00","article_modified_time":"2016-10-14T15:03:35+00:00","og_image":[{"width":450,"height":315,"url":"https:\/\/hudo.com\/si\/wp-content\/uploads\/sites\/2\/2016\/10\/01057548F-300.jpg","type":"image\/jpeg"}],"author":"hudo","twitter_card":"summary_large_image","twitter_creator":"@hudo_si","twitter_site":"@hudo_si","twitter_misc":{"Written by":"hudo","Est. reading time":"2 minuti"},"schema":{"@context":"https:\/\/schema.org","@graph":[{"@type":"Article","@id":"https:\/\/hudo.com\/si\/aktualno\/zoper-krkovica-ne-bo-preiskave\/#article","isPartOf":{"@id":"https:\/\/hudo.com\/si\/aktualno\/zoper-krkovica-ne-bo-preiskave\/"},"author":{"name":"hudo","@id":"https:\/\/hudo.com\/si\/#\/schema\/person\/601cf3379633985b20f7e50f2bb47707"},"headline":"Zoper Krkovi\u010da ne bo preiskave","datePublished":"2016-10-13T12:45:00+00:00","dateModified":"2016-10-14T15:03:35+00:00","mainEntityOfPage":{"@id":"https:\/\/hudo.com\/si\/aktualno\/zoper-krkovica-ne-bo-preiskave\/"},"wordCount":347,"publisher":{"@id":"https:\/\/hudo.com\/si\/#organization"},"articleSection":["Aktualno"],"inLanguage":"sl-SI"},{"@type":"WebPage","@id":"https:\/\/hudo.com\/si\/aktualno\/zoper-krkovica-ne-bo-preiskave\/","url":"https:\/\/hudo.com\/si\/aktualno\/zoper-krkovica-ne-bo-preiskave\/","name":"Zoper Krkovi\u010da ne bo preiskave - Hudo Slovenija","isPartOf":{"@id":"https:\/\/hudo.com\/si\/#website"},"datePublished":"2016-10-13T12:45:00+00:00","dateModified":"2016-10-14T15:03:35+00:00","breadcrumb":{"@id":"https:\/\/hudo.com\/si\/aktualno\/zoper-krkovica-ne-bo-preiskave\/#breadcrumb"},"inLanguage":"sl-SI","potentialAction":[{"@type":"ReadAction","target":["https:\/\/hudo.com\/si\/aktualno\/zoper-krkovica-ne-bo-preiskave\/"]}]},{"@type":"BreadcrumbList","@id":"https:\/\/hudo.com\/si\/aktualno\/zoper-krkovica-ne-bo-preiskave\/#breadcrumb","itemListElement":[{"@type":"ListItem","position":1,"name":"Home","item":"https:\/\/hudo.com\/si\/"},{"@type":"ListItem","position":2,"name":"Zoper Krkovi\u010da ne bo preiskave"}]},{"@type":"WebSite","@id":"https:\/\/hudo.com\/si\/#website","url":"https:\/\/hudo.com\/si\/","name":"Hudo Slovenija","description":"Vse novice iz Slovenije in sveta","publisher":{"@id":"https:\/\/hudo.com\/si\/#organization"},"potentialAction":[{"@type":"SearchAction","target":{"@type":"EntryPoint","urlTemplate":"https:\/\/hudo.com\/si\/?s={search_term_string}"},"query-input":"required name=search_term_string"}],"inLanguage":"sl-SI"},{"@type":"Organization","@id":"https:\/\/hudo.com\/si\/#organization","name":"VSN Media","url":"https:\/\/hudo.com\/si\/","logo":{"@type":"ImageObject","inLanguage":"sl-SI","@id":"https:\/\/hudo.com\/si\/#\/schema\/logo\/image\/","url":"https:\/\/hudo.com\/si\/wp-content\/uploads\/sites\/2\/2021\/03\/hudo-app-2.png","contentUrl":"https:\/\/hudo.com\/si\/wp-content\/uploads\/sites\/2\/2021\/03\/hudo-app-2.png","width":2185,"height":2167,"caption":"VSN Media"},"image":{"@id":"https:\/\/hudo.com\/si\/#\/schema\/logo\/image\/"},"sameAs":["https:\/\/www.facebook.com\/hudo.si","https:\/\/twitter.com\/hudo_si"]},{"@type":"Person","@id":"https:\/\/hudo.com\/si\/#\/schema\/person\/601cf3379633985b20f7e50f2bb47707","name":"hudo","image":{"@type":"ImageObject","inLanguage":"sl-SI","@id":"https:\/\/hudo.com\/si\/#\/schema\/person\/image\/","url":"https:\/\/secure.gravatar.com\/avatar\/c4ca25fa72cace7a696b52ff5db9e095?s=96&d=mm&r=g","contentUrl":"https:\/\/secure.gravatar.com\/avatar\/c4ca25fa72cace7a696b52ff5db9e095?s=96&d=mm&r=g","caption":"hudo"},"url":"https:\/\/hudo.com\/si\/author\/hudo\/"}]}},"amp_enabled":true,"_links":{"self":[{"href":"https:\/\/hudo.com\/si\/wp-json\/wp\/v2\/posts\/153538"}],"collection":[{"href":"https:\/\/hudo.com\/si\/wp-json\/wp\/v2\/posts"}],"about":[{"href":"https:\/\/hudo.com\/si\/wp-json\/wp\/v2\/types\/post"}],"author":[{"embeddable":true,"href":"https:\/\/hudo.com\/si\/wp-json\/wp\/v2\/users\/1"}],"replies":[{"embeddable":true,"href":"https:\/\/hudo.com\/si\/wp-json\/wp\/v2\/comments?post=153538"}],"version-history":[{"count":1,"href":"https:\/\/hudo.com\/si\/wp-json\/wp\/v2\/posts\/153538\/revisions"}],"predecessor-version":[{"id":153715,"href":"https:\/\/hudo.com\/si\/wp-json\/wp\/v2\/posts\/153538\/revisions\/153715"}],"wp:attachment":[{"href":"https:\/\/hudo.com\/si\/wp-json\/wp\/v2\/media?parent=153538"}],"wp:term":[{"taxonomy":"category","embeddable":true,"href":"https:\/\/hudo.com\/si\/wp-json\/wp\/v2\/categories?post=153538"},{"taxonomy":"post_tag","embeddable":true,"href":"https:\/\/hudo.com\/si\/wp-json\/wp\/v2\/tags?post=153538"},{"taxonomy":"source","embeddable":true,"href":"https:\/\/hudo.com\/si\/wp-json\/wp\/v2\/source?post=153538"},{"taxonomy":"supertag","embeddable":true,"href":"https:\/\/hudo.com\/si\/wp-json\/wp\/v2\/supertag?post=153538"}],"curies":[{"name":"wp","href":"https:\/\/api.w.org\/{rel}","templated":true}]}}