{"id":153550,"date":"2016-10-13T14:03:00","date_gmt":"2016-10-13T12:03:00","guid":{"rendered":"http:\/\/hudo.com\/si\/2016\/10\/13\/karakas-se-ne-bo-vrhovni-sodnik\/"},"modified":"2016-10-13T14:03:00","modified_gmt":"2016-10-13T12:03:00","slug":"karakas-se-ne-bo-vrhovni-sodnik","status":"publish","type":"post","link":"https:\/\/hudo.com\/si\/aktualno\/karakas-se-ne-bo-vrhovni-sodnik\/","title":{"rendered":"Karaka\u0161 \u0161e ne bo vrhovni sodnik"},"content":{"rendered":"<p>Kategorija: Politika Thu, 13 Oct 2016 16:03:00 +0200  Ljubljana &#8211;\u00a0 Dr\u017eavni zbor prihodnji teden ne bo glasoval, ali bo vi\u0161ji sodnik Aleksander Karaka\u0161 postal \u010dlan vrhovnega sodi\u0161\u010da. Po opozorilih iz SDS, da je Karaka\u0161 na vi\u0161ji stopnji odlo\u010dal v primeru Franca Kanglerja, ko je ta zaradi sodbe na sedem mesecev zapora zaradi dodelitve ob\u010dinskega stanovanja vede\u017eevalki Karin Je\u017eovita izgubil svetni\u0161ki mandat, so poslanci v mandatno volilni komisiji danes soglasno kandidaturo vrnili sodnemu svetu. Za to so se odlo\u010dili, da bi jim sodni svet pojasni Karaka\u0161evo ravnanje v primeru Kangler in odgovoril na o\u010ditke, ki jih je poslancem ob kandidaturi tega sodnika poslal odbor 2015, ki je bil ustanovljen za za\u0161\u010dito nekdanjega poslanca SLS in pozneje \u017eupana Maribora Kanglerja. Vrhovno sodi\u0161\u010de je obsodbo Kanglerja, v kateri Karaka\u0161 ni opazil \u010desa spornega, razveljavilo, to\u017eilec pa je od pregona po tem\u00a0&#8230;<\/p>\n","protected":false},"excerpt":{"rendered":"<p>Kategorija: Politika Thu, 13 Oct 2016 16:03:00 +0200  Ljubljana &#8211;\u00a0 Dr\u017eavni zbor prihodnji teden ne bo glasoval, ali bo vi\u0161ji sodnik Aleksander Karaka\u0161 postal \u010dlan vrhovnega sodi\u0161\u010da. Po opozorilih iz SDS, da je Karaka\u0161 na vi\u0161ji stopnji odlo\u010dal v primeru Franca Kanglerja, ko je ta zaradi sodbe na sedem mesecev zapora zaradi dodelitve ob\u010dinskega stanovanja vede\u017eevalki Karin Je\u017eovita izgubil svetni\u0161ki mandat, so poslanci v mandatno volilni komisiji danes soglasno kandidaturo vrnili sodnemu svetu. Za to so se odlo\u010dili, da bi jim sodni svet pojasni Karaka\u0161evo ravnanje v primeru Kangler in odgovoril na o\u010ditke, ki jih je poslancem ob kandidaturi tega sodnika poslal odbor 2015, ki je bil ustanovljen za za\u0161\u010dito nekdanjega poslanca SLS in pozneje \u017eupana Maribora Kanglerja. Vrhovno sodi\u0161\u010de je obsodbo Kanglerja, v kateri Karaka\u0161 ni opazil \u010desa spornega, razveljavilo, to\u017eilec pa je od pregona po tem\u00a0&#8230;<\/p>\n","protected":false},"author":1,"featured_media":0,"comment_status":"closed","ping_status":"closed","sticky":false,"template":"","format":"standard","meta":{"footnotes":""},"categories":[1179],"tags":[],"source":[1703],"supertag":[],"acf":[],"yoast_head":"<!-- This site is optimized with the Yoast SEO plugin v21.3 - https:\/\/yoast.com\/wordpress\/plugins\/seo\/ -->\n<title>Karaka\u0161 \u0161e ne bo vrhovni sodnik - Hudo Slovenija<\/title>\n<meta name=\"robots\" content=\"index, follow, max-snippet:-1, max-image-preview:large, max-video-preview:-1\" \/>\n<link rel=\"canonical\" href=\"https:\/\/hudo.com\/si\/aktualno\/karakas-se-ne-bo-vrhovni-sodnik\/\" \/>\n<meta property=\"og:locale\" content=\"sl_SI\" \/>\n<meta property=\"og:type\" content=\"article\" \/>\n<meta property=\"og:title\" content=\"Karaka\u0161 \u0161e ne bo vrhovni sodnik - Hudo Slovenija\" \/>\n<meta property=\"og:description\" content=\"Kategorija: Politika Thu, 13 Oct 2016 16:03:00 +0200 Ljubljana -\u00a0 Dr\u017eavni zbor prihodnji teden ne bo glasoval, ali bo vi\u0161ji sodnik Aleksander Karaka\u0161 postal \u010dlan vrhovnega sodi\u0161\u010da. Po opozorilih iz SDS, da je Karaka\u0161 na vi\u0161ji stopnji odlo\u010dal v primeru Franca Kanglerja, ko je ta zaradi sodbe na sedem mesecev zapora zaradi dodelitve ob\u010dinskega stanovanja vede\u017eevalki Karin Je\u017eovita izgubil svetni\u0161ki mandat, so poslanci v mandatno volilni komisiji danes soglasno kandidaturo vrnili sodnemu svetu. Za to so se odlo\u010dili, da bi jim sodni svet pojasni Karaka\u0161evo ravnanje v primeru Kangler in odgovoril na o\u010ditke, ki jih je poslancem ob kandidaturi tega sodnika poslal odbor 2015, ki je bil ustanovljen za za\u0161\u010dito nekdanjega poslanca SLS in pozneje \u017eupana Maribora Kanglerja. Vrhovno sodi\u0161\u010de je obsodbo Kanglerja, v kateri Karaka\u0161 ni opazil \u010desa spornega, razveljavilo, to\u017eilec pa je od pregona po tem\u00a0...\" \/>\n<meta property=\"og:url\" content=\"https:\/\/hudo.com\/si\/aktualno\/karakas-se-ne-bo-vrhovni-sodnik\/\" \/>\n<meta property=\"og:site_name\" content=\"Hudo Slovenija\" \/>\n<meta property=\"article:publisher\" content=\"https:\/\/www.facebook.com\/hudo.si\" \/>\n<meta property=\"article:published_time\" content=\"2016-10-13T12:03:00+00:00\" \/>\n<meta property=\"og:image\" content=\"https:\/\/hudo.com\/si\/wp-content\/uploads\/sites\/2\/2016\/10\/480x290_predsedniksodnegasveta.jpeg\" \/>\n\t<meta property=\"og:image:width\" content=\"480\" \/>\n\t<meta property=\"og:image:height\" content=\"290\" \/>\n\t<meta property=\"og:image:type\" content=\"image\/jpeg\" \/>\n<meta name=\"author\" content=\"hudo\" \/>\n<meta name=\"twitter:card\" content=\"summary_large_image\" \/>\n<meta name=\"twitter:creator\" content=\"@hudo_si\" \/>\n<meta name=\"twitter:site\" content=\"@hudo_si\" \/>\n<meta name=\"twitter:label1\" content=\"Written by\" \/>\n\t<meta name=\"twitter:data1\" content=\"hudo\" \/>\n\t<meta name=\"twitter:label2\" content=\"Est. reading time\" \/>\n\t<meta name=\"twitter:data2\" content=\"1 minuta\" \/>\n<script type=\"application\/ld+json\" class=\"yoast-schema-graph\">{\"@context\":\"https:\/\/schema.org\",\"@graph\":[{\"@type\":\"Article\",\"@id\":\"https:\/\/hudo.com\/si\/aktualno\/karakas-se-ne-bo-vrhovni-sodnik\/#article\",\"isPartOf\":{\"@id\":\"https:\/\/hudo.com\/si\/aktualno\/karakas-se-ne-bo-vrhovni-sodnik\/\"},\"author\":{\"name\":\"hudo\",\"@id\":\"https:\/\/hudo.com\/si\/#\/schema\/person\/601cf3379633985b20f7e50f2bb47707\"},\"headline\":\"Karaka\u0161 \u0161e ne bo vrhovni sodnik\",\"datePublished\":\"2016-10-13T12:03:00+00:00\",\"dateModified\":\"2016-10-13T12:03:00+00:00\",\"mainEntityOfPage\":{\"@id\":\"https:\/\/hudo.com\/si\/aktualno\/karakas-se-ne-bo-vrhovni-sodnik\/\"},\"wordCount\":154,\"publisher\":{\"@id\":\"https:\/\/hudo.com\/si\/#organization\"},\"articleSection\":[\"Aktualno\"],\"inLanguage\":\"sl-SI\"},{\"@type\":\"WebPage\",\"@id\":\"https:\/\/hudo.com\/si\/aktualno\/karakas-se-ne-bo-vrhovni-sodnik\/\",\"url\":\"https:\/\/hudo.com\/si\/aktualno\/karakas-se-ne-bo-vrhovni-sodnik\/\",\"name\":\"Karaka\u0161 \u0161e ne bo vrhovni sodnik - Hudo Slovenija\",\"isPartOf\":{\"@id\":\"https:\/\/hudo.com\/si\/#website\"},\"datePublished\":\"2016-10-13T12:03:00+00:00\",\"dateModified\":\"2016-10-13T12:03:00+00:00\",\"breadcrumb\":{\"@id\":\"https:\/\/hudo.com\/si\/aktualno\/karakas-se-ne-bo-vrhovni-sodnik\/#breadcrumb\"},\"inLanguage\":\"sl-SI\",\"potentialAction\":[{\"@type\":\"ReadAction\",\"target\":[\"https:\/\/hudo.com\/si\/aktualno\/karakas-se-ne-bo-vrhovni-sodnik\/\"]}]},{\"@type\":\"BreadcrumbList\",\"@id\":\"https:\/\/hudo.com\/si\/aktualno\/karakas-se-ne-bo-vrhovni-sodnik\/#breadcrumb\",\"itemListElement\":[{\"@type\":\"ListItem\",\"position\":1,\"name\":\"Home\",\"item\":\"https:\/\/hudo.com\/si\/\"},{\"@type\":\"ListItem\",\"position\":2,\"name\":\"Karaka\u0161 \u0161e ne bo vrhovni sodnik\"}]},{\"@type\":\"WebSite\",\"@id\":\"https:\/\/hudo.com\/si\/#website\",\"url\":\"https:\/\/hudo.com\/si\/\",\"name\":\"Hudo Slovenija\",\"description\":\"Vse novice iz Slovenije in sveta\",\"publisher\":{\"@id\":\"https:\/\/hudo.com\/si\/#organization\"},\"potentialAction\":[{\"@type\":\"SearchAction\",\"target\":{\"@type\":\"EntryPoint\",\"urlTemplate\":\"https:\/\/hudo.com\/si\/?s={search_term_string}\"},\"query-input\":\"required name=search_term_string\"}],\"inLanguage\":\"sl-SI\"},{\"@type\":\"Organization\",\"@id\":\"https:\/\/hudo.com\/si\/#organization\",\"name\":\"VSN Media\",\"url\":\"https:\/\/hudo.com\/si\/\",\"logo\":{\"@type\":\"ImageObject\",\"inLanguage\":\"sl-SI\",\"@id\":\"https:\/\/hudo.com\/si\/#\/schema\/logo\/image\/\",\"url\":\"https:\/\/hudo.com\/si\/wp-content\/uploads\/sites\/2\/2021\/03\/hudo-app-2.png\",\"contentUrl\":\"https:\/\/hudo.com\/si\/wp-content\/uploads\/sites\/2\/2021\/03\/hudo-app-2.png\",\"width\":2185,\"height\":2167,\"caption\":\"VSN Media\"},\"image\":{\"@id\":\"https:\/\/hudo.com\/si\/#\/schema\/logo\/image\/\"},\"sameAs\":[\"https:\/\/www.facebook.com\/hudo.si\",\"https:\/\/twitter.com\/hudo_si\"]},{\"@type\":\"Person\",\"@id\":\"https:\/\/hudo.com\/si\/#\/schema\/person\/601cf3379633985b20f7e50f2bb47707\",\"name\":\"hudo\",\"image\":{\"@type\":\"ImageObject\",\"inLanguage\":\"sl-SI\",\"@id\":\"https:\/\/hudo.com\/si\/#\/schema\/person\/image\/\",\"url\":\"https:\/\/secure.gravatar.com\/avatar\/c4ca25fa72cace7a696b52ff5db9e095?s=96&d=mm&r=g\",\"contentUrl\":\"https:\/\/secure.gravatar.com\/avatar\/c4ca25fa72cace7a696b52ff5db9e095?s=96&d=mm&r=g\",\"caption\":\"hudo\"},\"url\":\"https:\/\/hudo.com\/si\/author\/hudo\/\"}]}<\/script>\n<!-- \/ Yoast SEO plugin. -->","yoast_head_json":{"title":"Karaka\u0161 \u0161e ne bo vrhovni sodnik - Hudo Slovenija","robots":{"index":"index","follow":"follow","max-snippet":"max-snippet:-1","max-image-preview":"max-image-preview:large","max-video-preview":"max-video-preview:-1"},"canonical":"https:\/\/hudo.com\/si\/aktualno\/karakas-se-ne-bo-vrhovni-sodnik\/","og_locale":"sl_SI","og_type":"article","og_title":"Karaka\u0161 \u0161e ne bo vrhovni sodnik - Hudo Slovenija","og_description":"Kategorija: Politika Thu, 13 Oct 2016 16:03:00 +0200 Ljubljana -\u00a0 Dr\u017eavni zbor prihodnji teden ne bo glasoval, ali bo vi\u0161ji sodnik Aleksander Karaka\u0161 postal \u010dlan vrhovnega sodi\u0161\u010da. Po opozorilih iz SDS, da je Karaka\u0161 na vi\u0161ji stopnji odlo\u010dal v primeru Franca Kanglerja, ko je ta zaradi sodbe na sedem mesecev zapora zaradi dodelitve ob\u010dinskega stanovanja vede\u017eevalki Karin Je\u017eovita izgubil svetni\u0161ki mandat, so poslanci v mandatno volilni komisiji danes soglasno kandidaturo vrnili sodnemu svetu. Za to so se odlo\u010dili, da bi jim sodni svet pojasni Karaka\u0161evo ravnanje v primeru Kangler in odgovoril na o\u010ditke, ki jih je poslancem ob kandidaturi tega sodnika poslal odbor 2015, ki je bil ustanovljen za za\u0161\u010dito nekdanjega poslanca SLS in pozneje \u017eupana Maribora Kanglerja. Vrhovno sodi\u0161\u010de je obsodbo Kanglerja, v kateri Karaka\u0161 ni opazil \u010desa spornega, razveljavilo, to\u017eilec pa je od pregona po tem\u00a0...","og_url":"https:\/\/hudo.com\/si\/aktualno\/karakas-se-ne-bo-vrhovni-sodnik\/","og_site_name":"Hudo Slovenija","article_publisher":"https:\/\/www.facebook.com\/hudo.si","article_published_time":"2016-10-13T12:03:00+00:00","og_image":[{"width":480,"height":290,"url":"https:\/\/hudo.com\/si\/wp-content\/uploads\/sites\/2\/2016\/10\/480x290_predsedniksodnegasveta.jpeg","type":"image\/jpeg"}],"author":"hudo","twitter_card":"summary_large_image","twitter_creator":"@hudo_si","twitter_site":"@hudo_si","twitter_misc":{"Written by":"hudo","Est. reading time":"1 minuta"},"schema":{"@context":"https:\/\/schema.org","@graph":[{"@type":"Article","@id":"https:\/\/hudo.com\/si\/aktualno\/karakas-se-ne-bo-vrhovni-sodnik\/#article","isPartOf":{"@id":"https:\/\/hudo.com\/si\/aktualno\/karakas-se-ne-bo-vrhovni-sodnik\/"},"author":{"name":"hudo","@id":"https:\/\/hudo.com\/si\/#\/schema\/person\/601cf3379633985b20f7e50f2bb47707"},"headline":"Karaka\u0161 \u0161e ne bo vrhovni sodnik","datePublished":"2016-10-13T12:03:00+00:00","dateModified":"2016-10-13T12:03:00+00:00","mainEntityOfPage":{"@id":"https:\/\/hudo.com\/si\/aktualno\/karakas-se-ne-bo-vrhovni-sodnik\/"},"wordCount":154,"publisher":{"@id":"https:\/\/hudo.com\/si\/#organization"},"articleSection":["Aktualno"],"inLanguage":"sl-SI"},{"@type":"WebPage","@id":"https:\/\/hudo.com\/si\/aktualno\/karakas-se-ne-bo-vrhovni-sodnik\/","url":"https:\/\/hudo.com\/si\/aktualno\/karakas-se-ne-bo-vrhovni-sodnik\/","name":"Karaka\u0161 \u0161e ne bo vrhovni sodnik - Hudo Slovenija","isPartOf":{"@id":"https:\/\/hudo.com\/si\/#website"},"datePublished":"2016-10-13T12:03:00+00:00","dateModified":"2016-10-13T12:03:00+00:00","breadcrumb":{"@id":"https:\/\/hudo.com\/si\/aktualno\/karakas-se-ne-bo-vrhovni-sodnik\/#breadcrumb"},"inLanguage":"sl-SI","potentialAction":[{"@type":"ReadAction","target":["https:\/\/hudo.com\/si\/aktualno\/karakas-se-ne-bo-vrhovni-sodnik\/"]}]},{"@type":"BreadcrumbList","@id":"https:\/\/hudo.com\/si\/aktualno\/karakas-se-ne-bo-vrhovni-sodnik\/#breadcrumb","itemListElement":[{"@type":"ListItem","position":1,"name":"Home","item":"https:\/\/hudo.com\/si\/"},{"@type":"ListItem","position":2,"name":"Karaka\u0161 \u0161e ne bo vrhovni sodnik"}]},{"@type":"WebSite","@id":"https:\/\/hudo.com\/si\/#website","url":"https:\/\/hudo.com\/si\/","name":"Hudo Slovenija","description":"Vse novice iz Slovenije in sveta","publisher":{"@id":"https:\/\/hudo.com\/si\/#organization"},"potentialAction":[{"@type":"SearchAction","target":{"@type":"EntryPoint","urlTemplate":"https:\/\/hudo.com\/si\/?s={search_term_string}"},"query-input":"required name=search_term_string"}],"inLanguage":"sl-SI"},{"@type":"Organization","@id":"https:\/\/hudo.com\/si\/#organization","name":"VSN Media","url":"https:\/\/hudo.com\/si\/","logo":{"@type":"ImageObject","inLanguage":"sl-SI","@id":"https:\/\/hudo.com\/si\/#\/schema\/logo\/image\/","url":"https:\/\/hudo.com\/si\/wp-content\/uploads\/sites\/2\/2021\/03\/hudo-app-2.png","contentUrl":"https:\/\/hudo.com\/si\/wp-content\/uploads\/sites\/2\/2021\/03\/hudo-app-2.png","width":2185,"height":2167,"caption":"VSN Media"},"image":{"@id":"https:\/\/hudo.com\/si\/#\/schema\/logo\/image\/"},"sameAs":["https:\/\/www.facebook.com\/hudo.si","https:\/\/twitter.com\/hudo_si"]},{"@type":"Person","@id":"https:\/\/hudo.com\/si\/#\/schema\/person\/601cf3379633985b20f7e50f2bb47707","name":"hudo","image":{"@type":"ImageObject","inLanguage":"sl-SI","@id":"https:\/\/hudo.com\/si\/#\/schema\/person\/image\/","url":"https:\/\/secure.gravatar.com\/avatar\/c4ca25fa72cace7a696b52ff5db9e095?s=96&d=mm&r=g","contentUrl":"https:\/\/secure.gravatar.com\/avatar\/c4ca25fa72cace7a696b52ff5db9e095?s=96&d=mm&r=g","caption":"hudo"},"url":"https:\/\/hudo.com\/si\/author\/hudo\/"}]}},"amp_enabled":true,"_links":{"self":[{"href":"https:\/\/hudo.com\/si\/wp-json\/wp\/v2\/posts\/153550"}],"collection":[{"href":"https:\/\/hudo.com\/si\/wp-json\/wp\/v2\/posts"}],"about":[{"href":"https:\/\/hudo.com\/si\/wp-json\/wp\/v2\/types\/post"}],"author":[{"embeddable":true,"href":"https:\/\/hudo.com\/si\/wp-json\/wp\/v2\/users\/1"}],"replies":[{"embeddable":true,"href":"https:\/\/hudo.com\/si\/wp-json\/wp\/v2\/comments?post=153550"}],"version-history":[{"count":0,"href":"https:\/\/hudo.com\/si\/wp-json\/wp\/v2\/posts\/153550\/revisions"}],"wp:attachment":[{"href":"https:\/\/hudo.com\/si\/wp-json\/wp\/v2\/media?parent=153550"}],"wp:term":[{"taxonomy":"category","embeddable":true,"href":"https:\/\/hudo.com\/si\/wp-json\/wp\/v2\/categories?post=153550"},{"taxonomy":"post_tag","embeddable":true,"href":"https:\/\/hudo.com\/si\/wp-json\/wp\/v2\/tags?post=153550"},{"taxonomy":"source","embeddable":true,"href":"https:\/\/hudo.com\/si\/wp-json\/wp\/v2\/source?post=153550"},{"taxonomy":"supertag","embeddable":true,"href":"https:\/\/hudo.com\/si\/wp-json\/wp\/v2\/supertag?post=153550"}],"curies":[{"name":"wp","href":"https:\/\/api.w.org\/{rel}","templated":true}]}}