{"id":153556,"date":"2016-10-13T14:00:00","date_gmt":"2016-10-13T12:00:00","guid":{"rendered":"http:\/\/hudo.com\/si\/2016\/10\/13\/jutri-zvecer-zakljucek-urske-2016\/"},"modified":"2016-10-13T14:00:00","modified_gmt":"2016-10-13T12:00:00","slug":"jutri-zvecer-zakljucek-urske-2016","status":"publish","type":"post","link":"https:\/\/hudo.com\/si\/aktualno\/jutri-zvecer-zakljucek-urske-2016\/","title":{"rendered":"Jutri zve\u010der zaklju\u010dek Ur\u0161ke 2016"},"content":{"rendered":"<p>Kategorija: Knjiga Thu, 13 Oct 2016 16:00:00 +0200  Slovenj Gradec\u00a0\u2013 Konec tedna bo na razli\u010dnih lokacijah v Slovenj Gradcu potekal zaklju\u010dek 15. festivala mlade literature Ur\u0161ka 2016. Kdo bo dobitnik \u010dastnega naziva ur\u0161ljan ali ur\u0161ljanka leta 2016, bo znano jutri zve\u010der. Vseh pet finalistov se bo predstavilo na osrednji prireditvi z naslovom Ne spominjam se natan\u010dno, kako sem pri\u0161la sem v Koro\u0161ki galeriji.\u00a0 Za naziv ur\u0161ljan ali ur\u0161ljanka leta se je letos potegovalo 95 avtorjev iz vse Slovenije. Po izboru glavnega selektorja, literarnega kritika, publicista in glavnega urednika revije Mentor dr. Aljo\u0161e Harlamova, so se med devetnajstimi regijskimi izbranci v finale uvrstili: Eva Markun iz \u010crne vasi, Sara Fabjan iz Grosuplja, Kaja Pinter iz Kopra, Ale\u0161 Jelenko iz Lo\u010d ter Tim Ur\u0161i\u010d iz Ljubljane. Zmagovalcu bo JSKD za nagrado prihodnje leto izdal knji\u017eni prvenec. \u00a0V mestu ob Mislinji bo \u017eivahno\u00a0&#8230;<\/p>\n","protected":false},"excerpt":{"rendered":"<p>Kategorija: Knjiga Thu, 13 Oct 2016 16:00:00 +0200  Slovenj Gradec\u00a0\u2013 Konec tedna bo na razli\u010dnih lokacijah v Slovenj Gradcu potekal zaklju\u010dek 15. festivala mlade literature Ur\u0161ka 2016. Kdo bo dobitnik \u010dastnega naziva ur\u0161ljan ali ur\u0161ljanka leta 2016, bo znano jutri zve\u010der. Vseh pet finalistov se bo predstavilo na osrednji prireditvi z naslovom Ne spominjam se natan\u010dno, kako sem pri\u0161la sem v Koro\u0161ki galeriji.\u00a0 Za naziv ur\u0161ljan ali ur\u0161ljanka leta se je letos potegovalo 95 avtorjev iz vse Slovenije. Po izboru glavnega selektorja, literarnega kritika, publicista in glavnega urednika revije Mentor dr. Aljo\u0161e Harlamova, so se med devetnajstimi regijskimi izbranci v finale uvrstili: Eva Markun iz \u010crne vasi, Sara Fabjan iz Grosuplja, Kaja Pinter iz Kopra, Ale\u0161 Jelenko iz Lo\u010d ter Tim Ur\u0161i\u010d iz Ljubljane. Zmagovalcu bo JSKD za nagrado prihodnje leto izdal knji\u017eni prvenec. \u00a0V mestu ob Mislinji bo \u017eivahno\u00a0&#8230;<\/p>\n","protected":false},"author":1,"featured_media":0,"comment_status":"closed","ping_status":"closed","sticky":false,"template":"","format":"standard","meta":{"footnotes":""},"categories":[1179],"tags":[],"source":[1703],"supertag":[],"acf":[],"yoast_head":"<!-- This site is optimized with the Yoast SEO plugin v21.3 - https:\/\/yoast.com\/wordpress\/plugins\/seo\/ -->\n<title>Jutri zve\u010der zaklju\u010dek Ur\u0161ke 2016 - Hudo Slovenija<\/title>\n<meta name=\"robots\" content=\"index, follow, max-snippet:-1, max-image-preview:large, max-video-preview:-1\" \/>\n<link rel=\"canonical\" href=\"https:\/\/hudo.com\/si\/aktualno\/jutri-zvecer-zakljucek-urske-2016\/\" \/>\n<meta property=\"og:locale\" content=\"sl_SI\" \/>\n<meta property=\"og:type\" content=\"article\" \/>\n<meta property=\"og:title\" content=\"Jutri zve\u010der zaklju\u010dek Ur\u0161ke 2016 - Hudo Slovenija\" \/>\n<meta property=\"og:description\" content=\"Kategorija: Knjiga Thu, 13 Oct 2016 16:00:00 +0200 Slovenj Gradec\u00a0\u2013 Konec tedna bo na razli\u010dnih lokacijah v Slovenj Gradcu potekal zaklju\u010dek 15. festivala mlade literature Ur\u0161ka 2016. Kdo bo dobitnik \u010dastnega naziva ur\u0161ljan ali ur\u0161ljanka leta 2016, bo znano jutri zve\u010der. Vseh pet finalistov se bo predstavilo na osrednji prireditvi z naslovom Ne spominjam se natan\u010dno, kako sem pri\u0161la sem v Koro\u0161ki galeriji.\u00a0 Za naziv ur\u0161ljan ali ur\u0161ljanka leta se je letos potegovalo 95 avtorjev iz vse Slovenije. Po izboru glavnega selektorja, literarnega kritika, publicista in glavnega urednika revije Mentor dr. Aljo\u0161e Harlamova, so se med devetnajstimi regijskimi izbranci v finale uvrstili: Eva Markun iz \u010crne vasi, Sara Fabjan iz Grosuplja, Kaja Pinter iz Kopra, Ale\u0161 Jelenko iz Lo\u010d ter Tim Ur\u0161i\u010d iz Ljubljane. Zmagovalcu bo JSKD za nagrado prihodnje leto izdal knji\u017eni prvenec. \u00a0V mestu ob Mislinji bo \u017eivahno\u00a0...\" \/>\n<meta property=\"og:url\" content=\"https:\/\/hudo.com\/si\/aktualno\/jutri-zvecer-zakljucek-urske-2016\/\" \/>\n<meta property=\"og:site_name\" content=\"Hudo Slovenija\" \/>\n<meta property=\"article:publisher\" content=\"https:\/\/www.facebook.com\/hudo.si\" \/>\n<meta property=\"article:published_time\" content=\"2016-10-13T12:00:00+00:00\" \/>\n<meta property=\"og:image\" content=\"https:\/\/hudo.com\/si\/wp-content\/uploads\/sites\/2\/2016\/10\/480x290_Delo_Foto-20161013130158-98440300.jpeg\" \/>\n\t<meta property=\"og:image:width\" content=\"480\" \/>\n\t<meta property=\"og:image:height\" content=\"290\" \/>\n\t<meta property=\"og:image:type\" content=\"image\/jpeg\" \/>\n<meta name=\"author\" content=\"hudo\" \/>\n<meta name=\"twitter:card\" content=\"summary_large_image\" \/>\n<meta name=\"twitter:creator\" content=\"@hudo_si\" \/>\n<meta name=\"twitter:site\" content=\"@hudo_si\" \/>\n<meta name=\"twitter:label1\" content=\"Written by\" \/>\n\t<meta name=\"twitter:data1\" content=\"hudo\" \/>\n\t<meta name=\"twitter:label2\" content=\"Est. reading time\" \/>\n\t<meta name=\"twitter:data2\" content=\"1 minuta\" \/>\n<script type=\"application\/ld+json\" class=\"yoast-schema-graph\">{\"@context\":\"https:\/\/schema.org\",\"@graph\":[{\"@type\":\"Article\",\"@id\":\"https:\/\/hudo.com\/si\/aktualno\/jutri-zvecer-zakljucek-urske-2016\/#article\",\"isPartOf\":{\"@id\":\"https:\/\/hudo.com\/si\/aktualno\/jutri-zvecer-zakljucek-urske-2016\/\"},\"author\":{\"name\":\"hudo\",\"@id\":\"https:\/\/hudo.com\/si\/#\/schema\/person\/601cf3379633985b20f7e50f2bb47707\"},\"headline\":\"Jutri zve\u010der zaklju\u010dek Ur\u0161ke 2016\",\"datePublished\":\"2016-10-13T12:00:00+00:00\",\"dateModified\":\"2016-10-13T12:00:00+00:00\",\"mainEntityOfPage\":{\"@id\":\"https:\/\/hudo.com\/si\/aktualno\/jutri-zvecer-zakljucek-urske-2016\/\"},\"wordCount\":153,\"publisher\":{\"@id\":\"https:\/\/hudo.com\/si\/#organization\"},\"articleSection\":[\"Aktualno\"],\"inLanguage\":\"sl-SI\"},{\"@type\":\"WebPage\",\"@id\":\"https:\/\/hudo.com\/si\/aktualno\/jutri-zvecer-zakljucek-urske-2016\/\",\"url\":\"https:\/\/hudo.com\/si\/aktualno\/jutri-zvecer-zakljucek-urske-2016\/\",\"name\":\"Jutri zve\u010der zaklju\u010dek Ur\u0161ke 2016 - Hudo Slovenija\",\"isPartOf\":{\"@id\":\"https:\/\/hudo.com\/si\/#website\"},\"datePublished\":\"2016-10-13T12:00:00+00:00\",\"dateModified\":\"2016-10-13T12:00:00+00:00\",\"breadcrumb\":{\"@id\":\"https:\/\/hudo.com\/si\/aktualno\/jutri-zvecer-zakljucek-urske-2016\/#breadcrumb\"},\"inLanguage\":\"sl-SI\",\"potentialAction\":[{\"@type\":\"ReadAction\",\"target\":[\"https:\/\/hudo.com\/si\/aktualno\/jutri-zvecer-zakljucek-urske-2016\/\"]}]},{\"@type\":\"BreadcrumbList\",\"@id\":\"https:\/\/hudo.com\/si\/aktualno\/jutri-zvecer-zakljucek-urske-2016\/#breadcrumb\",\"itemListElement\":[{\"@type\":\"ListItem\",\"position\":1,\"name\":\"Home\",\"item\":\"https:\/\/hudo.com\/si\/\"},{\"@type\":\"ListItem\",\"position\":2,\"name\":\"Jutri zve\u010der zaklju\u010dek Ur\u0161ke 2016\"}]},{\"@type\":\"WebSite\",\"@id\":\"https:\/\/hudo.com\/si\/#website\",\"url\":\"https:\/\/hudo.com\/si\/\",\"name\":\"Hudo Slovenija\",\"description\":\"Vse novice iz Slovenije in sveta\",\"publisher\":{\"@id\":\"https:\/\/hudo.com\/si\/#organization\"},\"potentialAction\":[{\"@type\":\"SearchAction\",\"target\":{\"@type\":\"EntryPoint\",\"urlTemplate\":\"https:\/\/hudo.com\/si\/?s={search_term_string}\"},\"query-input\":\"required name=search_term_string\"}],\"inLanguage\":\"sl-SI\"},{\"@type\":\"Organization\",\"@id\":\"https:\/\/hudo.com\/si\/#organization\",\"name\":\"VSN Media\",\"url\":\"https:\/\/hudo.com\/si\/\",\"logo\":{\"@type\":\"ImageObject\",\"inLanguage\":\"sl-SI\",\"@id\":\"https:\/\/hudo.com\/si\/#\/schema\/logo\/image\/\",\"url\":\"https:\/\/hudo.com\/si\/wp-content\/uploads\/sites\/2\/2021\/03\/hudo-app-2.png\",\"contentUrl\":\"https:\/\/hudo.com\/si\/wp-content\/uploads\/sites\/2\/2021\/03\/hudo-app-2.png\",\"width\":2185,\"height\":2167,\"caption\":\"VSN Media\"},\"image\":{\"@id\":\"https:\/\/hudo.com\/si\/#\/schema\/logo\/image\/\"},\"sameAs\":[\"https:\/\/www.facebook.com\/hudo.si\",\"https:\/\/twitter.com\/hudo_si\"]},{\"@type\":\"Person\",\"@id\":\"https:\/\/hudo.com\/si\/#\/schema\/person\/601cf3379633985b20f7e50f2bb47707\",\"name\":\"hudo\",\"image\":{\"@type\":\"ImageObject\",\"inLanguage\":\"sl-SI\",\"@id\":\"https:\/\/hudo.com\/si\/#\/schema\/person\/image\/\",\"url\":\"https:\/\/secure.gravatar.com\/avatar\/c4ca25fa72cace7a696b52ff5db9e095?s=96&d=mm&r=g\",\"contentUrl\":\"https:\/\/secure.gravatar.com\/avatar\/c4ca25fa72cace7a696b52ff5db9e095?s=96&d=mm&r=g\",\"caption\":\"hudo\"},\"url\":\"https:\/\/hudo.com\/si\/author\/hudo\/\"}]}<\/script>\n<!-- \/ Yoast SEO plugin. -->","yoast_head_json":{"title":"Jutri zve\u010der zaklju\u010dek Ur\u0161ke 2016 - Hudo Slovenija","robots":{"index":"index","follow":"follow","max-snippet":"max-snippet:-1","max-image-preview":"max-image-preview:large","max-video-preview":"max-video-preview:-1"},"canonical":"https:\/\/hudo.com\/si\/aktualno\/jutri-zvecer-zakljucek-urske-2016\/","og_locale":"sl_SI","og_type":"article","og_title":"Jutri zve\u010der zaklju\u010dek Ur\u0161ke 2016 - Hudo Slovenija","og_description":"Kategorija: Knjiga Thu, 13 Oct 2016 16:00:00 +0200 Slovenj Gradec\u00a0\u2013 Konec tedna bo na razli\u010dnih lokacijah v Slovenj Gradcu potekal zaklju\u010dek 15. festivala mlade literature Ur\u0161ka 2016. Kdo bo dobitnik \u010dastnega naziva ur\u0161ljan ali ur\u0161ljanka leta 2016, bo znano jutri zve\u010der. Vseh pet finalistov se bo predstavilo na osrednji prireditvi z naslovom Ne spominjam se natan\u010dno, kako sem pri\u0161la sem v Koro\u0161ki galeriji.\u00a0 Za naziv ur\u0161ljan ali ur\u0161ljanka leta se je letos potegovalo 95 avtorjev iz vse Slovenije. Po izboru glavnega selektorja, literarnega kritika, publicista in glavnega urednika revije Mentor dr. Aljo\u0161e Harlamova, so se med devetnajstimi regijskimi izbranci v finale uvrstili: Eva Markun iz \u010crne vasi, Sara Fabjan iz Grosuplja, Kaja Pinter iz Kopra, Ale\u0161 Jelenko iz Lo\u010d ter Tim Ur\u0161i\u010d iz Ljubljane. Zmagovalcu bo JSKD za nagrado prihodnje leto izdal knji\u017eni prvenec. \u00a0V mestu ob Mislinji bo \u017eivahno\u00a0...","og_url":"https:\/\/hudo.com\/si\/aktualno\/jutri-zvecer-zakljucek-urske-2016\/","og_site_name":"Hudo Slovenija","article_publisher":"https:\/\/www.facebook.com\/hudo.si","article_published_time":"2016-10-13T12:00:00+00:00","og_image":[{"width":480,"height":290,"url":"https:\/\/hudo.com\/si\/wp-content\/uploads\/sites\/2\/2016\/10\/480x290_Delo_Foto-20161013130158-98440300.jpeg","type":"image\/jpeg"}],"author":"hudo","twitter_card":"summary_large_image","twitter_creator":"@hudo_si","twitter_site":"@hudo_si","twitter_misc":{"Written by":"hudo","Est. reading time":"1 minuta"},"schema":{"@context":"https:\/\/schema.org","@graph":[{"@type":"Article","@id":"https:\/\/hudo.com\/si\/aktualno\/jutri-zvecer-zakljucek-urske-2016\/#article","isPartOf":{"@id":"https:\/\/hudo.com\/si\/aktualno\/jutri-zvecer-zakljucek-urske-2016\/"},"author":{"name":"hudo","@id":"https:\/\/hudo.com\/si\/#\/schema\/person\/601cf3379633985b20f7e50f2bb47707"},"headline":"Jutri zve\u010der zaklju\u010dek Ur\u0161ke 2016","datePublished":"2016-10-13T12:00:00+00:00","dateModified":"2016-10-13T12:00:00+00:00","mainEntityOfPage":{"@id":"https:\/\/hudo.com\/si\/aktualno\/jutri-zvecer-zakljucek-urske-2016\/"},"wordCount":153,"publisher":{"@id":"https:\/\/hudo.com\/si\/#organization"},"articleSection":["Aktualno"],"inLanguage":"sl-SI"},{"@type":"WebPage","@id":"https:\/\/hudo.com\/si\/aktualno\/jutri-zvecer-zakljucek-urske-2016\/","url":"https:\/\/hudo.com\/si\/aktualno\/jutri-zvecer-zakljucek-urske-2016\/","name":"Jutri zve\u010der zaklju\u010dek Ur\u0161ke 2016 - Hudo Slovenija","isPartOf":{"@id":"https:\/\/hudo.com\/si\/#website"},"datePublished":"2016-10-13T12:00:00+00:00","dateModified":"2016-10-13T12:00:00+00:00","breadcrumb":{"@id":"https:\/\/hudo.com\/si\/aktualno\/jutri-zvecer-zakljucek-urske-2016\/#breadcrumb"},"inLanguage":"sl-SI","potentialAction":[{"@type":"ReadAction","target":["https:\/\/hudo.com\/si\/aktualno\/jutri-zvecer-zakljucek-urske-2016\/"]}]},{"@type":"BreadcrumbList","@id":"https:\/\/hudo.com\/si\/aktualno\/jutri-zvecer-zakljucek-urske-2016\/#breadcrumb","itemListElement":[{"@type":"ListItem","position":1,"name":"Home","item":"https:\/\/hudo.com\/si\/"},{"@type":"ListItem","position":2,"name":"Jutri zve\u010der zaklju\u010dek Ur\u0161ke 2016"}]},{"@type":"WebSite","@id":"https:\/\/hudo.com\/si\/#website","url":"https:\/\/hudo.com\/si\/","name":"Hudo Slovenija","description":"Vse novice iz Slovenije in sveta","publisher":{"@id":"https:\/\/hudo.com\/si\/#organization"},"potentialAction":[{"@type":"SearchAction","target":{"@type":"EntryPoint","urlTemplate":"https:\/\/hudo.com\/si\/?s={search_term_string}"},"query-input":"required name=search_term_string"}],"inLanguage":"sl-SI"},{"@type":"Organization","@id":"https:\/\/hudo.com\/si\/#organization","name":"VSN Media","url":"https:\/\/hudo.com\/si\/","logo":{"@type":"ImageObject","inLanguage":"sl-SI","@id":"https:\/\/hudo.com\/si\/#\/schema\/logo\/image\/","url":"https:\/\/hudo.com\/si\/wp-content\/uploads\/sites\/2\/2021\/03\/hudo-app-2.png","contentUrl":"https:\/\/hudo.com\/si\/wp-content\/uploads\/sites\/2\/2021\/03\/hudo-app-2.png","width":2185,"height":2167,"caption":"VSN Media"},"image":{"@id":"https:\/\/hudo.com\/si\/#\/schema\/logo\/image\/"},"sameAs":["https:\/\/www.facebook.com\/hudo.si","https:\/\/twitter.com\/hudo_si"]},{"@type":"Person","@id":"https:\/\/hudo.com\/si\/#\/schema\/person\/601cf3379633985b20f7e50f2bb47707","name":"hudo","image":{"@type":"ImageObject","inLanguage":"sl-SI","@id":"https:\/\/hudo.com\/si\/#\/schema\/person\/image\/","url":"https:\/\/secure.gravatar.com\/avatar\/c4ca25fa72cace7a696b52ff5db9e095?s=96&d=mm&r=g","contentUrl":"https:\/\/secure.gravatar.com\/avatar\/c4ca25fa72cace7a696b52ff5db9e095?s=96&d=mm&r=g","caption":"hudo"},"url":"https:\/\/hudo.com\/si\/author\/hudo\/"}]}},"amp_enabled":true,"_links":{"self":[{"href":"https:\/\/hudo.com\/si\/wp-json\/wp\/v2\/posts\/153556"}],"collection":[{"href":"https:\/\/hudo.com\/si\/wp-json\/wp\/v2\/posts"}],"about":[{"href":"https:\/\/hudo.com\/si\/wp-json\/wp\/v2\/types\/post"}],"author":[{"embeddable":true,"href":"https:\/\/hudo.com\/si\/wp-json\/wp\/v2\/users\/1"}],"replies":[{"embeddable":true,"href":"https:\/\/hudo.com\/si\/wp-json\/wp\/v2\/comments?post=153556"}],"version-history":[{"count":0,"href":"https:\/\/hudo.com\/si\/wp-json\/wp\/v2\/posts\/153556\/revisions"}],"wp:attachment":[{"href":"https:\/\/hudo.com\/si\/wp-json\/wp\/v2\/media?parent=153556"}],"wp:term":[{"taxonomy":"category","embeddable":true,"href":"https:\/\/hudo.com\/si\/wp-json\/wp\/v2\/categories?post=153556"},{"taxonomy":"post_tag","embeddable":true,"href":"https:\/\/hudo.com\/si\/wp-json\/wp\/v2\/tags?post=153556"},{"taxonomy":"source","embeddable":true,"href":"https:\/\/hudo.com\/si\/wp-json\/wp\/v2\/source?post=153556"},{"taxonomy":"supertag","embeddable":true,"href":"https:\/\/hudo.com\/si\/wp-json\/wp\/v2\/supertag?post=153556"}],"curies":[{"name":"wp","href":"https:\/\/api.w.org\/{rel}","templated":true}]}}