{"id":156158,"date":"2016-10-17T17:13:36","date_gmt":"2016-10-17T15:13:36","guid":{"rendered":"http:\/\/hudo.com\/si\/?p=156158"},"modified":"2016-10-17T18:13:49","modified_gmt":"2016-10-17T16:13:49","slug":"crnq-gora-sest-domnevnih-teroristov-izpustili-na-prostost-14-jih-ostaja-v-priporu","status":"publish","type":"post","link":"https:\/\/hudo.com\/si\/aktualno\/crnq-gora-sest-domnevnih-teroristov-izpustili-na-prostost-14-jih-ostaja-v-priporu\/","title":{"rendered":"\u010crna gora: \u0160est domnevnih teroristov izpustili na prostost, 14 jih ostaja v priporu"},"content":{"rendered":"<p>&#8220;V prostorih posebnega dr\u017eavnega sodi\u0161\u010da je bilo zasli\u0161anih 20 oseb, ki jim je bila odvzeta prostost zaradi suma, da so storili kaznivo dejanja ustanovitve kriminalne organizacije, ki naj bi izvedla kazniva dejanja terorizma. Po zasli\u0161anju je bil za 14 oseb odrejen pripor za 72 ur, \u0161est oseb je bilo izpu\u0161\u010denih na prostost,&#8221; so sporo\u010dili iz to\u017eilstva.<\/p>\n<p>Dodali so, da sumijo, da bila je v za\u010detku oktobra v Srbiji in \u010crni gori ustanovljena kriminalna organizacija, katere cilj je bil vplivati na zakonodajno in izvr\u0161no oblast v \u010crni gori.<\/p>\n<p>&#8220;Sumi se, da je bil na\u010drt te organizacije, da ob razglasitvi rezultatov parlamentarnih volitev ob uporabi oro\u017eja napadejo dr\u017eavljane, zbrane pred \u010drnogorsko skup\u0161\u010dino, in policiste, nato zavzamejo prostore skup\u0161\u010dine z namenom, da razglasijo volilno zmago dolo\u010denih politi\u010dnih strank. Prav tako se sumi, da je bil na\u010drt kriminalne organizacije, da odvzamejo prostost premierju \u010crne gore,&#8221; so ponovili v to\u017eilstvu.<\/p>\n<p>V nedeljo so v \u010crni gori potekale parlamentarne volitve, na katerih je ponovno slavila Demokratske stranke socialistov (DPS) premierja Mila \u0110ukanovi\u0107a.<\/p>\n","protected":false},"excerpt":{"rendered":"<p>\u010crnogorsko posebno to\u017eilstvo je danes sporo\u010dilo, da so \u0161est oseb, ki so jih v no\u010di na nedeljo aretirali skupaj z 20 srbskimi dr\u017eavljani in so bile osumljene terorizma, po zasli\u0161anju izpustili na prostost, za preostalih 14 oseb pa so odredili 72-urni pripor, poro\u010da srbska tiskovna agencija Tanjug.<\/p>\n","protected":false},"author":8,"featured_media":156269,"comment_status":"closed","ping_status":"closed","sticky":false,"template":"","format":"standard","meta":{"footnotes":""},"categories":[1179],"tags":[2110,2346],"source":[4511],"supertag":[7150,6103],"acf":[],"yoast_head":"<!-- This site is optimized with the Yoast SEO plugin v21.3 - https:\/\/yoast.com\/wordpress\/plugins\/seo\/ -->\n<title>\u010crna gora: \u0160est domnevnih teroristov izpustili na prostost, 14 jih ostaja v priporu - Hudo Slovenija<\/title>\n<meta name=\"robots\" content=\"index, follow, max-snippet:-1, max-image-preview:large, max-video-preview:-1\" \/>\n<link rel=\"canonical\" href=\"https:\/\/hudo.com\/si\/aktualno\/crnq-gora-sest-domnevnih-teroristov-izpustili-na-prostost-14-jih-ostaja-v-priporu\/\" \/>\n<meta property=\"og:locale\" content=\"sl_SI\" \/>\n<meta property=\"og:type\" content=\"article\" \/>\n<meta property=\"og:title\" content=\"\u010crna gora: \u0160est domnevnih teroristov izpustili na prostost, 14 jih ostaja v priporu - Hudo Slovenija\" \/>\n<meta property=\"og:description\" content=\"\u010crnogorsko posebno to\u017eilstvo je danes sporo\u010dilo, da so \u0161est oseb, ki so jih v no\u010di na nedeljo aretirali skupaj z 20 srbskimi dr\u017eavljani in so bile osumljene terorizma, po zasli\u0161anju izpustili na prostost, za preostalih 14 oseb pa so odredili 72-urni pripor, poro\u010da srbska tiskovna agencija Tanjug.\" \/>\n<meta property=\"og:url\" content=\"https:\/\/hudo.com\/si\/aktualno\/crnq-gora-sest-domnevnih-teroristov-izpustili-na-prostost-14-jih-ostaja-v-priporu\/\" \/>\n<meta property=\"og:site_name\" content=\"Hudo Slovenija\" \/>\n<meta property=\"article:publisher\" content=\"https:\/\/www.facebook.com\/hudo.si\" \/>\n<meta property=\"article:published_time\" content=\"2016-10-17T15:13:36+00:00\" \/>\n<meta property=\"article:modified_time\" content=\"2016-10-17T16:13:49+00:00\" \/>\n<meta property=\"og:image\" content=\"https:\/\/hudo.com\/si\/wp-content\/uploads\/sites\/2\/2016\/10\/profimedia-0239035263.jpg\" \/>\n\t<meta property=\"og:image:width\" content=\"1250\" \/>\n\t<meta property=\"og:image:height\" content=\"833\" \/>\n\t<meta property=\"og:image:type\" content=\"image\/jpeg\" \/>\n<meta name=\"author\" content=\"M. N., STA\" \/>\n<meta name=\"twitter:card\" content=\"summary_large_image\" \/>\n<meta name=\"twitter:creator\" content=\"@hudo_si\" \/>\n<meta name=\"twitter:site\" content=\"@hudo_si\" \/>\n<meta name=\"twitter:label1\" content=\"Written by\" \/>\n\t<meta name=\"twitter:data1\" content=\"M. N., STA\" \/>\n\t<meta name=\"twitter:label2\" content=\"Est. reading time\" \/>\n\t<meta name=\"twitter:data2\" content=\"1 minuta\" \/>\n<script type=\"application\/ld+json\" class=\"yoast-schema-graph\">{\"@context\":\"https:\/\/schema.org\",\"@graph\":[{\"@type\":\"Article\",\"@id\":\"https:\/\/hudo.com\/si\/aktualno\/crnq-gora-sest-domnevnih-teroristov-izpustili-na-prostost-14-jih-ostaja-v-priporu\/#article\",\"isPartOf\":{\"@id\":\"https:\/\/hudo.com\/si\/aktualno\/crnq-gora-sest-domnevnih-teroristov-izpustili-na-prostost-14-jih-ostaja-v-priporu\/\"},\"author\":{\"name\":\"M. N., STA\",\"@id\":\"https:\/\/hudo.com\/si\/#\/schema\/person\/c2f10ce65d2e6ede2aeda5be2a0611fa\"},\"headline\":\"\u010crna gora: \u0160est domnevnih teroristov izpustili na prostost, 14 jih ostaja v priporu\",\"datePublished\":\"2016-10-17T15:13:36+00:00\",\"dateModified\":\"2016-10-17T16:13:49+00:00\",\"mainEntityOfPage\":{\"@id\":\"https:\/\/hudo.com\/si\/aktualno\/crnq-gora-sest-domnevnih-teroristov-izpustili-na-prostost-14-jih-ostaja-v-priporu\/\"},\"wordCount\":194,\"publisher\":{\"@id\":\"https:\/\/hudo.com\/si\/#organization\"},\"keywords\":[\"\u010drna gora\",\"terorizem\"],\"articleSection\":[\"Aktualno\"],\"inLanguage\":\"sl-SI\"},{\"@type\":\"WebPage\",\"@id\":\"https:\/\/hudo.com\/si\/aktualno\/crnq-gora-sest-domnevnih-teroristov-izpustili-na-prostost-14-jih-ostaja-v-priporu\/\",\"url\":\"https:\/\/hudo.com\/si\/aktualno\/crnq-gora-sest-domnevnih-teroristov-izpustili-na-prostost-14-jih-ostaja-v-priporu\/\",\"name\":\"\u010crna gora: \u0160est domnevnih teroristov izpustili na prostost, 14 jih ostaja v priporu - Hudo Slovenija\",\"isPartOf\":{\"@id\":\"https:\/\/hudo.com\/si\/#website\"},\"datePublished\":\"2016-10-17T15:13:36+00:00\",\"dateModified\":\"2016-10-17T16:13:49+00:00\",\"breadcrumb\":{\"@id\":\"https:\/\/hudo.com\/si\/aktualno\/crnq-gora-sest-domnevnih-teroristov-izpustili-na-prostost-14-jih-ostaja-v-priporu\/#breadcrumb\"},\"inLanguage\":\"sl-SI\",\"potentialAction\":[{\"@type\":\"ReadAction\",\"target\":[\"https:\/\/hudo.com\/si\/aktualno\/crnq-gora-sest-domnevnih-teroristov-izpustili-na-prostost-14-jih-ostaja-v-priporu\/\"]}]},{\"@type\":\"BreadcrumbList\",\"@id\":\"https:\/\/hudo.com\/si\/aktualno\/crnq-gora-sest-domnevnih-teroristov-izpustili-na-prostost-14-jih-ostaja-v-priporu\/#breadcrumb\",\"itemListElement\":[{\"@type\":\"ListItem\",\"position\":1,\"name\":\"Home\",\"item\":\"https:\/\/hudo.com\/si\/\"},{\"@type\":\"ListItem\",\"position\":2,\"name\":\"\u010crna gora: \u0160est domnevnih teroristov izpustili na prostost, 14 jih ostaja v priporu\"}]},{\"@type\":\"WebSite\",\"@id\":\"https:\/\/hudo.com\/si\/#website\",\"url\":\"https:\/\/hudo.com\/si\/\",\"name\":\"Hudo Slovenija\",\"description\":\"Vse novice iz Slovenije in sveta\",\"publisher\":{\"@id\":\"https:\/\/hudo.com\/si\/#organization\"},\"potentialAction\":[{\"@type\":\"SearchAction\",\"target\":{\"@type\":\"EntryPoint\",\"urlTemplate\":\"https:\/\/hudo.com\/si\/?s={search_term_string}\"},\"query-input\":\"required name=search_term_string\"}],\"inLanguage\":\"sl-SI\"},{\"@type\":\"Organization\",\"@id\":\"https:\/\/hudo.com\/si\/#organization\",\"name\":\"VSN Media\",\"url\":\"https:\/\/hudo.com\/si\/\",\"logo\":{\"@type\":\"ImageObject\",\"inLanguage\":\"sl-SI\",\"@id\":\"https:\/\/hudo.com\/si\/#\/schema\/logo\/image\/\",\"url\":\"https:\/\/hudo.com\/si\/wp-content\/uploads\/sites\/2\/2021\/03\/hudo-app-2.png\",\"contentUrl\":\"https:\/\/hudo.com\/si\/wp-content\/uploads\/sites\/2\/2021\/03\/hudo-app-2.png\",\"width\":2185,\"height\":2167,\"caption\":\"VSN Media\"},\"image\":{\"@id\":\"https:\/\/hudo.com\/si\/#\/schema\/logo\/image\/\"},\"sameAs\":[\"https:\/\/www.facebook.com\/hudo.si\",\"https:\/\/twitter.com\/hudo_si\"]},{\"@type\":\"Person\",\"@id\":\"https:\/\/hudo.com\/si\/#\/schema\/person\/c2f10ce65d2e6ede2aeda5be2a0611fa\",\"name\":\"M. N., STA\",\"image\":{\"@type\":\"ImageObject\",\"inLanguage\":\"sl-SI\",\"@id\":\"https:\/\/hudo.com\/si\/#\/schema\/person\/image\/\",\"url\":\"https:\/\/secure.gravatar.com\/avatar\/f370d38daa10467f755c5c766a4cac20?s=96&d=mm&r=g\",\"contentUrl\":\"https:\/\/secure.gravatar.com\/avatar\/f370d38daa10467f755c5c766a4cac20?s=96&d=mm&r=g\",\"caption\":\"M. N., STA\"},\"url\":\"https:\/\/hudo.com\/si\/author\/mana\/\"}]}<\/script>\n<!-- \/ Yoast SEO plugin. -->","yoast_head_json":{"title":"\u010crna gora: \u0160est domnevnih teroristov izpustili na prostost, 14 jih ostaja v priporu - Hudo Slovenija","robots":{"index":"index","follow":"follow","max-snippet":"max-snippet:-1","max-image-preview":"max-image-preview:large","max-video-preview":"max-video-preview:-1"},"canonical":"https:\/\/hudo.com\/si\/aktualno\/crnq-gora-sest-domnevnih-teroristov-izpustili-na-prostost-14-jih-ostaja-v-priporu\/","og_locale":"sl_SI","og_type":"article","og_title":"\u010crna gora: \u0160est domnevnih teroristov izpustili na prostost, 14 jih ostaja v priporu - Hudo Slovenija","og_description":"\u010crnogorsko posebno to\u017eilstvo je danes sporo\u010dilo, da so \u0161est oseb, ki so jih v no\u010di na nedeljo aretirali skupaj z 20 srbskimi dr\u017eavljani in so bile osumljene terorizma, po zasli\u0161anju izpustili na prostost, za preostalih 14 oseb pa so odredili 72-urni pripor, poro\u010da srbska tiskovna agencija Tanjug.","og_url":"https:\/\/hudo.com\/si\/aktualno\/crnq-gora-sest-domnevnih-teroristov-izpustili-na-prostost-14-jih-ostaja-v-priporu\/","og_site_name":"Hudo Slovenija","article_publisher":"https:\/\/www.facebook.com\/hudo.si","article_published_time":"2016-10-17T15:13:36+00:00","article_modified_time":"2016-10-17T16:13:49+00:00","og_image":[{"width":1250,"height":833,"url":"https:\/\/hudo.com\/si\/wp-content\/uploads\/sites\/2\/2016\/10\/profimedia-0239035263.jpg","type":"image\/jpeg"}],"author":"M. N., STA","twitter_card":"summary_large_image","twitter_creator":"@hudo_si","twitter_site":"@hudo_si","twitter_misc":{"Written by":"M. N., STA","Est. reading time":"1 minuta"},"schema":{"@context":"https:\/\/schema.org","@graph":[{"@type":"Article","@id":"https:\/\/hudo.com\/si\/aktualno\/crnq-gora-sest-domnevnih-teroristov-izpustili-na-prostost-14-jih-ostaja-v-priporu\/#article","isPartOf":{"@id":"https:\/\/hudo.com\/si\/aktualno\/crnq-gora-sest-domnevnih-teroristov-izpustili-na-prostost-14-jih-ostaja-v-priporu\/"},"author":{"name":"M. N., STA","@id":"https:\/\/hudo.com\/si\/#\/schema\/person\/c2f10ce65d2e6ede2aeda5be2a0611fa"},"headline":"\u010crna gora: \u0160est domnevnih teroristov izpustili na prostost, 14 jih ostaja v priporu","datePublished":"2016-10-17T15:13:36+00:00","dateModified":"2016-10-17T16:13:49+00:00","mainEntityOfPage":{"@id":"https:\/\/hudo.com\/si\/aktualno\/crnq-gora-sest-domnevnih-teroristov-izpustili-na-prostost-14-jih-ostaja-v-priporu\/"},"wordCount":194,"publisher":{"@id":"https:\/\/hudo.com\/si\/#organization"},"keywords":["\u010drna gora","terorizem"],"articleSection":["Aktualno"],"inLanguage":"sl-SI"},{"@type":"WebPage","@id":"https:\/\/hudo.com\/si\/aktualno\/crnq-gora-sest-domnevnih-teroristov-izpustili-na-prostost-14-jih-ostaja-v-priporu\/","url":"https:\/\/hudo.com\/si\/aktualno\/crnq-gora-sest-domnevnih-teroristov-izpustili-na-prostost-14-jih-ostaja-v-priporu\/","name":"\u010crna gora: \u0160est domnevnih teroristov izpustili na prostost, 14 jih ostaja v priporu - Hudo Slovenija","isPartOf":{"@id":"https:\/\/hudo.com\/si\/#website"},"datePublished":"2016-10-17T15:13:36+00:00","dateModified":"2016-10-17T16:13:49+00:00","breadcrumb":{"@id":"https:\/\/hudo.com\/si\/aktualno\/crnq-gora-sest-domnevnih-teroristov-izpustili-na-prostost-14-jih-ostaja-v-priporu\/#breadcrumb"},"inLanguage":"sl-SI","potentialAction":[{"@type":"ReadAction","target":["https:\/\/hudo.com\/si\/aktualno\/crnq-gora-sest-domnevnih-teroristov-izpustili-na-prostost-14-jih-ostaja-v-priporu\/"]}]},{"@type":"BreadcrumbList","@id":"https:\/\/hudo.com\/si\/aktualno\/crnq-gora-sest-domnevnih-teroristov-izpustili-na-prostost-14-jih-ostaja-v-priporu\/#breadcrumb","itemListElement":[{"@type":"ListItem","position":1,"name":"Home","item":"https:\/\/hudo.com\/si\/"},{"@type":"ListItem","position":2,"name":"\u010crna gora: \u0160est domnevnih teroristov izpustili na prostost, 14 jih ostaja v priporu"}]},{"@type":"WebSite","@id":"https:\/\/hudo.com\/si\/#website","url":"https:\/\/hudo.com\/si\/","name":"Hudo Slovenija","description":"Vse novice iz Slovenije in sveta","publisher":{"@id":"https:\/\/hudo.com\/si\/#organization"},"potentialAction":[{"@type":"SearchAction","target":{"@type":"EntryPoint","urlTemplate":"https:\/\/hudo.com\/si\/?s={search_term_string}"},"query-input":"required name=search_term_string"}],"inLanguage":"sl-SI"},{"@type":"Organization","@id":"https:\/\/hudo.com\/si\/#organization","name":"VSN Media","url":"https:\/\/hudo.com\/si\/","logo":{"@type":"ImageObject","inLanguage":"sl-SI","@id":"https:\/\/hudo.com\/si\/#\/schema\/logo\/image\/","url":"https:\/\/hudo.com\/si\/wp-content\/uploads\/sites\/2\/2021\/03\/hudo-app-2.png","contentUrl":"https:\/\/hudo.com\/si\/wp-content\/uploads\/sites\/2\/2021\/03\/hudo-app-2.png","width":2185,"height":2167,"caption":"VSN Media"},"image":{"@id":"https:\/\/hudo.com\/si\/#\/schema\/logo\/image\/"},"sameAs":["https:\/\/www.facebook.com\/hudo.si","https:\/\/twitter.com\/hudo_si"]},{"@type":"Person","@id":"https:\/\/hudo.com\/si\/#\/schema\/person\/c2f10ce65d2e6ede2aeda5be2a0611fa","name":"M. N., STA","image":{"@type":"ImageObject","inLanguage":"sl-SI","@id":"https:\/\/hudo.com\/si\/#\/schema\/person\/image\/","url":"https:\/\/secure.gravatar.com\/avatar\/f370d38daa10467f755c5c766a4cac20?s=96&d=mm&r=g","contentUrl":"https:\/\/secure.gravatar.com\/avatar\/f370d38daa10467f755c5c766a4cac20?s=96&d=mm&r=g","caption":"M. N., STA"},"url":"https:\/\/hudo.com\/si\/author\/mana\/"}]}},"amp_enabled":true,"_links":{"self":[{"href":"https:\/\/hudo.com\/si\/wp-json\/wp\/v2\/posts\/156158"}],"collection":[{"href":"https:\/\/hudo.com\/si\/wp-json\/wp\/v2\/posts"}],"about":[{"href":"https:\/\/hudo.com\/si\/wp-json\/wp\/v2\/types\/post"}],"author":[{"embeddable":true,"href":"https:\/\/hudo.com\/si\/wp-json\/wp\/v2\/users\/8"}],"replies":[{"embeddable":true,"href":"https:\/\/hudo.com\/si\/wp-json\/wp\/v2\/comments?post=156158"}],"version-history":[{"count":2,"href":"https:\/\/hudo.com\/si\/wp-json\/wp\/v2\/posts\/156158\/revisions"}],"predecessor-version":[{"id":156336,"href":"https:\/\/hudo.com\/si\/wp-json\/wp\/v2\/posts\/156158\/revisions\/156336"}],"wp:featuredmedia":[{"embeddable":true,"href":"https:\/\/hudo.com\/si\/wp-json\/wp\/v2\/media\/156269"}],"wp:attachment":[{"href":"https:\/\/hudo.com\/si\/wp-json\/wp\/v2\/media?parent=156158"}],"wp:term":[{"taxonomy":"category","embeddable":true,"href":"https:\/\/hudo.com\/si\/wp-json\/wp\/v2\/categories?post=156158"},{"taxonomy":"post_tag","embeddable":true,"href":"https:\/\/hudo.com\/si\/wp-json\/wp\/v2\/tags?post=156158"},{"taxonomy":"source","embeddable":true,"href":"https:\/\/hudo.com\/si\/wp-json\/wp\/v2\/source?post=156158"},{"taxonomy":"supertag","embeddable":true,"href":"https:\/\/hudo.com\/si\/wp-json\/wp\/v2\/supertag?post=156158"}],"curies":[{"name":"wp","href":"https:\/\/api.w.org\/{rel}","templated":true}]}}