{"id":156343,"date":"2016-10-17T18:42:55","date_gmt":"2016-10-17T16:42:55","guid":{"rendered":"http:\/\/hudo.com\/si\/?p=156343"},"modified":"2016-10-17T18:42:55","modified_gmt":"2016-10-17T16:42:55","slug":"na-hrvaskem-kuza-medo-dobil-sodno-odlocbo","status":"publish","type":"post","link":"https:\/\/hudo.com\/si\/aktualno\/na-hrvaskem-kuza-medo-dobil-sodno-odlocbo\/","title":{"rendered":"Na Hrva\u0161kem ku\u017ea Medo dobil sodno odlo\u010dbo"},"content":{"rendered":"<p>Sodi\u0161\u010de je v razsodbi lastniku nalo\u017eilo, da mora poskrbeti, da pes z lajanjem ne bo motil sosedov. Hi\u0161i sta sicer oddaljeni pribli\u017eno 15 metrov.<\/p>\n<p>Sodi\u0161\u010de je pred tem je zavrnilo ponudbo lastnika, da izmerijo hrup, ki naj bi ga z lajanjem povzro\u010dal Medo. Zavrnilo pa je tudi zahtevo sosede za 10.549 kun (1388 evrov) od\u0161kodnine &#8220;zaradi du\u0161evnih bole\u010din&#8221;, je poro\u010dal \u010dasnik 24 sata na svoji spletni strani.<\/p>\n<p>Lastnik \u0161tiriletnega psa je po dana\u0161nji razsodbi dejal, da se bo prito\u017eil na odlo\u010ditev sodi\u0161\u010da, ker je prepri\u010dan, da Medo ni kriv. Na koncu se je tudi razjokal, navaja \u010dasnik.<\/p>\n<p>Prepoved lajanja je zahtevala soseda, ki zatrjuje, da zaradi nenehnega laje\u017ea ne more spati, kar da ji povzro\u010da tudi zdravstvene te\u017eave. Leta 2014 je sicer do\u017eivela mo\u017egansko kap. Zatrdila je tudi, da ima videoposnetke, ki dokazujejo, da je pes vsako no\u010d neznosno glasen. Prepri\u010dana je tudi, da sosedje namerno dopu\u0161\u010dajo psu, da laja pod njenim oknom.<\/p>\n<p>Puljsko sodi\u0161\u010de je sicer \u017ee lani sprejelo za\u010dasni ukrep proti Medu in dolo\u010dilo 20.000 kun (2610 evrov) kazni za njegovega lastnika, \u010de bi zalajal med 20. uro zve\u010der in 8. zjutraj. Lastnik se je zato odlo\u010dil, da bo psa \u010dez no\u010d zapiral v hi\u0161o, a je vseskozi \u017eivel v strahu, da pes ne bi slu\u010dajno zalajal, ker bi moral pla\u010dati visoko kazen. Sodnica je danes povedala, da psa ni treba zapirati, a ga je potrebno premestiti stran od sosedine hi\u0161e.<\/p>\n","protected":false},"excerpt":{"rendered":"<p>Puljsko sodi\u0161\u010de je danes razsodilo, da pes z imenom Medo iz Peroja nedale\u010d Pulja preglasno laja in moti sosedo, zato ga mora njegov lastnik umakniti iz dvori\u0161\u010da, poro\u010dajo hrva\u0161ki mediji. Medo je tako postal prvi pes na Hrva\u0161kem, ki ima odlo\u010dbo sodi\u0161\u010da, da preglasno laja.<\/p>\n","protected":false},"author":8,"featured_media":156344,"comment_status":"closed","ping_status":"closed","sticky":false,"template":"","format":"standard","meta":{"footnotes":""},"categories":[1179],"tags":[1810,2022,6731,4770],"source":[4511],"supertag":[6103],"acf":[],"yoast_head":"<!-- This site is optimized with the Yoast SEO plugin v21.3 - https:\/\/yoast.com\/wordpress\/plugins\/seo\/ -->\n<title>Na Hrva\u0161kem ku\u017ea Medo dobil sodno odlo\u010dbo - Hudo Slovenija<\/title>\n<meta name=\"robots\" content=\"index, follow, max-snippet:-1, max-image-preview:large, max-video-preview:-1\" \/>\n<link rel=\"canonical\" href=\"https:\/\/hudo.com\/si\/aktualno\/na-hrvaskem-kuza-medo-dobil-sodno-odlocbo\/\" \/>\n<meta property=\"og:locale\" content=\"sl_SI\" \/>\n<meta property=\"og:type\" content=\"article\" \/>\n<meta property=\"og:title\" content=\"Na Hrva\u0161kem ku\u017ea Medo dobil sodno odlo\u010dbo - Hudo Slovenija\" \/>\n<meta property=\"og:description\" content=\"Puljsko sodi\u0161\u010de je danes razsodilo, da pes z imenom Medo iz Peroja nedale\u010d Pulja preglasno laja in moti sosedo, zato ga mora njegov lastnik umakniti iz dvori\u0161\u010da, poro\u010dajo hrva\u0161ki mediji. Medo je tako postal prvi pes na Hrva\u0161kem, ki ima odlo\u010dbo sodi\u0161\u010da, da preglasno laja.\" \/>\n<meta property=\"og:url\" content=\"https:\/\/hudo.com\/si\/aktualno\/na-hrvaskem-kuza-medo-dobil-sodno-odlocbo\/\" \/>\n<meta property=\"og:site_name\" content=\"Hudo Slovenija\" \/>\n<meta property=\"article:publisher\" content=\"https:\/\/www.facebook.com\/hudo.si\" \/>\n<meta property=\"article:published_time\" content=\"2016-10-17T16:42:55+00:00\" \/>\n<meta property=\"og:image\" content=\"https:\/\/hudo.com\/si\/wp-content\/uploads\/sites\/2\/2016\/10\/profimedia-0263416458.jpg\" \/>\n\t<meta property=\"og:image:width\" content=\"1250\" \/>\n\t<meta property=\"og:image:height\" content=\"833\" \/>\n\t<meta property=\"og:image:type\" content=\"image\/jpeg\" \/>\n<meta name=\"author\" content=\"M. N., STA\" \/>\n<meta name=\"twitter:card\" content=\"summary_large_image\" \/>\n<meta name=\"twitter:creator\" content=\"@hudo_si\" \/>\n<meta name=\"twitter:site\" content=\"@hudo_si\" \/>\n<meta name=\"twitter:label1\" content=\"Written by\" \/>\n\t<meta name=\"twitter:data1\" content=\"M. N., STA\" \/>\n\t<meta name=\"twitter:label2\" content=\"Est. reading time\" \/>\n\t<meta name=\"twitter:data2\" content=\"1 minuta\" \/>\n<script type=\"application\/ld+json\" class=\"yoast-schema-graph\">{\"@context\":\"https:\/\/schema.org\",\"@graph\":[{\"@type\":\"Article\",\"@id\":\"https:\/\/hudo.com\/si\/aktualno\/na-hrvaskem-kuza-medo-dobil-sodno-odlocbo\/#article\",\"isPartOf\":{\"@id\":\"https:\/\/hudo.com\/si\/aktualno\/na-hrvaskem-kuza-medo-dobil-sodno-odlocbo\/\"},\"author\":{\"name\":\"M. N., STA\",\"@id\":\"https:\/\/hudo.com\/si\/#\/schema\/person\/c2f10ce65d2e6ede2aeda5be2a0611fa\"},\"headline\":\"Na Hrva\u0161kem ku\u017ea Medo dobil sodno odlo\u010dbo\",\"datePublished\":\"2016-10-17T16:42:55+00:00\",\"dateModified\":\"2016-10-17T16:42:55+00:00\",\"mainEntityOfPage\":{\"@id\":\"https:\/\/hudo.com\/si\/aktualno\/na-hrvaskem-kuza-medo-dobil-sodno-odlocbo\/\"},\"wordCount\":265,\"publisher\":{\"@id\":\"https:\/\/hudo.com\/si\/#organization\"},\"keywords\":[\"hrva\u0161ka\",\"pes\",\"Pula\",\"sodi\u0161\u010de\"],\"articleSection\":[\"Aktualno\"],\"inLanguage\":\"sl-SI\"},{\"@type\":\"WebPage\",\"@id\":\"https:\/\/hudo.com\/si\/aktualno\/na-hrvaskem-kuza-medo-dobil-sodno-odlocbo\/\",\"url\":\"https:\/\/hudo.com\/si\/aktualno\/na-hrvaskem-kuza-medo-dobil-sodno-odlocbo\/\",\"name\":\"Na Hrva\u0161kem ku\u017ea Medo dobil sodno odlo\u010dbo - Hudo Slovenija\",\"isPartOf\":{\"@id\":\"https:\/\/hudo.com\/si\/#website\"},\"datePublished\":\"2016-10-17T16:42:55+00:00\",\"dateModified\":\"2016-10-17T16:42:55+00:00\",\"breadcrumb\":{\"@id\":\"https:\/\/hudo.com\/si\/aktualno\/na-hrvaskem-kuza-medo-dobil-sodno-odlocbo\/#breadcrumb\"},\"inLanguage\":\"sl-SI\",\"potentialAction\":[{\"@type\":\"ReadAction\",\"target\":[\"https:\/\/hudo.com\/si\/aktualno\/na-hrvaskem-kuza-medo-dobil-sodno-odlocbo\/\"]}]},{\"@type\":\"BreadcrumbList\",\"@id\":\"https:\/\/hudo.com\/si\/aktualno\/na-hrvaskem-kuza-medo-dobil-sodno-odlocbo\/#breadcrumb\",\"itemListElement\":[{\"@type\":\"ListItem\",\"position\":1,\"name\":\"Home\",\"item\":\"https:\/\/hudo.com\/si\/\"},{\"@type\":\"ListItem\",\"position\":2,\"name\":\"Na Hrva\u0161kem ku\u017ea Medo dobil sodno odlo\u010dbo\"}]},{\"@type\":\"WebSite\",\"@id\":\"https:\/\/hudo.com\/si\/#website\",\"url\":\"https:\/\/hudo.com\/si\/\",\"name\":\"Hudo Slovenija\",\"description\":\"Vse novice iz Slovenije in sveta\",\"publisher\":{\"@id\":\"https:\/\/hudo.com\/si\/#organization\"},\"potentialAction\":[{\"@type\":\"SearchAction\",\"target\":{\"@type\":\"EntryPoint\",\"urlTemplate\":\"https:\/\/hudo.com\/si\/?s={search_term_string}\"},\"query-input\":\"required name=search_term_string\"}],\"inLanguage\":\"sl-SI\"},{\"@type\":\"Organization\",\"@id\":\"https:\/\/hudo.com\/si\/#organization\",\"name\":\"VSN Media\",\"url\":\"https:\/\/hudo.com\/si\/\",\"logo\":{\"@type\":\"ImageObject\",\"inLanguage\":\"sl-SI\",\"@id\":\"https:\/\/hudo.com\/si\/#\/schema\/logo\/image\/\",\"url\":\"https:\/\/hudo.com\/si\/wp-content\/uploads\/sites\/2\/2021\/03\/hudo-app-2.png\",\"contentUrl\":\"https:\/\/hudo.com\/si\/wp-content\/uploads\/sites\/2\/2021\/03\/hudo-app-2.png\",\"width\":2185,\"height\":2167,\"caption\":\"VSN Media\"},\"image\":{\"@id\":\"https:\/\/hudo.com\/si\/#\/schema\/logo\/image\/\"},\"sameAs\":[\"https:\/\/www.facebook.com\/hudo.si\",\"https:\/\/twitter.com\/hudo_si\"]},{\"@type\":\"Person\",\"@id\":\"https:\/\/hudo.com\/si\/#\/schema\/person\/c2f10ce65d2e6ede2aeda5be2a0611fa\",\"name\":\"M. N., STA\",\"image\":{\"@type\":\"ImageObject\",\"inLanguage\":\"sl-SI\",\"@id\":\"https:\/\/hudo.com\/si\/#\/schema\/person\/image\/\",\"url\":\"https:\/\/secure.gravatar.com\/avatar\/f370d38daa10467f755c5c766a4cac20?s=96&d=mm&r=g\",\"contentUrl\":\"https:\/\/secure.gravatar.com\/avatar\/f370d38daa10467f755c5c766a4cac20?s=96&d=mm&r=g\",\"caption\":\"M. N., STA\"},\"url\":\"https:\/\/hudo.com\/si\/author\/mana\/\"}]}<\/script>\n<!-- \/ Yoast SEO plugin. -->","yoast_head_json":{"title":"Na Hrva\u0161kem ku\u017ea Medo dobil sodno odlo\u010dbo - Hudo Slovenija","robots":{"index":"index","follow":"follow","max-snippet":"max-snippet:-1","max-image-preview":"max-image-preview:large","max-video-preview":"max-video-preview:-1"},"canonical":"https:\/\/hudo.com\/si\/aktualno\/na-hrvaskem-kuza-medo-dobil-sodno-odlocbo\/","og_locale":"sl_SI","og_type":"article","og_title":"Na Hrva\u0161kem ku\u017ea Medo dobil sodno odlo\u010dbo - Hudo Slovenija","og_description":"Puljsko sodi\u0161\u010de je danes razsodilo, da pes z imenom Medo iz Peroja nedale\u010d Pulja preglasno laja in moti sosedo, zato ga mora njegov lastnik umakniti iz dvori\u0161\u010da, poro\u010dajo hrva\u0161ki mediji. Medo je tako postal prvi pes na Hrva\u0161kem, ki ima odlo\u010dbo sodi\u0161\u010da, da preglasno laja.","og_url":"https:\/\/hudo.com\/si\/aktualno\/na-hrvaskem-kuza-medo-dobil-sodno-odlocbo\/","og_site_name":"Hudo Slovenija","article_publisher":"https:\/\/www.facebook.com\/hudo.si","article_published_time":"2016-10-17T16:42:55+00:00","og_image":[{"width":1250,"height":833,"url":"https:\/\/hudo.com\/si\/wp-content\/uploads\/sites\/2\/2016\/10\/profimedia-0263416458.jpg","type":"image\/jpeg"}],"author":"M. N., STA","twitter_card":"summary_large_image","twitter_creator":"@hudo_si","twitter_site":"@hudo_si","twitter_misc":{"Written by":"M. N., STA","Est. reading time":"1 minuta"},"schema":{"@context":"https:\/\/schema.org","@graph":[{"@type":"Article","@id":"https:\/\/hudo.com\/si\/aktualno\/na-hrvaskem-kuza-medo-dobil-sodno-odlocbo\/#article","isPartOf":{"@id":"https:\/\/hudo.com\/si\/aktualno\/na-hrvaskem-kuza-medo-dobil-sodno-odlocbo\/"},"author":{"name":"M. N., STA","@id":"https:\/\/hudo.com\/si\/#\/schema\/person\/c2f10ce65d2e6ede2aeda5be2a0611fa"},"headline":"Na Hrva\u0161kem ku\u017ea Medo dobil sodno odlo\u010dbo","datePublished":"2016-10-17T16:42:55+00:00","dateModified":"2016-10-17T16:42:55+00:00","mainEntityOfPage":{"@id":"https:\/\/hudo.com\/si\/aktualno\/na-hrvaskem-kuza-medo-dobil-sodno-odlocbo\/"},"wordCount":265,"publisher":{"@id":"https:\/\/hudo.com\/si\/#organization"},"keywords":["hrva\u0161ka","pes","Pula","sodi\u0161\u010de"],"articleSection":["Aktualno"],"inLanguage":"sl-SI"},{"@type":"WebPage","@id":"https:\/\/hudo.com\/si\/aktualno\/na-hrvaskem-kuza-medo-dobil-sodno-odlocbo\/","url":"https:\/\/hudo.com\/si\/aktualno\/na-hrvaskem-kuza-medo-dobil-sodno-odlocbo\/","name":"Na Hrva\u0161kem ku\u017ea Medo dobil sodno odlo\u010dbo - Hudo Slovenija","isPartOf":{"@id":"https:\/\/hudo.com\/si\/#website"},"datePublished":"2016-10-17T16:42:55+00:00","dateModified":"2016-10-17T16:42:55+00:00","breadcrumb":{"@id":"https:\/\/hudo.com\/si\/aktualno\/na-hrvaskem-kuza-medo-dobil-sodno-odlocbo\/#breadcrumb"},"inLanguage":"sl-SI","potentialAction":[{"@type":"ReadAction","target":["https:\/\/hudo.com\/si\/aktualno\/na-hrvaskem-kuza-medo-dobil-sodno-odlocbo\/"]}]},{"@type":"BreadcrumbList","@id":"https:\/\/hudo.com\/si\/aktualno\/na-hrvaskem-kuza-medo-dobil-sodno-odlocbo\/#breadcrumb","itemListElement":[{"@type":"ListItem","position":1,"name":"Home","item":"https:\/\/hudo.com\/si\/"},{"@type":"ListItem","position":2,"name":"Na Hrva\u0161kem ku\u017ea Medo dobil sodno odlo\u010dbo"}]},{"@type":"WebSite","@id":"https:\/\/hudo.com\/si\/#website","url":"https:\/\/hudo.com\/si\/","name":"Hudo Slovenija","description":"Vse novice iz Slovenije in sveta","publisher":{"@id":"https:\/\/hudo.com\/si\/#organization"},"potentialAction":[{"@type":"SearchAction","target":{"@type":"EntryPoint","urlTemplate":"https:\/\/hudo.com\/si\/?s={search_term_string}"},"query-input":"required name=search_term_string"}],"inLanguage":"sl-SI"},{"@type":"Organization","@id":"https:\/\/hudo.com\/si\/#organization","name":"VSN Media","url":"https:\/\/hudo.com\/si\/","logo":{"@type":"ImageObject","inLanguage":"sl-SI","@id":"https:\/\/hudo.com\/si\/#\/schema\/logo\/image\/","url":"https:\/\/hudo.com\/si\/wp-content\/uploads\/sites\/2\/2021\/03\/hudo-app-2.png","contentUrl":"https:\/\/hudo.com\/si\/wp-content\/uploads\/sites\/2\/2021\/03\/hudo-app-2.png","width":2185,"height":2167,"caption":"VSN Media"},"image":{"@id":"https:\/\/hudo.com\/si\/#\/schema\/logo\/image\/"},"sameAs":["https:\/\/www.facebook.com\/hudo.si","https:\/\/twitter.com\/hudo_si"]},{"@type":"Person","@id":"https:\/\/hudo.com\/si\/#\/schema\/person\/c2f10ce65d2e6ede2aeda5be2a0611fa","name":"M. N., STA","image":{"@type":"ImageObject","inLanguage":"sl-SI","@id":"https:\/\/hudo.com\/si\/#\/schema\/person\/image\/","url":"https:\/\/secure.gravatar.com\/avatar\/f370d38daa10467f755c5c766a4cac20?s=96&d=mm&r=g","contentUrl":"https:\/\/secure.gravatar.com\/avatar\/f370d38daa10467f755c5c766a4cac20?s=96&d=mm&r=g","caption":"M. N., STA"},"url":"https:\/\/hudo.com\/si\/author\/mana\/"}]}},"amp_enabled":true,"_links":{"self":[{"href":"https:\/\/hudo.com\/si\/wp-json\/wp\/v2\/posts\/156343"}],"collection":[{"href":"https:\/\/hudo.com\/si\/wp-json\/wp\/v2\/posts"}],"about":[{"href":"https:\/\/hudo.com\/si\/wp-json\/wp\/v2\/types\/post"}],"author":[{"embeddable":true,"href":"https:\/\/hudo.com\/si\/wp-json\/wp\/v2\/users\/8"}],"replies":[{"embeddable":true,"href":"https:\/\/hudo.com\/si\/wp-json\/wp\/v2\/comments?post=156343"}],"version-history":[{"count":1,"href":"https:\/\/hudo.com\/si\/wp-json\/wp\/v2\/posts\/156343\/revisions"}],"predecessor-version":[{"id":156345,"href":"https:\/\/hudo.com\/si\/wp-json\/wp\/v2\/posts\/156343\/revisions\/156345"}],"wp:featuredmedia":[{"embeddable":true,"href":"https:\/\/hudo.com\/si\/wp-json\/wp\/v2\/media\/156344"}],"wp:attachment":[{"href":"https:\/\/hudo.com\/si\/wp-json\/wp\/v2\/media?parent=156343"}],"wp:term":[{"taxonomy":"category","embeddable":true,"href":"https:\/\/hudo.com\/si\/wp-json\/wp\/v2\/categories?post=156343"},{"taxonomy":"post_tag","embeddable":true,"href":"https:\/\/hudo.com\/si\/wp-json\/wp\/v2\/tags?post=156343"},{"taxonomy":"source","embeddable":true,"href":"https:\/\/hudo.com\/si\/wp-json\/wp\/v2\/source?post=156343"},{"taxonomy":"supertag","embeddable":true,"href":"https:\/\/hudo.com\/si\/wp-json\/wp\/v2\/supertag?post=156343"}],"curies":[{"name":"wp","href":"https:\/\/api.w.org\/{rel}","templated":true}]}}