{"id":156353,"date":"2016-10-17T19:09:58","date_gmt":"2016-10-17T17:09:58","guid":{"rendered":"http:\/\/hudo.com\/si\/?p=156353"},"modified":"2016-10-17T19:09:58","modified_gmt":"2016-10-17T17:09:58","slug":"programski-svet-rtvs-tarco-z-naslovom-splav-svobodne-v-odlocanju-oznacil-za-uredniski-spodrsljaj","status":"publish","type":"post","link":"https:\/\/hudo.com\/si\/aktualno\/programski-svet-rtvs-tarco-z-naslovom-splav-svobodne-v-odlocanju-oznacil-za-uredniski-spodrsljaj\/","title":{"rendered":"Programski svet RTVS Tar\u010do z naslovom Splav &#8211; svobodne v odlo\u010danju ozna\u010dil za uredni\u0161ki spodrsljaj"},"content":{"rendered":"<p>V. d. generalnega direktorja Radiotelevizije Slovenija (RTVS) Marku Filliju in direktorici televizije Ljerki Bizilj je zato programski svet nalo\u017eil, naj na prihodnji seji poro\u010data, ali je bila \u010detrtkova Tar\u010da na temo splava v skladu s programskimi standardi in stanovskim kodeksom. Svetniki pri\u010dakujejo tudi podatke o gledanosti oddaje.<\/p>\n<p>Varuh pravic gledalcev in poslu\u0161alcev Lado Ambro\u017ei\u010d je programski svet seznanil, da se je po predvajanju Tar\u010de na vodstvo RTVS in varuha usula to\u010da ogor\u010denih odzivov. Po njegovih besedah so odzivi imeli enotno in nedvoumno poanto, da je bila oddaja v vseh pogledih velik uredni\u0161ki spodrsljaj.<\/p>\n<p>Argumentirana sporo\u010dila javnosti Televiziji Slovenija o\u010ditajo nedopustno problematiziranje ustavno zajam\u010dene pravice do splava, je opozoril Ambro\u017ei\u010d. Dodal je, da je javnost oddaji zamerila tudi nestrokovno sestavo sodelujo\u010dih, &#8220;med katerimi je s te\u017ekimi izjavami prednja\u010dila komentatorka resni\u010dnostnih \u0161ovov na komercialnih televizijah Angelca Likovi\u010d&#8221;.<\/p>\n<p>Tudi Filli se je strinjal z oceno, da je bila zadnja Tar\u010da spodrsljaj informativnega programa &#8211; ne zaradi izbire teme, ampak zaradi na\u010dina, kako je bila zastavljena. Likovi\u010deva je po njegovih besedah prek mikrofonov RTVS \u017ee izra\u017eala stali\u0161\u010da, ki so bila nestrpna in so mejila na sovra\u017eni govor, zato ne bi smela dobiti \u0161e ene prilo\u017enosti.<\/p>\n<p>Biziljeva je \u0161tevilne kriti\u010dne odzive javnosti na Tar\u010do komentirala z besedami, da gre v informativnem programu predvsem za pomanjkanje strokovne avtoritete, profesionalnega na\u010dina dela in komunikacije. Po njenih besedah so se o tem \u017ee in se \u0161e bodo morali temeljito pogovoriti.<\/p>\n<p>Tudi razprave svetnikov so bile z redkimi izjemami kriti\u010dne do ustvarjalcev Tar\u010de. Domen Savi\u010d je uredni\u0161ki pristop ozna\u010dil za sramoto. Brankica Petkovi\u0107 je dejala, da pri Tar\u010di, ki se loteva dru\u017ebeno ob\u010dutljivih tem, pogre\u0161a &#8220;stabilno vsebinsko strukturo&#8221;. Ciril Ba\u0161kovi\u010d je ocenil, da je bila izbira teme pravilna, pristop k njej pa napa\u010den, nezrel.<\/p>\n<p>Odgovorna urednica informativnega progama televizije Jadranka Rebernik je izrazila mnenje, da \u010detrtkovi Tar\u010di kljub nekaterim napakam ni mogo\u010de o\u010ditati kr\u0161itev programskih standardov in stanovskega kodeksa. Izbira teme se ji ne zdi problemati\u010dna, saj po njenih besedah skorajda ni teme, ki se je javna televizija ne bi smela lotiti.<\/p>\n<p>V razpravi se je ve\u010dkrat pojavilo vpra\u0161anja, ali programski svet lahko razpravlja o konkretnih oddajah, ne da bi kr\u0161il novinarsko in uredni\u0161ko avtonomijo. Predsednik sveta Miran Zupani\u010d je izrazil prepri\u010danje, da ne zakon ne statut ne prepovedujeta tak\u0161ne razprave.<\/p>\n<p>Programski svet javne RTV hi\u0161e sicer na dana\u0161nji seji razpravlja tudi o predlogu strate\u0161ko operativnega na\u010drta RTVS za obdobje 2017-2021 in osnutku programsko poslovnega na\u010drta za prihodnje leto.<\/p>\n","protected":false},"excerpt":{"rendered":"<p>Programski svet RTVS je na dana\u0161nji seji razpravljal o televizijski oddaji Tar\u010da z naslovom Splav &#8211; svobodne v odlo\u010danju, ki je bila dele\u017ena \u0161tevilnih kriti\u010dnih odzivov javnosti. Tudi med svetniki je prevladalo stali\u0161\u010de, da je bila oddaja uredni\u0161ki spodrsljaj. Ustvarjalcem Tar\u010de so o\u010ditali problematiziranje ustavno zagotovljene pravice do splava.<\/p>\n","protected":false},"author":8,"featured_media":156383,"comment_status":"closed","ping_status":"closed","sticky":false,"template":"","format":"standard","meta":{"footnotes":""},"categories":[1179],"tags":[5077,6599,6732],"source":[4511],"supertag":[5675],"acf":[],"yoast_head":"<!-- This site is optimized with the Yoast SEO plugin v21.3 - https:\/\/yoast.com\/wordpress\/plugins\/seo\/ -->\n<title>Programski svet RTVS Tar\u010do z naslovom Splav - svobodne v odlo\u010danju ozna\u010dil za uredni\u0161ki spodrsljaj - Hudo Slovenija<\/title>\n<meta name=\"robots\" content=\"index, follow, max-snippet:-1, max-image-preview:large, max-video-preview:-1\" \/>\n<link rel=\"canonical\" href=\"https:\/\/hudo.com\/si\/aktualno\/programski-svet-rtvs-tarco-z-naslovom-splav-svobodne-v-odlocanju-oznacil-za-uredniski-spodrsljaj\/\" \/>\n<meta property=\"og:locale\" content=\"sl_SI\" \/>\n<meta property=\"og:type\" content=\"article\" \/>\n<meta property=\"og:title\" content=\"Programski svet RTVS Tar\u010do z naslovom Splav - svobodne v odlo\u010danju ozna\u010dil za uredni\u0161ki spodrsljaj - Hudo Slovenija\" \/>\n<meta property=\"og:description\" content=\"Programski svet RTVS je na dana\u0161nji seji razpravljal o televizijski oddaji Tar\u010da z naslovom Splav - svobodne v odlo\u010danju, ki je bila dele\u017ena \u0161tevilnih kriti\u010dnih odzivov javnosti. Tudi med svetniki je prevladalo stali\u0161\u010de, da je bila oddaja uredni\u0161ki spodrsljaj. Ustvarjalcem Tar\u010de so o\u010ditali problematiziranje ustavno zagotovljene pravice do splava.\" \/>\n<meta property=\"og:url\" content=\"https:\/\/hudo.com\/si\/aktualno\/programski-svet-rtvs-tarco-z-naslovom-splav-svobodne-v-odlocanju-oznacil-za-uredniski-spodrsljaj\/\" \/>\n<meta property=\"og:site_name\" content=\"Hudo Slovenija\" \/>\n<meta property=\"article:publisher\" content=\"https:\/\/www.facebook.com\/hudo.si\" \/>\n<meta property=\"article:published_time\" content=\"2016-10-17T17:09:58+00:00\" \/>\n<meta property=\"og:image\" content=\"https:\/\/hudo.com\/si\/wp-content\/uploads\/sites\/2\/2016\/10\/20120308-00342179.jpg\" \/>\n\t<meta property=\"og:image:width\" content=\"640\" \/>\n\t<meta property=\"og:image:height\" content=\"427\" \/>\n\t<meta property=\"og:image:type\" content=\"image\/jpeg\" \/>\n<meta name=\"author\" content=\"M. N., STA\" \/>\n<meta name=\"twitter:card\" content=\"summary_large_image\" \/>\n<meta name=\"twitter:creator\" content=\"@hudo_si\" \/>\n<meta name=\"twitter:site\" content=\"@hudo_si\" \/>\n<meta name=\"twitter:label1\" content=\"Written by\" \/>\n\t<meta name=\"twitter:data1\" content=\"M. N., STA\" \/>\n\t<meta name=\"twitter:label2\" content=\"Est. reading time\" \/>\n\t<meta name=\"twitter:data2\" content=\"2 minuti\" \/>\n<script type=\"application\/ld+json\" class=\"yoast-schema-graph\">{\"@context\":\"https:\/\/schema.org\",\"@graph\":[{\"@type\":\"Article\",\"@id\":\"https:\/\/hudo.com\/si\/aktualno\/programski-svet-rtvs-tarco-z-naslovom-splav-svobodne-v-odlocanju-oznacil-za-uredniski-spodrsljaj\/#article\",\"isPartOf\":{\"@id\":\"https:\/\/hudo.com\/si\/aktualno\/programski-svet-rtvs-tarco-z-naslovom-splav-svobodne-v-odlocanju-oznacil-za-uredniski-spodrsljaj\/\"},\"author\":{\"name\":\"M. N., STA\",\"@id\":\"https:\/\/hudo.com\/si\/#\/schema\/person\/c2f10ce65d2e6ede2aeda5be2a0611fa\"},\"headline\":\"Programski svet RTVS Tar\u010do z naslovom Splav &#8211; svobodne v odlo\u010danju ozna\u010dil za uredni\u0161ki spodrsljaj\",\"datePublished\":\"2016-10-17T17:09:58+00:00\",\"dateModified\":\"2016-10-17T17:09:58+00:00\",\"mainEntityOfPage\":{\"@id\":\"https:\/\/hudo.com\/si\/aktualno\/programski-svet-rtvs-tarco-z-naslovom-splav-svobodne-v-odlocanju-oznacil-za-uredniski-spodrsljaj\/\"},\"wordCount\":473,\"publisher\":{\"@id\":\"https:\/\/hudo.com\/si\/#organization\"},\"keywords\":[\"RTV\",\"splav\",\"Tar\u010da\"],\"articleSection\":[\"Aktualno\"],\"inLanguage\":\"sl-SI\"},{\"@type\":\"WebPage\",\"@id\":\"https:\/\/hudo.com\/si\/aktualno\/programski-svet-rtvs-tarco-z-naslovom-splav-svobodne-v-odlocanju-oznacil-za-uredniski-spodrsljaj\/\",\"url\":\"https:\/\/hudo.com\/si\/aktualno\/programski-svet-rtvs-tarco-z-naslovom-splav-svobodne-v-odlocanju-oznacil-za-uredniski-spodrsljaj\/\",\"name\":\"Programski svet RTVS Tar\u010do z naslovom Splav - svobodne v odlo\u010danju ozna\u010dil za uredni\u0161ki spodrsljaj - Hudo Slovenija\",\"isPartOf\":{\"@id\":\"https:\/\/hudo.com\/si\/#website\"},\"datePublished\":\"2016-10-17T17:09:58+00:00\",\"dateModified\":\"2016-10-17T17:09:58+00:00\",\"breadcrumb\":{\"@id\":\"https:\/\/hudo.com\/si\/aktualno\/programski-svet-rtvs-tarco-z-naslovom-splav-svobodne-v-odlocanju-oznacil-za-uredniski-spodrsljaj\/#breadcrumb\"},\"inLanguage\":\"sl-SI\",\"potentialAction\":[{\"@type\":\"ReadAction\",\"target\":[\"https:\/\/hudo.com\/si\/aktualno\/programski-svet-rtvs-tarco-z-naslovom-splav-svobodne-v-odlocanju-oznacil-za-uredniski-spodrsljaj\/\"]}]},{\"@type\":\"BreadcrumbList\",\"@id\":\"https:\/\/hudo.com\/si\/aktualno\/programski-svet-rtvs-tarco-z-naslovom-splav-svobodne-v-odlocanju-oznacil-za-uredniski-spodrsljaj\/#breadcrumb\",\"itemListElement\":[{\"@type\":\"ListItem\",\"position\":1,\"name\":\"Home\",\"item\":\"https:\/\/hudo.com\/si\/\"},{\"@type\":\"ListItem\",\"position\":2,\"name\":\"Programski svet RTVS Tar\u010do z naslovom Splav &#8211; svobodne v odlo\u010danju ozna\u010dil za uredni\u0161ki spodrsljaj\"}]},{\"@type\":\"WebSite\",\"@id\":\"https:\/\/hudo.com\/si\/#website\",\"url\":\"https:\/\/hudo.com\/si\/\",\"name\":\"Hudo Slovenija\",\"description\":\"Vse novice iz Slovenije in sveta\",\"publisher\":{\"@id\":\"https:\/\/hudo.com\/si\/#organization\"},\"potentialAction\":[{\"@type\":\"SearchAction\",\"target\":{\"@type\":\"EntryPoint\",\"urlTemplate\":\"https:\/\/hudo.com\/si\/?s={search_term_string}\"},\"query-input\":\"required name=search_term_string\"}],\"inLanguage\":\"sl-SI\"},{\"@type\":\"Organization\",\"@id\":\"https:\/\/hudo.com\/si\/#organization\",\"name\":\"VSN Media\",\"url\":\"https:\/\/hudo.com\/si\/\",\"logo\":{\"@type\":\"ImageObject\",\"inLanguage\":\"sl-SI\",\"@id\":\"https:\/\/hudo.com\/si\/#\/schema\/logo\/image\/\",\"url\":\"https:\/\/hudo.com\/si\/wp-content\/uploads\/sites\/2\/2021\/03\/hudo-app-2.png\",\"contentUrl\":\"https:\/\/hudo.com\/si\/wp-content\/uploads\/sites\/2\/2021\/03\/hudo-app-2.png\",\"width\":2185,\"height\":2167,\"caption\":\"VSN Media\"},\"image\":{\"@id\":\"https:\/\/hudo.com\/si\/#\/schema\/logo\/image\/\"},\"sameAs\":[\"https:\/\/www.facebook.com\/hudo.si\",\"https:\/\/twitter.com\/hudo_si\"]},{\"@type\":\"Person\",\"@id\":\"https:\/\/hudo.com\/si\/#\/schema\/person\/c2f10ce65d2e6ede2aeda5be2a0611fa\",\"name\":\"M. N., STA\",\"image\":{\"@type\":\"ImageObject\",\"inLanguage\":\"sl-SI\",\"@id\":\"https:\/\/hudo.com\/si\/#\/schema\/person\/image\/\",\"url\":\"https:\/\/secure.gravatar.com\/avatar\/f370d38daa10467f755c5c766a4cac20?s=96&d=mm&r=g\",\"contentUrl\":\"https:\/\/secure.gravatar.com\/avatar\/f370d38daa10467f755c5c766a4cac20?s=96&d=mm&r=g\",\"caption\":\"M. N., STA\"},\"url\":\"https:\/\/hudo.com\/si\/author\/mana\/\"}]}<\/script>\n<!-- \/ Yoast SEO plugin. -->","yoast_head_json":{"title":"Programski svet RTVS Tar\u010do z naslovom Splav - svobodne v odlo\u010danju ozna\u010dil za uredni\u0161ki spodrsljaj - Hudo Slovenija","robots":{"index":"index","follow":"follow","max-snippet":"max-snippet:-1","max-image-preview":"max-image-preview:large","max-video-preview":"max-video-preview:-1"},"canonical":"https:\/\/hudo.com\/si\/aktualno\/programski-svet-rtvs-tarco-z-naslovom-splav-svobodne-v-odlocanju-oznacil-za-uredniski-spodrsljaj\/","og_locale":"sl_SI","og_type":"article","og_title":"Programski svet RTVS Tar\u010do z naslovom Splav - svobodne v odlo\u010danju ozna\u010dil za uredni\u0161ki spodrsljaj - Hudo Slovenija","og_description":"Programski svet RTVS je na dana\u0161nji seji razpravljal o televizijski oddaji Tar\u010da z naslovom Splav - svobodne v odlo\u010danju, ki je bila dele\u017ena \u0161tevilnih kriti\u010dnih odzivov javnosti. Tudi med svetniki je prevladalo stali\u0161\u010de, da je bila oddaja uredni\u0161ki spodrsljaj. Ustvarjalcem Tar\u010de so o\u010ditali problematiziranje ustavno zagotovljene pravice do splava.","og_url":"https:\/\/hudo.com\/si\/aktualno\/programski-svet-rtvs-tarco-z-naslovom-splav-svobodne-v-odlocanju-oznacil-za-uredniski-spodrsljaj\/","og_site_name":"Hudo Slovenija","article_publisher":"https:\/\/www.facebook.com\/hudo.si","article_published_time":"2016-10-17T17:09:58+00:00","og_image":[{"width":640,"height":427,"url":"https:\/\/hudo.com\/si\/wp-content\/uploads\/sites\/2\/2016\/10\/20120308-00342179.jpg","type":"image\/jpeg"}],"author":"M. N., STA","twitter_card":"summary_large_image","twitter_creator":"@hudo_si","twitter_site":"@hudo_si","twitter_misc":{"Written by":"M. N., STA","Est. reading time":"2 minuti"},"schema":{"@context":"https:\/\/schema.org","@graph":[{"@type":"Article","@id":"https:\/\/hudo.com\/si\/aktualno\/programski-svet-rtvs-tarco-z-naslovom-splav-svobodne-v-odlocanju-oznacil-za-uredniski-spodrsljaj\/#article","isPartOf":{"@id":"https:\/\/hudo.com\/si\/aktualno\/programski-svet-rtvs-tarco-z-naslovom-splav-svobodne-v-odlocanju-oznacil-za-uredniski-spodrsljaj\/"},"author":{"name":"M. N., STA","@id":"https:\/\/hudo.com\/si\/#\/schema\/person\/c2f10ce65d2e6ede2aeda5be2a0611fa"},"headline":"Programski svet RTVS Tar\u010do z naslovom Splav &#8211; svobodne v odlo\u010danju ozna\u010dil za uredni\u0161ki spodrsljaj","datePublished":"2016-10-17T17:09:58+00:00","dateModified":"2016-10-17T17:09:58+00:00","mainEntityOfPage":{"@id":"https:\/\/hudo.com\/si\/aktualno\/programski-svet-rtvs-tarco-z-naslovom-splav-svobodne-v-odlocanju-oznacil-za-uredniski-spodrsljaj\/"},"wordCount":473,"publisher":{"@id":"https:\/\/hudo.com\/si\/#organization"},"keywords":["RTV","splav","Tar\u010da"],"articleSection":["Aktualno"],"inLanguage":"sl-SI"},{"@type":"WebPage","@id":"https:\/\/hudo.com\/si\/aktualno\/programski-svet-rtvs-tarco-z-naslovom-splav-svobodne-v-odlocanju-oznacil-za-uredniski-spodrsljaj\/","url":"https:\/\/hudo.com\/si\/aktualno\/programski-svet-rtvs-tarco-z-naslovom-splav-svobodne-v-odlocanju-oznacil-za-uredniski-spodrsljaj\/","name":"Programski svet RTVS Tar\u010do z naslovom Splav - svobodne v odlo\u010danju ozna\u010dil za uredni\u0161ki spodrsljaj - Hudo Slovenija","isPartOf":{"@id":"https:\/\/hudo.com\/si\/#website"},"datePublished":"2016-10-17T17:09:58+00:00","dateModified":"2016-10-17T17:09:58+00:00","breadcrumb":{"@id":"https:\/\/hudo.com\/si\/aktualno\/programski-svet-rtvs-tarco-z-naslovom-splav-svobodne-v-odlocanju-oznacil-za-uredniski-spodrsljaj\/#breadcrumb"},"inLanguage":"sl-SI","potentialAction":[{"@type":"ReadAction","target":["https:\/\/hudo.com\/si\/aktualno\/programski-svet-rtvs-tarco-z-naslovom-splav-svobodne-v-odlocanju-oznacil-za-uredniski-spodrsljaj\/"]}]},{"@type":"BreadcrumbList","@id":"https:\/\/hudo.com\/si\/aktualno\/programski-svet-rtvs-tarco-z-naslovom-splav-svobodne-v-odlocanju-oznacil-za-uredniski-spodrsljaj\/#breadcrumb","itemListElement":[{"@type":"ListItem","position":1,"name":"Home","item":"https:\/\/hudo.com\/si\/"},{"@type":"ListItem","position":2,"name":"Programski svet RTVS Tar\u010do z naslovom Splav &#8211; svobodne v odlo\u010danju ozna\u010dil za uredni\u0161ki spodrsljaj"}]},{"@type":"WebSite","@id":"https:\/\/hudo.com\/si\/#website","url":"https:\/\/hudo.com\/si\/","name":"Hudo Slovenija","description":"Vse novice iz Slovenije in sveta","publisher":{"@id":"https:\/\/hudo.com\/si\/#organization"},"potentialAction":[{"@type":"SearchAction","target":{"@type":"EntryPoint","urlTemplate":"https:\/\/hudo.com\/si\/?s={search_term_string}"},"query-input":"required name=search_term_string"}],"inLanguage":"sl-SI"},{"@type":"Organization","@id":"https:\/\/hudo.com\/si\/#organization","name":"VSN Media","url":"https:\/\/hudo.com\/si\/","logo":{"@type":"ImageObject","inLanguage":"sl-SI","@id":"https:\/\/hudo.com\/si\/#\/schema\/logo\/image\/","url":"https:\/\/hudo.com\/si\/wp-content\/uploads\/sites\/2\/2021\/03\/hudo-app-2.png","contentUrl":"https:\/\/hudo.com\/si\/wp-content\/uploads\/sites\/2\/2021\/03\/hudo-app-2.png","width":2185,"height":2167,"caption":"VSN Media"},"image":{"@id":"https:\/\/hudo.com\/si\/#\/schema\/logo\/image\/"},"sameAs":["https:\/\/www.facebook.com\/hudo.si","https:\/\/twitter.com\/hudo_si"]},{"@type":"Person","@id":"https:\/\/hudo.com\/si\/#\/schema\/person\/c2f10ce65d2e6ede2aeda5be2a0611fa","name":"M. N., STA","image":{"@type":"ImageObject","inLanguage":"sl-SI","@id":"https:\/\/hudo.com\/si\/#\/schema\/person\/image\/","url":"https:\/\/secure.gravatar.com\/avatar\/f370d38daa10467f755c5c766a4cac20?s=96&d=mm&r=g","contentUrl":"https:\/\/secure.gravatar.com\/avatar\/f370d38daa10467f755c5c766a4cac20?s=96&d=mm&r=g","caption":"M. N., STA"},"url":"https:\/\/hudo.com\/si\/author\/mana\/"}]}},"amp_enabled":true,"_links":{"self":[{"href":"https:\/\/hudo.com\/si\/wp-json\/wp\/v2\/posts\/156353"}],"collection":[{"href":"https:\/\/hudo.com\/si\/wp-json\/wp\/v2\/posts"}],"about":[{"href":"https:\/\/hudo.com\/si\/wp-json\/wp\/v2\/types\/post"}],"author":[{"embeddable":true,"href":"https:\/\/hudo.com\/si\/wp-json\/wp\/v2\/users\/8"}],"replies":[{"embeddable":true,"href":"https:\/\/hudo.com\/si\/wp-json\/wp\/v2\/comments?post=156353"}],"version-history":[{"count":2,"href":"https:\/\/hudo.com\/si\/wp-json\/wp\/v2\/posts\/156353\/revisions"}],"predecessor-version":[{"id":156385,"href":"https:\/\/hudo.com\/si\/wp-json\/wp\/v2\/posts\/156353\/revisions\/156385"}],"wp:featuredmedia":[{"embeddable":true,"href":"https:\/\/hudo.com\/si\/wp-json\/wp\/v2\/media\/156383"}],"wp:attachment":[{"href":"https:\/\/hudo.com\/si\/wp-json\/wp\/v2\/media?parent=156353"}],"wp:term":[{"taxonomy":"category","embeddable":true,"href":"https:\/\/hudo.com\/si\/wp-json\/wp\/v2\/categories?post=156353"},{"taxonomy":"post_tag","embeddable":true,"href":"https:\/\/hudo.com\/si\/wp-json\/wp\/v2\/tags?post=156353"},{"taxonomy":"source","embeddable":true,"href":"https:\/\/hudo.com\/si\/wp-json\/wp\/v2\/source?post=156353"},{"taxonomy":"supertag","embeddable":true,"href":"https:\/\/hudo.com\/si\/wp-json\/wp\/v2\/supertag?post=156353"}],"curies":[{"name":"wp","href":"https:\/\/api.w.org\/{rel}","templated":true}]}}