{"id":156429,"date":"2016-10-17T19:30:00","date_gmt":"2016-10-17T17:30:00","guid":{"rendered":"http:\/\/hudo.com\/si\/2016\/10\/17\/avstrija-bo-porusila-rojstno-hiso-adolfa-hitlerja\/"},"modified":"2016-10-18T21:02:42","modified_gmt":"2016-10-18T19:02:42","slug":"avstrija-bo-porusila-rojstno-hiso-adolfa-hitlerja","status":"publish","type":"post","link":"https:\/\/hudo.com\/si\/aktualno\/avstrija-bo-porusila-rojstno-hiso-adolfa-hitlerja\/","title":{"rendered":"Avstrija bo poru\u0161ila rojstno hi\u0161o Adolfa Hitlerja"},"content":{"rendered":"<p>Avstrija bo v kraju Braunau poru\u0161ila rojstno hi\u0161o nacisti\u010dnega voditelja Adolfa Hitlerja, je danes sporo\u010dil avstrijski notranji minister Wolfgang Sobotka. Na njenem mestu bodo postavili novo stavbo in v njej uredili karitativne dejavnosti oziroma jo bodo uporabljale oblasti. Kot je pojasnil minister, mu je tako svetovala posebna strokovna komisija, in sam se strinja. V torek bo v parlamentu spro\u017eil ustrezno pobudo. Da bosta lahko sledili razlastitev in dolo\u010ditev od\u0161kodnine sedanji lastnici hi\u0161e, ki je pod spomeni\u0161kim varstvom. Tako je sredi julija na\u010deloma odlo\u010dila tudi avstrijska vlada.  Avstrijska vlada si \u017ee od leta 1984 prizadeva za nakup hi\u0161e blizu meje z Nem\u010dijo, kjer je bil leta 1889 rojen kasnej\u0161i f\u00fchrer, ki je zanetil drugo svetovno vojno. Toda lastnica hi\u0161e je to ves \u010das zavra\u010dala, zdaj pa jo bo o\u010ditno doletela razlastitev. Poleg tega je hi\u0161a spomeni\u0161ko za\u0161\u010ditena, zato mora njeno ru\u0161itev s posebnim zakonom podpreti avstrijski parlament.  Sobotka je povedal, da \u017eeli na vsak na\u010din prepre\u010diti, da bi Hitlerjeva rojstna hi\u0161a postala kako &#8220;sveti\u0161\u010de&#8221; neonacistov. Na vpra\u0161anje, ali s tem morda ne bodo uni\u010dili dolo\u010dene zgodovinske dedi\u0161\u010dine iz nacisti\u010dnih \u010dasov, je Sobotka odgovoril, da ima Avstrija veliko mest spomina na nekdanji zlo\u010dinski in uni\u010devalni sistem. &#8220;Na\u0161a kultura spominjanja deluje, na primer v koncentracijskem tabori\u0161\u010du Mauthausen ter v hi\u0161ah zgodovine v St. P\u00f6ltnu in na Dunaju. \u0160e naprej bomo podpirali tudi znanstveno raziskavo nacisti\u010dnega obdobja,&#8221; je povedal.Svet<\/p>\n","protected":false},"excerpt":{"rendered":"<p>Avstrija bo v kraju Braunau poru\u0161ila rojstno hi\u0161o nacisti\u010dnega voditelja Adolfa Hitlerja, je danes sporo\u010dil avstrijski notranji minister Wolfgang Sobotka. Na njenem mestu bodo postavili novo stavbo in v njej uredili karitativne dejavnosti oziroma jo bodo uporabljale oblasti. Kot je pojasnil minister, mu je tako svetovala posebna strokovna komisija, in sam se strinja. V torek bo v parlamentu spro\u017eil ustrezno pobudo. Da bosta lahko sledili razlastitev in dolo\u010ditev od\u0161kodnine sedanji lastnici hi\u0161e, ki je pod spomeni\u0161kim varstvom. Tako je sredi julija na\u010deloma odlo\u010dila tudi avstrijska vlada.  Avstrijska vlada si \u017ee od leta 1984 prizadeva za nakup hi\u0161e blizu meje z Nem\u010dijo, kjer je bil leta 1889 rojen kasnej\u0161i f\u00fchrer, ki je zanetil drugo svetovno vojno. Toda lastnica hi\u0161e je to ves \u010das zavra\u010dala, zdaj pa jo bo o\u010ditno doletela razlastitev. Poleg tega je hi\u0161a spomeni\u0161ko za\u0161\u010ditena, zato mora njeno ru\u0161itev s posebnim zakonom podpreti avstrijski parlament.  Sobotka je povedal, da \u017eeli na vsak na\u010din prepre\u010diti, da bi Hitlerjeva rojstna hi\u0161a postala kako &#8220;sveti\u0161\u010de&#8221; neonacistov. Na vpra\u0161anje, ali s tem morda ne bodo uni\u010dili dolo\u010dene zgodovinske dedi\u0161\u010dine iz nacisti\u010dnih \u010dasov, je Sobotka odgovoril, da ima Avstrija veliko mest spomina na nekdanji zlo\u010dinski in uni\u010devalni sistem. &#8220;Na\u0161a kultura spominjanja deluje, na primer v koncentracijskem tabori\u0161\u010du Mauthausen ter v hi\u0161ah zgodovine v St. P\u00f6ltnu in na Dunaju. \u0160e naprej bomo podpirali tudi znanstveno raziskavo nacisti\u010dnega obdobja,&#8221; je povedal.Svet<\/p>\n","protected":false},"author":1,"featured_media":0,"comment_status":"closed","ping_status":"closed","sticky":false,"template":"","format":"standard","meta":{"footnotes":""},"categories":[1179],"tags":[],"source":[1711],"supertag":[],"acf":[],"yoast_head":"<!-- This site is optimized with the Yoast SEO plugin v21.3 - https:\/\/yoast.com\/wordpress\/plugins\/seo\/ -->\n<title>Avstrija bo poru\u0161ila rojstno hi\u0161o Adolfa Hitlerja - Hudo Slovenija<\/title>\n<meta name=\"robots\" content=\"index, follow, max-snippet:-1, max-image-preview:large, max-video-preview:-1\" \/>\n<link rel=\"canonical\" href=\"https:\/\/hudo.com\/si\/aktualno\/avstrija-bo-porusila-rojstno-hiso-adolfa-hitlerja\/\" \/>\n<meta property=\"og:locale\" content=\"sl_SI\" \/>\n<meta property=\"og:type\" content=\"article\" \/>\n<meta property=\"og:title\" content=\"Avstrija bo poru\u0161ila rojstno hi\u0161o Adolfa Hitlerja - Hudo Slovenija\" \/>\n<meta property=\"og:description\" content=\"Avstrija bo v kraju Braunau poru\u0161ila rojstno hi\u0161o nacisti\u010dnega voditelja Adolfa Hitlerja, je danes sporo\u010dil avstrijski notranji minister Wolfgang Sobotka. Na njenem mestu bodo postavili novo stavbo in v njej uredili karitativne dejavnosti oziroma jo bodo uporabljale oblasti. Kot je pojasnil minister, mu je tako svetovala posebna strokovna komisija, in sam se strinja. V torek bo v parlamentu spro\u017eil ustrezno pobudo. Da bosta lahko sledili razlastitev in dolo\u010ditev od\u0161kodnine sedanji lastnici hi\u0161e, ki je pod spomeni\u0161kim varstvom. Tako je sredi julija na\u010deloma odlo\u010dila tudi avstrijska vlada. Avstrijska vlada si \u017ee od leta 1984 prizadeva za nakup hi\u0161e blizu meje z Nem\u010dijo, kjer je bil leta 1889 rojen kasnej\u0161i f\u00fchrer, ki je zanetil drugo svetovno vojno. Toda lastnica hi\u0161e je to ves \u010das zavra\u010dala, zdaj pa jo bo o\u010ditno doletela razlastitev. Poleg tega je hi\u0161a spomeni\u0161ko za\u0161\u010ditena, zato mora njeno ru\u0161itev s posebnim zakonom podpreti avstrijski parlament. Sobotka je povedal, da \u017eeli na vsak na\u010din prepre\u010diti, da bi Hitlerjeva rojstna hi\u0161a postala kako &quot;sveti\u0161\u010de&quot; neonacistov. Na vpra\u0161anje, ali s tem morda ne bodo uni\u010dili dolo\u010dene zgodovinske dedi\u0161\u010dine iz nacisti\u010dnih \u010dasov, je Sobotka odgovoril, da ima Avstrija veliko mest spomina na nekdanji zlo\u010dinski in uni\u010devalni sistem. &quot;Na\u0161a kultura spominjanja deluje, na primer v koncentracijskem tabori\u0161\u010du Mauthausen ter v hi\u0161ah zgodovine v St. P\u00f6ltnu in na Dunaju. \u0160e naprej bomo podpirali tudi znanstveno raziskavo nacisti\u010dnega obdobja,&quot; je povedal.Svet\" \/>\n<meta property=\"og:url\" content=\"https:\/\/hudo.com\/si\/aktualno\/avstrija-bo-porusila-rojstno-hiso-adolfa-hitlerja\/\" \/>\n<meta property=\"og:site_name\" content=\"Hudo Slovenija\" \/>\n<meta property=\"article:publisher\" content=\"https:\/\/www.facebook.com\/hudo.si\" \/>\n<meta property=\"article:published_time\" content=\"2016-10-17T17:30:00+00:00\" \/>\n<meta property=\"article:modified_time\" content=\"2016-10-18T19:02:42+00:00\" \/>\n<meta property=\"og:image\" content=\"https:\/\/hudo.com\/si\/wp-content\/uploads\/sites\/2\/2016\/10\/05589084-300.jpg\" \/>\n\t<meta property=\"og:image:width\" content=\"450\" \/>\n\t<meta property=\"og:image:height\" content=\"336\" \/>\n\t<meta property=\"og:image:type\" content=\"image\/jpeg\" \/>\n<meta name=\"author\" content=\"hudo\" \/>\n<meta name=\"twitter:card\" content=\"summary_large_image\" \/>\n<meta name=\"twitter:creator\" content=\"@hudo_si\" \/>\n<meta name=\"twitter:site\" content=\"@hudo_si\" \/>\n<meta name=\"twitter:label1\" content=\"Written by\" \/>\n\t<meta name=\"twitter:data1\" content=\"hudo\" \/>\n\t<meta name=\"twitter:label2\" content=\"Est. reading time\" \/>\n\t<meta name=\"twitter:data2\" content=\"1 minuta\" \/>\n<script type=\"application\/ld+json\" class=\"yoast-schema-graph\">{\"@context\":\"https:\/\/schema.org\",\"@graph\":[{\"@type\":\"Article\",\"@id\":\"https:\/\/hudo.com\/si\/aktualno\/avstrija-bo-porusila-rojstno-hiso-adolfa-hitlerja\/#article\",\"isPartOf\":{\"@id\":\"https:\/\/hudo.com\/si\/aktualno\/avstrija-bo-porusila-rojstno-hiso-adolfa-hitlerja\/\"},\"author\":{\"name\":\"hudo\",\"@id\":\"https:\/\/hudo.com\/si\/#\/schema\/person\/601cf3379633985b20f7e50f2bb47707\"},\"headline\":\"Avstrija bo poru\u0161ila rojstno hi\u0161o Adolfa Hitlerja\",\"datePublished\":\"2016-10-17T17:30:00+00:00\",\"dateModified\":\"2016-10-18T19:02:42+00:00\",\"mainEntityOfPage\":{\"@id\":\"https:\/\/hudo.com\/si\/aktualno\/avstrija-bo-porusila-rojstno-hiso-adolfa-hitlerja\/\"},\"wordCount\":271,\"publisher\":{\"@id\":\"https:\/\/hudo.com\/si\/#organization\"},\"articleSection\":[\"Aktualno\"],\"inLanguage\":\"sl-SI\"},{\"@type\":\"WebPage\",\"@id\":\"https:\/\/hudo.com\/si\/aktualno\/avstrija-bo-porusila-rojstno-hiso-adolfa-hitlerja\/\",\"url\":\"https:\/\/hudo.com\/si\/aktualno\/avstrija-bo-porusila-rojstno-hiso-adolfa-hitlerja\/\",\"name\":\"Avstrija bo poru\u0161ila rojstno hi\u0161o Adolfa Hitlerja - Hudo Slovenija\",\"isPartOf\":{\"@id\":\"https:\/\/hudo.com\/si\/#website\"},\"datePublished\":\"2016-10-17T17:30:00+00:00\",\"dateModified\":\"2016-10-18T19:02:42+00:00\",\"breadcrumb\":{\"@id\":\"https:\/\/hudo.com\/si\/aktualno\/avstrija-bo-porusila-rojstno-hiso-adolfa-hitlerja\/#breadcrumb\"},\"inLanguage\":\"sl-SI\",\"potentialAction\":[{\"@type\":\"ReadAction\",\"target\":[\"https:\/\/hudo.com\/si\/aktualno\/avstrija-bo-porusila-rojstno-hiso-adolfa-hitlerja\/\"]}]},{\"@type\":\"BreadcrumbList\",\"@id\":\"https:\/\/hudo.com\/si\/aktualno\/avstrija-bo-porusila-rojstno-hiso-adolfa-hitlerja\/#breadcrumb\",\"itemListElement\":[{\"@type\":\"ListItem\",\"position\":1,\"name\":\"Home\",\"item\":\"https:\/\/hudo.com\/si\/\"},{\"@type\":\"ListItem\",\"position\":2,\"name\":\"Avstrija bo poru\u0161ila rojstno hi\u0161o Adolfa Hitlerja\"}]},{\"@type\":\"WebSite\",\"@id\":\"https:\/\/hudo.com\/si\/#website\",\"url\":\"https:\/\/hudo.com\/si\/\",\"name\":\"Hudo Slovenija\",\"description\":\"Vse novice iz Slovenije in sveta\",\"publisher\":{\"@id\":\"https:\/\/hudo.com\/si\/#organization\"},\"potentialAction\":[{\"@type\":\"SearchAction\",\"target\":{\"@type\":\"EntryPoint\",\"urlTemplate\":\"https:\/\/hudo.com\/si\/?s={search_term_string}\"},\"query-input\":\"required name=search_term_string\"}],\"inLanguage\":\"sl-SI\"},{\"@type\":\"Organization\",\"@id\":\"https:\/\/hudo.com\/si\/#organization\",\"name\":\"VSN Media\",\"url\":\"https:\/\/hudo.com\/si\/\",\"logo\":{\"@type\":\"ImageObject\",\"inLanguage\":\"sl-SI\",\"@id\":\"https:\/\/hudo.com\/si\/#\/schema\/logo\/image\/\",\"url\":\"https:\/\/hudo.com\/si\/wp-content\/uploads\/sites\/2\/2021\/03\/hudo-app-2.png\",\"contentUrl\":\"https:\/\/hudo.com\/si\/wp-content\/uploads\/sites\/2\/2021\/03\/hudo-app-2.png\",\"width\":2185,\"height\":2167,\"caption\":\"VSN Media\"},\"image\":{\"@id\":\"https:\/\/hudo.com\/si\/#\/schema\/logo\/image\/\"},\"sameAs\":[\"https:\/\/www.facebook.com\/hudo.si\",\"https:\/\/twitter.com\/hudo_si\"]},{\"@type\":\"Person\",\"@id\":\"https:\/\/hudo.com\/si\/#\/schema\/person\/601cf3379633985b20f7e50f2bb47707\",\"name\":\"hudo\",\"image\":{\"@type\":\"ImageObject\",\"inLanguage\":\"sl-SI\",\"@id\":\"https:\/\/hudo.com\/si\/#\/schema\/person\/image\/\",\"url\":\"https:\/\/secure.gravatar.com\/avatar\/c4ca25fa72cace7a696b52ff5db9e095?s=96&d=mm&r=g\",\"contentUrl\":\"https:\/\/secure.gravatar.com\/avatar\/c4ca25fa72cace7a696b52ff5db9e095?s=96&d=mm&r=g\",\"caption\":\"hudo\"},\"url\":\"https:\/\/hudo.com\/si\/author\/hudo\/\"}]}<\/script>\n<!-- \/ Yoast SEO plugin. -->","yoast_head_json":{"title":"Avstrija bo poru\u0161ila rojstno hi\u0161o Adolfa Hitlerja - Hudo Slovenija","robots":{"index":"index","follow":"follow","max-snippet":"max-snippet:-1","max-image-preview":"max-image-preview:large","max-video-preview":"max-video-preview:-1"},"canonical":"https:\/\/hudo.com\/si\/aktualno\/avstrija-bo-porusila-rojstno-hiso-adolfa-hitlerja\/","og_locale":"sl_SI","og_type":"article","og_title":"Avstrija bo poru\u0161ila rojstno hi\u0161o Adolfa Hitlerja - Hudo Slovenija","og_description":"Avstrija bo v kraju Braunau poru\u0161ila rojstno hi\u0161o nacisti\u010dnega voditelja Adolfa Hitlerja, je danes sporo\u010dil avstrijski notranji minister Wolfgang Sobotka. Na njenem mestu bodo postavili novo stavbo in v njej uredili karitativne dejavnosti oziroma jo bodo uporabljale oblasti. Kot je pojasnil minister, mu je tako svetovala posebna strokovna komisija, in sam se strinja. V torek bo v parlamentu spro\u017eil ustrezno pobudo. Da bosta lahko sledili razlastitev in dolo\u010ditev od\u0161kodnine sedanji lastnici hi\u0161e, ki je pod spomeni\u0161kim varstvom. Tako je sredi julija na\u010deloma odlo\u010dila tudi avstrijska vlada. Avstrijska vlada si \u017ee od leta 1984 prizadeva za nakup hi\u0161e blizu meje z Nem\u010dijo, kjer je bil leta 1889 rojen kasnej\u0161i f\u00fchrer, ki je zanetil drugo svetovno vojno. Toda lastnica hi\u0161e je to ves \u010das zavra\u010dala, zdaj pa jo bo o\u010ditno doletela razlastitev. Poleg tega je hi\u0161a spomeni\u0161ko za\u0161\u010ditena, zato mora njeno ru\u0161itev s posebnim zakonom podpreti avstrijski parlament. Sobotka je povedal, da \u017eeli na vsak na\u010din prepre\u010diti, da bi Hitlerjeva rojstna hi\u0161a postala kako \"sveti\u0161\u010de\" neonacistov. Na vpra\u0161anje, ali s tem morda ne bodo uni\u010dili dolo\u010dene zgodovinske dedi\u0161\u010dine iz nacisti\u010dnih \u010dasov, je Sobotka odgovoril, da ima Avstrija veliko mest spomina na nekdanji zlo\u010dinski in uni\u010devalni sistem. \"Na\u0161a kultura spominjanja deluje, na primer v koncentracijskem tabori\u0161\u010du Mauthausen ter v hi\u0161ah zgodovine v St. P\u00f6ltnu in na Dunaju. \u0160e naprej bomo podpirali tudi znanstveno raziskavo nacisti\u010dnega obdobja,\" je povedal.Svet","og_url":"https:\/\/hudo.com\/si\/aktualno\/avstrija-bo-porusila-rojstno-hiso-adolfa-hitlerja\/","og_site_name":"Hudo Slovenija","article_publisher":"https:\/\/www.facebook.com\/hudo.si","article_published_time":"2016-10-17T17:30:00+00:00","article_modified_time":"2016-10-18T19:02:42+00:00","og_image":[{"width":450,"height":336,"url":"https:\/\/hudo.com\/si\/wp-content\/uploads\/sites\/2\/2016\/10\/05589084-300.jpg","type":"image\/jpeg"}],"author":"hudo","twitter_card":"summary_large_image","twitter_creator":"@hudo_si","twitter_site":"@hudo_si","twitter_misc":{"Written by":"hudo","Est. reading time":"1 minuta"},"schema":{"@context":"https:\/\/schema.org","@graph":[{"@type":"Article","@id":"https:\/\/hudo.com\/si\/aktualno\/avstrija-bo-porusila-rojstno-hiso-adolfa-hitlerja\/#article","isPartOf":{"@id":"https:\/\/hudo.com\/si\/aktualno\/avstrija-bo-porusila-rojstno-hiso-adolfa-hitlerja\/"},"author":{"name":"hudo","@id":"https:\/\/hudo.com\/si\/#\/schema\/person\/601cf3379633985b20f7e50f2bb47707"},"headline":"Avstrija bo poru\u0161ila rojstno hi\u0161o Adolfa Hitlerja","datePublished":"2016-10-17T17:30:00+00:00","dateModified":"2016-10-18T19:02:42+00:00","mainEntityOfPage":{"@id":"https:\/\/hudo.com\/si\/aktualno\/avstrija-bo-porusila-rojstno-hiso-adolfa-hitlerja\/"},"wordCount":271,"publisher":{"@id":"https:\/\/hudo.com\/si\/#organization"},"articleSection":["Aktualno"],"inLanguage":"sl-SI"},{"@type":"WebPage","@id":"https:\/\/hudo.com\/si\/aktualno\/avstrija-bo-porusila-rojstno-hiso-adolfa-hitlerja\/","url":"https:\/\/hudo.com\/si\/aktualno\/avstrija-bo-porusila-rojstno-hiso-adolfa-hitlerja\/","name":"Avstrija bo poru\u0161ila rojstno hi\u0161o Adolfa Hitlerja - Hudo Slovenija","isPartOf":{"@id":"https:\/\/hudo.com\/si\/#website"},"datePublished":"2016-10-17T17:30:00+00:00","dateModified":"2016-10-18T19:02:42+00:00","breadcrumb":{"@id":"https:\/\/hudo.com\/si\/aktualno\/avstrija-bo-porusila-rojstno-hiso-adolfa-hitlerja\/#breadcrumb"},"inLanguage":"sl-SI","potentialAction":[{"@type":"ReadAction","target":["https:\/\/hudo.com\/si\/aktualno\/avstrija-bo-porusila-rojstno-hiso-adolfa-hitlerja\/"]}]},{"@type":"BreadcrumbList","@id":"https:\/\/hudo.com\/si\/aktualno\/avstrija-bo-porusila-rojstno-hiso-adolfa-hitlerja\/#breadcrumb","itemListElement":[{"@type":"ListItem","position":1,"name":"Home","item":"https:\/\/hudo.com\/si\/"},{"@type":"ListItem","position":2,"name":"Avstrija bo poru\u0161ila rojstno hi\u0161o Adolfa Hitlerja"}]},{"@type":"WebSite","@id":"https:\/\/hudo.com\/si\/#website","url":"https:\/\/hudo.com\/si\/","name":"Hudo Slovenija","description":"Vse novice iz Slovenije in sveta","publisher":{"@id":"https:\/\/hudo.com\/si\/#organization"},"potentialAction":[{"@type":"SearchAction","target":{"@type":"EntryPoint","urlTemplate":"https:\/\/hudo.com\/si\/?s={search_term_string}"},"query-input":"required name=search_term_string"}],"inLanguage":"sl-SI"},{"@type":"Organization","@id":"https:\/\/hudo.com\/si\/#organization","name":"VSN Media","url":"https:\/\/hudo.com\/si\/","logo":{"@type":"ImageObject","inLanguage":"sl-SI","@id":"https:\/\/hudo.com\/si\/#\/schema\/logo\/image\/","url":"https:\/\/hudo.com\/si\/wp-content\/uploads\/sites\/2\/2021\/03\/hudo-app-2.png","contentUrl":"https:\/\/hudo.com\/si\/wp-content\/uploads\/sites\/2\/2021\/03\/hudo-app-2.png","width":2185,"height":2167,"caption":"VSN Media"},"image":{"@id":"https:\/\/hudo.com\/si\/#\/schema\/logo\/image\/"},"sameAs":["https:\/\/www.facebook.com\/hudo.si","https:\/\/twitter.com\/hudo_si"]},{"@type":"Person","@id":"https:\/\/hudo.com\/si\/#\/schema\/person\/601cf3379633985b20f7e50f2bb47707","name":"hudo","image":{"@type":"ImageObject","inLanguage":"sl-SI","@id":"https:\/\/hudo.com\/si\/#\/schema\/person\/image\/","url":"https:\/\/secure.gravatar.com\/avatar\/c4ca25fa72cace7a696b52ff5db9e095?s=96&d=mm&r=g","contentUrl":"https:\/\/secure.gravatar.com\/avatar\/c4ca25fa72cace7a696b52ff5db9e095?s=96&d=mm&r=g","caption":"hudo"},"url":"https:\/\/hudo.com\/si\/author\/hudo\/"}]}},"amp_enabled":true,"_links":{"self":[{"href":"https:\/\/hudo.com\/si\/wp-json\/wp\/v2\/posts\/156429"}],"collection":[{"href":"https:\/\/hudo.com\/si\/wp-json\/wp\/v2\/posts"}],"about":[{"href":"https:\/\/hudo.com\/si\/wp-json\/wp\/v2\/types\/post"}],"author":[{"embeddable":true,"href":"https:\/\/hudo.com\/si\/wp-json\/wp\/v2\/users\/1"}],"replies":[{"embeddable":true,"href":"https:\/\/hudo.com\/si\/wp-json\/wp\/v2\/comments?post=156429"}],"version-history":[{"count":1,"href":"https:\/\/hudo.com\/si\/wp-json\/wp\/v2\/posts\/156429\/revisions"}],"predecessor-version":[{"id":156434,"href":"https:\/\/hudo.com\/si\/wp-json\/wp\/v2\/posts\/156429\/revisions\/156434"}],"wp:attachment":[{"href":"https:\/\/hudo.com\/si\/wp-json\/wp\/v2\/media?parent=156429"}],"wp:term":[{"taxonomy":"category","embeddable":true,"href":"https:\/\/hudo.com\/si\/wp-json\/wp\/v2\/categories?post=156429"},{"taxonomy":"post_tag","embeddable":true,"href":"https:\/\/hudo.com\/si\/wp-json\/wp\/v2\/tags?post=156429"},{"taxonomy":"source","embeddable":true,"href":"https:\/\/hudo.com\/si\/wp-json\/wp\/v2\/source?post=156429"},{"taxonomy":"supertag","embeddable":true,"href":"https:\/\/hudo.com\/si\/wp-json\/wp\/v2\/supertag?post=156429"}],"curies":[{"name":"wp","href":"https:\/\/api.w.org\/{rel}","templated":true}]}}