{"id":156472,"date":"2016-10-17T17:47:00","date_gmt":"2016-10-17T15:47:00","guid":{"rendered":"http:\/\/hudo.com\/si\/2016\/10\/17\/nogometni-svet-mascherano-podaljsal-wolfsburg-odpustil-trenerja\/"},"modified":"2016-10-17T17:47:00","modified_gmt":"2016-10-17T15:47:00","slug":"nogometni-svet-mascherano-podaljsal-wolfsburg-odpustil-trenerja","status":"publish","type":"post","link":"https:\/\/hudo.com\/si\/aktualno\/nogometni-svet-mascherano-podaljsal-wolfsburg-odpustil-trenerja\/","title":{"rendered":"Nogometni svet: Mascherano podalj\u0161al, Wolfsburg odpustil trenerja"},"content":{"rendered":"<p>Kategorija: Nogomet Mon, 17 Oct 2016 19:47:00 +0200  Barcelona &#8211; Argentinski nogometni reprezentant Javier Mascherano je podalj\u0161al pogodbo s katalonskim velikanom Barcelono. Branilec je zvestobo ekipi obljubil do leta 2019, koliko mu bo prinesla nova pogodba, pa niso sporo\u010dili.So pa zanj dolo\u010dili vi\u0161ino od\u0161kodnine, za primer, \u010de bi ga kdo \u017eelel odkupiti. Ta zna\u0161a 100 milijonov evrov. Mascherano je v Barcelono pri\u0161el leta 2010, v njenem dresu je zbral 290 nastopov in osvojil 17 lovorik. \u0160tirikrat je bil z njo najbolj\u0161i v \u0161panskem prvenstvu, dvakrat pa v ligi prvakov. Iz Barcelone so tudi sporo\u010dili, da bodo v petek podpisali novo pogodbo tudi z Brazilcem Neymarjem. Wolfsburg odpustil trenerja Heckinga Dieter Hecking ni ve\u010d trener nem\u0161kega prvoliga\u0161a Wolfsburga. \u010ceprav je klub pod njegovim vodstvom dosegal zgodovinske uspehe, leta 2015 je dobil nem\u0161ki pokal, bil drugi v prvenstvu, leto pozneje pa se prvi\u010d uvrstil\u00a0&#8230;<\/p>\n","protected":false},"excerpt":{"rendered":"<p>Kategorija: Nogomet Mon, 17 Oct 2016 19:47:00 +0200  Barcelona &#8211; Argentinski nogometni reprezentant Javier Mascherano je podalj\u0161al pogodbo s katalonskim velikanom Barcelono. Branilec je zvestobo ekipi obljubil do leta 2019, koliko mu bo prinesla nova pogodba, pa niso sporo\u010dili.So pa zanj dolo\u010dili vi\u0161ino od\u0161kodnine, za primer, \u010de bi ga kdo \u017eelel odkupiti. Ta zna\u0161a 100 milijonov evrov. Mascherano je v Barcelono pri\u0161el leta 2010, v njenem dresu je zbral 290 nastopov in osvojil 17 lovorik. \u0160tirikrat je bil z njo najbolj\u0161i v \u0161panskem prvenstvu, dvakrat pa v ligi prvakov. Iz Barcelone so tudi sporo\u010dili, da bodo v petek podpisali novo pogodbo tudi z Brazilcem Neymarjem. Wolfsburg odpustil trenerja Heckinga Dieter Hecking ni ve\u010d trener nem\u0161kega prvoliga\u0161a Wolfsburga. \u010ceprav je klub pod njegovim vodstvom dosegal zgodovinske uspehe, leta 2015 je dobil nem\u0161ki pokal, bil drugi v prvenstvu, leto pozneje pa se prvi\u010d uvrstil\u00a0&#8230;<\/p>\n","protected":false},"author":1,"featured_media":0,"comment_status":"closed","ping_status":"closed","sticky":false,"template":"","format":"standard","meta":{"footnotes":""},"categories":[1179],"tags":[],"source":[1703],"supertag":[],"acf":[],"yoast_head":"<!-- This site is optimized with the Yoast SEO plugin v21.3 - https:\/\/yoast.com\/wordpress\/plugins\/seo\/ -->\n<title>Nogometni svet: Mascherano podalj\u0161al, Wolfsburg odpustil trenerja - Hudo Slovenija<\/title>\n<meta name=\"robots\" content=\"index, follow, max-snippet:-1, max-image-preview:large, max-video-preview:-1\" \/>\n<link rel=\"canonical\" href=\"https:\/\/hudo.com\/si\/aktualno\/nogometni-svet-mascherano-podaljsal-wolfsburg-odpustil-trenerja\/\" \/>\n<meta property=\"og:locale\" content=\"sl_SI\" \/>\n<meta property=\"og:type\" content=\"article\" \/>\n<meta property=\"og:title\" content=\"Nogometni svet: Mascherano podalj\u0161al, Wolfsburg odpustil trenerja - Hudo Slovenija\" \/>\n<meta property=\"og:description\" content=\"Kategorija: Nogomet Mon, 17 Oct 2016 19:47:00 +0200 Barcelona - Argentinski nogometni reprezentant Javier Mascherano je podalj\u0161al pogodbo s katalonskim velikanom Barcelono. Branilec je zvestobo ekipi obljubil do leta 2019, koliko mu bo prinesla nova pogodba, pa niso sporo\u010dili.So pa zanj dolo\u010dili vi\u0161ino od\u0161kodnine, za primer, \u010de bi ga kdo \u017eelel odkupiti. Ta zna\u0161a 100 milijonov evrov. Mascherano je v Barcelono pri\u0161el leta 2010, v njenem dresu je zbral 290 nastopov in osvojil 17 lovorik. \u0160tirikrat je bil z njo najbolj\u0161i v \u0161panskem prvenstvu, dvakrat pa v ligi prvakov. Iz Barcelone so tudi sporo\u010dili, da bodo v petek podpisali novo pogodbo tudi z Brazilcem Neymarjem. Wolfsburg odpustil trenerja Heckinga Dieter Hecking ni ve\u010d trener nem\u0161kega prvoliga\u0161a Wolfsburga. \u010ceprav je klub pod njegovim vodstvom dosegal zgodovinske uspehe, leta 2015 je dobil nem\u0161ki pokal, bil drugi v prvenstvu, leto pozneje pa se prvi\u010d uvrstil\u00a0...\" \/>\n<meta property=\"og:url\" content=\"https:\/\/hudo.com\/si\/aktualno\/nogometni-svet-mascherano-podaljsal-wolfsburg-odpustil-trenerja\/\" \/>\n<meta property=\"og:site_name\" content=\"Hudo Slovenija\" \/>\n<meta property=\"article:publisher\" content=\"https:\/\/www.facebook.com\/hudo.si\" \/>\n<meta property=\"article:published_time\" content=\"2016-10-17T15:47:00+00:00\" \/>\n<meta property=\"og:image\" content=\"https:\/\/hudo.com\/si\/wp-content\/uploads\/sites\/2\/2016\/10\/480x290_AFP_Photo-20161017181045-36021600.jpeg\" \/>\n\t<meta property=\"og:image:width\" content=\"480\" \/>\n\t<meta property=\"og:image:height\" content=\"290\" \/>\n\t<meta property=\"og:image:type\" content=\"image\/jpeg\" \/>\n<meta name=\"author\" content=\"hudo\" \/>\n<meta name=\"twitter:card\" content=\"summary_large_image\" \/>\n<meta name=\"twitter:creator\" content=\"@hudo_si\" \/>\n<meta name=\"twitter:site\" content=\"@hudo_si\" \/>\n<meta name=\"twitter:label1\" content=\"Written by\" \/>\n\t<meta name=\"twitter:data1\" content=\"hudo\" \/>\n\t<meta name=\"twitter:label2\" content=\"Est. reading time\" \/>\n\t<meta name=\"twitter:data2\" content=\"1 minuta\" \/>\n<script type=\"application\/ld+json\" class=\"yoast-schema-graph\">{\"@context\":\"https:\/\/schema.org\",\"@graph\":[{\"@type\":\"Article\",\"@id\":\"https:\/\/hudo.com\/si\/aktualno\/nogometni-svet-mascherano-podaljsal-wolfsburg-odpustil-trenerja\/#article\",\"isPartOf\":{\"@id\":\"https:\/\/hudo.com\/si\/aktualno\/nogometni-svet-mascherano-podaljsal-wolfsburg-odpustil-trenerja\/\"},\"author\":{\"name\":\"hudo\",\"@id\":\"https:\/\/hudo.com\/si\/#\/schema\/person\/601cf3379633985b20f7e50f2bb47707\"},\"headline\":\"Nogometni svet: Mascherano podalj\u0161al, Wolfsburg odpustil trenerja\",\"datePublished\":\"2016-10-17T15:47:00+00:00\",\"dateModified\":\"2016-10-17T15:47:00+00:00\",\"mainEntityOfPage\":{\"@id\":\"https:\/\/hudo.com\/si\/aktualno\/nogometni-svet-mascherano-podaljsal-wolfsburg-odpustil-trenerja\/\"},\"wordCount\":153,\"publisher\":{\"@id\":\"https:\/\/hudo.com\/si\/#organization\"},\"articleSection\":[\"Aktualno\"],\"inLanguage\":\"sl-SI\"},{\"@type\":\"WebPage\",\"@id\":\"https:\/\/hudo.com\/si\/aktualno\/nogometni-svet-mascherano-podaljsal-wolfsburg-odpustil-trenerja\/\",\"url\":\"https:\/\/hudo.com\/si\/aktualno\/nogometni-svet-mascherano-podaljsal-wolfsburg-odpustil-trenerja\/\",\"name\":\"Nogometni svet: Mascherano podalj\u0161al, Wolfsburg odpustil trenerja - Hudo Slovenija\",\"isPartOf\":{\"@id\":\"https:\/\/hudo.com\/si\/#website\"},\"datePublished\":\"2016-10-17T15:47:00+00:00\",\"dateModified\":\"2016-10-17T15:47:00+00:00\",\"breadcrumb\":{\"@id\":\"https:\/\/hudo.com\/si\/aktualno\/nogometni-svet-mascherano-podaljsal-wolfsburg-odpustil-trenerja\/#breadcrumb\"},\"inLanguage\":\"sl-SI\",\"potentialAction\":[{\"@type\":\"ReadAction\",\"target\":[\"https:\/\/hudo.com\/si\/aktualno\/nogometni-svet-mascherano-podaljsal-wolfsburg-odpustil-trenerja\/\"]}]},{\"@type\":\"BreadcrumbList\",\"@id\":\"https:\/\/hudo.com\/si\/aktualno\/nogometni-svet-mascherano-podaljsal-wolfsburg-odpustil-trenerja\/#breadcrumb\",\"itemListElement\":[{\"@type\":\"ListItem\",\"position\":1,\"name\":\"Home\",\"item\":\"https:\/\/hudo.com\/si\/\"},{\"@type\":\"ListItem\",\"position\":2,\"name\":\"Nogometni svet: Mascherano podalj\u0161al, Wolfsburg odpustil trenerja\"}]},{\"@type\":\"WebSite\",\"@id\":\"https:\/\/hudo.com\/si\/#website\",\"url\":\"https:\/\/hudo.com\/si\/\",\"name\":\"Hudo Slovenija\",\"description\":\"Vse novice iz Slovenije in sveta\",\"publisher\":{\"@id\":\"https:\/\/hudo.com\/si\/#organization\"},\"potentialAction\":[{\"@type\":\"SearchAction\",\"target\":{\"@type\":\"EntryPoint\",\"urlTemplate\":\"https:\/\/hudo.com\/si\/?s={search_term_string}\"},\"query-input\":\"required name=search_term_string\"}],\"inLanguage\":\"sl-SI\"},{\"@type\":\"Organization\",\"@id\":\"https:\/\/hudo.com\/si\/#organization\",\"name\":\"VSN Media\",\"url\":\"https:\/\/hudo.com\/si\/\",\"logo\":{\"@type\":\"ImageObject\",\"inLanguage\":\"sl-SI\",\"@id\":\"https:\/\/hudo.com\/si\/#\/schema\/logo\/image\/\",\"url\":\"https:\/\/hudo.com\/si\/wp-content\/uploads\/sites\/2\/2021\/03\/hudo-app-2.png\",\"contentUrl\":\"https:\/\/hudo.com\/si\/wp-content\/uploads\/sites\/2\/2021\/03\/hudo-app-2.png\",\"width\":2185,\"height\":2167,\"caption\":\"VSN Media\"},\"image\":{\"@id\":\"https:\/\/hudo.com\/si\/#\/schema\/logo\/image\/\"},\"sameAs\":[\"https:\/\/www.facebook.com\/hudo.si\",\"https:\/\/twitter.com\/hudo_si\"]},{\"@type\":\"Person\",\"@id\":\"https:\/\/hudo.com\/si\/#\/schema\/person\/601cf3379633985b20f7e50f2bb47707\",\"name\":\"hudo\",\"image\":{\"@type\":\"ImageObject\",\"inLanguage\":\"sl-SI\",\"@id\":\"https:\/\/hudo.com\/si\/#\/schema\/person\/image\/\",\"url\":\"https:\/\/secure.gravatar.com\/avatar\/c4ca25fa72cace7a696b52ff5db9e095?s=96&d=mm&r=g\",\"contentUrl\":\"https:\/\/secure.gravatar.com\/avatar\/c4ca25fa72cace7a696b52ff5db9e095?s=96&d=mm&r=g\",\"caption\":\"hudo\"},\"url\":\"https:\/\/hudo.com\/si\/author\/hudo\/\"}]}<\/script>\n<!-- \/ Yoast SEO plugin. -->","yoast_head_json":{"title":"Nogometni svet: Mascherano podalj\u0161al, Wolfsburg odpustil trenerja - Hudo Slovenija","robots":{"index":"index","follow":"follow","max-snippet":"max-snippet:-1","max-image-preview":"max-image-preview:large","max-video-preview":"max-video-preview:-1"},"canonical":"https:\/\/hudo.com\/si\/aktualno\/nogometni-svet-mascherano-podaljsal-wolfsburg-odpustil-trenerja\/","og_locale":"sl_SI","og_type":"article","og_title":"Nogometni svet: Mascherano podalj\u0161al, Wolfsburg odpustil trenerja - Hudo Slovenija","og_description":"Kategorija: Nogomet Mon, 17 Oct 2016 19:47:00 +0200 Barcelona - Argentinski nogometni reprezentant Javier Mascherano je podalj\u0161al pogodbo s katalonskim velikanom Barcelono. Branilec je zvestobo ekipi obljubil do leta 2019, koliko mu bo prinesla nova pogodba, pa niso sporo\u010dili.So pa zanj dolo\u010dili vi\u0161ino od\u0161kodnine, za primer, \u010de bi ga kdo \u017eelel odkupiti. Ta zna\u0161a 100 milijonov evrov. Mascherano je v Barcelono pri\u0161el leta 2010, v njenem dresu je zbral 290 nastopov in osvojil 17 lovorik. \u0160tirikrat je bil z njo najbolj\u0161i v \u0161panskem prvenstvu, dvakrat pa v ligi prvakov. Iz Barcelone so tudi sporo\u010dili, da bodo v petek podpisali novo pogodbo tudi z Brazilcem Neymarjem. Wolfsburg odpustil trenerja Heckinga Dieter Hecking ni ve\u010d trener nem\u0161kega prvoliga\u0161a Wolfsburga. \u010ceprav je klub pod njegovim vodstvom dosegal zgodovinske uspehe, leta 2015 je dobil nem\u0161ki pokal, bil drugi v prvenstvu, leto pozneje pa se prvi\u010d uvrstil\u00a0...","og_url":"https:\/\/hudo.com\/si\/aktualno\/nogometni-svet-mascherano-podaljsal-wolfsburg-odpustil-trenerja\/","og_site_name":"Hudo Slovenija","article_publisher":"https:\/\/www.facebook.com\/hudo.si","article_published_time":"2016-10-17T15:47:00+00:00","og_image":[{"width":480,"height":290,"url":"https:\/\/hudo.com\/si\/wp-content\/uploads\/sites\/2\/2016\/10\/480x290_AFP_Photo-20161017181045-36021600.jpeg","type":"image\/jpeg"}],"author":"hudo","twitter_card":"summary_large_image","twitter_creator":"@hudo_si","twitter_site":"@hudo_si","twitter_misc":{"Written by":"hudo","Est. reading time":"1 minuta"},"schema":{"@context":"https:\/\/schema.org","@graph":[{"@type":"Article","@id":"https:\/\/hudo.com\/si\/aktualno\/nogometni-svet-mascherano-podaljsal-wolfsburg-odpustil-trenerja\/#article","isPartOf":{"@id":"https:\/\/hudo.com\/si\/aktualno\/nogometni-svet-mascherano-podaljsal-wolfsburg-odpustil-trenerja\/"},"author":{"name":"hudo","@id":"https:\/\/hudo.com\/si\/#\/schema\/person\/601cf3379633985b20f7e50f2bb47707"},"headline":"Nogometni svet: Mascherano podalj\u0161al, Wolfsburg odpustil trenerja","datePublished":"2016-10-17T15:47:00+00:00","dateModified":"2016-10-17T15:47:00+00:00","mainEntityOfPage":{"@id":"https:\/\/hudo.com\/si\/aktualno\/nogometni-svet-mascherano-podaljsal-wolfsburg-odpustil-trenerja\/"},"wordCount":153,"publisher":{"@id":"https:\/\/hudo.com\/si\/#organization"},"articleSection":["Aktualno"],"inLanguage":"sl-SI"},{"@type":"WebPage","@id":"https:\/\/hudo.com\/si\/aktualno\/nogometni-svet-mascherano-podaljsal-wolfsburg-odpustil-trenerja\/","url":"https:\/\/hudo.com\/si\/aktualno\/nogometni-svet-mascherano-podaljsal-wolfsburg-odpustil-trenerja\/","name":"Nogometni svet: Mascherano podalj\u0161al, Wolfsburg odpustil trenerja - Hudo Slovenija","isPartOf":{"@id":"https:\/\/hudo.com\/si\/#website"},"datePublished":"2016-10-17T15:47:00+00:00","dateModified":"2016-10-17T15:47:00+00:00","breadcrumb":{"@id":"https:\/\/hudo.com\/si\/aktualno\/nogometni-svet-mascherano-podaljsal-wolfsburg-odpustil-trenerja\/#breadcrumb"},"inLanguage":"sl-SI","potentialAction":[{"@type":"ReadAction","target":["https:\/\/hudo.com\/si\/aktualno\/nogometni-svet-mascherano-podaljsal-wolfsburg-odpustil-trenerja\/"]}]},{"@type":"BreadcrumbList","@id":"https:\/\/hudo.com\/si\/aktualno\/nogometni-svet-mascherano-podaljsal-wolfsburg-odpustil-trenerja\/#breadcrumb","itemListElement":[{"@type":"ListItem","position":1,"name":"Home","item":"https:\/\/hudo.com\/si\/"},{"@type":"ListItem","position":2,"name":"Nogometni svet: Mascherano podalj\u0161al, Wolfsburg odpustil trenerja"}]},{"@type":"WebSite","@id":"https:\/\/hudo.com\/si\/#website","url":"https:\/\/hudo.com\/si\/","name":"Hudo Slovenija","description":"Vse novice iz Slovenije in sveta","publisher":{"@id":"https:\/\/hudo.com\/si\/#organization"},"potentialAction":[{"@type":"SearchAction","target":{"@type":"EntryPoint","urlTemplate":"https:\/\/hudo.com\/si\/?s={search_term_string}"},"query-input":"required name=search_term_string"}],"inLanguage":"sl-SI"},{"@type":"Organization","@id":"https:\/\/hudo.com\/si\/#organization","name":"VSN Media","url":"https:\/\/hudo.com\/si\/","logo":{"@type":"ImageObject","inLanguage":"sl-SI","@id":"https:\/\/hudo.com\/si\/#\/schema\/logo\/image\/","url":"https:\/\/hudo.com\/si\/wp-content\/uploads\/sites\/2\/2021\/03\/hudo-app-2.png","contentUrl":"https:\/\/hudo.com\/si\/wp-content\/uploads\/sites\/2\/2021\/03\/hudo-app-2.png","width":2185,"height":2167,"caption":"VSN Media"},"image":{"@id":"https:\/\/hudo.com\/si\/#\/schema\/logo\/image\/"},"sameAs":["https:\/\/www.facebook.com\/hudo.si","https:\/\/twitter.com\/hudo_si"]},{"@type":"Person","@id":"https:\/\/hudo.com\/si\/#\/schema\/person\/601cf3379633985b20f7e50f2bb47707","name":"hudo","image":{"@type":"ImageObject","inLanguage":"sl-SI","@id":"https:\/\/hudo.com\/si\/#\/schema\/person\/image\/","url":"https:\/\/secure.gravatar.com\/avatar\/c4ca25fa72cace7a696b52ff5db9e095?s=96&d=mm&r=g","contentUrl":"https:\/\/secure.gravatar.com\/avatar\/c4ca25fa72cace7a696b52ff5db9e095?s=96&d=mm&r=g","caption":"hudo"},"url":"https:\/\/hudo.com\/si\/author\/hudo\/"}]}},"amp_enabled":true,"_links":{"self":[{"href":"https:\/\/hudo.com\/si\/wp-json\/wp\/v2\/posts\/156472"}],"collection":[{"href":"https:\/\/hudo.com\/si\/wp-json\/wp\/v2\/posts"}],"about":[{"href":"https:\/\/hudo.com\/si\/wp-json\/wp\/v2\/types\/post"}],"author":[{"embeddable":true,"href":"https:\/\/hudo.com\/si\/wp-json\/wp\/v2\/users\/1"}],"replies":[{"embeddable":true,"href":"https:\/\/hudo.com\/si\/wp-json\/wp\/v2\/comments?post=156472"}],"version-history":[{"count":0,"href":"https:\/\/hudo.com\/si\/wp-json\/wp\/v2\/posts\/156472\/revisions"}],"wp:attachment":[{"href":"https:\/\/hudo.com\/si\/wp-json\/wp\/v2\/media?parent=156472"}],"wp:term":[{"taxonomy":"category","embeddable":true,"href":"https:\/\/hudo.com\/si\/wp-json\/wp\/v2\/categories?post=156472"},{"taxonomy":"post_tag","embeddable":true,"href":"https:\/\/hudo.com\/si\/wp-json\/wp\/v2\/tags?post=156472"},{"taxonomy":"source","embeddable":true,"href":"https:\/\/hudo.com\/si\/wp-json\/wp\/v2\/source?post=156472"},{"taxonomy":"supertag","embeddable":true,"href":"https:\/\/hudo.com\/si\/wp-json\/wp\/v2\/supertag?post=156472"}],"curies":[{"name":"wp","href":"https:\/\/api.w.org\/{rel}","templated":true}]}}