{"id":156757,"date":"2016-10-18T08:37:44","date_gmt":"2016-10-18T06:37:44","guid":{"rendered":"http:\/\/hudo.com\/si\/?p=156757"},"modified":"2016-10-18T08:37:44","modified_gmt":"2016-10-18T06:37:44","slug":"v-ljubljani-se-danes-zacenja-mesec-oblikovanja","status":"publish","type":"post","link":"https:\/\/hudo.com\/si\/aktualno\/v-ljubljani-se-danes-zacenja-mesec-oblikovanja\/","title":{"rendered":"V Ljubljani se danes za\u010denja Mesec oblikovanja"},"content":{"rendered":"<p>Na odprtju bodo podelili mednarodne nagrade najbolj\u0161im izdelkom na razstavi Znamke in znamenja ter nacionalne nagrade za oblikovanje v ve\u010d kategorijah: oblikovanje leta, interier leta, brez\u010dasni in perspektivni.<\/p>\n<p>Na mednarodni razstavi Znamke in znamenja bo predstavljen izbor izvirnih in kakovostno oblikovanih izdelkov s podro\u010dja produktnega in modnega oblikovanja. Razstavo Bonboni bodo sestavljale turisti\u010dne sobe, ki so jih zasnovali arhitekti in oblikovalci ter drugi predstavniki kreativnih industrij v sodelovanju s partnerji iz gospodarstva.<\/p>\n<p>Odprli bodo \u0161e razstavo projekta Slovenska Vinopeka ter razstavo Akademije, na kateri se predstavljajo akademija in fakultete s podro\u010dja oblikovanja in arhitekture.<\/p>\n<p>Za 20. oktober pa organizatorji napovedujejo konferenco in odprtje razstave Prenova za kreativni turizem, na kateri bodo predstavljeni primeri dobrih praks prenove starih tradicionalnih slovenskih hi\u0161 za turisti\u010dne namene.<\/p>\n<p>Mesec oblikovanja, ki ga organizira zavod Big, bo ponudil \u0161e kontaktne mize, delavnice, oblikovalsko oku\u0161evalnico in gospodarsko-arhitekturni forum. Sklenil se bo 18. novembra.<\/p>\n","protected":false},"excerpt":{"rendered":"<p>S podelitvijo oblikovalskih nagrad in odprtjem razstav se bo drevi v Mestu oblikovanja v nekdanji tiskarni Mladinske knjige na Dunajski cesti za\u010del 14. festival Mesec oblikovanja. Pod naslovom Kreativni turizem bo ponudil razstave in konferenco ter druge dogodke.<\/p>\n","protected":false},"author":8,"featured_media":156758,"comment_status":"closed","ping_status":"closed","sticky":false,"template":"","format":"standard","meta":{"footnotes":""},"categories":[1179],"tags":[1633,6733],"source":[4511],"supertag":[5675],"acf":[],"yoast_head":"<!-- This site is optimized with the Yoast SEO plugin v21.3 - https:\/\/yoast.com\/wordpress\/plugins\/seo\/ -->\n<title>V Ljubljani se danes za\u010denja Mesec oblikovanja - Hudo Slovenija<\/title>\n<meta name=\"robots\" content=\"index, follow, max-snippet:-1, max-image-preview:large, max-video-preview:-1\" \/>\n<link rel=\"canonical\" href=\"https:\/\/hudo.com\/si\/aktualno\/v-ljubljani-se-danes-zacenja-mesec-oblikovanja\/\" \/>\n<meta property=\"og:locale\" content=\"sl_SI\" \/>\n<meta property=\"og:type\" content=\"article\" \/>\n<meta property=\"og:title\" content=\"V Ljubljani se danes za\u010denja Mesec oblikovanja - Hudo Slovenija\" \/>\n<meta property=\"og:description\" content=\"S podelitvijo oblikovalskih nagrad in odprtjem razstav se bo drevi v Mestu oblikovanja v nekdanji tiskarni Mladinske knjige na Dunajski cesti za\u010del 14. festival Mesec oblikovanja. Pod naslovom Kreativni turizem bo ponudil razstave in konferenco ter druge dogodke.\" \/>\n<meta property=\"og:url\" content=\"https:\/\/hudo.com\/si\/aktualno\/v-ljubljani-se-danes-zacenja-mesec-oblikovanja\/\" \/>\n<meta property=\"og:site_name\" content=\"Hudo Slovenija\" \/>\n<meta property=\"article:publisher\" content=\"https:\/\/www.facebook.com\/hudo.si\" \/>\n<meta property=\"article:published_time\" content=\"2016-10-18T06:37:44+00:00\" \/>\n<meta property=\"og:image\" content=\"https:\/\/hudo.com\/si\/wp-content\/uploads\/sites\/2\/2016\/10\/profimedia-0262555100.jpg\" \/>\n\t<meta property=\"og:image:width\" content=\"1250\" \/>\n\t<meta property=\"og:image:height\" content=\"937\" \/>\n\t<meta property=\"og:image:type\" content=\"image\/jpeg\" \/>\n<meta name=\"author\" content=\"M. N., STA\" \/>\n<meta name=\"twitter:card\" content=\"summary_large_image\" \/>\n<meta name=\"twitter:creator\" content=\"@hudo_si\" \/>\n<meta name=\"twitter:site\" content=\"@hudo_si\" \/>\n<meta name=\"twitter:label1\" content=\"Written by\" \/>\n\t<meta name=\"twitter:data1\" content=\"M. N., STA\" \/>\n\t<meta name=\"twitter:label2\" content=\"Est. reading time\" \/>\n\t<meta name=\"twitter:data2\" content=\"1 minuta\" \/>\n<script type=\"application\/ld+json\" class=\"yoast-schema-graph\">{\"@context\":\"https:\/\/schema.org\",\"@graph\":[{\"@type\":\"Article\",\"@id\":\"https:\/\/hudo.com\/si\/aktualno\/v-ljubljani-se-danes-zacenja-mesec-oblikovanja\/#article\",\"isPartOf\":{\"@id\":\"https:\/\/hudo.com\/si\/aktualno\/v-ljubljani-se-danes-zacenja-mesec-oblikovanja\/\"},\"author\":{\"name\":\"M. N., STA\",\"@id\":\"https:\/\/hudo.com\/si\/#\/schema\/person\/c2f10ce65d2e6ede2aeda5be2a0611fa\"},\"headline\":\"V Ljubljani se danes za\u010denja Mesec oblikovanja\",\"datePublished\":\"2016-10-18T06:37:44+00:00\",\"dateModified\":\"2016-10-18T06:37:44+00:00\",\"mainEntityOfPage\":{\"@id\":\"https:\/\/hudo.com\/si\/aktualno\/v-ljubljani-se-danes-zacenja-mesec-oblikovanja\/\"},\"wordCount\":159,\"publisher\":{\"@id\":\"https:\/\/hudo.com\/si\/#organization\"},\"keywords\":[\"Ljubljana\",\"Mesec oblikovanja\"],\"articleSection\":[\"Aktualno\"],\"inLanguage\":\"sl-SI\"},{\"@type\":\"WebPage\",\"@id\":\"https:\/\/hudo.com\/si\/aktualno\/v-ljubljani-se-danes-zacenja-mesec-oblikovanja\/\",\"url\":\"https:\/\/hudo.com\/si\/aktualno\/v-ljubljani-se-danes-zacenja-mesec-oblikovanja\/\",\"name\":\"V Ljubljani se danes za\u010denja Mesec oblikovanja - Hudo Slovenija\",\"isPartOf\":{\"@id\":\"https:\/\/hudo.com\/si\/#website\"},\"datePublished\":\"2016-10-18T06:37:44+00:00\",\"dateModified\":\"2016-10-18T06:37:44+00:00\",\"breadcrumb\":{\"@id\":\"https:\/\/hudo.com\/si\/aktualno\/v-ljubljani-se-danes-zacenja-mesec-oblikovanja\/#breadcrumb\"},\"inLanguage\":\"sl-SI\",\"potentialAction\":[{\"@type\":\"ReadAction\",\"target\":[\"https:\/\/hudo.com\/si\/aktualno\/v-ljubljani-se-danes-zacenja-mesec-oblikovanja\/\"]}]},{\"@type\":\"BreadcrumbList\",\"@id\":\"https:\/\/hudo.com\/si\/aktualno\/v-ljubljani-se-danes-zacenja-mesec-oblikovanja\/#breadcrumb\",\"itemListElement\":[{\"@type\":\"ListItem\",\"position\":1,\"name\":\"Home\",\"item\":\"https:\/\/hudo.com\/si\/\"},{\"@type\":\"ListItem\",\"position\":2,\"name\":\"V Ljubljani se danes za\u010denja Mesec oblikovanja\"}]},{\"@type\":\"WebSite\",\"@id\":\"https:\/\/hudo.com\/si\/#website\",\"url\":\"https:\/\/hudo.com\/si\/\",\"name\":\"Hudo Slovenija\",\"description\":\"Vse novice iz Slovenije in sveta\",\"publisher\":{\"@id\":\"https:\/\/hudo.com\/si\/#organization\"},\"potentialAction\":[{\"@type\":\"SearchAction\",\"target\":{\"@type\":\"EntryPoint\",\"urlTemplate\":\"https:\/\/hudo.com\/si\/?s={search_term_string}\"},\"query-input\":\"required name=search_term_string\"}],\"inLanguage\":\"sl-SI\"},{\"@type\":\"Organization\",\"@id\":\"https:\/\/hudo.com\/si\/#organization\",\"name\":\"VSN Media\",\"url\":\"https:\/\/hudo.com\/si\/\",\"logo\":{\"@type\":\"ImageObject\",\"inLanguage\":\"sl-SI\",\"@id\":\"https:\/\/hudo.com\/si\/#\/schema\/logo\/image\/\",\"url\":\"https:\/\/hudo.com\/si\/wp-content\/uploads\/sites\/2\/2021\/03\/hudo-app-2.png\",\"contentUrl\":\"https:\/\/hudo.com\/si\/wp-content\/uploads\/sites\/2\/2021\/03\/hudo-app-2.png\",\"width\":2185,\"height\":2167,\"caption\":\"VSN Media\"},\"image\":{\"@id\":\"https:\/\/hudo.com\/si\/#\/schema\/logo\/image\/\"},\"sameAs\":[\"https:\/\/www.facebook.com\/hudo.si\",\"https:\/\/twitter.com\/hudo_si\"]},{\"@type\":\"Person\",\"@id\":\"https:\/\/hudo.com\/si\/#\/schema\/person\/c2f10ce65d2e6ede2aeda5be2a0611fa\",\"name\":\"M. N., STA\",\"image\":{\"@type\":\"ImageObject\",\"inLanguage\":\"sl-SI\",\"@id\":\"https:\/\/hudo.com\/si\/#\/schema\/person\/image\/\",\"url\":\"https:\/\/secure.gravatar.com\/avatar\/f370d38daa10467f755c5c766a4cac20?s=96&d=mm&r=g\",\"contentUrl\":\"https:\/\/secure.gravatar.com\/avatar\/f370d38daa10467f755c5c766a4cac20?s=96&d=mm&r=g\",\"caption\":\"M. N., STA\"},\"url\":\"https:\/\/hudo.com\/si\/author\/mana\/\"}]}<\/script>\n<!-- \/ Yoast SEO plugin. -->","yoast_head_json":{"title":"V Ljubljani se danes za\u010denja Mesec oblikovanja - Hudo Slovenija","robots":{"index":"index","follow":"follow","max-snippet":"max-snippet:-1","max-image-preview":"max-image-preview:large","max-video-preview":"max-video-preview:-1"},"canonical":"https:\/\/hudo.com\/si\/aktualno\/v-ljubljani-se-danes-zacenja-mesec-oblikovanja\/","og_locale":"sl_SI","og_type":"article","og_title":"V Ljubljani se danes za\u010denja Mesec oblikovanja - Hudo Slovenija","og_description":"S podelitvijo oblikovalskih nagrad in odprtjem razstav se bo drevi v Mestu oblikovanja v nekdanji tiskarni Mladinske knjige na Dunajski cesti za\u010del 14. festival Mesec oblikovanja. Pod naslovom Kreativni turizem bo ponudil razstave in konferenco ter druge dogodke.","og_url":"https:\/\/hudo.com\/si\/aktualno\/v-ljubljani-se-danes-zacenja-mesec-oblikovanja\/","og_site_name":"Hudo Slovenija","article_publisher":"https:\/\/www.facebook.com\/hudo.si","article_published_time":"2016-10-18T06:37:44+00:00","og_image":[{"width":1250,"height":937,"url":"https:\/\/hudo.com\/si\/wp-content\/uploads\/sites\/2\/2016\/10\/profimedia-0262555100.jpg","type":"image\/jpeg"}],"author":"M. N., STA","twitter_card":"summary_large_image","twitter_creator":"@hudo_si","twitter_site":"@hudo_si","twitter_misc":{"Written by":"M. N., STA","Est. reading time":"1 minuta"},"schema":{"@context":"https:\/\/schema.org","@graph":[{"@type":"Article","@id":"https:\/\/hudo.com\/si\/aktualno\/v-ljubljani-se-danes-zacenja-mesec-oblikovanja\/#article","isPartOf":{"@id":"https:\/\/hudo.com\/si\/aktualno\/v-ljubljani-se-danes-zacenja-mesec-oblikovanja\/"},"author":{"name":"M. N., STA","@id":"https:\/\/hudo.com\/si\/#\/schema\/person\/c2f10ce65d2e6ede2aeda5be2a0611fa"},"headline":"V Ljubljani se danes za\u010denja Mesec oblikovanja","datePublished":"2016-10-18T06:37:44+00:00","dateModified":"2016-10-18T06:37:44+00:00","mainEntityOfPage":{"@id":"https:\/\/hudo.com\/si\/aktualno\/v-ljubljani-se-danes-zacenja-mesec-oblikovanja\/"},"wordCount":159,"publisher":{"@id":"https:\/\/hudo.com\/si\/#organization"},"keywords":["Ljubljana","Mesec oblikovanja"],"articleSection":["Aktualno"],"inLanguage":"sl-SI"},{"@type":"WebPage","@id":"https:\/\/hudo.com\/si\/aktualno\/v-ljubljani-se-danes-zacenja-mesec-oblikovanja\/","url":"https:\/\/hudo.com\/si\/aktualno\/v-ljubljani-se-danes-zacenja-mesec-oblikovanja\/","name":"V Ljubljani se danes za\u010denja Mesec oblikovanja - Hudo Slovenija","isPartOf":{"@id":"https:\/\/hudo.com\/si\/#website"},"datePublished":"2016-10-18T06:37:44+00:00","dateModified":"2016-10-18T06:37:44+00:00","breadcrumb":{"@id":"https:\/\/hudo.com\/si\/aktualno\/v-ljubljani-se-danes-zacenja-mesec-oblikovanja\/#breadcrumb"},"inLanguage":"sl-SI","potentialAction":[{"@type":"ReadAction","target":["https:\/\/hudo.com\/si\/aktualno\/v-ljubljani-se-danes-zacenja-mesec-oblikovanja\/"]}]},{"@type":"BreadcrumbList","@id":"https:\/\/hudo.com\/si\/aktualno\/v-ljubljani-se-danes-zacenja-mesec-oblikovanja\/#breadcrumb","itemListElement":[{"@type":"ListItem","position":1,"name":"Home","item":"https:\/\/hudo.com\/si\/"},{"@type":"ListItem","position":2,"name":"V Ljubljani se danes za\u010denja Mesec oblikovanja"}]},{"@type":"WebSite","@id":"https:\/\/hudo.com\/si\/#website","url":"https:\/\/hudo.com\/si\/","name":"Hudo Slovenija","description":"Vse novice iz Slovenije in sveta","publisher":{"@id":"https:\/\/hudo.com\/si\/#organization"},"potentialAction":[{"@type":"SearchAction","target":{"@type":"EntryPoint","urlTemplate":"https:\/\/hudo.com\/si\/?s={search_term_string}"},"query-input":"required name=search_term_string"}],"inLanguage":"sl-SI"},{"@type":"Organization","@id":"https:\/\/hudo.com\/si\/#organization","name":"VSN Media","url":"https:\/\/hudo.com\/si\/","logo":{"@type":"ImageObject","inLanguage":"sl-SI","@id":"https:\/\/hudo.com\/si\/#\/schema\/logo\/image\/","url":"https:\/\/hudo.com\/si\/wp-content\/uploads\/sites\/2\/2021\/03\/hudo-app-2.png","contentUrl":"https:\/\/hudo.com\/si\/wp-content\/uploads\/sites\/2\/2021\/03\/hudo-app-2.png","width":2185,"height":2167,"caption":"VSN Media"},"image":{"@id":"https:\/\/hudo.com\/si\/#\/schema\/logo\/image\/"},"sameAs":["https:\/\/www.facebook.com\/hudo.si","https:\/\/twitter.com\/hudo_si"]},{"@type":"Person","@id":"https:\/\/hudo.com\/si\/#\/schema\/person\/c2f10ce65d2e6ede2aeda5be2a0611fa","name":"M. N., STA","image":{"@type":"ImageObject","inLanguage":"sl-SI","@id":"https:\/\/hudo.com\/si\/#\/schema\/person\/image\/","url":"https:\/\/secure.gravatar.com\/avatar\/f370d38daa10467f755c5c766a4cac20?s=96&d=mm&r=g","contentUrl":"https:\/\/secure.gravatar.com\/avatar\/f370d38daa10467f755c5c766a4cac20?s=96&d=mm&r=g","caption":"M. N., STA"},"url":"https:\/\/hudo.com\/si\/author\/mana\/"}]}},"amp_enabled":true,"_links":{"self":[{"href":"https:\/\/hudo.com\/si\/wp-json\/wp\/v2\/posts\/156757"}],"collection":[{"href":"https:\/\/hudo.com\/si\/wp-json\/wp\/v2\/posts"}],"about":[{"href":"https:\/\/hudo.com\/si\/wp-json\/wp\/v2\/types\/post"}],"author":[{"embeddable":true,"href":"https:\/\/hudo.com\/si\/wp-json\/wp\/v2\/users\/8"}],"replies":[{"embeddable":true,"href":"https:\/\/hudo.com\/si\/wp-json\/wp\/v2\/comments?post=156757"}],"version-history":[{"count":1,"href":"https:\/\/hudo.com\/si\/wp-json\/wp\/v2\/posts\/156757\/revisions"}],"predecessor-version":[{"id":156759,"href":"https:\/\/hudo.com\/si\/wp-json\/wp\/v2\/posts\/156757\/revisions\/156759"}],"wp:featuredmedia":[{"embeddable":true,"href":"https:\/\/hudo.com\/si\/wp-json\/wp\/v2\/media\/156758"}],"wp:attachment":[{"href":"https:\/\/hudo.com\/si\/wp-json\/wp\/v2\/media?parent=156757"}],"wp:term":[{"taxonomy":"category","embeddable":true,"href":"https:\/\/hudo.com\/si\/wp-json\/wp\/v2\/categories?post=156757"},{"taxonomy":"post_tag","embeddable":true,"href":"https:\/\/hudo.com\/si\/wp-json\/wp\/v2\/tags?post=156757"},{"taxonomy":"source","embeddable":true,"href":"https:\/\/hudo.com\/si\/wp-json\/wp\/v2\/source?post=156757"},{"taxonomy":"supertag","embeddable":true,"href":"https:\/\/hudo.com\/si\/wp-json\/wp\/v2\/supertag?post=156757"}],"curies":[{"name":"wp","href":"https:\/\/api.w.org\/{rel}","templated":true}]}}