{"id":156856,"date":"2016-10-18T08:55:00","date_gmt":"2016-10-18T06:55:00","guid":{"rendered":"http:\/\/hudo.com\/si\/2016\/10\/18\/se-tina-maze-pripravlja-na-novo-sezono\/"},"modified":"2016-10-19T08:11:11","modified_gmt":"2016-10-19T06:11:11","slug":"se-tina-maze-pripravlja-na-novo-sezono","status":"publish","type":"post","link":"https:\/\/hudo.com\/si\/aktualno\/se-tina-maze-pripravlja-na-novo-sezono\/","title":{"rendered":"Se Tina Maze pripravlja na novo sezono?"},"content":{"rendered":"<p>Za \u010detrtek je najuspe\u0161nej\u0161a slovenska smu\u010darka Tina Maze napovedala novinarsko konferenco, na kateri naj bi sporo\u010dila svoj odlo\u010ditev glede nadaljevanja smu\u010darske kariere. Ugiba se sicer, da naj bi napovedala povratek na Zlati lisici smu\u010dala pa naj bi do svetovnega prvenstva. A pojavljajo se pomisleki, koliko je za kaj tega po letu dni pavze pripravljena. Tudi na te pomisleke je Mazejeva odgovorila danes na tviterju z objavo te fotografije.   Ob tej sliki je Tina Maze zapisala: &#8220;What a nice surprise ! #GetReady for #wintertime #fox&#8221; (Kak\u0161no prijetno presene\u010denje! #priprave za #zimski\u010das #lisica op.p.)Twitter @tinamaze \u010ceprav je sliko skrila v zapis, da je sre\u010dala lisico, se poznavalci spra\u0161ujejo, ali nemara s smu\u010dmi v roki svojim navija\u010dem ne sporo\u010da, da bo smu\u010darsko kariero nadaljevala. Namignila pa bi lahko tudi, da ugibanja o povratku na Zlati lisici, niso neto\u010dna.\u0160port<\/p>\n","protected":false},"excerpt":{"rendered":"<p>Za \u010detrtek je najuspe\u0161nej\u0161a slovenska smu\u010darka Tina Maze napovedala novinarsko konferenco, na kateri naj bi sporo\u010dila svoj odlo\u010ditev glede nadaljevanja smu\u010darske kariere. Ugiba se sicer, da naj bi napovedala povratek na Zlati lisici smu\u010dala pa naj bi do svetovnega prvenstva. A pojavljajo se pomisleki, koliko je za kaj tega po letu dni pavze pripravljena. Tudi na te pomisleke je Mazejeva odgovorila danes na tviterju z objavo te fotografije.   Ob tej sliki je Tina Maze zapisala: &#8220;What a nice surprise ! #GetReady for #wintertime #fox&#8221; (Kak\u0161no prijetno presene\u010denje! #priprave za #zimski\u010das #lisica op.p.)Twitter @tinamaze \u010ceprav je sliko skrila v zapis, da je sre\u010dala lisico, se poznavalci spra\u0161ujejo, ali nemara s smu\u010dmi v roki svojim navija\u010dem ne sporo\u010da, da bo smu\u010darsko kariero nadaljevala. Namignila pa bi lahko tudi, da ugibanja o povratku na Zlati lisici, niso neto\u010dna.\u0160port<\/p>\n","protected":false},"author":1,"featured_media":0,"comment_status":"closed","ping_status":"closed","sticky":false,"template":"","format":"standard","meta":{"footnotes":""},"categories":[1179],"tags":[],"source":[1711],"supertag":[],"acf":[],"yoast_head":"<!-- This site is optimized with the Yoast SEO plugin v21.3 - https:\/\/yoast.com\/wordpress\/plugins\/seo\/ -->\n<title>Se Tina Maze pripravlja na novo sezono? - Hudo Slovenija<\/title>\n<meta name=\"robots\" content=\"index, follow, max-snippet:-1, max-image-preview:large, max-video-preview:-1\" \/>\n<link rel=\"canonical\" href=\"https:\/\/hudo.com\/si\/aktualno\/se-tina-maze-pripravlja-na-novo-sezono\/\" \/>\n<meta property=\"og:locale\" content=\"sl_SI\" \/>\n<meta property=\"og:type\" content=\"article\" \/>\n<meta property=\"og:title\" content=\"Se Tina Maze pripravlja na novo sezono? - Hudo Slovenija\" \/>\n<meta property=\"og:description\" content=\"Za \u010detrtek je najuspe\u0161nej\u0161a slovenska smu\u010darka Tina Maze napovedala novinarsko konferenco, na kateri naj bi sporo\u010dila svoj odlo\u010ditev glede nadaljevanja smu\u010darske kariere. Ugiba se sicer, da naj bi napovedala povratek na Zlati lisici smu\u010dala pa naj bi do svetovnega prvenstva. A pojavljajo se pomisleki, koliko je za kaj tega po letu dni pavze pripravljena. Tudi na te pomisleke je Mazejeva odgovorila danes na tviterju z objavo te fotografije.  Ob tej sliki je Tina Maze zapisala: &quot;What a nice surprise ! #GetReady for #wintertime #fox&quot; (Kak\u0161no prijetno presene\u010denje! #priprave za #zimski\u010das #lisica op.p.)Twitter @tinamaze \u010ceprav je sliko skrila v zapis, da je sre\u010dala lisico, se poznavalci spra\u0161ujejo, ali nemara s smu\u010dmi v roki svojim navija\u010dem ne sporo\u010da, da bo smu\u010darsko kariero nadaljevala. Namignila pa bi lahko tudi, da ugibanja o povratku na Zlati lisici, niso neto\u010dna.\u0160port\" \/>\n<meta property=\"og:url\" content=\"https:\/\/hudo.com\/si\/aktualno\/se-tina-maze-pripravlja-na-novo-sezono\/\" \/>\n<meta property=\"og:site_name\" content=\"Hudo Slovenija\" \/>\n<meta property=\"article:publisher\" content=\"https:\/\/www.facebook.com\/hudo.si\" \/>\n<meta property=\"article:published_time\" content=\"2016-10-18T06:55:00+00:00\" \/>\n<meta property=\"article:modified_time\" content=\"2016-10-19T06:11:11+00:00\" \/>\n<meta property=\"og:image\" content=\"https:\/\/hudo.com\/si\/wp-content\/uploads\/sites\/2\/2016\/10\/IMG_20161018_104149-300.jpg\" \/>\n\t<meta property=\"og:image:width\" content=\"450\" \/>\n\t<meta property=\"og:image:height\" content=\"555\" \/>\n\t<meta property=\"og:image:type\" content=\"image\/jpeg\" \/>\n<meta name=\"author\" content=\"hudo\" \/>\n<meta name=\"twitter:card\" content=\"summary_large_image\" \/>\n<meta name=\"twitter:creator\" content=\"@hudo_si\" \/>\n<meta name=\"twitter:site\" content=\"@hudo_si\" \/>\n<meta name=\"twitter:label1\" content=\"Written by\" \/>\n\t<meta name=\"twitter:data1\" content=\"hudo\" \/>\n\t<meta name=\"twitter:label2\" content=\"Est. reading time\" \/>\n\t<meta name=\"twitter:data2\" content=\"1 minuta\" \/>\n<script type=\"application\/ld+json\" class=\"yoast-schema-graph\">{\"@context\":\"https:\/\/schema.org\",\"@graph\":[{\"@type\":\"Article\",\"@id\":\"https:\/\/hudo.com\/si\/aktualno\/se-tina-maze-pripravlja-na-novo-sezono\/#article\",\"isPartOf\":{\"@id\":\"https:\/\/hudo.com\/si\/aktualno\/se-tina-maze-pripravlja-na-novo-sezono\/\"},\"author\":{\"name\":\"hudo\",\"@id\":\"https:\/\/hudo.com\/si\/#\/schema\/person\/601cf3379633985b20f7e50f2bb47707\"},\"headline\":\"Se Tina Maze pripravlja na novo sezono?\",\"datePublished\":\"2016-10-18T06:55:00+00:00\",\"dateModified\":\"2016-10-19T06:11:11+00:00\",\"mainEntityOfPage\":{\"@id\":\"https:\/\/hudo.com\/si\/aktualno\/se-tina-maze-pripravlja-na-novo-sezono\/\"},\"wordCount\":161,\"publisher\":{\"@id\":\"https:\/\/hudo.com\/si\/#organization\"},\"articleSection\":[\"Aktualno\"],\"inLanguage\":\"sl-SI\"},{\"@type\":\"WebPage\",\"@id\":\"https:\/\/hudo.com\/si\/aktualno\/se-tina-maze-pripravlja-na-novo-sezono\/\",\"url\":\"https:\/\/hudo.com\/si\/aktualno\/se-tina-maze-pripravlja-na-novo-sezono\/\",\"name\":\"Se Tina Maze pripravlja na novo sezono? - Hudo Slovenija\",\"isPartOf\":{\"@id\":\"https:\/\/hudo.com\/si\/#website\"},\"datePublished\":\"2016-10-18T06:55:00+00:00\",\"dateModified\":\"2016-10-19T06:11:11+00:00\",\"breadcrumb\":{\"@id\":\"https:\/\/hudo.com\/si\/aktualno\/se-tina-maze-pripravlja-na-novo-sezono\/#breadcrumb\"},\"inLanguage\":\"sl-SI\",\"potentialAction\":[{\"@type\":\"ReadAction\",\"target\":[\"https:\/\/hudo.com\/si\/aktualno\/se-tina-maze-pripravlja-na-novo-sezono\/\"]}]},{\"@type\":\"BreadcrumbList\",\"@id\":\"https:\/\/hudo.com\/si\/aktualno\/se-tina-maze-pripravlja-na-novo-sezono\/#breadcrumb\",\"itemListElement\":[{\"@type\":\"ListItem\",\"position\":1,\"name\":\"Home\",\"item\":\"https:\/\/hudo.com\/si\/\"},{\"@type\":\"ListItem\",\"position\":2,\"name\":\"Se Tina Maze pripravlja na novo sezono?\"}]},{\"@type\":\"WebSite\",\"@id\":\"https:\/\/hudo.com\/si\/#website\",\"url\":\"https:\/\/hudo.com\/si\/\",\"name\":\"Hudo Slovenija\",\"description\":\"Vse novice iz Slovenije in sveta\",\"publisher\":{\"@id\":\"https:\/\/hudo.com\/si\/#organization\"},\"potentialAction\":[{\"@type\":\"SearchAction\",\"target\":{\"@type\":\"EntryPoint\",\"urlTemplate\":\"https:\/\/hudo.com\/si\/?s={search_term_string}\"},\"query-input\":\"required name=search_term_string\"}],\"inLanguage\":\"sl-SI\"},{\"@type\":\"Organization\",\"@id\":\"https:\/\/hudo.com\/si\/#organization\",\"name\":\"VSN Media\",\"url\":\"https:\/\/hudo.com\/si\/\",\"logo\":{\"@type\":\"ImageObject\",\"inLanguage\":\"sl-SI\",\"@id\":\"https:\/\/hudo.com\/si\/#\/schema\/logo\/image\/\",\"url\":\"https:\/\/hudo.com\/si\/wp-content\/uploads\/sites\/2\/2021\/03\/hudo-app-2.png\",\"contentUrl\":\"https:\/\/hudo.com\/si\/wp-content\/uploads\/sites\/2\/2021\/03\/hudo-app-2.png\",\"width\":2185,\"height\":2167,\"caption\":\"VSN Media\"},\"image\":{\"@id\":\"https:\/\/hudo.com\/si\/#\/schema\/logo\/image\/\"},\"sameAs\":[\"https:\/\/www.facebook.com\/hudo.si\",\"https:\/\/twitter.com\/hudo_si\"]},{\"@type\":\"Person\",\"@id\":\"https:\/\/hudo.com\/si\/#\/schema\/person\/601cf3379633985b20f7e50f2bb47707\",\"name\":\"hudo\",\"image\":{\"@type\":\"ImageObject\",\"inLanguage\":\"sl-SI\",\"@id\":\"https:\/\/hudo.com\/si\/#\/schema\/person\/image\/\",\"url\":\"https:\/\/secure.gravatar.com\/avatar\/c4ca25fa72cace7a696b52ff5db9e095?s=96&d=mm&r=g\",\"contentUrl\":\"https:\/\/secure.gravatar.com\/avatar\/c4ca25fa72cace7a696b52ff5db9e095?s=96&d=mm&r=g\",\"caption\":\"hudo\"},\"url\":\"https:\/\/hudo.com\/si\/author\/hudo\/\"}]}<\/script>\n<!-- \/ Yoast SEO plugin. -->","yoast_head_json":{"title":"Se Tina Maze pripravlja na novo sezono? - Hudo Slovenija","robots":{"index":"index","follow":"follow","max-snippet":"max-snippet:-1","max-image-preview":"max-image-preview:large","max-video-preview":"max-video-preview:-1"},"canonical":"https:\/\/hudo.com\/si\/aktualno\/se-tina-maze-pripravlja-na-novo-sezono\/","og_locale":"sl_SI","og_type":"article","og_title":"Se Tina Maze pripravlja na novo sezono? - Hudo Slovenija","og_description":"Za \u010detrtek je najuspe\u0161nej\u0161a slovenska smu\u010darka Tina Maze napovedala novinarsko konferenco, na kateri naj bi sporo\u010dila svoj odlo\u010ditev glede nadaljevanja smu\u010darske kariere. Ugiba se sicer, da naj bi napovedala povratek na Zlati lisici smu\u010dala pa naj bi do svetovnega prvenstva. A pojavljajo se pomisleki, koliko je za kaj tega po letu dni pavze pripravljena. Tudi na te pomisleke je Mazejeva odgovorila danes na tviterju z objavo te fotografije.  Ob tej sliki je Tina Maze zapisala: \"What a nice surprise ! #GetReady for #wintertime #fox\" (Kak\u0161no prijetno presene\u010denje! #priprave za #zimski\u010das #lisica op.p.)Twitter @tinamaze \u010ceprav je sliko skrila v zapis, da je sre\u010dala lisico, se poznavalci spra\u0161ujejo, ali nemara s smu\u010dmi v roki svojim navija\u010dem ne sporo\u010da, da bo smu\u010darsko kariero nadaljevala. Namignila pa bi lahko tudi, da ugibanja o povratku na Zlati lisici, niso neto\u010dna.\u0160port","og_url":"https:\/\/hudo.com\/si\/aktualno\/se-tina-maze-pripravlja-na-novo-sezono\/","og_site_name":"Hudo Slovenija","article_publisher":"https:\/\/www.facebook.com\/hudo.si","article_published_time":"2016-10-18T06:55:00+00:00","article_modified_time":"2016-10-19T06:11:11+00:00","og_image":[{"width":450,"height":555,"url":"https:\/\/hudo.com\/si\/wp-content\/uploads\/sites\/2\/2016\/10\/IMG_20161018_104149-300.jpg","type":"image\/jpeg"}],"author":"hudo","twitter_card":"summary_large_image","twitter_creator":"@hudo_si","twitter_site":"@hudo_si","twitter_misc":{"Written by":"hudo","Est. reading time":"1 minuta"},"schema":{"@context":"https:\/\/schema.org","@graph":[{"@type":"Article","@id":"https:\/\/hudo.com\/si\/aktualno\/se-tina-maze-pripravlja-na-novo-sezono\/#article","isPartOf":{"@id":"https:\/\/hudo.com\/si\/aktualno\/se-tina-maze-pripravlja-na-novo-sezono\/"},"author":{"name":"hudo","@id":"https:\/\/hudo.com\/si\/#\/schema\/person\/601cf3379633985b20f7e50f2bb47707"},"headline":"Se Tina Maze pripravlja na novo sezono?","datePublished":"2016-10-18T06:55:00+00:00","dateModified":"2016-10-19T06:11:11+00:00","mainEntityOfPage":{"@id":"https:\/\/hudo.com\/si\/aktualno\/se-tina-maze-pripravlja-na-novo-sezono\/"},"wordCount":161,"publisher":{"@id":"https:\/\/hudo.com\/si\/#organization"},"articleSection":["Aktualno"],"inLanguage":"sl-SI"},{"@type":"WebPage","@id":"https:\/\/hudo.com\/si\/aktualno\/se-tina-maze-pripravlja-na-novo-sezono\/","url":"https:\/\/hudo.com\/si\/aktualno\/se-tina-maze-pripravlja-na-novo-sezono\/","name":"Se Tina Maze pripravlja na novo sezono? - Hudo Slovenija","isPartOf":{"@id":"https:\/\/hudo.com\/si\/#website"},"datePublished":"2016-10-18T06:55:00+00:00","dateModified":"2016-10-19T06:11:11+00:00","breadcrumb":{"@id":"https:\/\/hudo.com\/si\/aktualno\/se-tina-maze-pripravlja-na-novo-sezono\/#breadcrumb"},"inLanguage":"sl-SI","potentialAction":[{"@type":"ReadAction","target":["https:\/\/hudo.com\/si\/aktualno\/se-tina-maze-pripravlja-na-novo-sezono\/"]}]},{"@type":"BreadcrumbList","@id":"https:\/\/hudo.com\/si\/aktualno\/se-tina-maze-pripravlja-na-novo-sezono\/#breadcrumb","itemListElement":[{"@type":"ListItem","position":1,"name":"Home","item":"https:\/\/hudo.com\/si\/"},{"@type":"ListItem","position":2,"name":"Se Tina Maze pripravlja na novo sezono?"}]},{"@type":"WebSite","@id":"https:\/\/hudo.com\/si\/#website","url":"https:\/\/hudo.com\/si\/","name":"Hudo Slovenija","description":"Vse novice iz Slovenije in sveta","publisher":{"@id":"https:\/\/hudo.com\/si\/#organization"},"potentialAction":[{"@type":"SearchAction","target":{"@type":"EntryPoint","urlTemplate":"https:\/\/hudo.com\/si\/?s={search_term_string}"},"query-input":"required name=search_term_string"}],"inLanguage":"sl-SI"},{"@type":"Organization","@id":"https:\/\/hudo.com\/si\/#organization","name":"VSN Media","url":"https:\/\/hudo.com\/si\/","logo":{"@type":"ImageObject","inLanguage":"sl-SI","@id":"https:\/\/hudo.com\/si\/#\/schema\/logo\/image\/","url":"https:\/\/hudo.com\/si\/wp-content\/uploads\/sites\/2\/2021\/03\/hudo-app-2.png","contentUrl":"https:\/\/hudo.com\/si\/wp-content\/uploads\/sites\/2\/2021\/03\/hudo-app-2.png","width":2185,"height":2167,"caption":"VSN Media"},"image":{"@id":"https:\/\/hudo.com\/si\/#\/schema\/logo\/image\/"},"sameAs":["https:\/\/www.facebook.com\/hudo.si","https:\/\/twitter.com\/hudo_si"]},{"@type":"Person","@id":"https:\/\/hudo.com\/si\/#\/schema\/person\/601cf3379633985b20f7e50f2bb47707","name":"hudo","image":{"@type":"ImageObject","inLanguage":"sl-SI","@id":"https:\/\/hudo.com\/si\/#\/schema\/person\/image\/","url":"https:\/\/secure.gravatar.com\/avatar\/c4ca25fa72cace7a696b52ff5db9e095?s=96&d=mm&r=g","contentUrl":"https:\/\/secure.gravatar.com\/avatar\/c4ca25fa72cace7a696b52ff5db9e095?s=96&d=mm&r=g","caption":"hudo"},"url":"https:\/\/hudo.com\/si\/author\/hudo\/"}]}},"amp_enabled":true,"_links":{"self":[{"href":"https:\/\/hudo.com\/si\/wp-json\/wp\/v2\/posts\/156856"}],"collection":[{"href":"https:\/\/hudo.com\/si\/wp-json\/wp\/v2\/posts"}],"about":[{"href":"https:\/\/hudo.com\/si\/wp-json\/wp\/v2\/types\/post"}],"author":[{"embeddable":true,"href":"https:\/\/hudo.com\/si\/wp-json\/wp\/v2\/users\/1"}],"replies":[{"embeddable":true,"href":"https:\/\/hudo.com\/si\/wp-json\/wp\/v2\/comments?post=156856"}],"version-history":[{"count":1,"href":"https:\/\/hudo.com\/si\/wp-json\/wp\/v2\/posts\/156856\/revisions"}],"predecessor-version":[{"id":157183,"href":"https:\/\/hudo.com\/si\/wp-json\/wp\/v2\/posts\/156856\/revisions\/157183"}],"wp:attachment":[{"href":"https:\/\/hudo.com\/si\/wp-json\/wp\/v2\/media?parent=156856"}],"wp:term":[{"taxonomy":"category","embeddable":true,"href":"https:\/\/hudo.com\/si\/wp-json\/wp\/v2\/categories?post=156856"},{"taxonomy":"post_tag","embeddable":true,"href":"https:\/\/hudo.com\/si\/wp-json\/wp\/v2\/tags?post=156856"},{"taxonomy":"source","embeddable":true,"href":"https:\/\/hudo.com\/si\/wp-json\/wp\/v2\/source?post=156856"},{"taxonomy":"supertag","embeddable":true,"href":"https:\/\/hudo.com\/si\/wp-json\/wp\/v2\/supertag?post=156856"}],"curies":[{"name":"wp","href":"https:\/\/api.w.org\/{rel}","templated":true}]}}