{"id":156869,"date":"2016-10-18T08:40:00","date_gmt":"2016-10-18T06:40:00","guid":{"rendered":"http:\/\/hudo.com\/si\/2016\/10\/18\/malmstromova-glede-cete-danes-verjetno-se-brez-odlocitve-valonci-ostajajo-skepticni\/"},"modified":"2016-10-18T08:40:00","modified_gmt":"2016-10-18T06:40:00","slug":"malmstromova-glede-cete-danes-verjetno-se-brez-odlocitve-valonci-ostajajo-skepticni","status":"publish","type":"post","link":"https:\/\/hudo.com\/si\/aktualno\/malmstromova-glede-cete-danes-verjetno-se-brez-odlocitve-valonci-ostajajo-skepticni\/","title":{"rendered":"Malmstr\u00f6mova glede Cete: Danes verjetno \u0161e brez odlo\u010ditve; Valonci ostajajo skepti\u010dni"},"content":{"rendered":"<p>Evropska komisarka za trgovino Cecilia Malmstr\u00f6m je priznala, da med dr\u017eavami \u010dlanicami \u0161e ni soglasja glede trgovinskega sporazuma s Kanado (Ceta) in da danes morda \u0161e ne bo mogo\u010de sprejeti odlo\u010ditve. Kljub temu, da verjame v re\u0161itev, je postavila pod vpra\u0161aj vrh EU in Kanade prihodnji teden, \u010de osemidvajseterica do takrat ne bo dosegla dogovora. &#8220;Nismo \u0161e povsem tam,&#8221; je dejala Malmstr\u00f6mova ob prihodu na izredno zasedanje ministrov za trgovino EU v Luxembourgu, na katerem naj bi pri\u017egali zeleno lu\u010d podpisu sporazuma. &#8220;Nisem prepri\u010dana, da bomo danes lahko sprejeli odlo\u010ditev,&#8221; je povedala in ob tem izrazila upanje, da bo do odlo\u010ditve vendarle kmalu pri\u0161lo.  \u0160e vedno so nekatere dr\u017eave ali deli dr\u017eav, ki se obotavljajo, je pojasnila. Ob tem je spomnila, da mora biti odlo\u010ditev glede podpisa sporazuma soglasna.  Parlament belgijske regije Valonije se je minuli teden odlo\u010dil, da ne bo dal soglasja k podpisu Cete. Belgijska zvezna vlada potrebuje za podpis Cete privolitev vseh petih regionalnih parlamentov.  Po besedah Malmstr\u00f6move so bili v minulih dneh v stalnih stikih z Valonci kot tudi z belgijsko vlado, da bi naslovili njihove zadr\u017eke. Pri tem je nakazala mo\u017enost, da bi lahko v skupni razlagalni izjavi, ki je bila dodana k sporazumu z namenom nasloviti vsa odprta vpra\u0161anja in zadr\u017eke dr\u017eav \u010dlanic, omenili tudi pomisleke Valoncev.  Malmstr\u00f6mova sicer ostaja optimistka. Prepri\u010dana je, da bodo na koncu na\u0161li re\u0161itev. \u010ce ne moremo podpisati zelo dobrega sporazuma s Kanado, ki je blizu evropskim vrednotam, potem se bo preostali svet vpra\u0161al, ali je Evropa zanesljiv partner, je ponovila \u017ee ve\u010dkrat izre\u010dene besede.  Na vpra\u0161anje, kdaj je zadnji rok za dogovor o podpisu sporazuma, je komisarka dejala, da takrat, ko bo kanadski premier Justin Trudeau rezerviral letalsko karto za prihod na vrh EU in Kanade 27. oktobra. A \u010de osemindvajseterica ne bo zmo\u017ena dose\u010di soglasja glede podpisa, potem tudi ne bo vrha.  &#8220;Ni lahko, nas je osemindvajset, imamo po\u010dasne postopke,&#8221; je ob te<\/p>\n","protected":false},"excerpt":{"rendered":"<p>Evropska komisarka za trgovino Cecilia Malmstr\u00f6m je priznala, da med dr\u017eavami \u010dlanicami \u0161e ni soglasja glede trgovinskega sporazuma s Kanado (Ceta) in da danes morda \u0161e ne bo mogo\u010de sprejeti odlo\u010ditve. Kljub temu, da verjame v re\u0161itev, je postavila pod vpra\u0161aj vrh EU in Kanade prihodnji teden, \u010de osemidvajseterica do takrat ne bo dosegla dogovora. &#8220;Nismo \u0161e povsem tam,&#8221; je dejala Malmstr\u00f6mova ob prihodu na izredno zasedanje ministrov za trgovino EU v Luxembourgu, na katerem naj bi pri\u017egali zeleno lu\u010d podpisu sporazuma. &#8220;Nisem prepri\u010dana, da bomo danes lahko sprejeli odlo\u010ditev,&#8221; je povedala in ob tem izrazila upanje, da bo do odlo\u010ditve vendarle kmalu pri\u0161lo.  \u0160e vedno so nekatere dr\u017eave ali deli dr\u017eav, ki se obotavljajo, je pojasnila. Ob tem je spomnila, da mora biti odlo\u010ditev glede podpisa sporazuma soglasna.  Parlament belgijske regije Valonije se je minuli teden odlo\u010dil, da ne bo dal soglasja k podpisu Cete. Belgijska zvezna vlada potrebuje za podpis Cete privolitev vseh petih regionalnih parlamentov.  Po besedah Malmstr\u00f6move so bili v minulih dneh v stalnih stikih z Valonci kot tudi z belgijsko vlado, da bi naslovili njihove zadr\u017eke. Pri tem je nakazala mo\u017enost, da bi lahko v skupni razlagalni izjavi, ki je bila dodana k sporazumu z namenom nasloviti vsa odprta vpra\u0161anja in zadr\u017eke dr\u017eav \u010dlanic, omenili tudi pomisleke Valoncev.  Malmstr\u00f6mova sicer ostaja optimistka. Prepri\u010dana je, da bodo na koncu na\u0161li re\u0161itev. \u010ce ne moremo podpisati zelo dobrega sporazuma s Kanado, ki je blizu evropskim vrednotam, potem se bo preostali svet vpra\u0161al, ali je Evropa zanesljiv partner, je ponovila \u017ee ve\u010dkrat izre\u010dene besede.  Na vpra\u0161anje, kdaj je zadnji rok za dogovor o podpisu sporazuma, je komisarka dejala, da takrat, ko bo kanadski premier Justin Trudeau rezerviral letalsko karto za prihod na vrh EU in Kanade 27. oktobra. A \u010de osemindvajseterica ne bo zmo\u017ena dose\u010di soglasja glede podpisa, potem tudi ne bo vrha.  &#8220;Ni lahko, nas je osemindvajset, imamo po\u010dasne postopke,&#8221; je ob te<\/p>\n","protected":false},"author":1,"featured_media":0,"comment_status":"closed","ping_status":"closed","sticky":false,"template":"","format":"standard","meta":{"footnotes":""},"categories":[1179],"tags":[],"source":[1711],"supertag":[],"acf":[],"yoast_head":"<!-- This site is optimized with the Yoast SEO plugin v21.3 - https:\/\/yoast.com\/wordpress\/plugins\/seo\/ -->\n<title>Malmstr\u00f6mova glede Cete: Danes verjetno \u0161e brez odlo\u010ditve; Valonci ostajajo skepti\u010dni - Hudo Slovenija<\/title>\n<meta name=\"robots\" content=\"index, follow, max-snippet:-1, max-image-preview:large, max-video-preview:-1\" \/>\n<link rel=\"canonical\" href=\"https:\/\/hudo.com\/si\/aktualno\/malmstromova-glede-cete-danes-verjetno-se-brez-odlocitve-valonci-ostajajo-skepticni\/\" \/>\n<meta property=\"og:locale\" content=\"sl_SI\" \/>\n<meta property=\"og:type\" content=\"article\" \/>\n<meta property=\"og:title\" content=\"Malmstr\u00f6mova glede Cete: Danes verjetno \u0161e brez odlo\u010ditve; Valonci ostajajo skepti\u010dni - Hudo Slovenija\" \/>\n<meta property=\"og:description\" content=\"Evropska komisarka za trgovino Cecilia Malmstr\u00f6m je priznala, da med dr\u017eavami \u010dlanicami \u0161e ni soglasja glede trgovinskega sporazuma s Kanado (Ceta) in da danes morda \u0161e ne bo mogo\u010de sprejeti odlo\u010ditve. Kljub temu, da verjame v re\u0161itev, je postavila pod vpra\u0161aj vrh EU in Kanade prihodnji teden, \u010de osemidvajseterica do takrat ne bo dosegla dogovora. &quot;Nismo \u0161e povsem tam,&quot; je dejala Malmstr\u00f6mova ob prihodu na izredno zasedanje ministrov za trgovino EU v Luxembourgu, na katerem naj bi pri\u017egali zeleno lu\u010d podpisu sporazuma. &quot;Nisem prepri\u010dana, da bomo danes lahko sprejeli odlo\u010ditev,&quot; je povedala in ob tem izrazila upanje, da bo do odlo\u010ditve vendarle kmalu pri\u0161lo. \u0160e vedno so nekatere dr\u017eave ali deli dr\u017eav, ki se obotavljajo, je pojasnila. Ob tem je spomnila, da mora biti odlo\u010ditev glede podpisa sporazuma soglasna. Parlament belgijske regije Valonije se je minuli teden odlo\u010dil, da ne bo dal soglasja k podpisu Cete. Belgijska zvezna vlada potrebuje za podpis Cete privolitev vseh petih regionalnih parlamentov. Po besedah Malmstr\u00f6move so bili v minulih dneh v stalnih stikih z Valonci kot tudi z belgijsko vlado, da bi naslovili njihove zadr\u017eke. Pri tem je nakazala mo\u017enost, da bi lahko v skupni razlagalni izjavi, ki je bila dodana k sporazumu z namenom nasloviti vsa odprta vpra\u0161anja in zadr\u017eke dr\u017eav \u010dlanic, omenili tudi pomisleke Valoncev. Malmstr\u00f6mova sicer ostaja optimistka. Prepri\u010dana je, da bodo na koncu na\u0161li re\u0161itev. \u010ce ne moremo podpisati zelo dobrega sporazuma s Kanado, ki je blizu evropskim vrednotam, potem se bo preostali svet vpra\u0161al, ali je Evropa zanesljiv partner, je ponovila \u017ee ve\u010dkrat izre\u010dene besede. Na vpra\u0161anje, kdaj je zadnji rok za dogovor o podpisu sporazuma, je komisarka dejala, da takrat, ko bo kanadski premier Justin Trudeau rezerviral letalsko karto za prihod na vrh EU in Kanade 27. oktobra. A \u010de osemindvajseterica ne bo zmo\u017ena dose\u010di soglasja glede podpisa, potem tudi ne bo vrha. &quot;Ni lahko, nas je osemindvajset, imamo po\u010dasne postopke,&quot; je ob te\" \/>\n<meta property=\"og:url\" content=\"https:\/\/hudo.com\/si\/aktualno\/malmstromova-glede-cete-danes-verjetno-se-brez-odlocitve-valonci-ostajajo-skepticni\/\" \/>\n<meta property=\"og:site_name\" content=\"Hudo Slovenija\" \/>\n<meta property=\"article:publisher\" content=\"https:\/\/www.facebook.com\/hudo.si\" \/>\n<meta property=\"article:published_time\" content=\"2016-10-18T06:40:00+00:00\" \/>\n<meta property=\"og:image\" content=\"https:\/\/hudo.com\/si\/wp-content\/uploads\/sites\/2\/2016\/10\/01515060F-300.jpg\" \/>\n\t<meta property=\"og:image:width\" content=\"450\" \/>\n\t<meta property=\"og:image:height\" content=\"309\" \/>\n\t<meta property=\"og:image:type\" content=\"image\/jpeg\" \/>\n<meta name=\"author\" content=\"hudo\" \/>\n<meta name=\"twitter:card\" content=\"summary_large_image\" \/>\n<meta name=\"twitter:creator\" content=\"@hudo_si\" \/>\n<meta name=\"twitter:site\" content=\"@hudo_si\" \/>\n<meta name=\"twitter:label1\" content=\"Written by\" \/>\n\t<meta name=\"twitter:data1\" content=\"hudo\" \/>\n\t<meta name=\"twitter:label2\" content=\"Est. reading time\" \/>\n\t<meta name=\"twitter:data2\" content=\"2 minuti\" \/>\n<script type=\"application\/ld+json\" class=\"yoast-schema-graph\">{\"@context\":\"https:\/\/schema.org\",\"@graph\":[{\"@type\":\"Article\",\"@id\":\"https:\/\/hudo.com\/si\/aktualno\/malmstromova-glede-cete-danes-verjetno-se-brez-odlocitve-valonci-ostajajo-skepticni\/#article\",\"isPartOf\":{\"@id\":\"https:\/\/hudo.com\/si\/aktualno\/malmstromova-glede-cete-danes-verjetno-se-brez-odlocitve-valonci-ostajajo-skepticni\/\"},\"author\":{\"name\":\"hudo\",\"@id\":\"https:\/\/hudo.com\/si\/#\/schema\/person\/601cf3379633985b20f7e50f2bb47707\"},\"headline\":\"Malmstr\u00f6mova glede Cete: Danes verjetno \u0161e brez odlo\u010ditve; Valonci ostajajo skepti\u010dni\",\"datePublished\":\"2016-10-18T06:40:00+00:00\",\"dateModified\":\"2016-10-18T06:40:00+00:00\",\"mainEntityOfPage\":{\"@id\":\"https:\/\/hudo.com\/si\/aktualno\/malmstromova-glede-cete-danes-verjetno-se-brez-odlocitve-valonci-ostajajo-skepticni\/\"},\"wordCount\":362,\"publisher\":{\"@id\":\"https:\/\/hudo.com\/si\/#organization\"},\"articleSection\":[\"Aktualno\"],\"inLanguage\":\"sl-SI\"},{\"@type\":\"WebPage\",\"@id\":\"https:\/\/hudo.com\/si\/aktualno\/malmstromova-glede-cete-danes-verjetno-se-brez-odlocitve-valonci-ostajajo-skepticni\/\",\"url\":\"https:\/\/hudo.com\/si\/aktualno\/malmstromova-glede-cete-danes-verjetno-se-brez-odlocitve-valonci-ostajajo-skepticni\/\",\"name\":\"Malmstr\u00f6mova glede Cete: Danes verjetno \u0161e brez odlo\u010ditve; Valonci ostajajo skepti\u010dni - Hudo Slovenija\",\"isPartOf\":{\"@id\":\"https:\/\/hudo.com\/si\/#website\"},\"datePublished\":\"2016-10-18T06:40:00+00:00\",\"dateModified\":\"2016-10-18T06:40:00+00:00\",\"breadcrumb\":{\"@id\":\"https:\/\/hudo.com\/si\/aktualno\/malmstromova-glede-cete-danes-verjetno-se-brez-odlocitve-valonci-ostajajo-skepticni\/#breadcrumb\"},\"inLanguage\":\"sl-SI\",\"potentialAction\":[{\"@type\":\"ReadAction\",\"target\":[\"https:\/\/hudo.com\/si\/aktualno\/malmstromova-glede-cete-danes-verjetno-se-brez-odlocitve-valonci-ostajajo-skepticni\/\"]}]},{\"@type\":\"BreadcrumbList\",\"@id\":\"https:\/\/hudo.com\/si\/aktualno\/malmstromova-glede-cete-danes-verjetno-se-brez-odlocitve-valonci-ostajajo-skepticni\/#breadcrumb\",\"itemListElement\":[{\"@type\":\"ListItem\",\"position\":1,\"name\":\"Home\",\"item\":\"https:\/\/hudo.com\/si\/\"},{\"@type\":\"ListItem\",\"position\":2,\"name\":\"Malmstr\u00f6mova glede Cete: Danes verjetno \u0161e brez odlo\u010ditve; Valonci ostajajo skepti\u010dni\"}]},{\"@type\":\"WebSite\",\"@id\":\"https:\/\/hudo.com\/si\/#website\",\"url\":\"https:\/\/hudo.com\/si\/\",\"name\":\"Hudo Slovenija\",\"description\":\"Vse novice iz Slovenije in sveta\",\"publisher\":{\"@id\":\"https:\/\/hudo.com\/si\/#organization\"},\"potentialAction\":[{\"@type\":\"SearchAction\",\"target\":{\"@type\":\"EntryPoint\",\"urlTemplate\":\"https:\/\/hudo.com\/si\/?s={search_term_string}\"},\"query-input\":\"required name=search_term_string\"}],\"inLanguage\":\"sl-SI\"},{\"@type\":\"Organization\",\"@id\":\"https:\/\/hudo.com\/si\/#organization\",\"name\":\"VSN Media\",\"url\":\"https:\/\/hudo.com\/si\/\",\"logo\":{\"@type\":\"ImageObject\",\"inLanguage\":\"sl-SI\",\"@id\":\"https:\/\/hudo.com\/si\/#\/schema\/logo\/image\/\",\"url\":\"https:\/\/hudo.com\/si\/wp-content\/uploads\/sites\/2\/2021\/03\/hudo-app-2.png\",\"contentUrl\":\"https:\/\/hudo.com\/si\/wp-content\/uploads\/sites\/2\/2021\/03\/hudo-app-2.png\",\"width\":2185,\"height\":2167,\"caption\":\"VSN Media\"},\"image\":{\"@id\":\"https:\/\/hudo.com\/si\/#\/schema\/logo\/image\/\"},\"sameAs\":[\"https:\/\/www.facebook.com\/hudo.si\",\"https:\/\/twitter.com\/hudo_si\"]},{\"@type\":\"Person\",\"@id\":\"https:\/\/hudo.com\/si\/#\/schema\/person\/601cf3379633985b20f7e50f2bb47707\",\"name\":\"hudo\",\"image\":{\"@type\":\"ImageObject\",\"inLanguage\":\"sl-SI\",\"@id\":\"https:\/\/hudo.com\/si\/#\/schema\/person\/image\/\",\"url\":\"https:\/\/secure.gravatar.com\/avatar\/c4ca25fa72cace7a696b52ff5db9e095?s=96&d=mm&r=g\",\"contentUrl\":\"https:\/\/secure.gravatar.com\/avatar\/c4ca25fa72cace7a696b52ff5db9e095?s=96&d=mm&r=g\",\"caption\":\"hudo\"},\"url\":\"https:\/\/hudo.com\/si\/author\/hudo\/\"}]}<\/script>\n<!-- \/ Yoast SEO plugin. -->","yoast_head_json":{"title":"Malmstr\u00f6mova glede Cete: Danes verjetno \u0161e brez odlo\u010ditve; Valonci ostajajo skepti\u010dni - Hudo Slovenija","robots":{"index":"index","follow":"follow","max-snippet":"max-snippet:-1","max-image-preview":"max-image-preview:large","max-video-preview":"max-video-preview:-1"},"canonical":"https:\/\/hudo.com\/si\/aktualno\/malmstromova-glede-cete-danes-verjetno-se-brez-odlocitve-valonci-ostajajo-skepticni\/","og_locale":"sl_SI","og_type":"article","og_title":"Malmstr\u00f6mova glede Cete: Danes verjetno \u0161e brez odlo\u010ditve; Valonci ostajajo skepti\u010dni - Hudo Slovenija","og_description":"Evropska komisarka za trgovino Cecilia Malmstr\u00f6m je priznala, da med dr\u017eavami \u010dlanicami \u0161e ni soglasja glede trgovinskega sporazuma s Kanado (Ceta) in da danes morda \u0161e ne bo mogo\u010de sprejeti odlo\u010ditve. Kljub temu, da verjame v re\u0161itev, je postavila pod vpra\u0161aj vrh EU in Kanade prihodnji teden, \u010de osemidvajseterica do takrat ne bo dosegla dogovora. \"Nismo \u0161e povsem tam,\" je dejala Malmstr\u00f6mova ob prihodu na izredno zasedanje ministrov za trgovino EU v Luxembourgu, na katerem naj bi pri\u017egali zeleno lu\u010d podpisu sporazuma. \"Nisem prepri\u010dana, da bomo danes lahko sprejeli odlo\u010ditev,\" je povedala in ob tem izrazila upanje, da bo do odlo\u010ditve vendarle kmalu pri\u0161lo. \u0160e vedno so nekatere dr\u017eave ali deli dr\u017eav, ki se obotavljajo, je pojasnila. Ob tem je spomnila, da mora biti odlo\u010ditev glede podpisa sporazuma soglasna. Parlament belgijske regije Valonije se je minuli teden odlo\u010dil, da ne bo dal soglasja k podpisu Cete. Belgijska zvezna vlada potrebuje za podpis Cete privolitev vseh petih regionalnih parlamentov. Po besedah Malmstr\u00f6move so bili v minulih dneh v stalnih stikih z Valonci kot tudi z belgijsko vlado, da bi naslovili njihove zadr\u017eke. Pri tem je nakazala mo\u017enost, da bi lahko v skupni razlagalni izjavi, ki je bila dodana k sporazumu z namenom nasloviti vsa odprta vpra\u0161anja in zadr\u017eke dr\u017eav \u010dlanic, omenili tudi pomisleke Valoncev. Malmstr\u00f6mova sicer ostaja optimistka. Prepri\u010dana je, da bodo na koncu na\u0161li re\u0161itev. \u010ce ne moremo podpisati zelo dobrega sporazuma s Kanado, ki je blizu evropskim vrednotam, potem se bo preostali svet vpra\u0161al, ali je Evropa zanesljiv partner, je ponovila \u017ee ve\u010dkrat izre\u010dene besede. Na vpra\u0161anje, kdaj je zadnji rok za dogovor o podpisu sporazuma, je komisarka dejala, da takrat, ko bo kanadski premier Justin Trudeau rezerviral letalsko karto za prihod na vrh EU in Kanade 27. oktobra. A \u010de osemindvajseterica ne bo zmo\u017ena dose\u010di soglasja glede podpisa, potem tudi ne bo vrha. \"Ni lahko, nas je osemindvajset, imamo po\u010dasne postopke,\" je ob te","og_url":"https:\/\/hudo.com\/si\/aktualno\/malmstromova-glede-cete-danes-verjetno-se-brez-odlocitve-valonci-ostajajo-skepticni\/","og_site_name":"Hudo Slovenija","article_publisher":"https:\/\/www.facebook.com\/hudo.si","article_published_time":"2016-10-18T06:40:00+00:00","og_image":[{"width":450,"height":309,"url":"https:\/\/hudo.com\/si\/wp-content\/uploads\/sites\/2\/2016\/10\/01515060F-300.jpg","type":"image\/jpeg"}],"author":"hudo","twitter_card":"summary_large_image","twitter_creator":"@hudo_si","twitter_site":"@hudo_si","twitter_misc":{"Written by":"hudo","Est. reading time":"2 minuti"},"schema":{"@context":"https:\/\/schema.org","@graph":[{"@type":"Article","@id":"https:\/\/hudo.com\/si\/aktualno\/malmstromova-glede-cete-danes-verjetno-se-brez-odlocitve-valonci-ostajajo-skepticni\/#article","isPartOf":{"@id":"https:\/\/hudo.com\/si\/aktualno\/malmstromova-glede-cete-danes-verjetno-se-brez-odlocitve-valonci-ostajajo-skepticni\/"},"author":{"name":"hudo","@id":"https:\/\/hudo.com\/si\/#\/schema\/person\/601cf3379633985b20f7e50f2bb47707"},"headline":"Malmstr\u00f6mova glede Cete: Danes verjetno \u0161e brez odlo\u010ditve; Valonci ostajajo skepti\u010dni","datePublished":"2016-10-18T06:40:00+00:00","dateModified":"2016-10-18T06:40:00+00:00","mainEntityOfPage":{"@id":"https:\/\/hudo.com\/si\/aktualno\/malmstromova-glede-cete-danes-verjetno-se-brez-odlocitve-valonci-ostajajo-skepticni\/"},"wordCount":362,"publisher":{"@id":"https:\/\/hudo.com\/si\/#organization"},"articleSection":["Aktualno"],"inLanguage":"sl-SI"},{"@type":"WebPage","@id":"https:\/\/hudo.com\/si\/aktualno\/malmstromova-glede-cete-danes-verjetno-se-brez-odlocitve-valonci-ostajajo-skepticni\/","url":"https:\/\/hudo.com\/si\/aktualno\/malmstromova-glede-cete-danes-verjetno-se-brez-odlocitve-valonci-ostajajo-skepticni\/","name":"Malmstr\u00f6mova glede Cete: Danes verjetno \u0161e brez odlo\u010ditve; Valonci ostajajo skepti\u010dni - Hudo Slovenija","isPartOf":{"@id":"https:\/\/hudo.com\/si\/#website"},"datePublished":"2016-10-18T06:40:00+00:00","dateModified":"2016-10-18T06:40:00+00:00","breadcrumb":{"@id":"https:\/\/hudo.com\/si\/aktualno\/malmstromova-glede-cete-danes-verjetno-se-brez-odlocitve-valonci-ostajajo-skepticni\/#breadcrumb"},"inLanguage":"sl-SI","potentialAction":[{"@type":"ReadAction","target":["https:\/\/hudo.com\/si\/aktualno\/malmstromova-glede-cete-danes-verjetno-se-brez-odlocitve-valonci-ostajajo-skepticni\/"]}]},{"@type":"BreadcrumbList","@id":"https:\/\/hudo.com\/si\/aktualno\/malmstromova-glede-cete-danes-verjetno-se-brez-odlocitve-valonci-ostajajo-skepticni\/#breadcrumb","itemListElement":[{"@type":"ListItem","position":1,"name":"Home","item":"https:\/\/hudo.com\/si\/"},{"@type":"ListItem","position":2,"name":"Malmstr\u00f6mova glede Cete: Danes verjetno \u0161e brez odlo\u010ditve; Valonci ostajajo skepti\u010dni"}]},{"@type":"WebSite","@id":"https:\/\/hudo.com\/si\/#website","url":"https:\/\/hudo.com\/si\/","name":"Hudo Slovenija","description":"Vse novice iz Slovenije in sveta","publisher":{"@id":"https:\/\/hudo.com\/si\/#organization"},"potentialAction":[{"@type":"SearchAction","target":{"@type":"EntryPoint","urlTemplate":"https:\/\/hudo.com\/si\/?s={search_term_string}"},"query-input":"required name=search_term_string"}],"inLanguage":"sl-SI"},{"@type":"Organization","@id":"https:\/\/hudo.com\/si\/#organization","name":"VSN Media","url":"https:\/\/hudo.com\/si\/","logo":{"@type":"ImageObject","inLanguage":"sl-SI","@id":"https:\/\/hudo.com\/si\/#\/schema\/logo\/image\/","url":"https:\/\/hudo.com\/si\/wp-content\/uploads\/sites\/2\/2021\/03\/hudo-app-2.png","contentUrl":"https:\/\/hudo.com\/si\/wp-content\/uploads\/sites\/2\/2021\/03\/hudo-app-2.png","width":2185,"height":2167,"caption":"VSN Media"},"image":{"@id":"https:\/\/hudo.com\/si\/#\/schema\/logo\/image\/"},"sameAs":["https:\/\/www.facebook.com\/hudo.si","https:\/\/twitter.com\/hudo_si"]},{"@type":"Person","@id":"https:\/\/hudo.com\/si\/#\/schema\/person\/601cf3379633985b20f7e50f2bb47707","name":"hudo","image":{"@type":"ImageObject","inLanguage":"sl-SI","@id":"https:\/\/hudo.com\/si\/#\/schema\/person\/image\/","url":"https:\/\/secure.gravatar.com\/avatar\/c4ca25fa72cace7a696b52ff5db9e095?s=96&d=mm&r=g","contentUrl":"https:\/\/secure.gravatar.com\/avatar\/c4ca25fa72cace7a696b52ff5db9e095?s=96&d=mm&r=g","caption":"hudo"},"url":"https:\/\/hudo.com\/si\/author\/hudo\/"}]}},"amp_enabled":true,"_links":{"self":[{"href":"https:\/\/hudo.com\/si\/wp-json\/wp\/v2\/posts\/156869"}],"collection":[{"href":"https:\/\/hudo.com\/si\/wp-json\/wp\/v2\/posts"}],"about":[{"href":"https:\/\/hudo.com\/si\/wp-json\/wp\/v2\/types\/post"}],"author":[{"embeddable":true,"href":"https:\/\/hudo.com\/si\/wp-json\/wp\/v2\/users\/1"}],"replies":[{"embeddable":true,"href":"https:\/\/hudo.com\/si\/wp-json\/wp\/v2\/comments?post=156869"}],"version-history":[{"count":0,"href":"https:\/\/hudo.com\/si\/wp-json\/wp\/v2\/posts\/156869\/revisions"}],"wp:attachment":[{"href":"https:\/\/hudo.com\/si\/wp-json\/wp\/v2\/media?parent=156869"}],"wp:term":[{"taxonomy":"category","embeddable":true,"href":"https:\/\/hudo.com\/si\/wp-json\/wp\/v2\/categories?post=156869"},{"taxonomy":"post_tag","embeddable":true,"href":"https:\/\/hudo.com\/si\/wp-json\/wp\/v2\/tags?post=156869"},{"taxonomy":"source","embeddable":true,"href":"https:\/\/hudo.com\/si\/wp-json\/wp\/v2\/source?post=156869"},{"taxonomy":"supertag","embeddable":true,"href":"https:\/\/hudo.com\/si\/wp-json\/wp\/v2\/supertag?post=156869"}],"curies":[{"name":"wp","href":"https:\/\/api.w.org\/{rel}","templated":true}]}}