{"id":157013,"date":"2016-10-18T04:00:00","date_gmt":"2016-10-18T02:00:00","guid":{"rendered":"http:\/\/hudo.com\/si\/2016\/10\/18\/postavljen-pred-ultimat-vujovic-izbral-slovenijo\/"},"modified":"2016-10-19T00:47:38","modified_gmt":"2016-10-18T22:47:38","slug":"postavljen-pred-ultimat-vujovic-izbral-slovenijo","status":"publish","type":"post","link":"https:\/\/hudo.com\/si\/aktualno\/postavljen-pred-ultimat-vujovic-izbral-slovenijo\/","title":{"rendered":"Postavljen pred ultimat, Vujovi\u0107 izbral Slovenijo"},"content":{"rendered":"<p>Kategorija: Rokomet Tue, 18 Oct 2016 06:00:00 +0200  Zagreb, Velenje \u2013 Selektor slovenskih rokometa\u0161ev Veselin Vujovi\u0107 zaradi slabega \u0161tarta v sezono ni ve\u010d trener Zagreba in ni skrivnost, da mu Franjo Bobinac, veliki \u0161ef Gorenja in predsednik RZS, j\u00e9 iz roke. Bo karizmati\u010dni \u00bbVuja\u00ab pri\u0161el v Velenje in sku\u0161al s kne\u017ejega kamna vre\u010di celjskega osvajalca Branka Tam\u0161eta? Ni\u010d ni izklju\u010denega, se sli\u0161i iz Rde\u010de dvorane.Vujovi\u0107evi mladi \u00bblevi\u00ab so bili v prej\u0161njih dveh sezonah hit lige prvakov. Dvakrat so se prebili med najbolj\u0161o osmerico ter Zagreb\u010dane po dolgem \u010dasu spet navdu\u0161ili za rokomet. Toda na za\u010detku nove sezone jim ni \u0161lo prav ni\u010d ve\u010d od rok. Razlog je mogo\u010de tudi najti v tem, da je bil Vujovi\u0107 kot selektor Slovenije zaradi nastopa na OI v Riu vso poletje odsoten in se je \u0161ele tik pred \u0161tartom sezone pridru\u017eil ekipi.\u00a0&#8230;<\/p>\n","protected":false},"excerpt":{"rendered":"<p>Kategorija: Rokomet Tue, 18 Oct 2016 06:00:00 +0200  Zagreb, Velenje \u2013 Selektor slovenskih rokometa\u0161ev Veselin Vujovi\u0107 zaradi slabega \u0161tarta v sezono ni ve\u010d trener Zagreba in ni skrivnost, da mu Franjo Bobinac, veliki \u0161ef Gorenja in predsednik RZS, j\u00e9 iz roke. Bo karizmati\u010dni \u00bbVuja\u00ab pri\u0161el v Velenje in sku\u0161al s kne\u017ejega kamna vre\u010di celjskega osvajalca Branka Tam\u0161eta? Ni\u010d ni izklju\u010denega, se sli\u0161i iz Rde\u010de dvorane.Vujovi\u0107evi mladi \u00bblevi\u00ab so bili v prej\u0161njih dveh sezonah hit lige prvakov. Dvakrat so se prebili med najbolj\u0161o osmerico ter Zagreb\u010dane po dolgem \u010dasu spet navdu\u0161ili za rokomet. Toda na za\u010detku nove sezone jim ni \u0161lo prav ni\u010d ve\u010d od rok. Razlog je mogo\u010de tudi najti v tem, da je bil Vujovi\u0107 kot selektor Slovenije zaradi nastopa na OI v Riu vso poletje odsoten in se je \u0161ele tik pred \u0161tartom sezone pridru\u017eil ekipi.\u00a0&#8230;<\/p>\n","protected":false},"author":1,"featured_media":0,"comment_status":"closed","ping_status":"closed","sticky":false,"template":"","format":"standard","meta":{"footnotes":""},"categories":[1179],"tags":[],"source":[1703],"supertag":[],"acf":[],"yoast_head":"<!-- This site is optimized with the Yoast SEO plugin v21.3 - https:\/\/yoast.com\/wordpress\/plugins\/seo\/ -->\n<title>Postavljen pred ultimat, Vujovi\u0107 izbral Slovenijo - Hudo Slovenija<\/title>\n<meta name=\"robots\" content=\"index, follow, max-snippet:-1, max-image-preview:large, max-video-preview:-1\" \/>\n<link rel=\"canonical\" href=\"https:\/\/hudo.com\/si\/aktualno\/postavljen-pred-ultimat-vujovic-izbral-slovenijo\/\" \/>\n<meta property=\"og:locale\" content=\"sl_SI\" \/>\n<meta property=\"og:type\" content=\"article\" \/>\n<meta property=\"og:title\" content=\"Postavljen pred ultimat, Vujovi\u0107 izbral Slovenijo - Hudo Slovenija\" \/>\n<meta property=\"og:description\" content=\"Kategorija: Rokomet Tue, 18 Oct 2016 06:00:00 +0200 Zagreb, Velenje \u2013 Selektor slovenskih rokometa\u0161ev Veselin Vujovi\u0107 zaradi slabega \u0161tarta v sezono ni ve\u010d trener Zagreba in ni skrivnost, da mu Franjo Bobinac, veliki \u0161ef Gorenja in predsednik RZS, j\u00e9 iz roke. Bo karizmati\u010dni \u00bbVuja\u00ab pri\u0161el v Velenje in sku\u0161al s kne\u017ejega kamna vre\u010di celjskega osvajalca Branka Tam\u0161eta? Ni\u010d ni izklju\u010denega, se sli\u0161i iz Rde\u010de dvorane.Vujovi\u0107evi mladi \u00bblevi\u00ab so bili v prej\u0161njih dveh sezonah hit lige prvakov. Dvakrat so se prebili med najbolj\u0161o osmerico ter Zagreb\u010dane po dolgem \u010dasu spet navdu\u0161ili za rokomet. Toda na za\u010detku nove sezone jim ni \u0161lo prav ni\u010d ve\u010d od rok. Razlog je mogo\u010de tudi najti v tem, da je bil Vujovi\u0107 kot selektor Slovenije zaradi nastopa na OI v Riu vso poletje odsoten in se je \u0161ele tik pred \u0161tartom sezone pridru\u017eil ekipi.\u00a0...\" \/>\n<meta property=\"og:url\" content=\"https:\/\/hudo.com\/si\/aktualno\/postavljen-pred-ultimat-vujovic-izbral-slovenijo\/\" \/>\n<meta property=\"og:site_name\" content=\"Hudo Slovenija\" \/>\n<meta property=\"article:publisher\" content=\"https:\/\/www.facebook.com\/hudo.si\" \/>\n<meta property=\"article:published_time\" content=\"2016-10-18T02:00:00+00:00\" \/>\n<meta property=\"article:modified_time\" content=\"2016-10-18T22:47:38+00:00\" \/>\n<meta property=\"og:image\" content=\"https:\/\/hudo.com\/si\/wp-content\/uploads\/sites\/2\/2016\/10\/480x290_Sport__djvu_2397811_zalokar_hires0.jpeg\" \/>\n\t<meta property=\"og:image:width\" content=\"480\" \/>\n\t<meta property=\"og:image:height\" content=\"290\" \/>\n\t<meta property=\"og:image:type\" content=\"image\/jpeg\" \/>\n<meta name=\"author\" content=\"hudo\" \/>\n<meta name=\"twitter:card\" content=\"summary_large_image\" \/>\n<meta name=\"twitter:creator\" content=\"@hudo_si\" \/>\n<meta name=\"twitter:site\" content=\"@hudo_si\" \/>\n<meta name=\"twitter:label1\" content=\"Written by\" \/>\n\t<meta name=\"twitter:data1\" content=\"hudo\" \/>\n\t<meta name=\"twitter:label2\" content=\"Est. reading time\" \/>\n\t<meta name=\"twitter:data2\" content=\"1 minuta\" \/>\n<script type=\"application\/ld+json\" class=\"yoast-schema-graph\">{\"@context\":\"https:\/\/schema.org\",\"@graph\":[{\"@type\":\"Article\",\"@id\":\"https:\/\/hudo.com\/si\/aktualno\/postavljen-pred-ultimat-vujovic-izbral-slovenijo\/#article\",\"isPartOf\":{\"@id\":\"https:\/\/hudo.com\/si\/aktualno\/postavljen-pred-ultimat-vujovic-izbral-slovenijo\/\"},\"author\":{\"name\":\"hudo\",\"@id\":\"https:\/\/hudo.com\/si\/#\/schema\/person\/601cf3379633985b20f7e50f2bb47707\"},\"headline\":\"Postavljen pred ultimat, Vujovi\u0107 izbral Slovenijo\",\"datePublished\":\"2016-10-18T02:00:00+00:00\",\"dateModified\":\"2016-10-18T22:47:38+00:00\",\"mainEntityOfPage\":{\"@id\":\"https:\/\/hudo.com\/si\/aktualno\/postavljen-pred-ultimat-vujovic-izbral-slovenijo\/\"},\"wordCount\":158,\"publisher\":{\"@id\":\"https:\/\/hudo.com\/si\/#organization\"},\"articleSection\":[\"Aktualno\"],\"inLanguage\":\"sl-SI\"},{\"@type\":\"WebPage\",\"@id\":\"https:\/\/hudo.com\/si\/aktualno\/postavljen-pred-ultimat-vujovic-izbral-slovenijo\/\",\"url\":\"https:\/\/hudo.com\/si\/aktualno\/postavljen-pred-ultimat-vujovic-izbral-slovenijo\/\",\"name\":\"Postavljen pred ultimat, Vujovi\u0107 izbral Slovenijo - Hudo Slovenija\",\"isPartOf\":{\"@id\":\"https:\/\/hudo.com\/si\/#website\"},\"datePublished\":\"2016-10-18T02:00:00+00:00\",\"dateModified\":\"2016-10-18T22:47:38+00:00\",\"breadcrumb\":{\"@id\":\"https:\/\/hudo.com\/si\/aktualno\/postavljen-pred-ultimat-vujovic-izbral-slovenijo\/#breadcrumb\"},\"inLanguage\":\"sl-SI\",\"potentialAction\":[{\"@type\":\"ReadAction\",\"target\":[\"https:\/\/hudo.com\/si\/aktualno\/postavljen-pred-ultimat-vujovic-izbral-slovenijo\/\"]}]},{\"@type\":\"BreadcrumbList\",\"@id\":\"https:\/\/hudo.com\/si\/aktualno\/postavljen-pred-ultimat-vujovic-izbral-slovenijo\/#breadcrumb\",\"itemListElement\":[{\"@type\":\"ListItem\",\"position\":1,\"name\":\"Home\",\"item\":\"https:\/\/hudo.com\/si\/\"},{\"@type\":\"ListItem\",\"position\":2,\"name\":\"Postavljen pred ultimat, Vujovi\u0107 izbral Slovenijo\"}]},{\"@type\":\"WebSite\",\"@id\":\"https:\/\/hudo.com\/si\/#website\",\"url\":\"https:\/\/hudo.com\/si\/\",\"name\":\"Hudo Slovenija\",\"description\":\"Vse novice iz Slovenije in sveta\",\"publisher\":{\"@id\":\"https:\/\/hudo.com\/si\/#organization\"},\"potentialAction\":[{\"@type\":\"SearchAction\",\"target\":{\"@type\":\"EntryPoint\",\"urlTemplate\":\"https:\/\/hudo.com\/si\/?s={search_term_string}\"},\"query-input\":\"required name=search_term_string\"}],\"inLanguage\":\"sl-SI\"},{\"@type\":\"Organization\",\"@id\":\"https:\/\/hudo.com\/si\/#organization\",\"name\":\"VSN Media\",\"url\":\"https:\/\/hudo.com\/si\/\",\"logo\":{\"@type\":\"ImageObject\",\"inLanguage\":\"sl-SI\",\"@id\":\"https:\/\/hudo.com\/si\/#\/schema\/logo\/image\/\",\"url\":\"https:\/\/hudo.com\/si\/wp-content\/uploads\/sites\/2\/2021\/03\/hudo-app-2.png\",\"contentUrl\":\"https:\/\/hudo.com\/si\/wp-content\/uploads\/sites\/2\/2021\/03\/hudo-app-2.png\",\"width\":2185,\"height\":2167,\"caption\":\"VSN Media\"},\"image\":{\"@id\":\"https:\/\/hudo.com\/si\/#\/schema\/logo\/image\/\"},\"sameAs\":[\"https:\/\/www.facebook.com\/hudo.si\",\"https:\/\/twitter.com\/hudo_si\"]},{\"@type\":\"Person\",\"@id\":\"https:\/\/hudo.com\/si\/#\/schema\/person\/601cf3379633985b20f7e50f2bb47707\",\"name\":\"hudo\",\"image\":{\"@type\":\"ImageObject\",\"inLanguage\":\"sl-SI\",\"@id\":\"https:\/\/hudo.com\/si\/#\/schema\/person\/image\/\",\"url\":\"https:\/\/secure.gravatar.com\/avatar\/c4ca25fa72cace7a696b52ff5db9e095?s=96&d=mm&r=g\",\"contentUrl\":\"https:\/\/secure.gravatar.com\/avatar\/c4ca25fa72cace7a696b52ff5db9e095?s=96&d=mm&r=g\",\"caption\":\"hudo\"},\"url\":\"https:\/\/hudo.com\/si\/author\/hudo\/\"}]}<\/script>\n<!-- \/ Yoast SEO plugin. -->","yoast_head_json":{"title":"Postavljen pred ultimat, Vujovi\u0107 izbral Slovenijo - Hudo Slovenija","robots":{"index":"index","follow":"follow","max-snippet":"max-snippet:-1","max-image-preview":"max-image-preview:large","max-video-preview":"max-video-preview:-1"},"canonical":"https:\/\/hudo.com\/si\/aktualno\/postavljen-pred-ultimat-vujovic-izbral-slovenijo\/","og_locale":"sl_SI","og_type":"article","og_title":"Postavljen pred ultimat, Vujovi\u0107 izbral Slovenijo - Hudo Slovenija","og_description":"Kategorija: Rokomet Tue, 18 Oct 2016 06:00:00 +0200 Zagreb, Velenje \u2013 Selektor slovenskih rokometa\u0161ev Veselin Vujovi\u0107 zaradi slabega \u0161tarta v sezono ni ve\u010d trener Zagreba in ni skrivnost, da mu Franjo Bobinac, veliki \u0161ef Gorenja in predsednik RZS, j\u00e9 iz roke. Bo karizmati\u010dni \u00bbVuja\u00ab pri\u0161el v Velenje in sku\u0161al s kne\u017ejega kamna vre\u010di celjskega osvajalca Branka Tam\u0161eta? Ni\u010d ni izklju\u010denega, se sli\u0161i iz Rde\u010de dvorane.Vujovi\u0107evi mladi \u00bblevi\u00ab so bili v prej\u0161njih dveh sezonah hit lige prvakov. Dvakrat so se prebili med najbolj\u0161o osmerico ter Zagreb\u010dane po dolgem \u010dasu spet navdu\u0161ili za rokomet. Toda na za\u010detku nove sezone jim ni \u0161lo prav ni\u010d ve\u010d od rok. Razlog je mogo\u010de tudi najti v tem, da je bil Vujovi\u0107 kot selektor Slovenije zaradi nastopa na OI v Riu vso poletje odsoten in se je \u0161ele tik pred \u0161tartom sezone pridru\u017eil ekipi.\u00a0...","og_url":"https:\/\/hudo.com\/si\/aktualno\/postavljen-pred-ultimat-vujovic-izbral-slovenijo\/","og_site_name":"Hudo Slovenija","article_publisher":"https:\/\/www.facebook.com\/hudo.si","article_published_time":"2016-10-18T02:00:00+00:00","article_modified_time":"2016-10-18T22:47:38+00:00","og_image":[{"width":480,"height":290,"url":"https:\/\/hudo.com\/si\/wp-content\/uploads\/sites\/2\/2016\/10\/480x290_Sport__djvu_2397811_zalokar_hires0.jpeg","type":"image\/jpeg"}],"author":"hudo","twitter_card":"summary_large_image","twitter_creator":"@hudo_si","twitter_site":"@hudo_si","twitter_misc":{"Written by":"hudo","Est. reading time":"1 minuta"},"schema":{"@context":"https:\/\/schema.org","@graph":[{"@type":"Article","@id":"https:\/\/hudo.com\/si\/aktualno\/postavljen-pred-ultimat-vujovic-izbral-slovenijo\/#article","isPartOf":{"@id":"https:\/\/hudo.com\/si\/aktualno\/postavljen-pred-ultimat-vujovic-izbral-slovenijo\/"},"author":{"name":"hudo","@id":"https:\/\/hudo.com\/si\/#\/schema\/person\/601cf3379633985b20f7e50f2bb47707"},"headline":"Postavljen pred ultimat, Vujovi\u0107 izbral Slovenijo","datePublished":"2016-10-18T02:00:00+00:00","dateModified":"2016-10-18T22:47:38+00:00","mainEntityOfPage":{"@id":"https:\/\/hudo.com\/si\/aktualno\/postavljen-pred-ultimat-vujovic-izbral-slovenijo\/"},"wordCount":158,"publisher":{"@id":"https:\/\/hudo.com\/si\/#organization"},"articleSection":["Aktualno"],"inLanguage":"sl-SI"},{"@type":"WebPage","@id":"https:\/\/hudo.com\/si\/aktualno\/postavljen-pred-ultimat-vujovic-izbral-slovenijo\/","url":"https:\/\/hudo.com\/si\/aktualno\/postavljen-pred-ultimat-vujovic-izbral-slovenijo\/","name":"Postavljen pred ultimat, Vujovi\u0107 izbral Slovenijo - Hudo Slovenija","isPartOf":{"@id":"https:\/\/hudo.com\/si\/#website"},"datePublished":"2016-10-18T02:00:00+00:00","dateModified":"2016-10-18T22:47:38+00:00","breadcrumb":{"@id":"https:\/\/hudo.com\/si\/aktualno\/postavljen-pred-ultimat-vujovic-izbral-slovenijo\/#breadcrumb"},"inLanguage":"sl-SI","potentialAction":[{"@type":"ReadAction","target":["https:\/\/hudo.com\/si\/aktualno\/postavljen-pred-ultimat-vujovic-izbral-slovenijo\/"]}]},{"@type":"BreadcrumbList","@id":"https:\/\/hudo.com\/si\/aktualno\/postavljen-pred-ultimat-vujovic-izbral-slovenijo\/#breadcrumb","itemListElement":[{"@type":"ListItem","position":1,"name":"Home","item":"https:\/\/hudo.com\/si\/"},{"@type":"ListItem","position":2,"name":"Postavljen pred ultimat, Vujovi\u0107 izbral Slovenijo"}]},{"@type":"WebSite","@id":"https:\/\/hudo.com\/si\/#website","url":"https:\/\/hudo.com\/si\/","name":"Hudo Slovenija","description":"Vse novice iz Slovenije in sveta","publisher":{"@id":"https:\/\/hudo.com\/si\/#organization"},"potentialAction":[{"@type":"SearchAction","target":{"@type":"EntryPoint","urlTemplate":"https:\/\/hudo.com\/si\/?s={search_term_string}"},"query-input":"required name=search_term_string"}],"inLanguage":"sl-SI"},{"@type":"Organization","@id":"https:\/\/hudo.com\/si\/#organization","name":"VSN Media","url":"https:\/\/hudo.com\/si\/","logo":{"@type":"ImageObject","inLanguage":"sl-SI","@id":"https:\/\/hudo.com\/si\/#\/schema\/logo\/image\/","url":"https:\/\/hudo.com\/si\/wp-content\/uploads\/sites\/2\/2021\/03\/hudo-app-2.png","contentUrl":"https:\/\/hudo.com\/si\/wp-content\/uploads\/sites\/2\/2021\/03\/hudo-app-2.png","width":2185,"height":2167,"caption":"VSN Media"},"image":{"@id":"https:\/\/hudo.com\/si\/#\/schema\/logo\/image\/"},"sameAs":["https:\/\/www.facebook.com\/hudo.si","https:\/\/twitter.com\/hudo_si"]},{"@type":"Person","@id":"https:\/\/hudo.com\/si\/#\/schema\/person\/601cf3379633985b20f7e50f2bb47707","name":"hudo","image":{"@type":"ImageObject","inLanguage":"sl-SI","@id":"https:\/\/hudo.com\/si\/#\/schema\/person\/image\/","url":"https:\/\/secure.gravatar.com\/avatar\/c4ca25fa72cace7a696b52ff5db9e095?s=96&d=mm&r=g","contentUrl":"https:\/\/secure.gravatar.com\/avatar\/c4ca25fa72cace7a696b52ff5db9e095?s=96&d=mm&r=g","caption":"hudo"},"url":"https:\/\/hudo.com\/si\/author\/hudo\/"}]}},"amp_enabled":true,"_links":{"self":[{"href":"https:\/\/hudo.com\/si\/wp-json\/wp\/v2\/posts\/157013"}],"collection":[{"href":"https:\/\/hudo.com\/si\/wp-json\/wp\/v2\/posts"}],"about":[{"href":"https:\/\/hudo.com\/si\/wp-json\/wp\/v2\/types\/post"}],"author":[{"embeddable":true,"href":"https:\/\/hudo.com\/si\/wp-json\/wp\/v2\/users\/1"}],"replies":[{"embeddable":true,"href":"https:\/\/hudo.com\/si\/wp-json\/wp\/v2\/comments?post=157013"}],"version-history":[{"count":1,"href":"https:\/\/hudo.com\/si\/wp-json\/wp\/v2\/posts\/157013\/revisions"}],"predecessor-version":[{"id":157251,"href":"https:\/\/hudo.com\/si\/wp-json\/wp\/v2\/posts\/157013\/revisions\/157251"}],"wp:attachment":[{"href":"https:\/\/hudo.com\/si\/wp-json\/wp\/v2\/media?parent=157013"}],"wp:term":[{"taxonomy":"category","embeddable":true,"href":"https:\/\/hudo.com\/si\/wp-json\/wp\/v2\/categories?post=157013"},{"taxonomy":"post_tag","embeddable":true,"href":"https:\/\/hudo.com\/si\/wp-json\/wp\/v2\/tags?post=157013"},{"taxonomy":"source","embeddable":true,"href":"https:\/\/hudo.com\/si\/wp-json\/wp\/v2\/source?post=157013"},{"taxonomy":"supertag","embeddable":true,"href":"https:\/\/hudo.com\/si\/wp-json\/wp\/v2\/supertag?post=157013"}],"curies":[{"name":"wp","href":"https:\/\/api.w.org\/{rel}","templated":true}]}}