{"id":157042,"date":"2016-10-18T14:46:54","date_gmt":"2016-10-18T12:46:54","guid":{"rendered":"http:\/\/hudo.com\/si\/?p=157042"},"modified":"2016-10-18T14:46:54","modified_gmt":"2016-10-18T12:46:54","slug":"tudi-v-sloveniji-otroci-zrtve-trgovine-z-ljudmi","status":"publish","type":"post","link":"https:\/\/hudo.com\/si\/aktualno\/tudi-v-sloveniji-otroci-zrtve-trgovine-z-ljudmi\/","title":{"rendered":"Tudi v Sloveniji so otroci \u017ertve trgovine z ljudmi"},"content":{"rendered":"<div class=\"text\">\n<p>Policija je samo v preteklem letu preiskovala skoraj 5000 kaznivih dejanj v zvezi s kr\u0161enjem pravic delavcev, vendar pa v nobenem primeru ni ugotovila kaznivega dejanja trgovine z ljudmi. Kot poudarjajo na ministrstvu za delo, je prepoznavanje, odkrivanje in dokazovanje te oblike trgovine z ljudmi izjemno zahtevno. Zato je zelo pomembno preventivno ravnanje oz. osve\u0161\u010danje delavcev in podjetij ter delodajalcev.<\/p>\n<p>Na trgovino z ljudmi, ki predstavlja grobo kr\u0161itev \u010dlovekovih, pogosto otrokovih pravic ob dana\u0161njem dnevu opozarjajo tudi v Karitas. Mednarodna organizacija dela (ILO) ocenjuje, da je med \u017ertvami trgovine z ljudmi 1,2 milijona otrok. Med tremi otroki \u017ertvami sta dve deklici in en de\u010dek, je navedel generalni tajnik Slovenske karitas Imre Jerebic.<\/p>\n<p>Kot je zapisal, se ne bi smeli slepiti, da tudi v Sloveniji otroci niso izkori\u0161\u010dani za trgovino z ljudmi. Med drugim je spomnil na skupine otrok, ki jih obvladujejo kriminalne zdru\u017ebe in ki bera\u010dijo po ulicah, prodajajo obeske in cvetje turistom po gostinskih lokalih ali pa izvajajo manj\u0161e tatvine. Omenil pa je tudi izkori\u0161\u010danje otrok za spolni turizem v azijskih dr\u017eavah, v Mehiki in dr\u017eavah Srednje Amerike.<\/p>\n<p>Na Slovenski karitas svoje poslanstvo pomo\u010di ljudem v stiski uresni\u010dujejo z ve\u010d projekti. Letos so postali izvajalec krizne namestitve za otroke &#8211; \u017ertve trgovine z ljudmi ter izvajalec programa Namestitev v varnem prostoru za \u017ertve trgovine z ljudmi. Od aprila 2016 do aprila 2017 pa te\u010de tudi projekt Bodi pozoren. Bodi previden. Njegov namen je osve\u0161\u010danje u\u010dencev tretje triade osnovne \u0161ole, strokovne in \u0161ir\u0161e javnosti o pojavu in pasteh trgovine z ljudmi, je \u0161e navedel Jerebic.<\/p>\n<\/div>\n","protected":false},"excerpt":{"rendered":"<p>V Sloveniji je prepoznana zlasti trgovina z ljudmi za namen spolnega izkori\u0161\u010danja, v zadnjih letih pa je zaznati vse ve\u010d primerov prisilnega dela in delovnega izkori\u0161\u010danja, so ob evropskem dnevu boja proti trgovini z ljudmi zapisali na ministrstvu za delo. Da trgovina z ljudmi predstavlja grobo kr\u0161itev \u010dlovekovih pravic, opozarjajo tudi v Karitas.<\/p>\n","protected":false},"author":5,"featured_media":157052,"comment_status":"closed","ping_status":"closed","sticky":false,"template":"","format":"standard","meta":{"footnotes":""},"categories":[1179],"tags":[5010,5865],"source":[4511],"supertag":[5675],"acf":[],"yoast_head":"<!-- This site is optimized with the Yoast SEO plugin v21.3 - https:\/\/yoast.com\/wordpress\/plugins\/seo\/ -->\n<title>Tudi v Sloveniji so otroci \u017ertve trgovine z ljudmi - Hudo Slovenija<\/title>\n<meta name=\"robots\" content=\"index, follow, max-snippet:-1, max-image-preview:large, max-video-preview:-1\" \/>\n<link rel=\"canonical\" href=\"https:\/\/hudo.com\/si\/aktualno\/tudi-v-sloveniji-otroci-zrtve-trgovine-z-ljudmi\/\" \/>\n<meta property=\"og:locale\" content=\"sl_SI\" \/>\n<meta property=\"og:type\" content=\"article\" \/>\n<meta property=\"og:title\" content=\"Tudi v Sloveniji so otroci \u017ertve trgovine z ljudmi - Hudo Slovenija\" \/>\n<meta property=\"og:description\" content=\"V Sloveniji je prepoznana zlasti trgovina z ljudmi za namen spolnega izkori\u0161\u010danja, v zadnjih letih pa je zaznati vse ve\u010d primerov prisilnega dela in delovnega izkori\u0161\u010danja, so ob evropskem dnevu boja proti trgovini z ljudmi zapisali na ministrstvu za delo. Da trgovina z ljudmi predstavlja grobo kr\u0161itev \u010dlovekovih pravic, opozarjajo tudi v Karitas.\" \/>\n<meta property=\"og:url\" content=\"https:\/\/hudo.com\/si\/aktualno\/tudi-v-sloveniji-otroci-zrtve-trgovine-z-ljudmi\/\" \/>\n<meta property=\"og:site_name\" content=\"Hudo Slovenija\" \/>\n<meta property=\"article:publisher\" content=\"https:\/\/www.facebook.com\/hudo.si\" \/>\n<meta property=\"article:published_time\" content=\"2016-10-18T12:46:54+00:00\" \/>\n<meta property=\"og:image\" content=\"https:\/\/hudo.com\/si\/wp-content\/uploads\/sites\/2\/2016\/10\/profimedia-0263200035.jpg\" \/>\n\t<meta property=\"og:image:width\" content=\"1250\" \/>\n\t<meta property=\"og:image:height\" content=\"828\" \/>\n\t<meta property=\"og:image:type\" content=\"image\/jpeg\" \/>\n<meta name=\"author\" content=\"A. G., STA\" \/>\n<meta name=\"twitter:card\" content=\"summary_large_image\" \/>\n<meta name=\"twitter:creator\" content=\"@hudo_si\" \/>\n<meta name=\"twitter:site\" content=\"@hudo_si\" \/>\n<meta name=\"twitter:label1\" content=\"Written by\" \/>\n\t<meta name=\"twitter:data1\" content=\"A. G., STA\" \/>\n\t<meta name=\"twitter:label2\" content=\"Est. reading time\" \/>\n\t<meta name=\"twitter:data2\" content=\"1 minuta\" \/>\n<script type=\"application\/ld+json\" class=\"yoast-schema-graph\">{\"@context\":\"https:\/\/schema.org\",\"@graph\":[{\"@type\":\"Article\",\"@id\":\"https:\/\/hudo.com\/si\/aktualno\/tudi-v-sloveniji-otroci-zrtve-trgovine-z-ljudmi\/#article\",\"isPartOf\":{\"@id\":\"https:\/\/hudo.com\/si\/aktualno\/tudi-v-sloveniji-otroci-zrtve-trgovine-z-ljudmi\/\"},\"author\":{\"name\":\"A. G., STA\",\"@id\":\"https:\/\/hudo.com\/si\/#\/schema\/person\/2391667a63ea075ba94f2f2dc6b77537\"},\"headline\":\"Tudi v Sloveniji so otroci \u017ertve trgovine z ljudmi\",\"datePublished\":\"2016-10-18T12:46:54+00:00\",\"dateModified\":\"2016-10-18T12:46:54+00:00\",\"mainEntityOfPage\":{\"@id\":\"https:\/\/hudo.com\/si\/aktualno\/tudi-v-sloveniji-otroci-zrtve-trgovine-z-ljudmi\/\"},\"wordCount\":278,\"publisher\":{\"@id\":\"https:\/\/hudo.com\/si\/#organization\"},\"keywords\":[\"kriminal\",\"trgovina z ljudmi\"],\"articleSection\":[\"Aktualno\"],\"inLanguage\":\"sl-SI\"},{\"@type\":\"WebPage\",\"@id\":\"https:\/\/hudo.com\/si\/aktualno\/tudi-v-sloveniji-otroci-zrtve-trgovine-z-ljudmi\/\",\"url\":\"https:\/\/hudo.com\/si\/aktualno\/tudi-v-sloveniji-otroci-zrtve-trgovine-z-ljudmi\/\",\"name\":\"Tudi v Sloveniji so otroci \u017ertve trgovine z ljudmi - Hudo Slovenija\",\"isPartOf\":{\"@id\":\"https:\/\/hudo.com\/si\/#website\"},\"datePublished\":\"2016-10-18T12:46:54+00:00\",\"dateModified\":\"2016-10-18T12:46:54+00:00\",\"breadcrumb\":{\"@id\":\"https:\/\/hudo.com\/si\/aktualno\/tudi-v-sloveniji-otroci-zrtve-trgovine-z-ljudmi\/#breadcrumb\"},\"inLanguage\":\"sl-SI\",\"potentialAction\":[{\"@type\":\"ReadAction\",\"target\":[\"https:\/\/hudo.com\/si\/aktualno\/tudi-v-sloveniji-otroci-zrtve-trgovine-z-ljudmi\/\"]}]},{\"@type\":\"BreadcrumbList\",\"@id\":\"https:\/\/hudo.com\/si\/aktualno\/tudi-v-sloveniji-otroci-zrtve-trgovine-z-ljudmi\/#breadcrumb\",\"itemListElement\":[{\"@type\":\"ListItem\",\"position\":1,\"name\":\"Home\",\"item\":\"https:\/\/hudo.com\/si\/\"},{\"@type\":\"ListItem\",\"position\":2,\"name\":\"Tudi v Sloveniji so otroci \u017ertve trgovine z ljudmi\"}]},{\"@type\":\"WebSite\",\"@id\":\"https:\/\/hudo.com\/si\/#website\",\"url\":\"https:\/\/hudo.com\/si\/\",\"name\":\"Hudo Slovenija\",\"description\":\"Vse novice iz Slovenije in sveta\",\"publisher\":{\"@id\":\"https:\/\/hudo.com\/si\/#organization\"},\"potentialAction\":[{\"@type\":\"SearchAction\",\"target\":{\"@type\":\"EntryPoint\",\"urlTemplate\":\"https:\/\/hudo.com\/si\/?s={search_term_string}\"},\"query-input\":\"required name=search_term_string\"}],\"inLanguage\":\"sl-SI\"},{\"@type\":\"Organization\",\"@id\":\"https:\/\/hudo.com\/si\/#organization\",\"name\":\"VSN Media\",\"url\":\"https:\/\/hudo.com\/si\/\",\"logo\":{\"@type\":\"ImageObject\",\"inLanguage\":\"sl-SI\",\"@id\":\"https:\/\/hudo.com\/si\/#\/schema\/logo\/image\/\",\"url\":\"https:\/\/hudo.com\/si\/wp-content\/uploads\/sites\/2\/2021\/03\/hudo-app-2.png\",\"contentUrl\":\"https:\/\/hudo.com\/si\/wp-content\/uploads\/sites\/2\/2021\/03\/hudo-app-2.png\",\"width\":2185,\"height\":2167,\"caption\":\"VSN Media\"},\"image\":{\"@id\":\"https:\/\/hudo.com\/si\/#\/schema\/logo\/image\/\"},\"sameAs\":[\"https:\/\/www.facebook.com\/hudo.si\",\"https:\/\/twitter.com\/hudo_si\"]},{\"@type\":\"Person\",\"@id\":\"https:\/\/hudo.com\/si\/#\/schema\/person\/2391667a63ea075ba94f2f2dc6b77537\",\"name\":\"A. G., STA\",\"image\":{\"@type\":\"ImageObject\",\"inLanguage\":\"sl-SI\",\"@id\":\"https:\/\/hudo.com\/si\/#\/schema\/person\/image\/\",\"url\":\"https:\/\/secure.gravatar.com\/avatar\/e13d22ac3e442658d5025fbbe6238a79?s=96&d=mm&r=g\",\"contentUrl\":\"https:\/\/secure.gravatar.com\/avatar\/e13d22ac3e442658d5025fbbe6238a79?s=96&d=mm&r=g\",\"caption\":\"A. G., STA\"},\"url\":\"https:\/\/hudo.com\/si\/author\/alenka\/\"}]}<\/script>\n<!-- \/ Yoast SEO plugin. -->","yoast_head_json":{"title":"Tudi v Sloveniji so otroci \u017ertve trgovine z ljudmi - Hudo Slovenija","robots":{"index":"index","follow":"follow","max-snippet":"max-snippet:-1","max-image-preview":"max-image-preview:large","max-video-preview":"max-video-preview:-1"},"canonical":"https:\/\/hudo.com\/si\/aktualno\/tudi-v-sloveniji-otroci-zrtve-trgovine-z-ljudmi\/","og_locale":"sl_SI","og_type":"article","og_title":"Tudi v Sloveniji so otroci \u017ertve trgovine z ljudmi - Hudo Slovenija","og_description":"V Sloveniji je prepoznana zlasti trgovina z ljudmi za namen spolnega izkori\u0161\u010danja, v zadnjih letih pa je zaznati vse ve\u010d primerov prisilnega dela in delovnega izkori\u0161\u010danja, so ob evropskem dnevu boja proti trgovini z ljudmi zapisali na ministrstvu za delo. Da trgovina z ljudmi predstavlja grobo kr\u0161itev \u010dlovekovih pravic, opozarjajo tudi v Karitas.","og_url":"https:\/\/hudo.com\/si\/aktualno\/tudi-v-sloveniji-otroci-zrtve-trgovine-z-ljudmi\/","og_site_name":"Hudo Slovenija","article_publisher":"https:\/\/www.facebook.com\/hudo.si","article_published_time":"2016-10-18T12:46:54+00:00","og_image":[{"width":1250,"height":828,"url":"https:\/\/hudo.com\/si\/wp-content\/uploads\/sites\/2\/2016\/10\/profimedia-0263200035.jpg","type":"image\/jpeg"}],"author":"A. G., STA","twitter_card":"summary_large_image","twitter_creator":"@hudo_si","twitter_site":"@hudo_si","twitter_misc":{"Written by":"A. G., STA","Est. reading time":"1 minuta"},"schema":{"@context":"https:\/\/schema.org","@graph":[{"@type":"Article","@id":"https:\/\/hudo.com\/si\/aktualno\/tudi-v-sloveniji-otroci-zrtve-trgovine-z-ljudmi\/#article","isPartOf":{"@id":"https:\/\/hudo.com\/si\/aktualno\/tudi-v-sloveniji-otroci-zrtve-trgovine-z-ljudmi\/"},"author":{"name":"A. G., STA","@id":"https:\/\/hudo.com\/si\/#\/schema\/person\/2391667a63ea075ba94f2f2dc6b77537"},"headline":"Tudi v Sloveniji so otroci \u017ertve trgovine z ljudmi","datePublished":"2016-10-18T12:46:54+00:00","dateModified":"2016-10-18T12:46:54+00:00","mainEntityOfPage":{"@id":"https:\/\/hudo.com\/si\/aktualno\/tudi-v-sloveniji-otroci-zrtve-trgovine-z-ljudmi\/"},"wordCount":278,"publisher":{"@id":"https:\/\/hudo.com\/si\/#organization"},"keywords":["kriminal","trgovina z ljudmi"],"articleSection":["Aktualno"],"inLanguage":"sl-SI"},{"@type":"WebPage","@id":"https:\/\/hudo.com\/si\/aktualno\/tudi-v-sloveniji-otroci-zrtve-trgovine-z-ljudmi\/","url":"https:\/\/hudo.com\/si\/aktualno\/tudi-v-sloveniji-otroci-zrtve-trgovine-z-ljudmi\/","name":"Tudi v Sloveniji so otroci \u017ertve trgovine z ljudmi - Hudo Slovenija","isPartOf":{"@id":"https:\/\/hudo.com\/si\/#website"},"datePublished":"2016-10-18T12:46:54+00:00","dateModified":"2016-10-18T12:46:54+00:00","breadcrumb":{"@id":"https:\/\/hudo.com\/si\/aktualno\/tudi-v-sloveniji-otroci-zrtve-trgovine-z-ljudmi\/#breadcrumb"},"inLanguage":"sl-SI","potentialAction":[{"@type":"ReadAction","target":["https:\/\/hudo.com\/si\/aktualno\/tudi-v-sloveniji-otroci-zrtve-trgovine-z-ljudmi\/"]}]},{"@type":"BreadcrumbList","@id":"https:\/\/hudo.com\/si\/aktualno\/tudi-v-sloveniji-otroci-zrtve-trgovine-z-ljudmi\/#breadcrumb","itemListElement":[{"@type":"ListItem","position":1,"name":"Home","item":"https:\/\/hudo.com\/si\/"},{"@type":"ListItem","position":2,"name":"Tudi v Sloveniji so otroci \u017ertve trgovine z ljudmi"}]},{"@type":"WebSite","@id":"https:\/\/hudo.com\/si\/#website","url":"https:\/\/hudo.com\/si\/","name":"Hudo Slovenija","description":"Vse novice iz Slovenije in sveta","publisher":{"@id":"https:\/\/hudo.com\/si\/#organization"},"potentialAction":[{"@type":"SearchAction","target":{"@type":"EntryPoint","urlTemplate":"https:\/\/hudo.com\/si\/?s={search_term_string}"},"query-input":"required name=search_term_string"}],"inLanguage":"sl-SI"},{"@type":"Organization","@id":"https:\/\/hudo.com\/si\/#organization","name":"VSN Media","url":"https:\/\/hudo.com\/si\/","logo":{"@type":"ImageObject","inLanguage":"sl-SI","@id":"https:\/\/hudo.com\/si\/#\/schema\/logo\/image\/","url":"https:\/\/hudo.com\/si\/wp-content\/uploads\/sites\/2\/2021\/03\/hudo-app-2.png","contentUrl":"https:\/\/hudo.com\/si\/wp-content\/uploads\/sites\/2\/2021\/03\/hudo-app-2.png","width":2185,"height":2167,"caption":"VSN Media"},"image":{"@id":"https:\/\/hudo.com\/si\/#\/schema\/logo\/image\/"},"sameAs":["https:\/\/www.facebook.com\/hudo.si","https:\/\/twitter.com\/hudo_si"]},{"@type":"Person","@id":"https:\/\/hudo.com\/si\/#\/schema\/person\/2391667a63ea075ba94f2f2dc6b77537","name":"A. G., STA","image":{"@type":"ImageObject","inLanguage":"sl-SI","@id":"https:\/\/hudo.com\/si\/#\/schema\/person\/image\/","url":"https:\/\/secure.gravatar.com\/avatar\/e13d22ac3e442658d5025fbbe6238a79?s=96&d=mm&r=g","contentUrl":"https:\/\/secure.gravatar.com\/avatar\/e13d22ac3e442658d5025fbbe6238a79?s=96&d=mm&r=g","caption":"A. G., STA"},"url":"https:\/\/hudo.com\/si\/author\/alenka\/"}]}},"amp_enabled":true,"_links":{"self":[{"href":"https:\/\/hudo.com\/si\/wp-json\/wp\/v2\/posts\/157042"}],"collection":[{"href":"https:\/\/hudo.com\/si\/wp-json\/wp\/v2\/posts"}],"about":[{"href":"https:\/\/hudo.com\/si\/wp-json\/wp\/v2\/types\/post"}],"author":[{"embeddable":true,"href":"https:\/\/hudo.com\/si\/wp-json\/wp\/v2\/users\/5"}],"replies":[{"embeddable":true,"href":"https:\/\/hudo.com\/si\/wp-json\/wp\/v2\/comments?post=157042"}],"version-history":[{"count":1,"href":"https:\/\/hudo.com\/si\/wp-json\/wp\/v2\/posts\/157042\/revisions"}],"predecessor-version":[{"id":157054,"href":"https:\/\/hudo.com\/si\/wp-json\/wp\/v2\/posts\/157042\/revisions\/157054"}],"wp:featuredmedia":[{"embeddable":true,"href":"https:\/\/hudo.com\/si\/wp-json\/wp\/v2\/media\/157052"}],"wp:attachment":[{"href":"https:\/\/hudo.com\/si\/wp-json\/wp\/v2\/media?parent=157042"}],"wp:term":[{"taxonomy":"category","embeddable":true,"href":"https:\/\/hudo.com\/si\/wp-json\/wp\/v2\/categories?post=157042"},{"taxonomy":"post_tag","embeddable":true,"href":"https:\/\/hudo.com\/si\/wp-json\/wp\/v2\/tags?post=157042"},{"taxonomy":"source","embeddable":true,"href":"https:\/\/hudo.com\/si\/wp-json\/wp\/v2\/source?post=157042"},{"taxonomy":"supertag","embeddable":true,"href":"https:\/\/hudo.com\/si\/wp-json\/wp\/v2\/supertag?post=157042"}],"curies":[{"name":"wp","href":"https:\/\/api.w.org\/{rel}","templated":true}]}}