{"id":157067,"date":"2016-10-18T16:26:38","date_gmt":"2016-10-18T14:26:38","guid":{"rendered":"http:\/\/hudo.com\/si\/?p=157067"},"modified":"2016-10-18T16:26:38","modified_gmt":"2016-10-18T14:26:38","slug":"v-planici-se-je-vec-kot-400-osnovnosolcev-druzilo-s-slovenskimi-zimskimi-sportniki","status":"publish","type":"post","link":"https:\/\/hudo.com\/si\/aktualno\/v-planici-se-je-vec-kot-400-osnovnosolcev-druzilo-s-slovenskimi-zimskimi-sportniki\/","title":{"rendered":"V Planici se je ve\u010d kot 400 osnovno\u0161olcev dru\u017eilo s slovenskimi zimskimi \u0161portniki"},"content":{"rendered":"<div class=\"text\">\n<p>Otroci so se tako pridru\u017eili okrog 10.000 vodenim ogledom plani\u0161kega centra od novega leta naprej, po ocenah direktorja centra Jelka Grosa pa so imeli skakalci v tem \u010dasu 13.000 treningov. Muzejski del in teka\u0161ke proge s snegom v tunelu ob njem sta odprta vse dni v letu, le jeklenica, morda najve\u010dja atrakcija novega centa poleg letalnic, deluje le v \u010dasu poletne sezone. Nordijski center Planica, katerega gradnja je bila vredna ve\u010d kot 40 milijonov evrov, je bil uradno odprt 11. decembra 2015.<\/p>\n<p>&#8220;Nordijski center Planica ima sedaj celovito ponudbo, saj nam je ministrstvo, pristojno za \u0161port, dalo v upravljanje tudi Dom Planico, kjer so nastanitve in mo\u017enost prehrane glede na potrebe posameznega \u0161portnika. V Kavki je zagotovljena gostinska ponudba za obiskovalce, toda od petih sendvi\u010dev smo prodali enega, zato smo prehrano ve\u010dinoma prepustili Domu Planici, kjer se je treba pred tem najaviti, ter drugim zasebnim ponudnikom v okolici, kar je bil tudi namen centra, torej pomo\u010d lokalnemu gospodarstvu,&#8221; je navedel Gros.<\/p>\n<p>Dodal je, da tudi prvotni namen centra ni bil gostinski, saj so kandidirali za evropska sredstva za \u0161portno infrastrukturo: &#8220;\u010ce ne bi bilo tako, bi za \u0161portno infrastrukturo dobili 30 odstotkov evropskega denarja in v tem primeru Planice ne bi nikoli zgradili. Malo te\u017eav imamo s teka\u0161ko progo, saj ni dovolj zasedena. \u0160portnikov ni ve\u010d treba prepri\u010devati, sedaj moramo prepri\u010dati turiste, rekreativce, da lahko pridejo sem tudi poleti. V tem primeru se bo tudi teka\u0161ki tunel pokrival, \u017ee sedaj pa je izredno zanimiv, posebej poleti, ko delegacije, tudi tuje, pridejo v Planico, naredijo kepe in vidijo sneg, ko je zunaj 30 stopinj Celzija,&#8221; je pojasnil Gros.<\/p>\n<p>V Nordijskem centru Planica, kjer imajo slovenski nordijski smu\u010darji sedaj zelo dobre pogoje za vadbo tudi zunaj zimskega obdobja, je Smu\u010darska zveza Slovenije (SZS) danes skupaj z ministrstvoma, pristojnima za \u0161port in zdravje, ter slu\u017ebo vlade za razvoj in evropsko kohezijsko politiko pripravila sre\u010danje v okviru Gibanja za zdravje. Otroci so se skupaj s \u0161portniki in drugimi gosti preizkusili v razli\u010dnih \u0161portih in igrah, predvsem pa u\u017eivali v sre\u010danju in pogovorih s svojimi \u0161portnimi vzorniki.<\/p>\n<p>&#8220;Dana\u0161nji dan je namenjen otrokom, mladim, da se dru\u017eijo z na\u0161imi izjemnimi zimskimi \u0161portniki, njihovimi vzorniki, ter da to do\u017eivljamo na snegu v Nordijskem smu\u010darskem centru Planica. Prek razli\u010dnih \u0161portov in iger, v katerih sem u\u017eivala tudi sama, krepimo zdrav \u017eivljenjski slog, navade gibanja, sporazumevanja in pozitivne \u0161portne vrednote. Bilo je odli\u010dno, tudi sama sem u\u017eivala skupaj z otroki, ki so bili navdu\u0161eni tudi ob dru\u017eenju s \u0161portniki. Hvala jim, saj imajo \u0161tevilne obveznosti pred za\u010detkom tekmovalnih sezon, pa so kljub temu na\u0161li \u010das, da so otroke motivirali. Tudi v prihodnje bomo pogosto pripravljali podobne dogodke, ki sicer potekajo \u017ee sedaj z ob\u0161olskimi dejavnostmi, da bi \u010dim ve\u010d otrok dobilo neposredno \u0161portno izku\u0161njo kot \u017eivljenjsko popotnico,&#8221; je dejala Maja Makovec Bren\u010di\u010d.<\/p>\n<p>Otrokom se je pridru\u017eila tudi ministrica za razvoj, strate\u0161ke projekte in kohezijo Alenka Smerkolj, ki je nordijski center izpostavila kot odli\u010den primer dobre prakse projekta, sofinanciranega z evropskimi sredstvi. &#8220;\u0160e toliko bolj, ker se ta veli\u010dastna infrastruktura povezuje z drugimi programi, ki jih tudi podpiramo v okviru evropske kohezijske politike v Sloveniji,&#8221; je dejala.<\/p>\n<p>Po njenih besedah je od vsega, kar lahko naredimo za zdravje, le malo tako vsestransko koristnega, kot je telesna vadba. &#8220;Zato je danes na\u0161 cilj otroke in tudi vse vas osve\u0161\u010dati o pomembnosti gibanja, pa tudi zdravega na\u010dina prehranjevanja in nasploh zdravega \u017eivljenjskega sloga, tudi skozi programe, ki jih Slovenija izvaja z evropskimi sredstvi,&#8221; je dodala.<\/p>\n<p>Gros je dejal, da imajo takih dogodkov ve\u010d v letu, pripravljajo pa jih skupaj s partnerjem, v tokratnem primeru s SZS. &#8220;Tak dogodek, kot je dana\u0161nji, z udele\u017ebo na\u0161ih najbolj\u0161ih tekmovalcev, bo te\u017eko ponoviti. Kljub de\u017eju je bil to lep dogodek, ki pa je mnoge presenetil. Navkljub vsem opozorilom so pri\u0161li nekateri otroci pod Ponce v skoraj poletnih obla\u010dilih in ne v zimskih, saj je tu v tunelu sneg in mraz, \u010desar o\u010ditno nekateri niso verjeli,&#8221; je kon\u010dal Gros.<\/p>\n<\/div>\n","protected":false},"excerpt":{"rendered":"<p>V Planici se je 421 osnovno\u0161olcev, med njimi tudi tisti s posebnimi potrebami, dru\u017eilo s slovenskimi zimskimi \u0161portniki na \u010delu s Petrom Prevcem. Preizkusili so se v teku na smu\u010deh v dvorani na umetnem snegu, v biatlonu, skakalnem simulatorju. Pridru\u017eila pa se jim je tudi ministrica za \u0161olstvo, izobra\u017eevanje in \u0161port Maja Makovec Bren\u010di\u010d.<\/p>\n","protected":false},"author":5,"featured_media":157068,"comment_status":"closed","ping_status":"closed","sticky":false,"template":"","format":"standard","meta":{"footnotes":""},"categories":[1179],"tags":[],"source":[4511],"supertag":[5675,6098],"acf":[],"yoast_head":"<!-- This site is optimized with the Yoast SEO plugin v21.3 - https:\/\/yoast.com\/wordpress\/plugins\/seo\/ -->\n<title>V Planici se je ve\u010d kot 400 osnovno\u0161olcev dru\u017eilo s slovenskimi zimskimi \u0161portniki - Hudo Slovenija<\/title>\n<meta name=\"robots\" content=\"index, follow, max-snippet:-1, max-image-preview:large, max-video-preview:-1\" \/>\n<link rel=\"canonical\" href=\"https:\/\/hudo.com\/si\/aktualno\/v-planici-se-je-vec-kot-400-osnovnosolcev-druzilo-s-slovenskimi-zimskimi-sportniki\/\" \/>\n<meta property=\"og:locale\" content=\"sl_SI\" \/>\n<meta property=\"og:type\" content=\"article\" \/>\n<meta property=\"og:title\" content=\"V Planici se je ve\u010d kot 400 osnovno\u0161olcev dru\u017eilo s slovenskimi zimskimi \u0161portniki - Hudo Slovenija\" \/>\n<meta property=\"og:description\" content=\"V Planici se je 421 osnovno\u0161olcev, med njimi tudi tisti s posebnimi potrebami, dru\u017eilo s slovenskimi zimskimi \u0161portniki na \u010delu s Petrom Prevcem. Preizkusili so se v teku na smu\u010deh v dvorani na umetnem snegu, v biatlonu, skakalnem simulatorju. Pridru\u017eila pa se jim je tudi ministrica za \u0161olstvo, izobra\u017eevanje in \u0161port Maja Makovec Bren\u010di\u010d.\" \/>\n<meta property=\"og:url\" content=\"https:\/\/hudo.com\/si\/aktualno\/v-planici-se-je-vec-kot-400-osnovnosolcev-druzilo-s-slovenskimi-zimskimi-sportniki\/\" \/>\n<meta property=\"og:site_name\" content=\"Hudo Slovenija\" \/>\n<meta property=\"article:publisher\" content=\"https:\/\/www.facebook.com\/hudo.si\" \/>\n<meta property=\"article:published_time\" content=\"2016-10-18T14:26:38+00:00\" \/>\n<meta property=\"og:image\" content=\"https:\/\/hudo.com\/si\/wp-content\/uploads\/sites\/2\/2016\/10\/profimedia-0293943192.jpg\" \/>\n\t<meta property=\"og:image:width\" content=\"1250\" \/>\n\t<meta property=\"og:image:height\" content=\"880\" \/>\n\t<meta property=\"og:image:type\" content=\"image\/jpeg\" \/>\n<meta name=\"author\" content=\"A. G., STA\" \/>\n<meta name=\"twitter:card\" content=\"summary_large_image\" \/>\n<meta name=\"twitter:creator\" content=\"@hudo_si\" \/>\n<meta name=\"twitter:site\" content=\"@hudo_si\" \/>\n<meta name=\"twitter:label1\" content=\"Written by\" \/>\n\t<meta name=\"twitter:data1\" content=\"A. G., STA\" \/>\n\t<meta name=\"twitter:label2\" content=\"Est. reading time\" \/>\n\t<meta name=\"twitter:data2\" content=\"3 minute\" \/>\n<script type=\"application\/ld+json\" class=\"yoast-schema-graph\">{\"@context\":\"https:\/\/schema.org\",\"@graph\":[{\"@type\":\"Article\",\"@id\":\"https:\/\/hudo.com\/si\/aktualno\/v-planici-se-je-vec-kot-400-osnovnosolcev-druzilo-s-slovenskimi-zimskimi-sportniki\/#article\",\"isPartOf\":{\"@id\":\"https:\/\/hudo.com\/si\/aktualno\/v-planici-se-je-vec-kot-400-osnovnosolcev-druzilo-s-slovenskimi-zimskimi-sportniki\/\"},\"author\":{\"name\":\"A. G., STA\",\"@id\":\"https:\/\/hudo.com\/si\/#\/schema\/person\/2391667a63ea075ba94f2f2dc6b77537\"},\"headline\":\"V Planici se je ve\u010d kot 400 osnovno\u0161olcev dru\u017eilo s slovenskimi zimskimi \u0161portniki\",\"datePublished\":\"2016-10-18T14:26:38+00:00\",\"dateModified\":\"2016-10-18T14:26:38+00:00\",\"mainEntityOfPage\":{\"@id\":\"https:\/\/hudo.com\/si\/aktualno\/v-planici-se-je-vec-kot-400-osnovnosolcev-druzilo-s-slovenskimi-zimskimi-sportniki\/\"},\"wordCount\":710,\"publisher\":{\"@id\":\"https:\/\/hudo.com\/si\/#organization\"},\"articleSection\":[\"Aktualno\"],\"inLanguage\":\"sl-SI\"},{\"@type\":\"WebPage\",\"@id\":\"https:\/\/hudo.com\/si\/aktualno\/v-planici-se-je-vec-kot-400-osnovnosolcev-druzilo-s-slovenskimi-zimskimi-sportniki\/\",\"url\":\"https:\/\/hudo.com\/si\/aktualno\/v-planici-se-je-vec-kot-400-osnovnosolcev-druzilo-s-slovenskimi-zimskimi-sportniki\/\",\"name\":\"V Planici se je ve\u010d kot 400 osnovno\u0161olcev dru\u017eilo s slovenskimi zimskimi \u0161portniki - Hudo Slovenija\",\"isPartOf\":{\"@id\":\"https:\/\/hudo.com\/si\/#website\"},\"datePublished\":\"2016-10-18T14:26:38+00:00\",\"dateModified\":\"2016-10-18T14:26:38+00:00\",\"breadcrumb\":{\"@id\":\"https:\/\/hudo.com\/si\/aktualno\/v-planici-se-je-vec-kot-400-osnovnosolcev-druzilo-s-slovenskimi-zimskimi-sportniki\/#breadcrumb\"},\"inLanguage\":\"sl-SI\",\"potentialAction\":[{\"@type\":\"ReadAction\",\"target\":[\"https:\/\/hudo.com\/si\/aktualno\/v-planici-se-je-vec-kot-400-osnovnosolcev-druzilo-s-slovenskimi-zimskimi-sportniki\/\"]}]},{\"@type\":\"BreadcrumbList\",\"@id\":\"https:\/\/hudo.com\/si\/aktualno\/v-planici-se-je-vec-kot-400-osnovnosolcev-druzilo-s-slovenskimi-zimskimi-sportniki\/#breadcrumb\",\"itemListElement\":[{\"@type\":\"ListItem\",\"position\":1,\"name\":\"Home\",\"item\":\"https:\/\/hudo.com\/si\/\"},{\"@type\":\"ListItem\",\"position\":2,\"name\":\"V Planici se je ve\u010d kot 400 osnovno\u0161olcev dru\u017eilo s slovenskimi zimskimi \u0161portniki\"}]},{\"@type\":\"WebSite\",\"@id\":\"https:\/\/hudo.com\/si\/#website\",\"url\":\"https:\/\/hudo.com\/si\/\",\"name\":\"Hudo Slovenija\",\"description\":\"Vse novice iz Slovenije in sveta\",\"publisher\":{\"@id\":\"https:\/\/hudo.com\/si\/#organization\"},\"potentialAction\":[{\"@type\":\"SearchAction\",\"target\":{\"@type\":\"EntryPoint\",\"urlTemplate\":\"https:\/\/hudo.com\/si\/?s={search_term_string}\"},\"query-input\":\"required name=search_term_string\"}],\"inLanguage\":\"sl-SI\"},{\"@type\":\"Organization\",\"@id\":\"https:\/\/hudo.com\/si\/#organization\",\"name\":\"VSN Media\",\"url\":\"https:\/\/hudo.com\/si\/\",\"logo\":{\"@type\":\"ImageObject\",\"inLanguage\":\"sl-SI\",\"@id\":\"https:\/\/hudo.com\/si\/#\/schema\/logo\/image\/\",\"url\":\"https:\/\/hudo.com\/si\/wp-content\/uploads\/sites\/2\/2021\/03\/hudo-app-2.png\",\"contentUrl\":\"https:\/\/hudo.com\/si\/wp-content\/uploads\/sites\/2\/2021\/03\/hudo-app-2.png\",\"width\":2185,\"height\":2167,\"caption\":\"VSN Media\"},\"image\":{\"@id\":\"https:\/\/hudo.com\/si\/#\/schema\/logo\/image\/\"},\"sameAs\":[\"https:\/\/www.facebook.com\/hudo.si\",\"https:\/\/twitter.com\/hudo_si\"]},{\"@type\":\"Person\",\"@id\":\"https:\/\/hudo.com\/si\/#\/schema\/person\/2391667a63ea075ba94f2f2dc6b77537\",\"name\":\"A. G., STA\",\"image\":{\"@type\":\"ImageObject\",\"inLanguage\":\"sl-SI\",\"@id\":\"https:\/\/hudo.com\/si\/#\/schema\/person\/image\/\",\"url\":\"https:\/\/secure.gravatar.com\/avatar\/e13d22ac3e442658d5025fbbe6238a79?s=96&d=mm&r=g\",\"contentUrl\":\"https:\/\/secure.gravatar.com\/avatar\/e13d22ac3e442658d5025fbbe6238a79?s=96&d=mm&r=g\",\"caption\":\"A. G., STA\"},\"url\":\"https:\/\/hudo.com\/si\/author\/alenka\/\"}]}<\/script>\n<!-- \/ Yoast SEO plugin. -->","yoast_head_json":{"title":"V Planici se je ve\u010d kot 400 osnovno\u0161olcev dru\u017eilo s slovenskimi zimskimi \u0161portniki - Hudo Slovenija","robots":{"index":"index","follow":"follow","max-snippet":"max-snippet:-1","max-image-preview":"max-image-preview:large","max-video-preview":"max-video-preview:-1"},"canonical":"https:\/\/hudo.com\/si\/aktualno\/v-planici-se-je-vec-kot-400-osnovnosolcev-druzilo-s-slovenskimi-zimskimi-sportniki\/","og_locale":"sl_SI","og_type":"article","og_title":"V Planici se je ve\u010d kot 400 osnovno\u0161olcev dru\u017eilo s slovenskimi zimskimi \u0161portniki - Hudo Slovenija","og_description":"V Planici se je 421 osnovno\u0161olcev, med njimi tudi tisti s posebnimi potrebami, dru\u017eilo s slovenskimi zimskimi \u0161portniki na \u010delu s Petrom Prevcem. Preizkusili so se v teku na smu\u010deh v dvorani na umetnem snegu, v biatlonu, skakalnem simulatorju. Pridru\u017eila pa se jim je tudi ministrica za \u0161olstvo, izobra\u017eevanje in \u0161port Maja Makovec Bren\u010di\u010d.","og_url":"https:\/\/hudo.com\/si\/aktualno\/v-planici-se-je-vec-kot-400-osnovnosolcev-druzilo-s-slovenskimi-zimskimi-sportniki\/","og_site_name":"Hudo Slovenija","article_publisher":"https:\/\/www.facebook.com\/hudo.si","article_published_time":"2016-10-18T14:26:38+00:00","og_image":[{"width":1250,"height":880,"url":"https:\/\/hudo.com\/si\/wp-content\/uploads\/sites\/2\/2016\/10\/profimedia-0293943192.jpg","type":"image\/jpeg"}],"author":"A. G., STA","twitter_card":"summary_large_image","twitter_creator":"@hudo_si","twitter_site":"@hudo_si","twitter_misc":{"Written by":"A. G., STA","Est. reading time":"3 minute"},"schema":{"@context":"https:\/\/schema.org","@graph":[{"@type":"Article","@id":"https:\/\/hudo.com\/si\/aktualno\/v-planici-se-je-vec-kot-400-osnovnosolcev-druzilo-s-slovenskimi-zimskimi-sportniki\/#article","isPartOf":{"@id":"https:\/\/hudo.com\/si\/aktualno\/v-planici-se-je-vec-kot-400-osnovnosolcev-druzilo-s-slovenskimi-zimskimi-sportniki\/"},"author":{"name":"A. G., STA","@id":"https:\/\/hudo.com\/si\/#\/schema\/person\/2391667a63ea075ba94f2f2dc6b77537"},"headline":"V Planici se je ve\u010d kot 400 osnovno\u0161olcev dru\u017eilo s slovenskimi zimskimi \u0161portniki","datePublished":"2016-10-18T14:26:38+00:00","dateModified":"2016-10-18T14:26:38+00:00","mainEntityOfPage":{"@id":"https:\/\/hudo.com\/si\/aktualno\/v-planici-se-je-vec-kot-400-osnovnosolcev-druzilo-s-slovenskimi-zimskimi-sportniki\/"},"wordCount":710,"publisher":{"@id":"https:\/\/hudo.com\/si\/#organization"},"articleSection":["Aktualno"],"inLanguage":"sl-SI"},{"@type":"WebPage","@id":"https:\/\/hudo.com\/si\/aktualno\/v-planici-se-je-vec-kot-400-osnovnosolcev-druzilo-s-slovenskimi-zimskimi-sportniki\/","url":"https:\/\/hudo.com\/si\/aktualno\/v-planici-se-je-vec-kot-400-osnovnosolcev-druzilo-s-slovenskimi-zimskimi-sportniki\/","name":"V Planici se je ve\u010d kot 400 osnovno\u0161olcev dru\u017eilo s slovenskimi zimskimi \u0161portniki - Hudo Slovenija","isPartOf":{"@id":"https:\/\/hudo.com\/si\/#website"},"datePublished":"2016-10-18T14:26:38+00:00","dateModified":"2016-10-18T14:26:38+00:00","breadcrumb":{"@id":"https:\/\/hudo.com\/si\/aktualno\/v-planici-se-je-vec-kot-400-osnovnosolcev-druzilo-s-slovenskimi-zimskimi-sportniki\/#breadcrumb"},"inLanguage":"sl-SI","potentialAction":[{"@type":"ReadAction","target":["https:\/\/hudo.com\/si\/aktualno\/v-planici-se-je-vec-kot-400-osnovnosolcev-druzilo-s-slovenskimi-zimskimi-sportniki\/"]}]},{"@type":"BreadcrumbList","@id":"https:\/\/hudo.com\/si\/aktualno\/v-planici-se-je-vec-kot-400-osnovnosolcev-druzilo-s-slovenskimi-zimskimi-sportniki\/#breadcrumb","itemListElement":[{"@type":"ListItem","position":1,"name":"Home","item":"https:\/\/hudo.com\/si\/"},{"@type":"ListItem","position":2,"name":"V Planici se je ve\u010d kot 400 osnovno\u0161olcev dru\u017eilo s slovenskimi zimskimi \u0161portniki"}]},{"@type":"WebSite","@id":"https:\/\/hudo.com\/si\/#website","url":"https:\/\/hudo.com\/si\/","name":"Hudo Slovenija","description":"Vse novice iz Slovenije in sveta","publisher":{"@id":"https:\/\/hudo.com\/si\/#organization"},"potentialAction":[{"@type":"SearchAction","target":{"@type":"EntryPoint","urlTemplate":"https:\/\/hudo.com\/si\/?s={search_term_string}"},"query-input":"required name=search_term_string"}],"inLanguage":"sl-SI"},{"@type":"Organization","@id":"https:\/\/hudo.com\/si\/#organization","name":"VSN Media","url":"https:\/\/hudo.com\/si\/","logo":{"@type":"ImageObject","inLanguage":"sl-SI","@id":"https:\/\/hudo.com\/si\/#\/schema\/logo\/image\/","url":"https:\/\/hudo.com\/si\/wp-content\/uploads\/sites\/2\/2021\/03\/hudo-app-2.png","contentUrl":"https:\/\/hudo.com\/si\/wp-content\/uploads\/sites\/2\/2021\/03\/hudo-app-2.png","width":2185,"height":2167,"caption":"VSN Media"},"image":{"@id":"https:\/\/hudo.com\/si\/#\/schema\/logo\/image\/"},"sameAs":["https:\/\/www.facebook.com\/hudo.si","https:\/\/twitter.com\/hudo_si"]},{"@type":"Person","@id":"https:\/\/hudo.com\/si\/#\/schema\/person\/2391667a63ea075ba94f2f2dc6b77537","name":"A. G., STA","image":{"@type":"ImageObject","inLanguage":"sl-SI","@id":"https:\/\/hudo.com\/si\/#\/schema\/person\/image\/","url":"https:\/\/secure.gravatar.com\/avatar\/e13d22ac3e442658d5025fbbe6238a79?s=96&d=mm&r=g","contentUrl":"https:\/\/secure.gravatar.com\/avatar\/e13d22ac3e442658d5025fbbe6238a79?s=96&d=mm&r=g","caption":"A. G., STA"},"url":"https:\/\/hudo.com\/si\/author\/alenka\/"}]}},"amp_enabled":true,"_links":{"self":[{"href":"https:\/\/hudo.com\/si\/wp-json\/wp\/v2\/posts\/157067"}],"collection":[{"href":"https:\/\/hudo.com\/si\/wp-json\/wp\/v2\/posts"}],"about":[{"href":"https:\/\/hudo.com\/si\/wp-json\/wp\/v2\/types\/post"}],"author":[{"embeddable":true,"href":"https:\/\/hudo.com\/si\/wp-json\/wp\/v2\/users\/5"}],"replies":[{"embeddable":true,"href":"https:\/\/hudo.com\/si\/wp-json\/wp\/v2\/comments?post=157067"}],"version-history":[{"count":1,"href":"https:\/\/hudo.com\/si\/wp-json\/wp\/v2\/posts\/157067\/revisions"}],"predecessor-version":[{"id":157069,"href":"https:\/\/hudo.com\/si\/wp-json\/wp\/v2\/posts\/157067\/revisions\/157069"}],"wp:featuredmedia":[{"embeddable":true,"href":"https:\/\/hudo.com\/si\/wp-json\/wp\/v2\/media\/157068"}],"wp:attachment":[{"href":"https:\/\/hudo.com\/si\/wp-json\/wp\/v2\/media?parent=157067"}],"wp:term":[{"taxonomy":"category","embeddable":true,"href":"https:\/\/hudo.com\/si\/wp-json\/wp\/v2\/categories?post=157067"},{"taxonomy":"post_tag","embeddable":true,"href":"https:\/\/hudo.com\/si\/wp-json\/wp\/v2\/tags?post=157067"},{"taxonomy":"source","embeddable":true,"href":"https:\/\/hudo.com\/si\/wp-json\/wp\/v2\/source?post=157067"},{"taxonomy":"supertag","embeddable":true,"href":"https:\/\/hudo.com\/si\/wp-json\/wp\/v2\/supertag?post=157067"}],"curies":[{"name":"wp","href":"https:\/\/api.w.org\/{rel}","templated":true}]}}