{"id":157765,"date":"2016-10-19T10:55:55","date_gmt":"2016-10-19T08:55:55","guid":{"rendered":"http:\/\/hudo.com\/si\/2016\/10\/19\/9-slovenskih-podjetij-se-bo-predstavilo-na-avtomobilskem-sejmu-v-munchnu\/"},"modified":"2016-11-02T12:34:02","modified_gmt":"2016-11-02T11:34:02","slug":"9-slovenskih-podjetij-se-bo-predstavilo-na-avtomobilskem-sejmu-v-munchnu","status":"publish","type":"post","link":"https:\/\/hudo.com\/si\/lifestyle\/9-slovenskih-podjetij-se-bo-predstavilo-na-avtomobilskem-sejmu-v-munchnu\/","title":{"rendered":"9 slovenskih podjetij se bo predstavilo na avtomobilskem sejmu v M\u00fcnchnu"},"content":{"rendered":"<p>Kot so sporo\u010dili z javne agencije Spirit Slovenija, se na skupnem razstavnem prostoru na 182 kvadratnih metrih predstavljajo podjetja Cadcam Lab, Elaphe, Emsiso, Etrel, Gem Motors, Ionex, Iskra mehanizmi, Kolektor Group in Oprema Ravne.<\/p>\n<p>Sejem eCarTEC je za slovenske avtomobilske dobavitelje zanimiv, saj elektri\u010dna mobilnost predstavlja eno od treh strate\u0161kih prioritet Evropske unije, kar je razvidno iz celovite iniciative za zelena vozila (Green Car Initiative), so zapisali na agenciji.<\/p>\n<p>Gre za klju\u010dni sejemski dogodek v tem segmentu avtomobilske industrije, na katerem slovenska podjetja pri\u010dakujejo poglobitev sodelovanja z obstoje\u010dimi partnerji ter vzpostavitev novih povezav, prav tako pa sejem predstavlja prilo\u017enost za oceno polo\u017eaja podjetij v primerjavi z globalno konkurenco na tem podro\u010dju.<\/p>\n<p>Rok Kralj iz podjetja Etrel, ki se je skupne predstavitve na tem sejmu udele\u017eilo tudi lani, vidi prednosti skupnega nastopa predvsem v mo\u017enosti sodelovanja z ostalimi razstavljavci in pa seveda v ve\u010dji in bolj privla\u010dni skupni sejemski stojnici, ki je s pravim pristopom lahko ve\u010d kot le vsota svojih delov.<\/p>\n<p>Kot so \u0161e sporo\u010dili iz Spirita, je sejem eCarTEC namenjen predstavitvi izdelkov in tehnologij s podro\u010dja vozil na elektri\u010dni pogon, energije in infrastrukture, tehnologij za shranjevanje energije, tehnologij za pogonska sredstva in motorje, in\u017eeniringa in poddobaviteljev.<\/p>\n<p>V letu 2015 se je na sejmu predstavilo 391 razstavljavcev iz 25 dr\u017eav, obiskalo pa ga je ve\u010d kot 12.000 obiskovalcev.<\/p>\n","protected":false},"excerpt":{"rendered":"<p>Na m\u00fcnchenskem avtomobilskem sejmu eCarTEC 2016, ki je med drugim namenjen predstavitvi izdelkov in tehnologij s podro\u010dja vozil na elektri\u010dni pogon, tehnologij za pogonska sredstva in motorje ter in\u017eeniringa, se letos v organizaciji agencije Spirit Slovenija predstavlja devet slovenskih podjetij. Lani je sejem obiskalo ve\u010d kot 12.000 obiskovalcev.<\/p>\n","protected":false},"author":1,"featured_media":0,"comment_status":"closed","ping_status":"closed","sticky":false,"template":"","format":"standard","meta":{"footnotes":""},"categories":[1091],"tags":[6754],"source":[1523,1522,1518],"supertag":[],"acf":[],"yoast_head":"<!-- This site is optimized with the Yoast SEO plugin v21.3 - https:\/\/yoast.com\/wordpress\/plugins\/seo\/ -->\n<title>9 slovenskih podjetij se bo predstavilo na avtomobilskem sejmu v M\u00fcnchnu - Hudo Slovenija<\/title>\n<meta name=\"robots\" content=\"index, follow, max-snippet:-1, max-image-preview:large, max-video-preview:-1\" \/>\n<link rel=\"canonical\" href=\"https:\/\/hudo.com\/si\/lifestyle\/9-slovenskih-podjetij-se-bo-predstavilo-na-avtomobilskem-sejmu-v-munchnu\/\" \/>\n<meta property=\"og:locale\" content=\"sl_SI\" \/>\n<meta property=\"og:type\" content=\"article\" \/>\n<meta property=\"og:title\" content=\"9 slovenskih podjetij se bo predstavilo na avtomobilskem sejmu v M\u00fcnchnu - Hudo Slovenija\" \/>\n<meta property=\"og:description\" content=\"Na m\u00fcnchenskem avtomobilskem sejmu eCarTEC 2016, ki je med drugim namenjen predstavitvi izdelkov in tehnologij s podro\u010dja vozil na elektri\u010dni pogon, tehnologij za pogonska sredstva in motorje ter in\u017eeniringa, se letos v organizaciji agencije Spirit Slovenija predstavlja devet slovenskih podjetij. Lani je sejem obiskalo ve\u010d kot 12.000 obiskovalcev.\" \/>\n<meta property=\"og:url\" content=\"https:\/\/hudo.com\/si\/lifestyle\/9-slovenskih-podjetij-se-bo-predstavilo-na-avtomobilskem-sejmu-v-munchnu\/\" \/>\n<meta property=\"og:site_name\" content=\"Hudo Slovenija\" \/>\n<meta property=\"article:publisher\" content=\"https:\/\/www.facebook.com\/hudo.si\" \/>\n<meta property=\"article:published_time\" content=\"2016-10-19T08:55:55+00:00\" \/>\n<meta property=\"article:modified_time\" content=\"2016-11-02T11:34:02+00:00\" \/>\n<meta property=\"og:image\" content=\"https:\/\/hudo.com\/si\/wp-content\/uploads\/sites\/2\/2016\/10\/rok-kralj-etrel.jpg\" \/>\n\t<meta property=\"og:image:width\" content=\"1024\" \/>\n\t<meta property=\"og:image:height\" content=\"682\" \/>\n\t<meta property=\"og:image:type\" content=\"image\/jpeg\" \/>\n<meta name=\"author\" content=\"hudo\" \/>\n<meta name=\"twitter:card\" content=\"summary_large_image\" \/>\n<meta name=\"twitter:creator\" content=\"@hudo_si\" \/>\n<meta name=\"twitter:site\" content=\"@hudo_si\" \/>\n<meta name=\"twitter:label1\" content=\"Written by\" \/>\n\t<meta name=\"twitter:data1\" content=\"hudo\" \/>\n\t<meta name=\"twitter:label2\" content=\"Est. reading time\" \/>\n\t<meta name=\"twitter:data2\" content=\"1 minuta\" \/>\n<script type=\"application\/ld+json\" class=\"yoast-schema-graph\">{\"@context\":\"https:\/\/schema.org\",\"@graph\":[{\"@type\":\"Article\",\"@id\":\"https:\/\/hudo.com\/si\/lifestyle\/9-slovenskih-podjetij-se-bo-predstavilo-na-avtomobilskem-sejmu-v-munchnu\/#article\",\"isPartOf\":{\"@id\":\"https:\/\/hudo.com\/si\/lifestyle\/9-slovenskih-podjetij-se-bo-predstavilo-na-avtomobilskem-sejmu-v-munchnu\/\"},\"author\":{\"name\":\"hudo\",\"@id\":\"https:\/\/hudo.com\/si\/#\/schema\/person\/601cf3379633985b20f7e50f2bb47707\"},\"headline\":\"9 slovenskih podjetij se bo predstavilo na avtomobilskem sejmu v M\u00fcnchnu\",\"datePublished\":\"2016-10-19T08:55:55+00:00\",\"dateModified\":\"2016-11-02T11:34:02+00:00\",\"mainEntityOfPage\":{\"@id\":\"https:\/\/hudo.com\/si\/lifestyle\/9-slovenskih-podjetij-se-bo-predstavilo-na-avtomobilskem-sejmu-v-munchnu\/\"},\"wordCount\":242,\"publisher\":{\"@id\":\"https:\/\/hudo.com\/si\/#organization\"},\"keywords\":[\"avtomobilski sejem\"],\"articleSection\":[\"Lifestyle\"],\"inLanguage\":\"sl-SI\"},{\"@type\":\"WebPage\",\"@id\":\"https:\/\/hudo.com\/si\/lifestyle\/9-slovenskih-podjetij-se-bo-predstavilo-na-avtomobilskem-sejmu-v-munchnu\/\",\"url\":\"https:\/\/hudo.com\/si\/lifestyle\/9-slovenskih-podjetij-se-bo-predstavilo-na-avtomobilskem-sejmu-v-munchnu\/\",\"name\":\"9 slovenskih podjetij se bo predstavilo na avtomobilskem sejmu v M\u00fcnchnu - Hudo Slovenija\",\"isPartOf\":{\"@id\":\"https:\/\/hudo.com\/si\/#website\"},\"datePublished\":\"2016-10-19T08:55:55+00:00\",\"dateModified\":\"2016-11-02T11:34:02+00:00\",\"breadcrumb\":{\"@id\":\"https:\/\/hudo.com\/si\/lifestyle\/9-slovenskih-podjetij-se-bo-predstavilo-na-avtomobilskem-sejmu-v-munchnu\/#breadcrumb\"},\"inLanguage\":\"sl-SI\",\"potentialAction\":[{\"@type\":\"ReadAction\",\"target\":[\"https:\/\/hudo.com\/si\/lifestyle\/9-slovenskih-podjetij-se-bo-predstavilo-na-avtomobilskem-sejmu-v-munchnu\/\"]}]},{\"@type\":\"BreadcrumbList\",\"@id\":\"https:\/\/hudo.com\/si\/lifestyle\/9-slovenskih-podjetij-se-bo-predstavilo-na-avtomobilskem-sejmu-v-munchnu\/#breadcrumb\",\"itemListElement\":[{\"@type\":\"ListItem\",\"position\":1,\"name\":\"Home\",\"item\":\"https:\/\/hudo.com\/si\/\"},{\"@type\":\"ListItem\",\"position\":2,\"name\":\"9 slovenskih podjetij se bo predstavilo na avtomobilskem sejmu v M\u00fcnchnu\"}]},{\"@type\":\"WebSite\",\"@id\":\"https:\/\/hudo.com\/si\/#website\",\"url\":\"https:\/\/hudo.com\/si\/\",\"name\":\"Hudo Slovenija\",\"description\":\"Vse novice iz Slovenije in sveta\",\"publisher\":{\"@id\":\"https:\/\/hudo.com\/si\/#organization\"},\"potentialAction\":[{\"@type\":\"SearchAction\",\"target\":{\"@type\":\"EntryPoint\",\"urlTemplate\":\"https:\/\/hudo.com\/si\/?s={search_term_string}\"},\"query-input\":\"required name=search_term_string\"}],\"inLanguage\":\"sl-SI\"},{\"@type\":\"Organization\",\"@id\":\"https:\/\/hudo.com\/si\/#organization\",\"name\":\"VSN Media\",\"url\":\"https:\/\/hudo.com\/si\/\",\"logo\":{\"@type\":\"ImageObject\",\"inLanguage\":\"sl-SI\",\"@id\":\"https:\/\/hudo.com\/si\/#\/schema\/logo\/image\/\",\"url\":\"https:\/\/hudo.com\/si\/wp-content\/uploads\/sites\/2\/2021\/03\/hudo-app-2.png\",\"contentUrl\":\"https:\/\/hudo.com\/si\/wp-content\/uploads\/sites\/2\/2021\/03\/hudo-app-2.png\",\"width\":2185,\"height\":2167,\"caption\":\"VSN Media\"},\"image\":{\"@id\":\"https:\/\/hudo.com\/si\/#\/schema\/logo\/image\/\"},\"sameAs\":[\"https:\/\/www.facebook.com\/hudo.si\",\"https:\/\/twitter.com\/hudo_si\"]},{\"@type\":\"Person\",\"@id\":\"https:\/\/hudo.com\/si\/#\/schema\/person\/601cf3379633985b20f7e50f2bb47707\",\"name\":\"hudo\",\"image\":{\"@type\":\"ImageObject\",\"inLanguage\":\"sl-SI\",\"@id\":\"https:\/\/hudo.com\/si\/#\/schema\/person\/image\/\",\"url\":\"https:\/\/secure.gravatar.com\/avatar\/c4ca25fa72cace7a696b52ff5db9e095?s=96&d=mm&r=g\",\"contentUrl\":\"https:\/\/secure.gravatar.com\/avatar\/c4ca25fa72cace7a696b52ff5db9e095?s=96&d=mm&r=g\",\"caption\":\"hudo\"},\"url\":\"https:\/\/hudo.com\/si\/author\/hudo\/\"}]}<\/script>\n<!-- \/ Yoast SEO plugin. -->","yoast_head_json":{"title":"9 slovenskih podjetij se bo predstavilo na avtomobilskem sejmu v M\u00fcnchnu - Hudo Slovenija","robots":{"index":"index","follow":"follow","max-snippet":"max-snippet:-1","max-image-preview":"max-image-preview:large","max-video-preview":"max-video-preview:-1"},"canonical":"https:\/\/hudo.com\/si\/lifestyle\/9-slovenskih-podjetij-se-bo-predstavilo-na-avtomobilskem-sejmu-v-munchnu\/","og_locale":"sl_SI","og_type":"article","og_title":"9 slovenskih podjetij se bo predstavilo na avtomobilskem sejmu v M\u00fcnchnu - Hudo Slovenija","og_description":"Na m\u00fcnchenskem avtomobilskem sejmu eCarTEC 2016, ki je med drugim namenjen predstavitvi izdelkov in tehnologij s podro\u010dja vozil na elektri\u010dni pogon, tehnologij za pogonska sredstva in motorje ter in\u017eeniringa, se letos v organizaciji agencije Spirit Slovenija predstavlja devet slovenskih podjetij. Lani je sejem obiskalo ve\u010d kot 12.000 obiskovalcev.","og_url":"https:\/\/hudo.com\/si\/lifestyle\/9-slovenskih-podjetij-se-bo-predstavilo-na-avtomobilskem-sejmu-v-munchnu\/","og_site_name":"Hudo Slovenija","article_publisher":"https:\/\/www.facebook.com\/hudo.si","article_published_time":"2016-10-19T08:55:55+00:00","article_modified_time":"2016-11-02T11:34:02+00:00","og_image":[{"width":1024,"height":682,"url":"https:\/\/hudo.com\/si\/wp-content\/uploads\/sites\/2\/2016\/10\/rok-kralj-etrel.jpg","type":"image\/jpeg"}],"author":"hudo","twitter_card":"summary_large_image","twitter_creator":"@hudo_si","twitter_site":"@hudo_si","twitter_misc":{"Written by":"hudo","Est. reading time":"1 minuta"},"schema":{"@context":"https:\/\/schema.org","@graph":[{"@type":"Article","@id":"https:\/\/hudo.com\/si\/lifestyle\/9-slovenskih-podjetij-se-bo-predstavilo-na-avtomobilskem-sejmu-v-munchnu\/#article","isPartOf":{"@id":"https:\/\/hudo.com\/si\/lifestyle\/9-slovenskih-podjetij-se-bo-predstavilo-na-avtomobilskem-sejmu-v-munchnu\/"},"author":{"name":"hudo","@id":"https:\/\/hudo.com\/si\/#\/schema\/person\/601cf3379633985b20f7e50f2bb47707"},"headline":"9 slovenskih podjetij se bo predstavilo na avtomobilskem sejmu v M\u00fcnchnu","datePublished":"2016-10-19T08:55:55+00:00","dateModified":"2016-11-02T11:34:02+00:00","mainEntityOfPage":{"@id":"https:\/\/hudo.com\/si\/lifestyle\/9-slovenskih-podjetij-se-bo-predstavilo-na-avtomobilskem-sejmu-v-munchnu\/"},"wordCount":242,"publisher":{"@id":"https:\/\/hudo.com\/si\/#organization"},"keywords":["avtomobilski sejem"],"articleSection":["Lifestyle"],"inLanguage":"sl-SI"},{"@type":"WebPage","@id":"https:\/\/hudo.com\/si\/lifestyle\/9-slovenskih-podjetij-se-bo-predstavilo-na-avtomobilskem-sejmu-v-munchnu\/","url":"https:\/\/hudo.com\/si\/lifestyle\/9-slovenskih-podjetij-se-bo-predstavilo-na-avtomobilskem-sejmu-v-munchnu\/","name":"9 slovenskih podjetij se bo predstavilo na avtomobilskem sejmu v M\u00fcnchnu - Hudo Slovenija","isPartOf":{"@id":"https:\/\/hudo.com\/si\/#website"},"datePublished":"2016-10-19T08:55:55+00:00","dateModified":"2016-11-02T11:34:02+00:00","breadcrumb":{"@id":"https:\/\/hudo.com\/si\/lifestyle\/9-slovenskih-podjetij-se-bo-predstavilo-na-avtomobilskem-sejmu-v-munchnu\/#breadcrumb"},"inLanguage":"sl-SI","potentialAction":[{"@type":"ReadAction","target":["https:\/\/hudo.com\/si\/lifestyle\/9-slovenskih-podjetij-se-bo-predstavilo-na-avtomobilskem-sejmu-v-munchnu\/"]}]},{"@type":"BreadcrumbList","@id":"https:\/\/hudo.com\/si\/lifestyle\/9-slovenskih-podjetij-se-bo-predstavilo-na-avtomobilskem-sejmu-v-munchnu\/#breadcrumb","itemListElement":[{"@type":"ListItem","position":1,"name":"Home","item":"https:\/\/hudo.com\/si\/"},{"@type":"ListItem","position":2,"name":"9 slovenskih podjetij se bo predstavilo na avtomobilskem sejmu v M\u00fcnchnu"}]},{"@type":"WebSite","@id":"https:\/\/hudo.com\/si\/#website","url":"https:\/\/hudo.com\/si\/","name":"Hudo Slovenija","description":"Vse novice iz Slovenije in sveta","publisher":{"@id":"https:\/\/hudo.com\/si\/#organization"},"potentialAction":[{"@type":"SearchAction","target":{"@type":"EntryPoint","urlTemplate":"https:\/\/hudo.com\/si\/?s={search_term_string}"},"query-input":"required name=search_term_string"}],"inLanguage":"sl-SI"},{"@type":"Organization","@id":"https:\/\/hudo.com\/si\/#organization","name":"VSN Media","url":"https:\/\/hudo.com\/si\/","logo":{"@type":"ImageObject","inLanguage":"sl-SI","@id":"https:\/\/hudo.com\/si\/#\/schema\/logo\/image\/","url":"https:\/\/hudo.com\/si\/wp-content\/uploads\/sites\/2\/2021\/03\/hudo-app-2.png","contentUrl":"https:\/\/hudo.com\/si\/wp-content\/uploads\/sites\/2\/2021\/03\/hudo-app-2.png","width":2185,"height":2167,"caption":"VSN Media"},"image":{"@id":"https:\/\/hudo.com\/si\/#\/schema\/logo\/image\/"},"sameAs":["https:\/\/www.facebook.com\/hudo.si","https:\/\/twitter.com\/hudo_si"]},{"@type":"Person","@id":"https:\/\/hudo.com\/si\/#\/schema\/person\/601cf3379633985b20f7e50f2bb47707","name":"hudo","image":{"@type":"ImageObject","inLanguage":"sl-SI","@id":"https:\/\/hudo.com\/si\/#\/schema\/person\/image\/","url":"https:\/\/secure.gravatar.com\/avatar\/c4ca25fa72cace7a696b52ff5db9e095?s=96&d=mm&r=g","contentUrl":"https:\/\/secure.gravatar.com\/avatar\/c4ca25fa72cace7a696b52ff5db9e095?s=96&d=mm&r=g","caption":"hudo"},"url":"https:\/\/hudo.com\/si\/author\/hudo\/"}]}},"amp_enabled":true,"_links":{"self":[{"href":"https:\/\/hudo.com\/si\/wp-json\/wp\/v2\/posts\/157765"}],"collection":[{"href":"https:\/\/hudo.com\/si\/wp-json\/wp\/v2\/posts"}],"about":[{"href":"https:\/\/hudo.com\/si\/wp-json\/wp\/v2\/types\/post"}],"author":[{"embeddable":true,"href":"https:\/\/hudo.com\/si\/wp-json\/wp\/v2\/users\/1"}],"replies":[{"embeddable":true,"href":"https:\/\/hudo.com\/si\/wp-json\/wp\/v2\/comments?post=157765"}],"version-history":[{"count":0,"href":"https:\/\/hudo.com\/si\/wp-json\/wp\/v2\/posts\/157765\/revisions"}],"wp:attachment":[{"href":"https:\/\/hudo.com\/si\/wp-json\/wp\/v2\/media?parent=157765"}],"wp:term":[{"taxonomy":"category","embeddable":true,"href":"https:\/\/hudo.com\/si\/wp-json\/wp\/v2\/categories?post=157765"},{"taxonomy":"post_tag","embeddable":true,"href":"https:\/\/hudo.com\/si\/wp-json\/wp\/v2\/tags?post=157765"},{"taxonomy":"source","embeddable":true,"href":"https:\/\/hudo.com\/si\/wp-json\/wp\/v2\/source?post=157765"},{"taxonomy":"supertag","embeddable":true,"href":"https:\/\/hudo.com\/si\/wp-json\/wp\/v2\/supertag?post=157765"}],"curies":[{"name":"wp","href":"https:\/\/api.w.org\/{rel}","templated":true}]}}