{"id":158569,"date":"2016-10-20T17:14:59","date_gmt":"2016-10-20T15:14:59","guid":{"rendered":"http:\/\/hudo.com\/si\/?p=158569"},"modified":"2016-10-20T19:20:42","modified_gmt":"2016-10-20T17:20:42","slug":"slovenija-se-zavzema-da-se-nadzor-na-meji-z-avstrijo-cim-prej-odpravi","status":"publish","type":"post","link":"https:\/\/hudo.com\/si\/aktualno\/slovenija-se-zavzema-da-se-nadzor-na-meji-z-avstrijo-cim-prej-odpravi\/","title":{"rendered":"Slovenija se zavzema, da se nadzor na meji z Avstrijo \u010dim prej odpravi"},"content":{"rendered":"<div class=\"text\">\n<div class=\"text\">\n<p>Po Cerarjevem mnenju za nadzor na meji med Slovenijo in Avstrijo ni nobenega razloga, saj &#8220;v Sloveniji ni migrantov&#8221;, je dejal slovenskim novinarjem ob prihodu na vrh EU. &#8220;To smo \u017ee ve\u010dkrat posredovali tako Evropski komisiji kot tudi avstrijski vladi in tudi danes bom to stali\u0161\u010de zelo jasno ponovil,&#8221; je zatrdil premier.<\/p>\n<p>Znotraj schengenskega obmo\u010dja nima smisla postavljati meja, saj to \u0161koduje gospodarstvu in dobrim medsosedskim odnosom, je \u0161e dejal Cerar, ki je izrazil prepri\u010danje, da bomo to po\u010dasi razumeli vsi.<\/p>\n<p>Po Cerarjevih besedah je pomembno, da v sklepih vrha, ki jih bodo voditelji EU sprejeli v petek, ostane besedilo glede \u010dimprej\u0161nje odprave notranjih meja, ki ga je podprla tudi Slovenija. &#8220;Na tem stali\u0161\u010du bom zelo strogo vztrajal,&#8221; je zatrdil.<\/p>\n<p>Avstrijski kancler Kristian Kern je po poro\u010danju avstrijske tiskovne agencije APA danes ob prihodu na vrh EU zahteval podalj\u0161anje nadzora na meji. Kot je dejal, je pomembno, da bi nadzor na notranjih mejah EU podalj\u0161ali \u0161e za pol leta. Dodal je, da Avstrija sicer podpira ukinitev nadzora znotraj schengenskega obmo\u010dja, a so zato po oceni avstrijskega kanclerja potrebni \u0161e \u0161tevilni koraki.<\/p>\n<p>&#8220;EU mora bolje zavarovati meje. Mi moramo odlo\u010diti, kdo bo pri\u0161el v Evropo in ne tihotapci ljudi,&#8221; je \u0161e dejal Kern.<\/p>\n<p>V Bruslju se je danes za\u010del dvodnevni vrh predsednikov dr\u017eav in vlad EU, na katerem bodo v ospredju migracije, odnosi z Rusijo in trgovinska politika.<\/p>\n<p>Migracije so tema dana\u0161nje popoldanske razprave. V njej se bodo voditelji osredoto\u010dili predvsem na migrantske tokove \u010dez osrednje Sredozemlje, ki po zaprtju balkanske begunske poti predstavlja glavno pot v Evropo.<\/p>\n<\/div>\n<\/div>\n","protected":false},"excerpt":{"rendered":"<p>Slovenija se zavzema za to, da se nadzor na meji z Avstrijo \u010dim prej odpravi, saj zanj ni nobenega razloga, je danes dejal premier Miro Cerar. Na to je Slovenija \u017ee ve\u010dkrat opozorila, sam pa namerava to stali\u0161\u010de zelo jasno ponoviti tudi na zasedanju Evropskega sveta, ki bo do petka potekalo v Bruslju.<\/p>\n","protected":false},"author":5,"featured_media":158594,"comment_status":"closed","ping_status":"closed","sticky":false,"template":"","format":"standard","meta":{"footnotes":""},"categories":[1179],"tags":[4548,2173,1595,6767],"source":[4511],"supertag":[5675],"acf":[],"yoast_head":"<!-- This site is optimized with the Yoast SEO plugin v21.3 - https:\/\/yoast.com\/wordpress\/plugins\/seo\/ -->\n<title>Slovenija se zavzema, da se nadzor na meji z Avstrijo \u010dim prej odpravi - Hudo Slovenija<\/title>\n<meta name=\"robots\" content=\"index, follow, max-snippet:-1, max-image-preview:large, max-video-preview:-1\" \/>\n<link rel=\"canonical\" href=\"https:\/\/hudo.com\/si\/aktualno\/slovenija-se-zavzema-da-se-nadzor-na-meji-z-avstrijo-cim-prej-odpravi\/\" \/>\n<meta property=\"og:locale\" content=\"sl_SI\" \/>\n<meta property=\"og:type\" content=\"article\" \/>\n<meta property=\"og:title\" content=\"Slovenija se zavzema, da se nadzor na meji z Avstrijo \u010dim prej odpravi - Hudo Slovenija\" \/>\n<meta property=\"og:description\" content=\"Slovenija se zavzema za to, da se nadzor na meji z Avstrijo \u010dim prej odpravi, saj zanj ni nobenega razloga, je danes dejal premier Miro Cerar. Na to je Slovenija \u017ee ve\u010dkrat opozorila, sam pa namerava to stali\u0161\u010de zelo jasno ponoviti tudi na zasedanju Evropskega sveta, ki bo do petka potekalo v Bruslju.\" \/>\n<meta property=\"og:url\" content=\"https:\/\/hudo.com\/si\/aktualno\/slovenija-se-zavzema-da-se-nadzor-na-meji-z-avstrijo-cim-prej-odpravi\/\" \/>\n<meta property=\"og:site_name\" content=\"Hudo Slovenija\" \/>\n<meta property=\"article:publisher\" content=\"https:\/\/www.facebook.com\/hudo.si\" \/>\n<meta property=\"article:published_time\" content=\"2016-10-20T15:14:59+00:00\" \/>\n<meta property=\"article:modified_time\" content=\"2016-10-20T17:20:42+00:00\" \/>\n<meta property=\"og:image\" content=\"https:\/\/hudo.com\/si\/wp-content\/uploads\/sites\/2\/2016\/10\/profimedia-0035352272.jpg\" \/>\n\t<meta property=\"og:image:width\" content=\"1250\" \/>\n\t<meta property=\"og:image:height\" content=\"833\" \/>\n\t<meta property=\"og:image:type\" content=\"image\/jpeg\" \/>\n<meta name=\"author\" content=\"A. G., STA\" \/>\n<meta name=\"twitter:card\" content=\"summary_large_image\" \/>\n<meta name=\"twitter:creator\" content=\"@hudo_si\" \/>\n<meta name=\"twitter:site\" content=\"@hudo_si\" \/>\n<meta name=\"twitter:label1\" content=\"Written by\" \/>\n\t<meta name=\"twitter:data1\" content=\"A. G., STA\" \/>\n\t<meta name=\"twitter:label2\" content=\"Est. reading time\" \/>\n\t<meta name=\"twitter:data2\" content=\"1 minuta\" \/>\n<script type=\"application\/ld+json\" class=\"yoast-schema-graph\">{\"@context\":\"https:\/\/schema.org\",\"@graph\":[{\"@type\":\"Article\",\"@id\":\"https:\/\/hudo.com\/si\/aktualno\/slovenija-se-zavzema-da-se-nadzor-na-meji-z-avstrijo-cim-prej-odpravi\/#article\",\"isPartOf\":{\"@id\":\"https:\/\/hudo.com\/si\/aktualno\/slovenija-se-zavzema-da-se-nadzor-na-meji-z-avstrijo-cim-prej-odpravi\/\"},\"author\":{\"name\":\"A. G., STA\",\"@id\":\"https:\/\/hudo.com\/si\/#\/schema\/person\/2391667a63ea075ba94f2f2dc6b77537\"},\"headline\":\"Slovenija se zavzema, da se nadzor na meji z Avstrijo \u010dim prej odpravi\",\"datePublished\":\"2016-10-20T15:14:59+00:00\",\"dateModified\":\"2016-10-20T17:20:42+00:00\",\"mainEntityOfPage\":{\"@id\":\"https:\/\/hudo.com\/si\/aktualno\/slovenija-se-zavzema-da-se-nadzor-na-meji-z-avstrijo-cim-prej-odpravi\/\"},\"wordCount\":287,\"publisher\":{\"@id\":\"https:\/\/hudo.com\/si\/#organization\"},\"keywords\":[\"EU\",\"Miro Cerar\",\"Slovenija\",\"vrh\"],\"articleSection\":[\"Aktualno\"],\"inLanguage\":\"sl-SI\"},{\"@type\":\"WebPage\",\"@id\":\"https:\/\/hudo.com\/si\/aktualno\/slovenija-se-zavzema-da-se-nadzor-na-meji-z-avstrijo-cim-prej-odpravi\/\",\"url\":\"https:\/\/hudo.com\/si\/aktualno\/slovenija-se-zavzema-da-se-nadzor-na-meji-z-avstrijo-cim-prej-odpravi\/\",\"name\":\"Slovenija se zavzema, da se nadzor na meji z Avstrijo \u010dim prej odpravi - Hudo Slovenija\",\"isPartOf\":{\"@id\":\"https:\/\/hudo.com\/si\/#website\"},\"datePublished\":\"2016-10-20T15:14:59+00:00\",\"dateModified\":\"2016-10-20T17:20:42+00:00\",\"breadcrumb\":{\"@id\":\"https:\/\/hudo.com\/si\/aktualno\/slovenija-se-zavzema-da-se-nadzor-na-meji-z-avstrijo-cim-prej-odpravi\/#breadcrumb\"},\"inLanguage\":\"sl-SI\",\"potentialAction\":[{\"@type\":\"ReadAction\",\"target\":[\"https:\/\/hudo.com\/si\/aktualno\/slovenija-se-zavzema-da-se-nadzor-na-meji-z-avstrijo-cim-prej-odpravi\/\"]}]},{\"@type\":\"BreadcrumbList\",\"@id\":\"https:\/\/hudo.com\/si\/aktualno\/slovenija-se-zavzema-da-se-nadzor-na-meji-z-avstrijo-cim-prej-odpravi\/#breadcrumb\",\"itemListElement\":[{\"@type\":\"ListItem\",\"position\":1,\"name\":\"Home\",\"item\":\"https:\/\/hudo.com\/si\/\"},{\"@type\":\"ListItem\",\"position\":2,\"name\":\"Slovenija se zavzema, da se nadzor na meji z Avstrijo \u010dim prej odpravi\"}]},{\"@type\":\"WebSite\",\"@id\":\"https:\/\/hudo.com\/si\/#website\",\"url\":\"https:\/\/hudo.com\/si\/\",\"name\":\"Hudo Slovenija\",\"description\":\"Vse novice iz Slovenije in sveta\",\"publisher\":{\"@id\":\"https:\/\/hudo.com\/si\/#organization\"},\"potentialAction\":[{\"@type\":\"SearchAction\",\"target\":{\"@type\":\"EntryPoint\",\"urlTemplate\":\"https:\/\/hudo.com\/si\/?s={search_term_string}\"},\"query-input\":\"required name=search_term_string\"}],\"inLanguage\":\"sl-SI\"},{\"@type\":\"Organization\",\"@id\":\"https:\/\/hudo.com\/si\/#organization\",\"name\":\"VSN Media\",\"url\":\"https:\/\/hudo.com\/si\/\",\"logo\":{\"@type\":\"ImageObject\",\"inLanguage\":\"sl-SI\",\"@id\":\"https:\/\/hudo.com\/si\/#\/schema\/logo\/image\/\",\"url\":\"https:\/\/hudo.com\/si\/wp-content\/uploads\/sites\/2\/2021\/03\/hudo-app-2.png\",\"contentUrl\":\"https:\/\/hudo.com\/si\/wp-content\/uploads\/sites\/2\/2021\/03\/hudo-app-2.png\",\"width\":2185,\"height\":2167,\"caption\":\"VSN Media\"},\"image\":{\"@id\":\"https:\/\/hudo.com\/si\/#\/schema\/logo\/image\/\"},\"sameAs\":[\"https:\/\/www.facebook.com\/hudo.si\",\"https:\/\/twitter.com\/hudo_si\"]},{\"@type\":\"Person\",\"@id\":\"https:\/\/hudo.com\/si\/#\/schema\/person\/2391667a63ea075ba94f2f2dc6b77537\",\"name\":\"A. G., STA\",\"image\":{\"@type\":\"ImageObject\",\"inLanguage\":\"sl-SI\",\"@id\":\"https:\/\/hudo.com\/si\/#\/schema\/person\/image\/\",\"url\":\"https:\/\/secure.gravatar.com\/avatar\/e13d22ac3e442658d5025fbbe6238a79?s=96&d=mm&r=g\",\"contentUrl\":\"https:\/\/secure.gravatar.com\/avatar\/e13d22ac3e442658d5025fbbe6238a79?s=96&d=mm&r=g\",\"caption\":\"A. G., STA\"},\"url\":\"https:\/\/hudo.com\/si\/author\/alenka\/\"}]}<\/script>\n<!-- \/ Yoast SEO plugin. -->","yoast_head_json":{"title":"Slovenija se zavzema, da se nadzor na meji z Avstrijo \u010dim prej odpravi - Hudo Slovenija","robots":{"index":"index","follow":"follow","max-snippet":"max-snippet:-1","max-image-preview":"max-image-preview:large","max-video-preview":"max-video-preview:-1"},"canonical":"https:\/\/hudo.com\/si\/aktualno\/slovenija-se-zavzema-da-se-nadzor-na-meji-z-avstrijo-cim-prej-odpravi\/","og_locale":"sl_SI","og_type":"article","og_title":"Slovenija se zavzema, da se nadzor na meji z Avstrijo \u010dim prej odpravi - Hudo Slovenija","og_description":"Slovenija se zavzema za to, da se nadzor na meji z Avstrijo \u010dim prej odpravi, saj zanj ni nobenega razloga, je danes dejal premier Miro Cerar. Na to je Slovenija \u017ee ve\u010dkrat opozorila, sam pa namerava to stali\u0161\u010de zelo jasno ponoviti tudi na zasedanju Evropskega sveta, ki bo do petka potekalo v Bruslju.","og_url":"https:\/\/hudo.com\/si\/aktualno\/slovenija-se-zavzema-da-se-nadzor-na-meji-z-avstrijo-cim-prej-odpravi\/","og_site_name":"Hudo Slovenija","article_publisher":"https:\/\/www.facebook.com\/hudo.si","article_published_time":"2016-10-20T15:14:59+00:00","article_modified_time":"2016-10-20T17:20:42+00:00","og_image":[{"width":1250,"height":833,"url":"https:\/\/hudo.com\/si\/wp-content\/uploads\/sites\/2\/2016\/10\/profimedia-0035352272.jpg","type":"image\/jpeg"}],"author":"A. G., STA","twitter_card":"summary_large_image","twitter_creator":"@hudo_si","twitter_site":"@hudo_si","twitter_misc":{"Written by":"A. G., STA","Est. reading time":"1 minuta"},"schema":{"@context":"https:\/\/schema.org","@graph":[{"@type":"Article","@id":"https:\/\/hudo.com\/si\/aktualno\/slovenija-se-zavzema-da-se-nadzor-na-meji-z-avstrijo-cim-prej-odpravi\/#article","isPartOf":{"@id":"https:\/\/hudo.com\/si\/aktualno\/slovenija-se-zavzema-da-se-nadzor-na-meji-z-avstrijo-cim-prej-odpravi\/"},"author":{"name":"A. G., STA","@id":"https:\/\/hudo.com\/si\/#\/schema\/person\/2391667a63ea075ba94f2f2dc6b77537"},"headline":"Slovenija se zavzema, da se nadzor na meji z Avstrijo \u010dim prej odpravi","datePublished":"2016-10-20T15:14:59+00:00","dateModified":"2016-10-20T17:20:42+00:00","mainEntityOfPage":{"@id":"https:\/\/hudo.com\/si\/aktualno\/slovenija-se-zavzema-da-se-nadzor-na-meji-z-avstrijo-cim-prej-odpravi\/"},"wordCount":287,"publisher":{"@id":"https:\/\/hudo.com\/si\/#organization"},"keywords":["EU","Miro Cerar","Slovenija","vrh"],"articleSection":["Aktualno"],"inLanguage":"sl-SI"},{"@type":"WebPage","@id":"https:\/\/hudo.com\/si\/aktualno\/slovenija-se-zavzema-da-se-nadzor-na-meji-z-avstrijo-cim-prej-odpravi\/","url":"https:\/\/hudo.com\/si\/aktualno\/slovenija-se-zavzema-da-se-nadzor-na-meji-z-avstrijo-cim-prej-odpravi\/","name":"Slovenija se zavzema, da se nadzor na meji z Avstrijo \u010dim prej odpravi - Hudo Slovenija","isPartOf":{"@id":"https:\/\/hudo.com\/si\/#website"},"datePublished":"2016-10-20T15:14:59+00:00","dateModified":"2016-10-20T17:20:42+00:00","breadcrumb":{"@id":"https:\/\/hudo.com\/si\/aktualno\/slovenija-se-zavzema-da-se-nadzor-na-meji-z-avstrijo-cim-prej-odpravi\/#breadcrumb"},"inLanguage":"sl-SI","potentialAction":[{"@type":"ReadAction","target":["https:\/\/hudo.com\/si\/aktualno\/slovenija-se-zavzema-da-se-nadzor-na-meji-z-avstrijo-cim-prej-odpravi\/"]}]},{"@type":"BreadcrumbList","@id":"https:\/\/hudo.com\/si\/aktualno\/slovenija-se-zavzema-da-se-nadzor-na-meji-z-avstrijo-cim-prej-odpravi\/#breadcrumb","itemListElement":[{"@type":"ListItem","position":1,"name":"Home","item":"https:\/\/hudo.com\/si\/"},{"@type":"ListItem","position":2,"name":"Slovenija se zavzema, da se nadzor na meji z Avstrijo \u010dim prej odpravi"}]},{"@type":"WebSite","@id":"https:\/\/hudo.com\/si\/#website","url":"https:\/\/hudo.com\/si\/","name":"Hudo Slovenija","description":"Vse novice iz Slovenije in sveta","publisher":{"@id":"https:\/\/hudo.com\/si\/#organization"},"potentialAction":[{"@type":"SearchAction","target":{"@type":"EntryPoint","urlTemplate":"https:\/\/hudo.com\/si\/?s={search_term_string}"},"query-input":"required name=search_term_string"}],"inLanguage":"sl-SI"},{"@type":"Organization","@id":"https:\/\/hudo.com\/si\/#organization","name":"VSN Media","url":"https:\/\/hudo.com\/si\/","logo":{"@type":"ImageObject","inLanguage":"sl-SI","@id":"https:\/\/hudo.com\/si\/#\/schema\/logo\/image\/","url":"https:\/\/hudo.com\/si\/wp-content\/uploads\/sites\/2\/2021\/03\/hudo-app-2.png","contentUrl":"https:\/\/hudo.com\/si\/wp-content\/uploads\/sites\/2\/2021\/03\/hudo-app-2.png","width":2185,"height":2167,"caption":"VSN Media"},"image":{"@id":"https:\/\/hudo.com\/si\/#\/schema\/logo\/image\/"},"sameAs":["https:\/\/www.facebook.com\/hudo.si","https:\/\/twitter.com\/hudo_si"]},{"@type":"Person","@id":"https:\/\/hudo.com\/si\/#\/schema\/person\/2391667a63ea075ba94f2f2dc6b77537","name":"A. G., STA","image":{"@type":"ImageObject","inLanguage":"sl-SI","@id":"https:\/\/hudo.com\/si\/#\/schema\/person\/image\/","url":"https:\/\/secure.gravatar.com\/avatar\/e13d22ac3e442658d5025fbbe6238a79?s=96&d=mm&r=g","contentUrl":"https:\/\/secure.gravatar.com\/avatar\/e13d22ac3e442658d5025fbbe6238a79?s=96&d=mm&r=g","caption":"A. G., STA"},"url":"https:\/\/hudo.com\/si\/author\/alenka\/"}]}},"amp_enabled":true,"_links":{"self":[{"href":"https:\/\/hudo.com\/si\/wp-json\/wp\/v2\/posts\/158569"}],"collection":[{"href":"https:\/\/hudo.com\/si\/wp-json\/wp\/v2\/posts"}],"about":[{"href":"https:\/\/hudo.com\/si\/wp-json\/wp\/v2\/types\/post"}],"author":[{"embeddable":true,"href":"https:\/\/hudo.com\/si\/wp-json\/wp\/v2\/users\/5"}],"replies":[{"embeddable":true,"href":"https:\/\/hudo.com\/si\/wp-json\/wp\/v2\/comments?post=158569"}],"version-history":[{"count":3,"href":"https:\/\/hudo.com\/si\/wp-json\/wp\/v2\/posts\/158569\/revisions"}],"predecessor-version":[{"id":158778,"href":"https:\/\/hudo.com\/si\/wp-json\/wp\/v2\/posts\/158569\/revisions\/158778"}],"wp:featuredmedia":[{"embeddable":true,"href":"https:\/\/hudo.com\/si\/wp-json\/wp\/v2\/media\/158594"}],"wp:attachment":[{"href":"https:\/\/hudo.com\/si\/wp-json\/wp\/v2\/media?parent=158569"}],"wp:term":[{"taxonomy":"category","embeddable":true,"href":"https:\/\/hudo.com\/si\/wp-json\/wp\/v2\/categories?post=158569"},{"taxonomy":"post_tag","embeddable":true,"href":"https:\/\/hudo.com\/si\/wp-json\/wp\/v2\/tags?post=158569"},{"taxonomy":"source","embeddable":true,"href":"https:\/\/hudo.com\/si\/wp-json\/wp\/v2\/source?post=158569"},{"taxonomy":"supertag","embeddable":true,"href":"https:\/\/hudo.com\/si\/wp-json\/wp\/v2\/supertag?post=158569"}],"curies":[{"name":"wp","href":"https:\/\/api.w.org\/{rel}","templated":true}]}}