{"id":158596,"date":"2016-10-20T17:28:42","date_gmt":"2016-10-20T15:28:42","guid":{"rendered":"http:\/\/hudo.com\/si\/?p=158596"},"modified":"2016-10-20T17:33:03","modified_gmt":"2016-10-20T15:33:03","slug":"nacisticni-pozdrav-zadosten-razlog-za-odpustitev-z-delovnega-mesta","status":"publish","type":"post","link":"https:\/\/hudo.com\/si\/lifestyle\/nacisticni-pozdrav-zadosten-razlog-za-odpustitev-z-delovnega-mesta\/","title":{"rendered":"Nacisti\u010dni pozdrav zadosten razlog za odpustitev z delovnega mesta"},"content":{"rendered":"<div class=\"text\">\n<div class=\"text\">\n<p>V prvem primeru je voznik, sicer Nemec tur\u0161kega rodu, med prepirom z delodajalcem uporabil nacisti\u010dni pozdrav in spodbodel direktorja podjetja, naj ga nemudoma odpusti. To ga je dejansko takoj odpustilo.<\/p>\n<p>V Nem\u010diji je nacisti\u010dni pozdrav, pa naj bo napisan ali izra\u017een vokalno, nezakonit in se kaznuje z do treh let zaporne kazni, poro\u010da nem\u0161ka tiskovna agencija dpa.<\/p>\n<p>V Avstriji pa je policist med prometno kontrolo na mad\u017earski meji aprila letos vozniku vzkliknil &#8220;Heil Hitler&#8221;, zaradi \u010desar ga je dunajsko sodi\u0161\u010de obsodilo na devetmese\u010dno pogojno kazen zaradi spodbujanja nacionalsocializma. Gre za kaznivo dejanje, ki se v Avstriji od leta 1947 kaznuje z do 10 leti zaporne kazni.<\/p>\n<p>Obto\u017eeni policist je ustavil mad\u017earskega voznika in ga pozdravil s frazo &#8220;Heil Hitler&#8221;, je povedal drug policist, ki je bil 27. aprila pri\u010da incidentu na mejnem prehodu Nickelsdorf, je po poro\u010danju francoske tiskovne agencije AFP.<\/p>\n<\/div>\n<\/div>\n","protected":false},"excerpt":{"rendered":"<p>Nem\u0161ko delovno sodi\u0161\u010de je danes odlo\u010dilo, da je nacisti\u010dni pozdrav zadosten razlog za odpustitev z delovnega mesta. Sodi\u0161\u010de je presojalo v primeru prevoznika bolnikov, ki je to\u017eil svojega delodajalca, ker ga je odpustil. O podobnem primeru poro\u010dajo tudi iz Avstrije, kjer je sodi\u0161\u010de zaradi vzklika &#8220;Heil Hitler&#8221; na pogojno kazen obsodilo policista.<\/p>\n","protected":false},"author":5,"featured_media":158601,"comment_status":"closed","ping_status":"closed","sticky":false,"template":"","format":"standard","meta":{"footnotes":""},"categories":[1091],"tags":[3628,4869],"source":[4511],"supertag":[6103],"acf":[],"yoast_head":"<!-- This site is optimized with the Yoast SEO plugin v21.3 - https:\/\/yoast.com\/wordpress\/plugins\/seo\/ -->\n<title>Nacisti\u010dni pozdrav zadosten razlog za odpustitev z delovnega mesta - Hudo Slovenija<\/title>\n<meta name=\"robots\" content=\"index, follow, max-snippet:-1, max-image-preview:large, max-video-preview:-1\" \/>\n<link rel=\"canonical\" href=\"https:\/\/hudo.com\/si\/lifestyle\/nacisticni-pozdrav-zadosten-razlog-za-odpustitev-z-delovnega-mesta\/\" \/>\n<meta property=\"og:locale\" content=\"sl_SI\" \/>\n<meta property=\"og:type\" content=\"article\" \/>\n<meta property=\"og:title\" content=\"Nacisti\u010dni pozdrav zadosten razlog za odpustitev z delovnega mesta - Hudo Slovenija\" \/>\n<meta property=\"og:description\" content=\"Nem\u0161ko delovno sodi\u0161\u010de je danes odlo\u010dilo, da je nacisti\u010dni pozdrav zadosten razlog za odpustitev z delovnega mesta. Sodi\u0161\u010de je presojalo v primeru prevoznika bolnikov, ki je to\u017eil svojega delodajalca, ker ga je odpustil. O podobnem primeru poro\u010dajo tudi iz Avstrije, kjer je sodi\u0161\u010de zaradi vzklika &quot;Heil Hitler&quot; na pogojno kazen obsodilo policista.\" \/>\n<meta property=\"og:url\" content=\"https:\/\/hudo.com\/si\/lifestyle\/nacisticni-pozdrav-zadosten-razlog-za-odpustitev-z-delovnega-mesta\/\" \/>\n<meta property=\"og:site_name\" content=\"Hudo Slovenija\" \/>\n<meta property=\"article:publisher\" content=\"https:\/\/www.facebook.com\/hudo.si\" \/>\n<meta property=\"article:published_time\" content=\"2016-10-20T15:28:42+00:00\" \/>\n<meta property=\"article:modified_time\" content=\"2016-10-20T15:33:03+00:00\" \/>\n<meta property=\"og:image\" content=\"https:\/\/hudo.com\/si\/wp-content\/uploads\/sites\/2\/2016\/10\/profimedia-0070051917.jpg\" \/>\n\t<meta property=\"og:image:width\" content=\"883\" \/>\n\t<meta property=\"og:image:height\" content=\"1250\" \/>\n\t<meta property=\"og:image:type\" content=\"image\/jpeg\" \/>\n<meta name=\"author\" content=\"A. G., STA\" \/>\n<meta name=\"twitter:card\" content=\"summary_large_image\" \/>\n<meta name=\"twitter:creator\" content=\"@hudo_si\" \/>\n<meta name=\"twitter:site\" content=\"@hudo_si\" \/>\n<meta name=\"twitter:label1\" content=\"Written by\" \/>\n\t<meta name=\"twitter:data1\" content=\"A. G., STA\" \/>\n\t<meta name=\"twitter:label2\" content=\"Est. reading time\" \/>\n\t<meta name=\"twitter:data2\" content=\"1 minuta\" \/>\n<script type=\"application\/ld+json\" class=\"yoast-schema-graph\">{\"@context\":\"https:\/\/schema.org\",\"@graph\":[{\"@type\":\"Article\",\"@id\":\"https:\/\/hudo.com\/si\/lifestyle\/nacisticni-pozdrav-zadosten-razlog-za-odpustitev-z-delovnega-mesta\/#article\",\"isPartOf\":{\"@id\":\"https:\/\/hudo.com\/si\/lifestyle\/nacisticni-pozdrav-zadosten-razlog-za-odpustitev-z-delovnega-mesta\/\"},\"author\":{\"name\":\"A. G., STA\",\"@id\":\"https:\/\/hudo.com\/si\/#\/schema\/person\/2391667a63ea075ba94f2f2dc6b77537\"},\"headline\":\"Nacisti\u010dni pozdrav zadosten razlog za odpustitev z delovnega mesta\",\"datePublished\":\"2016-10-20T15:28:42+00:00\",\"dateModified\":\"2016-10-20T15:33:03+00:00\",\"mainEntityOfPage\":{\"@id\":\"https:\/\/hudo.com\/si\/lifestyle\/nacisticni-pozdrav-zadosten-razlog-za-odpustitev-z-delovnega-mesta\/\"},\"wordCount\":162,\"publisher\":{\"@id\":\"https:\/\/hudo.com\/si\/#organization\"},\"keywords\":[\"nem\u010dija\",\"pravosodje\"],\"articleSection\":[\"Lifestyle\"],\"inLanguage\":\"sl-SI\"},{\"@type\":\"WebPage\",\"@id\":\"https:\/\/hudo.com\/si\/lifestyle\/nacisticni-pozdrav-zadosten-razlog-za-odpustitev-z-delovnega-mesta\/\",\"url\":\"https:\/\/hudo.com\/si\/lifestyle\/nacisticni-pozdrav-zadosten-razlog-za-odpustitev-z-delovnega-mesta\/\",\"name\":\"Nacisti\u010dni pozdrav zadosten razlog za odpustitev z delovnega mesta - Hudo Slovenija\",\"isPartOf\":{\"@id\":\"https:\/\/hudo.com\/si\/#website\"},\"datePublished\":\"2016-10-20T15:28:42+00:00\",\"dateModified\":\"2016-10-20T15:33:03+00:00\",\"breadcrumb\":{\"@id\":\"https:\/\/hudo.com\/si\/lifestyle\/nacisticni-pozdrav-zadosten-razlog-za-odpustitev-z-delovnega-mesta\/#breadcrumb\"},\"inLanguage\":\"sl-SI\",\"potentialAction\":[{\"@type\":\"ReadAction\",\"target\":[\"https:\/\/hudo.com\/si\/lifestyle\/nacisticni-pozdrav-zadosten-razlog-za-odpustitev-z-delovnega-mesta\/\"]}]},{\"@type\":\"BreadcrumbList\",\"@id\":\"https:\/\/hudo.com\/si\/lifestyle\/nacisticni-pozdrav-zadosten-razlog-za-odpustitev-z-delovnega-mesta\/#breadcrumb\",\"itemListElement\":[{\"@type\":\"ListItem\",\"position\":1,\"name\":\"Home\",\"item\":\"https:\/\/hudo.com\/si\/\"},{\"@type\":\"ListItem\",\"position\":2,\"name\":\"Nacisti\u010dni pozdrav zadosten razlog za odpustitev z delovnega mesta\"}]},{\"@type\":\"WebSite\",\"@id\":\"https:\/\/hudo.com\/si\/#website\",\"url\":\"https:\/\/hudo.com\/si\/\",\"name\":\"Hudo Slovenija\",\"description\":\"Vse novice iz Slovenije in sveta\",\"publisher\":{\"@id\":\"https:\/\/hudo.com\/si\/#organization\"},\"potentialAction\":[{\"@type\":\"SearchAction\",\"target\":{\"@type\":\"EntryPoint\",\"urlTemplate\":\"https:\/\/hudo.com\/si\/?s={search_term_string}\"},\"query-input\":\"required name=search_term_string\"}],\"inLanguage\":\"sl-SI\"},{\"@type\":\"Organization\",\"@id\":\"https:\/\/hudo.com\/si\/#organization\",\"name\":\"VSN Media\",\"url\":\"https:\/\/hudo.com\/si\/\",\"logo\":{\"@type\":\"ImageObject\",\"inLanguage\":\"sl-SI\",\"@id\":\"https:\/\/hudo.com\/si\/#\/schema\/logo\/image\/\",\"url\":\"https:\/\/hudo.com\/si\/wp-content\/uploads\/sites\/2\/2021\/03\/hudo-app-2.png\",\"contentUrl\":\"https:\/\/hudo.com\/si\/wp-content\/uploads\/sites\/2\/2021\/03\/hudo-app-2.png\",\"width\":2185,\"height\":2167,\"caption\":\"VSN Media\"},\"image\":{\"@id\":\"https:\/\/hudo.com\/si\/#\/schema\/logo\/image\/\"},\"sameAs\":[\"https:\/\/www.facebook.com\/hudo.si\",\"https:\/\/twitter.com\/hudo_si\"]},{\"@type\":\"Person\",\"@id\":\"https:\/\/hudo.com\/si\/#\/schema\/person\/2391667a63ea075ba94f2f2dc6b77537\",\"name\":\"A. G., STA\",\"image\":{\"@type\":\"ImageObject\",\"inLanguage\":\"sl-SI\",\"@id\":\"https:\/\/hudo.com\/si\/#\/schema\/person\/image\/\",\"url\":\"https:\/\/secure.gravatar.com\/avatar\/e13d22ac3e442658d5025fbbe6238a79?s=96&d=mm&r=g\",\"contentUrl\":\"https:\/\/secure.gravatar.com\/avatar\/e13d22ac3e442658d5025fbbe6238a79?s=96&d=mm&r=g\",\"caption\":\"A. G., STA\"},\"url\":\"https:\/\/hudo.com\/si\/author\/alenka\/\"}]}<\/script>\n<!-- \/ Yoast SEO plugin. -->","yoast_head_json":{"title":"Nacisti\u010dni pozdrav zadosten razlog za odpustitev z delovnega mesta - Hudo Slovenija","robots":{"index":"index","follow":"follow","max-snippet":"max-snippet:-1","max-image-preview":"max-image-preview:large","max-video-preview":"max-video-preview:-1"},"canonical":"https:\/\/hudo.com\/si\/lifestyle\/nacisticni-pozdrav-zadosten-razlog-za-odpustitev-z-delovnega-mesta\/","og_locale":"sl_SI","og_type":"article","og_title":"Nacisti\u010dni pozdrav zadosten razlog za odpustitev z delovnega mesta - Hudo Slovenija","og_description":"Nem\u0161ko delovno sodi\u0161\u010de je danes odlo\u010dilo, da je nacisti\u010dni pozdrav zadosten razlog za odpustitev z delovnega mesta. Sodi\u0161\u010de je presojalo v primeru prevoznika bolnikov, ki je to\u017eil svojega delodajalca, ker ga je odpustil. O podobnem primeru poro\u010dajo tudi iz Avstrije, kjer je sodi\u0161\u010de zaradi vzklika \"Heil Hitler\" na pogojno kazen obsodilo policista.","og_url":"https:\/\/hudo.com\/si\/lifestyle\/nacisticni-pozdrav-zadosten-razlog-za-odpustitev-z-delovnega-mesta\/","og_site_name":"Hudo Slovenija","article_publisher":"https:\/\/www.facebook.com\/hudo.si","article_published_time":"2016-10-20T15:28:42+00:00","article_modified_time":"2016-10-20T15:33:03+00:00","og_image":[{"width":883,"height":1250,"url":"https:\/\/hudo.com\/si\/wp-content\/uploads\/sites\/2\/2016\/10\/profimedia-0070051917.jpg","type":"image\/jpeg"}],"author":"A. G., STA","twitter_card":"summary_large_image","twitter_creator":"@hudo_si","twitter_site":"@hudo_si","twitter_misc":{"Written by":"A. G., STA","Est. reading time":"1 minuta"},"schema":{"@context":"https:\/\/schema.org","@graph":[{"@type":"Article","@id":"https:\/\/hudo.com\/si\/lifestyle\/nacisticni-pozdrav-zadosten-razlog-za-odpustitev-z-delovnega-mesta\/#article","isPartOf":{"@id":"https:\/\/hudo.com\/si\/lifestyle\/nacisticni-pozdrav-zadosten-razlog-za-odpustitev-z-delovnega-mesta\/"},"author":{"name":"A. G., STA","@id":"https:\/\/hudo.com\/si\/#\/schema\/person\/2391667a63ea075ba94f2f2dc6b77537"},"headline":"Nacisti\u010dni pozdrav zadosten razlog za odpustitev z delovnega mesta","datePublished":"2016-10-20T15:28:42+00:00","dateModified":"2016-10-20T15:33:03+00:00","mainEntityOfPage":{"@id":"https:\/\/hudo.com\/si\/lifestyle\/nacisticni-pozdrav-zadosten-razlog-za-odpustitev-z-delovnega-mesta\/"},"wordCount":162,"publisher":{"@id":"https:\/\/hudo.com\/si\/#organization"},"keywords":["nem\u010dija","pravosodje"],"articleSection":["Lifestyle"],"inLanguage":"sl-SI"},{"@type":"WebPage","@id":"https:\/\/hudo.com\/si\/lifestyle\/nacisticni-pozdrav-zadosten-razlog-za-odpustitev-z-delovnega-mesta\/","url":"https:\/\/hudo.com\/si\/lifestyle\/nacisticni-pozdrav-zadosten-razlog-za-odpustitev-z-delovnega-mesta\/","name":"Nacisti\u010dni pozdrav zadosten razlog za odpustitev z delovnega mesta - Hudo Slovenija","isPartOf":{"@id":"https:\/\/hudo.com\/si\/#website"},"datePublished":"2016-10-20T15:28:42+00:00","dateModified":"2016-10-20T15:33:03+00:00","breadcrumb":{"@id":"https:\/\/hudo.com\/si\/lifestyle\/nacisticni-pozdrav-zadosten-razlog-za-odpustitev-z-delovnega-mesta\/#breadcrumb"},"inLanguage":"sl-SI","potentialAction":[{"@type":"ReadAction","target":["https:\/\/hudo.com\/si\/lifestyle\/nacisticni-pozdrav-zadosten-razlog-za-odpustitev-z-delovnega-mesta\/"]}]},{"@type":"BreadcrumbList","@id":"https:\/\/hudo.com\/si\/lifestyle\/nacisticni-pozdrav-zadosten-razlog-za-odpustitev-z-delovnega-mesta\/#breadcrumb","itemListElement":[{"@type":"ListItem","position":1,"name":"Home","item":"https:\/\/hudo.com\/si\/"},{"@type":"ListItem","position":2,"name":"Nacisti\u010dni pozdrav zadosten razlog za odpustitev z delovnega mesta"}]},{"@type":"WebSite","@id":"https:\/\/hudo.com\/si\/#website","url":"https:\/\/hudo.com\/si\/","name":"Hudo Slovenija","description":"Vse novice iz Slovenije in sveta","publisher":{"@id":"https:\/\/hudo.com\/si\/#organization"},"potentialAction":[{"@type":"SearchAction","target":{"@type":"EntryPoint","urlTemplate":"https:\/\/hudo.com\/si\/?s={search_term_string}"},"query-input":"required name=search_term_string"}],"inLanguage":"sl-SI"},{"@type":"Organization","@id":"https:\/\/hudo.com\/si\/#organization","name":"VSN Media","url":"https:\/\/hudo.com\/si\/","logo":{"@type":"ImageObject","inLanguage":"sl-SI","@id":"https:\/\/hudo.com\/si\/#\/schema\/logo\/image\/","url":"https:\/\/hudo.com\/si\/wp-content\/uploads\/sites\/2\/2021\/03\/hudo-app-2.png","contentUrl":"https:\/\/hudo.com\/si\/wp-content\/uploads\/sites\/2\/2021\/03\/hudo-app-2.png","width":2185,"height":2167,"caption":"VSN Media"},"image":{"@id":"https:\/\/hudo.com\/si\/#\/schema\/logo\/image\/"},"sameAs":["https:\/\/www.facebook.com\/hudo.si","https:\/\/twitter.com\/hudo_si"]},{"@type":"Person","@id":"https:\/\/hudo.com\/si\/#\/schema\/person\/2391667a63ea075ba94f2f2dc6b77537","name":"A. G., STA","image":{"@type":"ImageObject","inLanguage":"sl-SI","@id":"https:\/\/hudo.com\/si\/#\/schema\/person\/image\/","url":"https:\/\/secure.gravatar.com\/avatar\/e13d22ac3e442658d5025fbbe6238a79?s=96&d=mm&r=g","contentUrl":"https:\/\/secure.gravatar.com\/avatar\/e13d22ac3e442658d5025fbbe6238a79?s=96&d=mm&r=g","caption":"A. G., STA"},"url":"https:\/\/hudo.com\/si\/author\/alenka\/"}]}},"amp_enabled":true,"_links":{"self":[{"href":"https:\/\/hudo.com\/si\/wp-json\/wp\/v2\/posts\/158596"}],"collection":[{"href":"https:\/\/hudo.com\/si\/wp-json\/wp\/v2\/posts"}],"about":[{"href":"https:\/\/hudo.com\/si\/wp-json\/wp\/v2\/types\/post"}],"author":[{"embeddable":true,"href":"https:\/\/hudo.com\/si\/wp-json\/wp\/v2\/users\/5"}],"replies":[{"embeddable":true,"href":"https:\/\/hudo.com\/si\/wp-json\/wp\/v2\/comments?post=158596"}],"version-history":[{"count":3,"href":"https:\/\/hudo.com\/si\/wp-json\/wp\/v2\/posts\/158596\/revisions"}],"predecessor-version":[{"id":158608,"href":"https:\/\/hudo.com\/si\/wp-json\/wp\/v2\/posts\/158596\/revisions\/158608"}],"wp:featuredmedia":[{"embeddable":true,"href":"https:\/\/hudo.com\/si\/wp-json\/wp\/v2\/media\/158601"}],"wp:attachment":[{"href":"https:\/\/hudo.com\/si\/wp-json\/wp\/v2\/media?parent=158596"}],"wp:term":[{"taxonomy":"category","embeddable":true,"href":"https:\/\/hudo.com\/si\/wp-json\/wp\/v2\/categories?post=158596"},{"taxonomy":"post_tag","embeddable":true,"href":"https:\/\/hudo.com\/si\/wp-json\/wp\/v2\/tags?post=158596"},{"taxonomy":"source","embeddable":true,"href":"https:\/\/hudo.com\/si\/wp-json\/wp\/v2\/source?post=158596"},{"taxonomy":"supertag","embeddable":true,"href":"https:\/\/hudo.com\/si\/wp-json\/wp\/v2\/supertag?post=158596"}],"curies":[{"name":"wp","href":"https:\/\/api.w.org\/{rel}","templated":true}]}}