{"id":158819,"date":"2016-10-20T18:02:07","date_gmt":"2016-10-20T16:02:07","guid":{"rendered":"http:\/\/hudo.com\/si\/2016\/10\/20\/cerar-bi-odpravil-nadzor-na-severni-meji-avstrijski-kancler-pa-je-takoj-zahteval-njegovo-podaljsanje\/"},"modified":"2016-10-21T04:37:48","modified_gmt":"2016-10-21T02:37:48","slug":"cerar-bi-odpravil-nadzor-na-severni-meji-avstrijski-kancler-pa-je-takoj-zahteval-njegovo-podaljsanje","status":"publish","type":"post","link":"https:\/\/hudo.com\/si\/aktualno\/cerar-bi-odpravil-nadzor-na-severni-meji-avstrijski-kancler-pa-je-takoj-zahteval-njegovo-podaljsanje\/","title":{"rendered":"Cerar bi odpravil nadzor na severni meji, avstrijski kancler pa je takoj zahteval njegovo podalj\u0161anje"},"content":{"rendered":"<p>Premier Miro Cerar je danes izjavil,\u00a0da se zavzema za to, da bi se na severni meji odpravil nadzor, saj po njegovem prepri\u010danju naj ne bi bilo nobenega razloga ve\u010d za to. Avstrijski kancler je naredil ravno obratno in\u00a0zahteval podalj\u0161anje nadzora na meji s Slovenijo, kar pomeni, da na\u0161a dr\u017eava ne nadzoruje\u00a0ju\u017ene meje dovolj dobro, saj<\/p>\n","protected":false},"excerpt":{"rendered":"<p>Premier Miro Cerar je danes izjavil,\u00a0da se zavzema za to, da bi se na severni meji odpravil nadzor, saj po njegovem prepri\u010danju naj ne bi bilo nobenega razloga ve\u010d za to. Avstrijski kancler je naredil ravno obratno in\u00a0zahteval podalj\u0161anje nadzora na meji s Slovenijo, kar pomeni, da na\u0161a dr\u017eava ne nadzoruje\u00a0ju\u017ene meje dovolj dobro, saj<\/p>\n","protected":false},"author":1,"featured_media":0,"comment_status":"closed","ping_status":"closed","sticky":false,"template":"","format":"standard","meta":{"footnotes":""},"categories":[1179],"tags":[],"source":[1710],"supertag":[],"acf":[],"yoast_head":"<!-- This site is optimized with the Yoast SEO plugin v21.3 - https:\/\/yoast.com\/wordpress\/plugins\/seo\/ -->\n<title>Cerar bi odpravil nadzor na severni meji, avstrijski kancler pa je takoj zahteval njegovo podalj\u0161anje - Hudo Slovenija<\/title>\n<meta name=\"robots\" content=\"index, follow, max-snippet:-1, max-image-preview:large, max-video-preview:-1\" \/>\n<link rel=\"canonical\" href=\"https:\/\/hudo.com\/si\/aktualno\/cerar-bi-odpravil-nadzor-na-severni-meji-avstrijski-kancler-pa-je-takoj-zahteval-njegovo-podaljsanje\/\" \/>\n<meta property=\"og:locale\" content=\"sl_SI\" \/>\n<meta property=\"og:type\" content=\"article\" \/>\n<meta property=\"og:title\" content=\"Cerar bi odpravil nadzor na severni meji, avstrijski kancler pa je takoj zahteval njegovo podalj\u0161anje - Hudo Slovenija\" \/>\n<meta property=\"og:description\" content=\"Premier Miro Cerar je danes izjavil,\u00a0da se zavzema za to, da bi se na severni meji odpravil nadzor, saj po njegovem prepri\u010danju naj ne bi bilo nobenega razloga ve\u010d za to. Avstrijski kancler je naredil ravno obratno in\u00a0zahteval podalj\u0161anje nadzora na meji s Slovenijo, kar pomeni, da na\u0161a dr\u017eava ne nadzoruje\u00a0ju\u017ene meje dovolj dobro, saj\" \/>\n<meta property=\"og:url\" content=\"https:\/\/hudo.com\/si\/aktualno\/cerar-bi-odpravil-nadzor-na-severni-meji-avstrijski-kancler-pa-je-takoj-zahteval-njegovo-podaljsanje\/\" \/>\n<meta property=\"og:site_name\" content=\"Hudo Slovenija\" \/>\n<meta property=\"article:publisher\" content=\"https:\/\/www.facebook.com\/hudo.si\" \/>\n<meta property=\"article:published_time\" content=\"2016-10-20T16:02:07+00:00\" \/>\n<meta property=\"article:modified_time\" content=\"2016-10-21T02:37:48+00:00\" \/>\n<meta property=\"og:image\" content=\"https:\/\/hudo.com\/si\/wp-content\/uploads\/sites\/2\/2016\/10\/Cerar-ne-glede-na-vse-ne-da-svojih-ministrov-01.jpg\" \/>\n\t<meta property=\"og:image:width\" content=\"640\" \/>\n\t<meta property=\"og:image:height\" content=\"426\" \/>\n\t<meta property=\"og:image:type\" content=\"image\/jpeg\" \/>\n<meta name=\"author\" content=\"hudo\" \/>\n<meta name=\"twitter:card\" content=\"summary_large_image\" \/>\n<meta name=\"twitter:creator\" content=\"@hudo_si\" \/>\n<meta name=\"twitter:site\" content=\"@hudo_si\" \/>\n<meta name=\"twitter:label1\" content=\"Written by\" \/>\n\t<meta name=\"twitter:data1\" content=\"hudo\" \/>\n<script type=\"application\/ld+json\" class=\"yoast-schema-graph\">{\"@context\":\"https:\/\/schema.org\",\"@graph\":[{\"@type\":\"Article\",\"@id\":\"https:\/\/hudo.com\/si\/aktualno\/cerar-bi-odpravil-nadzor-na-severni-meji-avstrijski-kancler-pa-je-takoj-zahteval-njegovo-podaljsanje\/#article\",\"isPartOf\":{\"@id\":\"https:\/\/hudo.com\/si\/aktualno\/cerar-bi-odpravil-nadzor-na-severni-meji-avstrijski-kancler-pa-je-takoj-zahteval-njegovo-podaljsanje\/\"},\"author\":{\"name\":\"hudo\",\"@id\":\"https:\/\/hudo.com\/si\/#\/schema\/person\/601cf3379633985b20f7e50f2bb47707\"},\"headline\":\"Cerar bi odpravil nadzor na severni meji, avstrijski kancler pa je takoj zahteval njegovo podalj\u0161anje\",\"datePublished\":\"2016-10-20T16:02:07+00:00\",\"dateModified\":\"2016-10-21T02:37:48+00:00\",\"mainEntityOfPage\":{\"@id\":\"https:\/\/hudo.com\/si\/aktualno\/cerar-bi-odpravil-nadzor-na-severni-meji-avstrijski-kancler-pa-je-takoj-zahteval-njegovo-podaljsanje\/\"},\"wordCount\":79,\"publisher\":{\"@id\":\"https:\/\/hudo.com\/si\/#organization\"},\"articleSection\":[\"Aktualno\"],\"inLanguage\":\"sl-SI\"},{\"@type\":\"WebPage\",\"@id\":\"https:\/\/hudo.com\/si\/aktualno\/cerar-bi-odpravil-nadzor-na-severni-meji-avstrijski-kancler-pa-je-takoj-zahteval-njegovo-podaljsanje\/\",\"url\":\"https:\/\/hudo.com\/si\/aktualno\/cerar-bi-odpravil-nadzor-na-severni-meji-avstrijski-kancler-pa-je-takoj-zahteval-njegovo-podaljsanje\/\",\"name\":\"Cerar bi odpravil nadzor na severni meji, avstrijski kancler pa je takoj zahteval njegovo podalj\u0161anje - Hudo Slovenija\",\"isPartOf\":{\"@id\":\"https:\/\/hudo.com\/si\/#website\"},\"datePublished\":\"2016-10-20T16:02:07+00:00\",\"dateModified\":\"2016-10-21T02:37:48+00:00\",\"breadcrumb\":{\"@id\":\"https:\/\/hudo.com\/si\/aktualno\/cerar-bi-odpravil-nadzor-na-severni-meji-avstrijski-kancler-pa-je-takoj-zahteval-njegovo-podaljsanje\/#breadcrumb\"},\"inLanguage\":\"sl-SI\",\"potentialAction\":[{\"@type\":\"ReadAction\",\"target\":[\"https:\/\/hudo.com\/si\/aktualno\/cerar-bi-odpravil-nadzor-na-severni-meji-avstrijski-kancler-pa-je-takoj-zahteval-njegovo-podaljsanje\/\"]}]},{\"@type\":\"BreadcrumbList\",\"@id\":\"https:\/\/hudo.com\/si\/aktualno\/cerar-bi-odpravil-nadzor-na-severni-meji-avstrijski-kancler-pa-je-takoj-zahteval-njegovo-podaljsanje\/#breadcrumb\",\"itemListElement\":[{\"@type\":\"ListItem\",\"position\":1,\"name\":\"Home\",\"item\":\"https:\/\/hudo.com\/si\/\"},{\"@type\":\"ListItem\",\"position\":2,\"name\":\"Cerar bi odpravil nadzor na severni meji, avstrijski kancler pa je takoj zahteval njegovo podalj\u0161anje\"}]},{\"@type\":\"WebSite\",\"@id\":\"https:\/\/hudo.com\/si\/#website\",\"url\":\"https:\/\/hudo.com\/si\/\",\"name\":\"Hudo Slovenija\",\"description\":\"Vse novice iz Slovenije in sveta\",\"publisher\":{\"@id\":\"https:\/\/hudo.com\/si\/#organization\"},\"potentialAction\":[{\"@type\":\"SearchAction\",\"target\":{\"@type\":\"EntryPoint\",\"urlTemplate\":\"https:\/\/hudo.com\/si\/?s={search_term_string}\"},\"query-input\":\"required name=search_term_string\"}],\"inLanguage\":\"sl-SI\"},{\"@type\":\"Organization\",\"@id\":\"https:\/\/hudo.com\/si\/#organization\",\"name\":\"VSN Media\",\"url\":\"https:\/\/hudo.com\/si\/\",\"logo\":{\"@type\":\"ImageObject\",\"inLanguage\":\"sl-SI\",\"@id\":\"https:\/\/hudo.com\/si\/#\/schema\/logo\/image\/\",\"url\":\"https:\/\/hudo.com\/si\/wp-content\/uploads\/sites\/2\/2021\/03\/hudo-app-2.png\",\"contentUrl\":\"https:\/\/hudo.com\/si\/wp-content\/uploads\/sites\/2\/2021\/03\/hudo-app-2.png\",\"width\":2185,\"height\":2167,\"caption\":\"VSN Media\"},\"image\":{\"@id\":\"https:\/\/hudo.com\/si\/#\/schema\/logo\/image\/\"},\"sameAs\":[\"https:\/\/www.facebook.com\/hudo.si\",\"https:\/\/twitter.com\/hudo_si\"]},{\"@type\":\"Person\",\"@id\":\"https:\/\/hudo.com\/si\/#\/schema\/person\/601cf3379633985b20f7e50f2bb47707\",\"name\":\"hudo\",\"image\":{\"@type\":\"ImageObject\",\"inLanguage\":\"sl-SI\",\"@id\":\"https:\/\/hudo.com\/si\/#\/schema\/person\/image\/\",\"url\":\"https:\/\/secure.gravatar.com\/avatar\/c4ca25fa72cace7a696b52ff5db9e095?s=96&d=mm&r=g\",\"contentUrl\":\"https:\/\/secure.gravatar.com\/avatar\/c4ca25fa72cace7a696b52ff5db9e095?s=96&d=mm&r=g\",\"caption\":\"hudo\"},\"url\":\"https:\/\/hudo.com\/si\/author\/hudo\/\"}]}<\/script>\n<!-- \/ Yoast SEO plugin. -->","yoast_head_json":{"title":"Cerar bi odpravil nadzor na severni meji, avstrijski kancler pa je takoj zahteval njegovo podalj\u0161anje - Hudo Slovenija","robots":{"index":"index","follow":"follow","max-snippet":"max-snippet:-1","max-image-preview":"max-image-preview:large","max-video-preview":"max-video-preview:-1"},"canonical":"https:\/\/hudo.com\/si\/aktualno\/cerar-bi-odpravil-nadzor-na-severni-meji-avstrijski-kancler-pa-je-takoj-zahteval-njegovo-podaljsanje\/","og_locale":"sl_SI","og_type":"article","og_title":"Cerar bi odpravil nadzor na severni meji, avstrijski kancler pa je takoj zahteval njegovo podalj\u0161anje - Hudo Slovenija","og_description":"Premier Miro Cerar je danes izjavil,\u00a0da se zavzema za to, da bi se na severni meji odpravil nadzor, saj po njegovem prepri\u010danju naj ne bi bilo nobenega razloga ve\u010d za to. Avstrijski kancler je naredil ravno obratno in\u00a0zahteval podalj\u0161anje nadzora na meji s Slovenijo, kar pomeni, da na\u0161a dr\u017eava ne nadzoruje\u00a0ju\u017ene meje dovolj dobro, saj","og_url":"https:\/\/hudo.com\/si\/aktualno\/cerar-bi-odpravil-nadzor-na-severni-meji-avstrijski-kancler-pa-je-takoj-zahteval-njegovo-podaljsanje\/","og_site_name":"Hudo Slovenija","article_publisher":"https:\/\/www.facebook.com\/hudo.si","article_published_time":"2016-10-20T16:02:07+00:00","article_modified_time":"2016-10-21T02:37:48+00:00","og_image":[{"width":640,"height":426,"url":"https:\/\/hudo.com\/si\/wp-content\/uploads\/sites\/2\/2016\/10\/Cerar-ne-glede-na-vse-ne-da-svojih-ministrov-01.jpg","type":"image\/jpeg"}],"author":"hudo","twitter_card":"summary_large_image","twitter_creator":"@hudo_si","twitter_site":"@hudo_si","twitter_misc":{"Written by":"hudo"},"schema":{"@context":"https:\/\/schema.org","@graph":[{"@type":"Article","@id":"https:\/\/hudo.com\/si\/aktualno\/cerar-bi-odpravil-nadzor-na-severni-meji-avstrijski-kancler-pa-je-takoj-zahteval-njegovo-podaljsanje\/#article","isPartOf":{"@id":"https:\/\/hudo.com\/si\/aktualno\/cerar-bi-odpravil-nadzor-na-severni-meji-avstrijski-kancler-pa-je-takoj-zahteval-njegovo-podaljsanje\/"},"author":{"name":"hudo","@id":"https:\/\/hudo.com\/si\/#\/schema\/person\/601cf3379633985b20f7e50f2bb47707"},"headline":"Cerar bi odpravil nadzor na severni meji, avstrijski kancler pa je takoj zahteval njegovo podalj\u0161anje","datePublished":"2016-10-20T16:02:07+00:00","dateModified":"2016-10-21T02:37:48+00:00","mainEntityOfPage":{"@id":"https:\/\/hudo.com\/si\/aktualno\/cerar-bi-odpravil-nadzor-na-severni-meji-avstrijski-kancler-pa-je-takoj-zahteval-njegovo-podaljsanje\/"},"wordCount":79,"publisher":{"@id":"https:\/\/hudo.com\/si\/#organization"},"articleSection":["Aktualno"],"inLanguage":"sl-SI"},{"@type":"WebPage","@id":"https:\/\/hudo.com\/si\/aktualno\/cerar-bi-odpravil-nadzor-na-severni-meji-avstrijski-kancler-pa-je-takoj-zahteval-njegovo-podaljsanje\/","url":"https:\/\/hudo.com\/si\/aktualno\/cerar-bi-odpravil-nadzor-na-severni-meji-avstrijski-kancler-pa-je-takoj-zahteval-njegovo-podaljsanje\/","name":"Cerar bi odpravil nadzor na severni meji, avstrijski kancler pa je takoj zahteval njegovo podalj\u0161anje - Hudo Slovenija","isPartOf":{"@id":"https:\/\/hudo.com\/si\/#website"},"datePublished":"2016-10-20T16:02:07+00:00","dateModified":"2016-10-21T02:37:48+00:00","breadcrumb":{"@id":"https:\/\/hudo.com\/si\/aktualno\/cerar-bi-odpravil-nadzor-na-severni-meji-avstrijski-kancler-pa-je-takoj-zahteval-njegovo-podaljsanje\/#breadcrumb"},"inLanguage":"sl-SI","potentialAction":[{"@type":"ReadAction","target":["https:\/\/hudo.com\/si\/aktualno\/cerar-bi-odpravil-nadzor-na-severni-meji-avstrijski-kancler-pa-je-takoj-zahteval-njegovo-podaljsanje\/"]}]},{"@type":"BreadcrumbList","@id":"https:\/\/hudo.com\/si\/aktualno\/cerar-bi-odpravil-nadzor-na-severni-meji-avstrijski-kancler-pa-je-takoj-zahteval-njegovo-podaljsanje\/#breadcrumb","itemListElement":[{"@type":"ListItem","position":1,"name":"Home","item":"https:\/\/hudo.com\/si\/"},{"@type":"ListItem","position":2,"name":"Cerar bi odpravil nadzor na severni meji, avstrijski kancler pa je takoj zahteval njegovo podalj\u0161anje"}]},{"@type":"WebSite","@id":"https:\/\/hudo.com\/si\/#website","url":"https:\/\/hudo.com\/si\/","name":"Hudo Slovenija","description":"Vse novice iz Slovenije in sveta","publisher":{"@id":"https:\/\/hudo.com\/si\/#organization"},"potentialAction":[{"@type":"SearchAction","target":{"@type":"EntryPoint","urlTemplate":"https:\/\/hudo.com\/si\/?s={search_term_string}"},"query-input":"required name=search_term_string"}],"inLanguage":"sl-SI"},{"@type":"Organization","@id":"https:\/\/hudo.com\/si\/#organization","name":"VSN Media","url":"https:\/\/hudo.com\/si\/","logo":{"@type":"ImageObject","inLanguage":"sl-SI","@id":"https:\/\/hudo.com\/si\/#\/schema\/logo\/image\/","url":"https:\/\/hudo.com\/si\/wp-content\/uploads\/sites\/2\/2021\/03\/hudo-app-2.png","contentUrl":"https:\/\/hudo.com\/si\/wp-content\/uploads\/sites\/2\/2021\/03\/hudo-app-2.png","width":2185,"height":2167,"caption":"VSN Media"},"image":{"@id":"https:\/\/hudo.com\/si\/#\/schema\/logo\/image\/"},"sameAs":["https:\/\/www.facebook.com\/hudo.si","https:\/\/twitter.com\/hudo_si"]},{"@type":"Person","@id":"https:\/\/hudo.com\/si\/#\/schema\/person\/601cf3379633985b20f7e50f2bb47707","name":"hudo","image":{"@type":"ImageObject","inLanguage":"sl-SI","@id":"https:\/\/hudo.com\/si\/#\/schema\/person\/image\/","url":"https:\/\/secure.gravatar.com\/avatar\/c4ca25fa72cace7a696b52ff5db9e095?s=96&d=mm&r=g","contentUrl":"https:\/\/secure.gravatar.com\/avatar\/c4ca25fa72cace7a696b52ff5db9e095?s=96&d=mm&r=g","caption":"hudo"},"url":"https:\/\/hudo.com\/si\/author\/hudo\/"}]}},"amp_enabled":true,"_links":{"self":[{"href":"https:\/\/hudo.com\/si\/wp-json\/wp\/v2\/posts\/158819"}],"collection":[{"href":"https:\/\/hudo.com\/si\/wp-json\/wp\/v2\/posts"}],"about":[{"href":"https:\/\/hudo.com\/si\/wp-json\/wp\/v2\/types\/post"}],"author":[{"embeddable":true,"href":"https:\/\/hudo.com\/si\/wp-json\/wp\/v2\/users\/1"}],"replies":[{"embeddable":true,"href":"https:\/\/hudo.com\/si\/wp-json\/wp\/v2\/comments?post=158819"}],"version-history":[{"count":1,"href":"https:\/\/hudo.com\/si\/wp-json\/wp\/v2\/posts\/158819\/revisions"}],"predecessor-version":[{"id":159000,"href":"https:\/\/hudo.com\/si\/wp-json\/wp\/v2\/posts\/158819\/revisions\/159000"}],"wp:attachment":[{"href":"https:\/\/hudo.com\/si\/wp-json\/wp\/v2\/media?parent=158819"}],"wp:term":[{"taxonomy":"category","embeddable":true,"href":"https:\/\/hudo.com\/si\/wp-json\/wp\/v2\/categories?post=158819"},{"taxonomy":"post_tag","embeddable":true,"href":"https:\/\/hudo.com\/si\/wp-json\/wp\/v2\/tags?post=158819"},{"taxonomy":"source","embeddable":true,"href":"https:\/\/hudo.com\/si\/wp-json\/wp\/v2\/source?post=158819"},{"taxonomy":"supertag","embeddable":true,"href":"https:\/\/hudo.com\/si\/wp-json\/wp\/v2\/supertag?post=158819"}],"curies":[{"name":"wp","href":"https:\/\/api.w.org\/{rel}","templated":true}]}}