{"id":158821,"date":"2016-10-20T18:00:00","date_gmt":"2016-10-20T16:00:00","guid":{"rendered":"http:\/\/hudo.com\/si\/2016\/10\/20\/stop-za-adris-v-savi-re-tezava-zaradi-croatie-osiguranje\/"},"modified":"2016-10-20T18:00:00","modified_gmt":"2016-10-20T16:00:00","slug":"stop-za-adris-v-savi-re-tezava-zaradi-croatie-osiguranje","status":"publish","type":"post","link":"https:\/\/hudo.com\/si\/aktualno\/stop-za-adris-v-savi-re-tezava-zaradi-croatie-osiguranje\/","title":{"rendered":"Stop za Adris v Savi Re: Te\u017eava zaradi Croatie Osiguranje"},"content":{"rendered":"<p>Agencija za zavarovalni nadzor (AZN) je po na\u0161ih neuradnih in zanesljivih informacijah zavrnila zahtevo Adrisa za pove\u010danje lastni\u0161kega dele\u017ea v Savi Re nad 20 odstotkov in tik pod prevzemni prag, ki je 33 odstotkov. Hrva\u0161ka skupina, ki ima v svojem portfelju tudi zavarovalnico Croatia Osiguranje, ki je nedavno vstopila na slovenski trg in \u017ee dobila tudi vsa dovoljenja, ima trenutno petino Save Re, domneva pa se, da bi lastni\u0161ki dele\u017e ob ustreznem dovoljenju zelo hitro pove\u010dala. Zdaj novih delnic Save Re Hrvati ne smejo kupovati. Dogajanje okoli Save Re je bilo zadnje dneve tudi top politi\u010dna tema, iz vladajo\u010de politike pa je prihajalo ve\u010d signalov, da bi lahko bil hrva\u0161ki pohod na pozavarovalnico problemati\u010den. Aktualna koalicija pove\u010danju hrva\u0161kega dele\u017ea v Savi Re gotovo ni bila naklonjena. A po na\u0161ih informacijah je bila odlo\u010ditev v AZN, ki v prvi vrsti preverja fina\u010dno, kapitalsko ustreznost prevzemnika, njegov ugled in verodostojnosti, soglasna. Adris te\u017eav s kapitalsko ustreznostjo nima, a je vlogo vlo\u017eil skupaj s Croatio Osiguranje, ki pa ni v najbolj\u0161i finan\u010dni kondiciji, posebej mo\u010dno je izpostavljena tudi do hrva\u0161ke dr\u017eave, ki je v zadnjem \u010dasu zelo izgubljala bonitetno oceno. V tem je lahko bila klju\u010dna te\u017eava Adrisa pri naskoku na Savo Re.Gospodarstvo<\/p>\n","protected":false},"excerpt":{"rendered":"<p>Agencija za zavarovalni nadzor (AZN) je po na\u0161ih neuradnih in zanesljivih informacijah zavrnila zahtevo Adrisa za pove\u010danje lastni\u0161kega dele\u017ea v Savi Re nad 20 odstotkov in tik pod prevzemni prag, ki je 33 odstotkov. Hrva\u0161ka skupina, ki ima v svojem portfelju tudi zavarovalnico Croatia Osiguranje, ki je nedavno vstopila na slovenski trg in \u017ee dobila tudi vsa dovoljenja, ima trenutno petino Save Re, domneva pa se, da bi lastni\u0161ki dele\u017e ob ustreznem dovoljenju zelo hitro pove\u010dala. Zdaj novih delnic Save Re Hrvati ne smejo kupovati. Dogajanje okoli Save Re je bilo zadnje dneve tudi top politi\u010dna tema, iz vladajo\u010de politike pa je prihajalo ve\u010d signalov, da bi lahko bil hrva\u0161ki pohod na pozavarovalnico problemati\u010den. Aktualna koalicija pove\u010danju hrva\u0161kega dele\u017ea v Savi Re gotovo ni bila naklonjena. A po na\u0161ih informacijah je bila odlo\u010ditev v AZN, ki v prvi vrsti preverja fina\u010dno, kapitalsko ustreznost prevzemnika, njegov ugled in verodostojnosti, soglasna. Adris te\u017eav s kapitalsko ustreznostjo nima, a je vlogo vlo\u017eil skupaj s Croatio Osiguranje, ki pa ni v najbolj\u0161i finan\u010dni kondiciji, posebej mo\u010dno je izpostavljena tudi do hrva\u0161ke dr\u017eave, ki je v zadnjem \u010dasu zelo izgubljala bonitetno oceno. V tem je lahko bila klju\u010dna te\u017eava Adrisa pri naskoku na Savo Re.Gospodarstvo<\/p>\n","protected":false},"author":1,"featured_media":0,"comment_status":"closed","ping_status":"closed","sticky":false,"template":"","format":"standard","meta":{"footnotes":""},"categories":[1179],"tags":[],"source":[1711],"supertag":[],"acf":[],"yoast_head":"<!-- This site is optimized with the Yoast SEO plugin v21.3 - https:\/\/yoast.com\/wordpress\/plugins\/seo\/ -->\n<title>Stop za Adris v Savi Re: Te\u017eava zaradi Croatie Osiguranje - Hudo Slovenija<\/title>\n<meta name=\"robots\" content=\"index, follow, max-snippet:-1, max-image-preview:large, max-video-preview:-1\" \/>\n<link rel=\"canonical\" href=\"https:\/\/hudo.com\/si\/aktualno\/stop-za-adris-v-savi-re-tezava-zaradi-croatie-osiguranje\/\" \/>\n<meta property=\"og:locale\" content=\"sl_SI\" \/>\n<meta property=\"og:type\" content=\"article\" \/>\n<meta property=\"og:title\" content=\"Stop za Adris v Savi Re: Te\u017eava zaradi Croatie Osiguranje - Hudo Slovenija\" \/>\n<meta property=\"og:description\" content=\"Agencija za zavarovalni nadzor (AZN) je po na\u0161ih neuradnih in zanesljivih informacijah zavrnila zahtevo Adrisa za pove\u010danje lastni\u0161kega dele\u017ea v Savi Re nad 20 odstotkov in tik pod prevzemni prag, ki je 33 odstotkov. Hrva\u0161ka skupina, ki ima v svojem portfelju tudi zavarovalnico Croatia Osiguranje, ki je nedavno vstopila na slovenski trg in \u017ee dobila tudi vsa dovoljenja, ima trenutno petino Save Re, domneva pa se, da bi lastni\u0161ki dele\u017e ob ustreznem dovoljenju zelo hitro pove\u010dala. Zdaj novih delnic Save Re Hrvati ne smejo kupovati. Dogajanje okoli Save Re je bilo zadnje dneve tudi top politi\u010dna tema, iz vladajo\u010de politike pa je prihajalo ve\u010d signalov, da bi lahko bil hrva\u0161ki pohod na pozavarovalnico problemati\u010den. Aktualna koalicija pove\u010danju hrva\u0161kega dele\u017ea v Savi Re gotovo ni bila naklonjena. A po na\u0161ih informacijah je bila odlo\u010ditev v AZN, ki v prvi vrsti preverja fina\u010dno, kapitalsko ustreznost prevzemnika, njegov ugled in verodostojnosti, soglasna. Adris te\u017eav s kapitalsko ustreznostjo nima, a je vlogo vlo\u017eil skupaj s Croatio Osiguranje, ki pa ni v najbolj\u0161i finan\u010dni kondiciji, posebej mo\u010dno je izpostavljena tudi do hrva\u0161ke dr\u017eave, ki je v zadnjem \u010dasu zelo izgubljala bonitetno oceno. V tem je lahko bila klju\u010dna te\u017eava Adrisa pri naskoku na Savo Re.Gospodarstvo\" \/>\n<meta property=\"og:url\" content=\"https:\/\/hudo.com\/si\/aktualno\/stop-za-adris-v-savi-re-tezava-zaradi-croatie-osiguranje\/\" \/>\n<meta property=\"og:site_name\" content=\"Hudo Slovenija\" \/>\n<meta property=\"article:publisher\" content=\"https:\/\/www.facebook.com\/hudo.si\" \/>\n<meta property=\"article:published_time\" content=\"2016-10-20T16:00:00+00:00\" \/>\n<meta property=\"og:image\" content=\"https:\/\/hudo.com\/si\/wp-content\/uploads\/sites\/2\/2016\/10\/01217153F-300-1.jpg\" \/>\n\t<meta property=\"og:image:width\" content=\"450\" \/>\n\t<meta property=\"og:image:height\" content=\"300\" \/>\n\t<meta property=\"og:image:type\" content=\"image\/jpeg\" \/>\n<meta name=\"author\" content=\"hudo\" \/>\n<meta name=\"twitter:card\" content=\"summary_large_image\" \/>\n<meta name=\"twitter:creator\" content=\"@hudo_si\" \/>\n<meta name=\"twitter:site\" content=\"@hudo_si\" \/>\n<meta name=\"twitter:label1\" content=\"Written by\" \/>\n\t<meta name=\"twitter:data1\" content=\"hudo\" \/>\n\t<meta name=\"twitter:label2\" content=\"Est. reading time\" \/>\n\t<meta name=\"twitter:data2\" content=\"1 minuta\" \/>\n<script type=\"application\/ld+json\" class=\"yoast-schema-graph\">{\"@context\":\"https:\/\/schema.org\",\"@graph\":[{\"@type\":\"Article\",\"@id\":\"https:\/\/hudo.com\/si\/aktualno\/stop-za-adris-v-savi-re-tezava-zaradi-croatie-osiguranje\/#article\",\"isPartOf\":{\"@id\":\"https:\/\/hudo.com\/si\/aktualno\/stop-za-adris-v-savi-re-tezava-zaradi-croatie-osiguranje\/\"},\"author\":{\"name\":\"hudo\",\"@id\":\"https:\/\/hudo.com\/si\/#\/schema\/person\/601cf3379633985b20f7e50f2bb47707\"},\"headline\":\"Stop za Adris v Savi Re: Te\u017eava zaradi Croatie Osiguranje\",\"datePublished\":\"2016-10-20T16:00:00+00:00\",\"dateModified\":\"2016-10-20T16:00:00+00:00\",\"mainEntityOfPage\":{\"@id\":\"https:\/\/hudo.com\/si\/aktualno\/stop-za-adris-v-savi-re-tezava-zaradi-croatie-osiguranje\/\"},\"wordCount\":236,\"publisher\":{\"@id\":\"https:\/\/hudo.com\/si\/#organization\"},\"articleSection\":[\"Aktualno\"],\"inLanguage\":\"sl-SI\"},{\"@type\":\"WebPage\",\"@id\":\"https:\/\/hudo.com\/si\/aktualno\/stop-za-adris-v-savi-re-tezava-zaradi-croatie-osiguranje\/\",\"url\":\"https:\/\/hudo.com\/si\/aktualno\/stop-za-adris-v-savi-re-tezava-zaradi-croatie-osiguranje\/\",\"name\":\"Stop za Adris v Savi Re: Te\u017eava zaradi Croatie Osiguranje - Hudo Slovenija\",\"isPartOf\":{\"@id\":\"https:\/\/hudo.com\/si\/#website\"},\"datePublished\":\"2016-10-20T16:00:00+00:00\",\"dateModified\":\"2016-10-20T16:00:00+00:00\",\"breadcrumb\":{\"@id\":\"https:\/\/hudo.com\/si\/aktualno\/stop-za-adris-v-savi-re-tezava-zaradi-croatie-osiguranje\/#breadcrumb\"},\"inLanguage\":\"sl-SI\",\"potentialAction\":[{\"@type\":\"ReadAction\",\"target\":[\"https:\/\/hudo.com\/si\/aktualno\/stop-za-adris-v-savi-re-tezava-zaradi-croatie-osiguranje\/\"]}]},{\"@type\":\"BreadcrumbList\",\"@id\":\"https:\/\/hudo.com\/si\/aktualno\/stop-za-adris-v-savi-re-tezava-zaradi-croatie-osiguranje\/#breadcrumb\",\"itemListElement\":[{\"@type\":\"ListItem\",\"position\":1,\"name\":\"Home\",\"item\":\"https:\/\/hudo.com\/si\/\"},{\"@type\":\"ListItem\",\"position\":2,\"name\":\"Stop za Adris v Savi Re: Te\u017eava zaradi Croatie Osiguranje\"}]},{\"@type\":\"WebSite\",\"@id\":\"https:\/\/hudo.com\/si\/#website\",\"url\":\"https:\/\/hudo.com\/si\/\",\"name\":\"Hudo Slovenija\",\"description\":\"Vse novice iz Slovenije in sveta\",\"publisher\":{\"@id\":\"https:\/\/hudo.com\/si\/#organization\"},\"potentialAction\":[{\"@type\":\"SearchAction\",\"target\":{\"@type\":\"EntryPoint\",\"urlTemplate\":\"https:\/\/hudo.com\/si\/?s={search_term_string}\"},\"query-input\":\"required name=search_term_string\"}],\"inLanguage\":\"sl-SI\"},{\"@type\":\"Organization\",\"@id\":\"https:\/\/hudo.com\/si\/#organization\",\"name\":\"VSN Media\",\"url\":\"https:\/\/hudo.com\/si\/\",\"logo\":{\"@type\":\"ImageObject\",\"inLanguage\":\"sl-SI\",\"@id\":\"https:\/\/hudo.com\/si\/#\/schema\/logo\/image\/\",\"url\":\"https:\/\/hudo.com\/si\/wp-content\/uploads\/sites\/2\/2021\/03\/hudo-app-2.png\",\"contentUrl\":\"https:\/\/hudo.com\/si\/wp-content\/uploads\/sites\/2\/2021\/03\/hudo-app-2.png\",\"width\":2185,\"height\":2167,\"caption\":\"VSN Media\"},\"image\":{\"@id\":\"https:\/\/hudo.com\/si\/#\/schema\/logo\/image\/\"},\"sameAs\":[\"https:\/\/www.facebook.com\/hudo.si\",\"https:\/\/twitter.com\/hudo_si\"]},{\"@type\":\"Person\",\"@id\":\"https:\/\/hudo.com\/si\/#\/schema\/person\/601cf3379633985b20f7e50f2bb47707\",\"name\":\"hudo\",\"image\":{\"@type\":\"ImageObject\",\"inLanguage\":\"sl-SI\",\"@id\":\"https:\/\/hudo.com\/si\/#\/schema\/person\/image\/\",\"url\":\"https:\/\/secure.gravatar.com\/avatar\/c4ca25fa72cace7a696b52ff5db9e095?s=96&d=mm&r=g\",\"contentUrl\":\"https:\/\/secure.gravatar.com\/avatar\/c4ca25fa72cace7a696b52ff5db9e095?s=96&d=mm&r=g\",\"caption\":\"hudo\"},\"url\":\"https:\/\/hudo.com\/si\/author\/hudo\/\"}]}<\/script>\n<!-- \/ Yoast SEO plugin. -->","yoast_head_json":{"title":"Stop za Adris v Savi Re: Te\u017eava zaradi Croatie Osiguranje - Hudo Slovenija","robots":{"index":"index","follow":"follow","max-snippet":"max-snippet:-1","max-image-preview":"max-image-preview:large","max-video-preview":"max-video-preview:-1"},"canonical":"https:\/\/hudo.com\/si\/aktualno\/stop-za-adris-v-savi-re-tezava-zaradi-croatie-osiguranje\/","og_locale":"sl_SI","og_type":"article","og_title":"Stop za Adris v Savi Re: Te\u017eava zaradi Croatie Osiguranje - Hudo Slovenija","og_description":"Agencija za zavarovalni nadzor (AZN) je po na\u0161ih neuradnih in zanesljivih informacijah zavrnila zahtevo Adrisa za pove\u010danje lastni\u0161kega dele\u017ea v Savi Re nad 20 odstotkov in tik pod prevzemni prag, ki je 33 odstotkov. Hrva\u0161ka skupina, ki ima v svojem portfelju tudi zavarovalnico Croatia Osiguranje, ki je nedavno vstopila na slovenski trg in \u017ee dobila tudi vsa dovoljenja, ima trenutno petino Save Re, domneva pa se, da bi lastni\u0161ki dele\u017e ob ustreznem dovoljenju zelo hitro pove\u010dala. Zdaj novih delnic Save Re Hrvati ne smejo kupovati. Dogajanje okoli Save Re je bilo zadnje dneve tudi top politi\u010dna tema, iz vladajo\u010de politike pa je prihajalo ve\u010d signalov, da bi lahko bil hrva\u0161ki pohod na pozavarovalnico problemati\u010den. Aktualna koalicija pove\u010danju hrva\u0161kega dele\u017ea v Savi Re gotovo ni bila naklonjena. A po na\u0161ih informacijah je bila odlo\u010ditev v AZN, ki v prvi vrsti preverja fina\u010dno, kapitalsko ustreznost prevzemnika, njegov ugled in verodostojnosti, soglasna. Adris te\u017eav s kapitalsko ustreznostjo nima, a je vlogo vlo\u017eil skupaj s Croatio Osiguranje, ki pa ni v najbolj\u0161i finan\u010dni kondiciji, posebej mo\u010dno je izpostavljena tudi do hrva\u0161ke dr\u017eave, ki je v zadnjem \u010dasu zelo izgubljala bonitetno oceno. V tem je lahko bila klju\u010dna te\u017eava Adrisa pri naskoku na Savo Re.Gospodarstvo","og_url":"https:\/\/hudo.com\/si\/aktualno\/stop-za-adris-v-savi-re-tezava-zaradi-croatie-osiguranje\/","og_site_name":"Hudo Slovenija","article_publisher":"https:\/\/www.facebook.com\/hudo.si","article_published_time":"2016-10-20T16:00:00+00:00","og_image":[{"width":450,"height":300,"url":"https:\/\/hudo.com\/si\/wp-content\/uploads\/sites\/2\/2016\/10\/01217153F-300-1.jpg","type":"image\/jpeg"}],"author":"hudo","twitter_card":"summary_large_image","twitter_creator":"@hudo_si","twitter_site":"@hudo_si","twitter_misc":{"Written by":"hudo","Est. reading time":"1 minuta"},"schema":{"@context":"https:\/\/schema.org","@graph":[{"@type":"Article","@id":"https:\/\/hudo.com\/si\/aktualno\/stop-za-adris-v-savi-re-tezava-zaradi-croatie-osiguranje\/#article","isPartOf":{"@id":"https:\/\/hudo.com\/si\/aktualno\/stop-za-adris-v-savi-re-tezava-zaradi-croatie-osiguranje\/"},"author":{"name":"hudo","@id":"https:\/\/hudo.com\/si\/#\/schema\/person\/601cf3379633985b20f7e50f2bb47707"},"headline":"Stop za Adris v Savi Re: Te\u017eava zaradi Croatie Osiguranje","datePublished":"2016-10-20T16:00:00+00:00","dateModified":"2016-10-20T16:00:00+00:00","mainEntityOfPage":{"@id":"https:\/\/hudo.com\/si\/aktualno\/stop-za-adris-v-savi-re-tezava-zaradi-croatie-osiguranje\/"},"wordCount":236,"publisher":{"@id":"https:\/\/hudo.com\/si\/#organization"},"articleSection":["Aktualno"],"inLanguage":"sl-SI"},{"@type":"WebPage","@id":"https:\/\/hudo.com\/si\/aktualno\/stop-za-adris-v-savi-re-tezava-zaradi-croatie-osiguranje\/","url":"https:\/\/hudo.com\/si\/aktualno\/stop-za-adris-v-savi-re-tezava-zaradi-croatie-osiguranje\/","name":"Stop za Adris v Savi Re: Te\u017eava zaradi Croatie Osiguranje - Hudo Slovenija","isPartOf":{"@id":"https:\/\/hudo.com\/si\/#website"},"datePublished":"2016-10-20T16:00:00+00:00","dateModified":"2016-10-20T16:00:00+00:00","breadcrumb":{"@id":"https:\/\/hudo.com\/si\/aktualno\/stop-za-adris-v-savi-re-tezava-zaradi-croatie-osiguranje\/#breadcrumb"},"inLanguage":"sl-SI","potentialAction":[{"@type":"ReadAction","target":["https:\/\/hudo.com\/si\/aktualno\/stop-za-adris-v-savi-re-tezava-zaradi-croatie-osiguranje\/"]}]},{"@type":"BreadcrumbList","@id":"https:\/\/hudo.com\/si\/aktualno\/stop-za-adris-v-savi-re-tezava-zaradi-croatie-osiguranje\/#breadcrumb","itemListElement":[{"@type":"ListItem","position":1,"name":"Home","item":"https:\/\/hudo.com\/si\/"},{"@type":"ListItem","position":2,"name":"Stop za Adris v Savi Re: Te\u017eava zaradi Croatie Osiguranje"}]},{"@type":"WebSite","@id":"https:\/\/hudo.com\/si\/#website","url":"https:\/\/hudo.com\/si\/","name":"Hudo Slovenija","description":"Vse novice iz Slovenije in sveta","publisher":{"@id":"https:\/\/hudo.com\/si\/#organization"},"potentialAction":[{"@type":"SearchAction","target":{"@type":"EntryPoint","urlTemplate":"https:\/\/hudo.com\/si\/?s={search_term_string}"},"query-input":"required name=search_term_string"}],"inLanguage":"sl-SI"},{"@type":"Organization","@id":"https:\/\/hudo.com\/si\/#organization","name":"VSN Media","url":"https:\/\/hudo.com\/si\/","logo":{"@type":"ImageObject","inLanguage":"sl-SI","@id":"https:\/\/hudo.com\/si\/#\/schema\/logo\/image\/","url":"https:\/\/hudo.com\/si\/wp-content\/uploads\/sites\/2\/2021\/03\/hudo-app-2.png","contentUrl":"https:\/\/hudo.com\/si\/wp-content\/uploads\/sites\/2\/2021\/03\/hudo-app-2.png","width":2185,"height":2167,"caption":"VSN Media"},"image":{"@id":"https:\/\/hudo.com\/si\/#\/schema\/logo\/image\/"},"sameAs":["https:\/\/www.facebook.com\/hudo.si","https:\/\/twitter.com\/hudo_si"]},{"@type":"Person","@id":"https:\/\/hudo.com\/si\/#\/schema\/person\/601cf3379633985b20f7e50f2bb47707","name":"hudo","image":{"@type":"ImageObject","inLanguage":"sl-SI","@id":"https:\/\/hudo.com\/si\/#\/schema\/person\/image\/","url":"https:\/\/secure.gravatar.com\/avatar\/c4ca25fa72cace7a696b52ff5db9e095?s=96&d=mm&r=g","contentUrl":"https:\/\/secure.gravatar.com\/avatar\/c4ca25fa72cace7a696b52ff5db9e095?s=96&d=mm&r=g","caption":"hudo"},"url":"https:\/\/hudo.com\/si\/author\/hudo\/"}]}},"amp_enabled":true,"_links":{"self":[{"href":"https:\/\/hudo.com\/si\/wp-json\/wp\/v2\/posts\/158821"}],"collection":[{"href":"https:\/\/hudo.com\/si\/wp-json\/wp\/v2\/posts"}],"about":[{"href":"https:\/\/hudo.com\/si\/wp-json\/wp\/v2\/types\/post"}],"author":[{"embeddable":true,"href":"https:\/\/hudo.com\/si\/wp-json\/wp\/v2\/users\/1"}],"replies":[{"embeddable":true,"href":"https:\/\/hudo.com\/si\/wp-json\/wp\/v2\/comments?post=158821"}],"version-history":[{"count":0,"href":"https:\/\/hudo.com\/si\/wp-json\/wp\/v2\/posts\/158821\/revisions"}],"wp:attachment":[{"href":"https:\/\/hudo.com\/si\/wp-json\/wp\/v2\/media?parent=158821"}],"wp:term":[{"taxonomy":"category","embeddable":true,"href":"https:\/\/hudo.com\/si\/wp-json\/wp\/v2\/categories?post=158821"},{"taxonomy":"post_tag","embeddable":true,"href":"https:\/\/hudo.com\/si\/wp-json\/wp\/v2\/tags?post=158821"},{"taxonomy":"source","embeddable":true,"href":"https:\/\/hudo.com\/si\/wp-json\/wp\/v2\/source?post=158821"},{"taxonomy":"supertag","embeddable":true,"href":"https:\/\/hudo.com\/si\/wp-json\/wp\/v2\/supertag?post=158821"}],"curies":[{"name":"wp","href":"https:\/\/api.w.org\/{rel}","templated":true}]}}