{"id":159998,"date":"2016-10-22T08:30:00","date_gmt":"2016-10-22T06:30:00","guid":{"rendered":"http:\/\/hudo.com\/si\/2016\/10\/22\/veleslalomistke-odprle-svetovni-pokal-drevova-osma\/"},"modified":"2016-10-23T12:48:04","modified_gmt":"2016-10-23T10:48:04","slug":"veleslalomistke-odprle-svetovni-pokal-drevova-osma","status":"publish","type":"post","link":"https:\/\/hudo.com\/si\/aktualno\/veleslalomistke-odprle-svetovni-pokal-drevova-osma\/","title":{"rendered":"Veleslalomistke odprle svetovni pokal, Drevova osma"},"content":{"rendered":"<p>Konkurenca je na dana\u0161nji ledeni\u0161ki uverturi nekoliko okrnjena. Manjkajo najbolj\u0161a Avstrijka Ana Veith, Ameri\u010danka Lindsey Vonn in Nemka Viktoria Rebensburg. Na tekmi so tudi \u0161tiri Slovenke. Ana Drev je s \u0161tevilko tri \u017ee opravila nastop in je trenutno na solidnem osmem mestu, Katarina Lavtar pa je tim pred merjenjem srednjega \u010dasa odstopila. Nastopile bodo \u0161e Tina Robnik 36 in Ana Bucik 57 od 66 tekmovalk.  Drugi tek bo ob 13. uri.\u0160port<\/p>\n","protected":false},"excerpt":{"rendered":"<p>Konkurenca je na dana\u0161nji ledeni\u0161ki uverturi nekoliko okrnjena. Manjkajo najbolj\u0161a Avstrijka Ana Veith, Ameri\u010danka Lindsey Vonn in Nemka Viktoria Rebensburg. Na tekmi so tudi \u0161tiri Slovenke. Ana Drev je s \u0161tevilko tri \u017ee opravila nastop in je trenutno na solidnem osmem mestu, Katarina Lavtar pa je tim pred merjenjem srednjega \u010dasa odstopila. Nastopile bodo \u0161e Tina Robnik 36 in Ana Bucik 57 od 66 tekmovalk.  Drugi tek bo ob 13. uri.\u0160port<\/p>\n","protected":false},"author":1,"featured_media":0,"comment_status":"closed","ping_status":"closed","sticky":false,"template":"","format":"standard","meta":{"footnotes":""},"categories":[1179],"tags":[],"source":[1711],"supertag":[],"acf":[],"yoast_head":"<!-- This site is optimized with the Yoast SEO plugin v21.3 - https:\/\/yoast.com\/wordpress\/plugins\/seo\/ -->\n<title>Veleslalomistke odprle svetovni pokal, Drevova osma - Hudo Slovenija<\/title>\n<meta name=\"robots\" content=\"index, follow, max-snippet:-1, max-image-preview:large, max-video-preview:-1\" \/>\n<link rel=\"canonical\" href=\"https:\/\/hudo.com\/si\/aktualno\/veleslalomistke-odprle-svetovni-pokal-drevova-osma\/\" \/>\n<meta property=\"og:locale\" content=\"sl_SI\" \/>\n<meta property=\"og:type\" content=\"article\" \/>\n<meta property=\"og:title\" content=\"Veleslalomistke odprle svetovni pokal, Drevova osma - Hudo Slovenija\" \/>\n<meta property=\"og:description\" content=\"Konkurenca je na dana\u0161nji ledeni\u0161ki uverturi nekoliko okrnjena. Manjkajo najbolj\u0161a Avstrijka Ana Veith, Ameri\u010danka Lindsey Vonn in Nemka Viktoria Rebensburg. Na tekmi so tudi \u0161tiri Slovenke. Ana Drev je s \u0161tevilko tri \u017ee opravila nastop in je trenutno na solidnem osmem mestu, Katarina Lavtar pa je tim pred merjenjem srednjega \u010dasa odstopila. Nastopile bodo \u0161e Tina Robnik 36 in Ana Bucik 57 od 66 tekmovalk. Drugi tek bo ob 13. uri.\u0160port\" \/>\n<meta property=\"og:url\" content=\"https:\/\/hudo.com\/si\/aktualno\/veleslalomistke-odprle-svetovni-pokal-drevova-osma\/\" \/>\n<meta property=\"og:site_name\" content=\"Hudo Slovenija\" \/>\n<meta property=\"article:publisher\" content=\"https:\/\/www.facebook.com\/hudo.si\" \/>\n<meta property=\"article:published_time\" content=\"2016-10-22T06:30:00+00:00\" \/>\n<meta property=\"article:modified_time\" content=\"2016-10-23T10:48:04+00:00\" \/>\n<meta property=\"og:image\" content=\"https:\/\/hudo.com\/si\/wp-content\/uploads\/sites\/2\/2016\/10\/05597301-300.jpg\" \/>\n\t<meta property=\"og:image:width\" content=\"450\" \/>\n\t<meta property=\"og:image:height\" content=\"305\" \/>\n\t<meta property=\"og:image:type\" content=\"image\/jpeg\" \/>\n<meta name=\"author\" content=\"hudo\" \/>\n<meta name=\"twitter:card\" content=\"summary_large_image\" \/>\n<meta name=\"twitter:creator\" content=\"@hudo_si\" \/>\n<meta name=\"twitter:site\" content=\"@hudo_si\" \/>\n<meta name=\"twitter:label1\" content=\"Written by\" \/>\n\t<meta name=\"twitter:data1\" content=\"hudo\" \/>\n<script type=\"application\/ld+json\" class=\"yoast-schema-graph\">{\"@context\":\"https:\/\/schema.org\",\"@graph\":[{\"@type\":\"Article\",\"@id\":\"https:\/\/hudo.com\/si\/aktualno\/veleslalomistke-odprle-svetovni-pokal-drevova-osma\/#article\",\"isPartOf\":{\"@id\":\"https:\/\/hudo.com\/si\/aktualno\/veleslalomistke-odprle-svetovni-pokal-drevova-osma\/\"},\"author\":{\"name\":\"hudo\",\"@id\":\"https:\/\/hudo.com\/si\/#\/schema\/person\/601cf3379633985b20f7e50f2bb47707\"},\"headline\":\"Veleslalomistke odprle svetovni pokal, Drevova osma\",\"datePublished\":\"2016-10-22T06:30:00+00:00\",\"dateModified\":\"2016-10-23T10:48:04+00:00\",\"mainEntityOfPage\":{\"@id\":\"https:\/\/hudo.com\/si\/aktualno\/veleslalomistke-odprle-svetovni-pokal-drevova-osma\/\"},\"wordCount\":78,\"publisher\":{\"@id\":\"https:\/\/hudo.com\/si\/#organization\"},\"articleSection\":[\"Aktualno\"],\"inLanguage\":\"sl-SI\"},{\"@type\":\"WebPage\",\"@id\":\"https:\/\/hudo.com\/si\/aktualno\/veleslalomistke-odprle-svetovni-pokal-drevova-osma\/\",\"url\":\"https:\/\/hudo.com\/si\/aktualno\/veleslalomistke-odprle-svetovni-pokal-drevova-osma\/\",\"name\":\"Veleslalomistke odprle svetovni pokal, Drevova osma - Hudo Slovenija\",\"isPartOf\":{\"@id\":\"https:\/\/hudo.com\/si\/#website\"},\"datePublished\":\"2016-10-22T06:30:00+00:00\",\"dateModified\":\"2016-10-23T10:48:04+00:00\",\"breadcrumb\":{\"@id\":\"https:\/\/hudo.com\/si\/aktualno\/veleslalomistke-odprle-svetovni-pokal-drevova-osma\/#breadcrumb\"},\"inLanguage\":\"sl-SI\",\"potentialAction\":[{\"@type\":\"ReadAction\",\"target\":[\"https:\/\/hudo.com\/si\/aktualno\/veleslalomistke-odprle-svetovni-pokal-drevova-osma\/\"]}]},{\"@type\":\"BreadcrumbList\",\"@id\":\"https:\/\/hudo.com\/si\/aktualno\/veleslalomistke-odprle-svetovni-pokal-drevova-osma\/#breadcrumb\",\"itemListElement\":[{\"@type\":\"ListItem\",\"position\":1,\"name\":\"Home\",\"item\":\"https:\/\/hudo.com\/si\/\"},{\"@type\":\"ListItem\",\"position\":2,\"name\":\"Veleslalomistke odprle svetovni pokal, Drevova osma\"}]},{\"@type\":\"WebSite\",\"@id\":\"https:\/\/hudo.com\/si\/#website\",\"url\":\"https:\/\/hudo.com\/si\/\",\"name\":\"Hudo Slovenija\",\"description\":\"Vse novice iz Slovenije in sveta\",\"publisher\":{\"@id\":\"https:\/\/hudo.com\/si\/#organization\"},\"potentialAction\":[{\"@type\":\"SearchAction\",\"target\":{\"@type\":\"EntryPoint\",\"urlTemplate\":\"https:\/\/hudo.com\/si\/?s={search_term_string}\"},\"query-input\":\"required name=search_term_string\"}],\"inLanguage\":\"sl-SI\"},{\"@type\":\"Organization\",\"@id\":\"https:\/\/hudo.com\/si\/#organization\",\"name\":\"VSN Media\",\"url\":\"https:\/\/hudo.com\/si\/\",\"logo\":{\"@type\":\"ImageObject\",\"inLanguage\":\"sl-SI\",\"@id\":\"https:\/\/hudo.com\/si\/#\/schema\/logo\/image\/\",\"url\":\"https:\/\/hudo.com\/si\/wp-content\/uploads\/sites\/2\/2021\/03\/hudo-app-2.png\",\"contentUrl\":\"https:\/\/hudo.com\/si\/wp-content\/uploads\/sites\/2\/2021\/03\/hudo-app-2.png\",\"width\":2185,\"height\":2167,\"caption\":\"VSN Media\"},\"image\":{\"@id\":\"https:\/\/hudo.com\/si\/#\/schema\/logo\/image\/\"},\"sameAs\":[\"https:\/\/www.facebook.com\/hudo.si\",\"https:\/\/twitter.com\/hudo_si\"]},{\"@type\":\"Person\",\"@id\":\"https:\/\/hudo.com\/si\/#\/schema\/person\/601cf3379633985b20f7e50f2bb47707\",\"name\":\"hudo\",\"image\":{\"@type\":\"ImageObject\",\"inLanguage\":\"sl-SI\",\"@id\":\"https:\/\/hudo.com\/si\/#\/schema\/person\/image\/\",\"url\":\"https:\/\/secure.gravatar.com\/avatar\/c4ca25fa72cace7a696b52ff5db9e095?s=96&d=mm&r=g\",\"contentUrl\":\"https:\/\/secure.gravatar.com\/avatar\/c4ca25fa72cace7a696b52ff5db9e095?s=96&d=mm&r=g\",\"caption\":\"hudo\"},\"url\":\"https:\/\/hudo.com\/si\/author\/hudo\/\"}]}<\/script>\n<!-- \/ Yoast SEO plugin. -->","yoast_head_json":{"title":"Veleslalomistke odprle svetovni pokal, Drevova osma - Hudo Slovenija","robots":{"index":"index","follow":"follow","max-snippet":"max-snippet:-1","max-image-preview":"max-image-preview:large","max-video-preview":"max-video-preview:-1"},"canonical":"https:\/\/hudo.com\/si\/aktualno\/veleslalomistke-odprle-svetovni-pokal-drevova-osma\/","og_locale":"sl_SI","og_type":"article","og_title":"Veleslalomistke odprle svetovni pokal, Drevova osma - Hudo Slovenija","og_description":"Konkurenca je na dana\u0161nji ledeni\u0161ki uverturi nekoliko okrnjena. Manjkajo najbolj\u0161a Avstrijka Ana Veith, Ameri\u010danka Lindsey Vonn in Nemka Viktoria Rebensburg. Na tekmi so tudi \u0161tiri Slovenke. Ana Drev je s \u0161tevilko tri \u017ee opravila nastop in je trenutno na solidnem osmem mestu, Katarina Lavtar pa je tim pred merjenjem srednjega \u010dasa odstopila. Nastopile bodo \u0161e Tina Robnik 36 in Ana Bucik 57 od 66 tekmovalk. Drugi tek bo ob 13. uri.\u0160port","og_url":"https:\/\/hudo.com\/si\/aktualno\/veleslalomistke-odprle-svetovni-pokal-drevova-osma\/","og_site_name":"Hudo Slovenija","article_publisher":"https:\/\/www.facebook.com\/hudo.si","article_published_time":"2016-10-22T06:30:00+00:00","article_modified_time":"2016-10-23T10:48:04+00:00","og_image":[{"width":450,"height":305,"url":"https:\/\/hudo.com\/si\/wp-content\/uploads\/sites\/2\/2016\/10\/05597301-300.jpg","type":"image\/jpeg"}],"author":"hudo","twitter_card":"summary_large_image","twitter_creator":"@hudo_si","twitter_site":"@hudo_si","twitter_misc":{"Written by":"hudo"},"schema":{"@context":"https:\/\/schema.org","@graph":[{"@type":"Article","@id":"https:\/\/hudo.com\/si\/aktualno\/veleslalomistke-odprle-svetovni-pokal-drevova-osma\/#article","isPartOf":{"@id":"https:\/\/hudo.com\/si\/aktualno\/veleslalomistke-odprle-svetovni-pokal-drevova-osma\/"},"author":{"name":"hudo","@id":"https:\/\/hudo.com\/si\/#\/schema\/person\/601cf3379633985b20f7e50f2bb47707"},"headline":"Veleslalomistke odprle svetovni pokal, Drevova osma","datePublished":"2016-10-22T06:30:00+00:00","dateModified":"2016-10-23T10:48:04+00:00","mainEntityOfPage":{"@id":"https:\/\/hudo.com\/si\/aktualno\/veleslalomistke-odprle-svetovni-pokal-drevova-osma\/"},"wordCount":78,"publisher":{"@id":"https:\/\/hudo.com\/si\/#organization"},"articleSection":["Aktualno"],"inLanguage":"sl-SI"},{"@type":"WebPage","@id":"https:\/\/hudo.com\/si\/aktualno\/veleslalomistke-odprle-svetovni-pokal-drevova-osma\/","url":"https:\/\/hudo.com\/si\/aktualno\/veleslalomistke-odprle-svetovni-pokal-drevova-osma\/","name":"Veleslalomistke odprle svetovni pokal, Drevova osma - Hudo Slovenija","isPartOf":{"@id":"https:\/\/hudo.com\/si\/#website"},"datePublished":"2016-10-22T06:30:00+00:00","dateModified":"2016-10-23T10:48:04+00:00","breadcrumb":{"@id":"https:\/\/hudo.com\/si\/aktualno\/veleslalomistke-odprle-svetovni-pokal-drevova-osma\/#breadcrumb"},"inLanguage":"sl-SI","potentialAction":[{"@type":"ReadAction","target":["https:\/\/hudo.com\/si\/aktualno\/veleslalomistke-odprle-svetovni-pokal-drevova-osma\/"]}]},{"@type":"BreadcrumbList","@id":"https:\/\/hudo.com\/si\/aktualno\/veleslalomistke-odprle-svetovni-pokal-drevova-osma\/#breadcrumb","itemListElement":[{"@type":"ListItem","position":1,"name":"Home","item":"https:\/\/hudo.com\/si\/"},{"@type":"ListItem","position":2,"name":"Veleslalomistke odprle svetovni pokal, Drevova osma"}]},{"@type":"WebSite","@id":"https:\/\/hudo.com\/si\/#website","url":"https:\/\/hudo.com\/si\/","name":"Hudo Slovenija","description":"Vse novice iz Slovenije in sveta","publisher":{"@id":"https:\/\/hudo.com\/si\/#organization"},"potentialAction":[{"@type":"SearchAction","target":{"@type":"EntryPoint","urlTemplate":"https:\/\/hudo.com\/si\/?s={search_term_string}"},"query-input":"required name=search_term_string"}],"inLanguage":"sl-SI"},{"@type":"Organization","@id":"https:\/\/hudo.com\/si\/#organization","name":"VSN Media","url":"https:\/\/hudo.com\/si\/","logo":{"@type":"ImageObject","inLanguage":"sl-SI","@id":"https:\/\/hudo.com\/si\/#\/schema\/logo\/image\/","url":"https:\/\/hudo.com\/si\/wp-content\/uploads\/sites\/2\/2021\/03\/hudo-app-2.png","contentUrl":"https:\/\/hudo.com\/si\/wp-content\/uploads\/sites\/2\/2021\/03\/hudo-app-2.png","width":2185,"height":2167,"caption":"VSN Media"},"image":{"@id":"https:\/\/hudo.com\/si\/#\/schema\/logo\/image\/"},"sameAs":["https:\/\/www.facebook.com\/hudo.si","https:\/\/twitter.com\/hudo_si"]},{"@type":"Person","@id":"https:\/\/hudo.com\/si\/#\/schema\/person\/601cf3379633985b20f7e50f2bb47707","name":"hudo","image":{"@type":"ImageObject","inLanguage":"sl-SI","@id":"https:\/\/hudo.com\/si\/#\/schema\/person\/image\/","url":"https:\/\/secure.gravatar.com\/avatar\/c4ca25fa72cace7a696b52ff5db9e095?s=96&d=mm&r=g","contentUrl":"https:\/\/secure.gravatar.com\/avatar\/c4ca25fa72cace7a696b52ff5db9e095?s=96&d=mm&r=g","caption":"hudo"},"url":"https:\/\/hudo.com\/si\/author\/hudo\/"}]}},"amp_enabled":true,"_links":{"self":[{"href":"https:\/\/hudo.com\/si\/wp-json\/wp\/v2\/posts\/159998"}],"collection":[{"href":"https:\/\/hudo.com\/si\/wp-json\/wp\/v2\/posts"}],"about":[{"href":"https:\/\/hudo.com\/si\/wp-json\/wp\/v2\/types\/post"}],"author":[{"embeddable":true,"href":"https:\/\/hudo.com\/si\/wp-json\/wp\/v2\/users\/1"}],"replies":[{"embeddable":true,"href":"https:\/\/hudo.com\/si\/wp-json\/wp\/v2\/comments?post=159998"}],"version-history":[{"count":1,"href":"https:\/\/hudo.com\/si\/wp-json\/wp\/v2\/posts\/159998\/revisions"}],"predecessor-version":[{"id":160005,"href":"https:\/\/hudo.com\/si\/wp-json\/wp\/v2\/posts\/159998\/revisions\/160005"}],"wp:attachment":[{"href":"https:\/\/hudo.com\/si\/wp-json\/wp\/v2\/media?parent=159998"}],"wp:term":[{"taxonomy":"category","embeddable":true,"href":"https:\/\/hudo.com\/si\/wp-json\/wp\/v2\/categories?post=159998"},{"taxonomy":"post_tag","embeddable":true,"href":"https:\/\/hudo.com\/si\/wp-json\/wp\/v2\/tags?post=159998"},{"taxonomy":"source","embeddable":true,"href":"https:\/\/hudo.com\/si\/wp-json\/wp\/v2\/source?post=159998"},{"taxonomy":"supertag","embeddable":true,"href":"https:\/\/hudo.com\/si\/wp-json\/wp\/v2\/supertag?post=159998"}],"curies":[{"name":"wp","href":"https:\/\/api.w.org\/{rel}","templated":true}]}}