{"id":160009,"date":"2016-10-22T08:11:00","date_gmt":"2016-10-22T06:11:00","guid":{"rendered":"http:\/\/hudo.com\/si\/2016\/10\/22\/video-ana-drev-vedno-sem-si-zelela-koncati-na-vrhuncu\/"},"modified":"2016-10-25T23:51:57","modified_gmt":"2016-10-25T21:51:57","slug":"video-ana-drev-vedno-sem-si-zelela-koncati-na-vrhuncu","status":"publish","type":"post","link":"https:\/\/hudo.com\/si\/aktualno\/video-ana-drev-vedno-sem-si-zelela-koncati-na-vrhuncu\/","title":{"rendered":"[VIDEO] Ana Drev: &#8220;Vedno sem si \u017eelela kon\u010dati na vrhuncu&#8221;"},"content":{"rendered":"<p>S tradicionalnim ledeni\u0161kim veleslalomom nad avstrijskim S\u00f6ldnom se za\u010denja nova sezona svetovnega pokala v alpskem smu\u010danju. Najprej se bodo po strmini ledenika Rettenbach pognala dekleta. Ob odsotnosti nekaterih najbolj\u0161ih veleslalomistk na zelo visoko uvrstitev cilja tudi na\u0161a, lani dvakrat druga na veleslalomih, Ana Drev. Poglejte, kaj je v pogovoru za Planet TV povedala pred prvo leto\u0161njo preizku\u0161njo!<\/p>\n","protected":false},"excerpt":{"rendered":"<p>S tradicionalnim ledeni\u0161kim veleslalomom nad avstrijskim S\u00f6ldnom se za\u010denja nova sezona svetovnega pokala v alpskem smu\u010danju. Najprej se bodo po strmini ledenika Rettenbach pognala dekleta. Ob odsotnosti nekaterih najbolj\u0161ih veleslalomistk na zelo visoko uvrstitev cilja tudi na\u0161a, lani dvakrat druga na veleslalomih, Ana Drev. Poglejte, kaj je v pogovoru za Planet TV povedala pred prvo leto\u0161njo preizku\u0161njo!<\/p>\n","protected":false},"author":1,"featured_media":0,"comment_status":"closed","ping_status":"closed","sticky":false,"template":"","format":"standard","meta":{"footnotes":""},"categories":[1179],"tags":[],"source":[1706],"supertag":[],"acf":[],"yoast_head":"<!-- This site is optimized with the Yoast SEO plugin v21.3 - https:\/\/yoast.com\/wordpress\/plugins\/seo\/ -->\n<title>[VIDEO] Ana Drev: &quot;Vedno sem si \u017eelela kon\u010dati na vrhuncu&quot; - Hudo Slovenija<\/title>\n<meta name=\"robots\" content=\"index, follow, max-snippet:-1, max-image-preview:large, max-video-preview:-1\" \/>\n<link rel=\"canonical\" href=\"https:\/\/hudo.com\/si\/aktualno\/video-ana-drev-vedno-sem-si-zelela-koncati-na-vrhuncu\/\" \/>\n<meta property=\"og:locale\" content=\"sl_SI\" \/>\n<meta property=\"og:type\" content=\"article\" \/>\n<meta property=\"og:title\" content=\"[VIDEO] Ana Drev: &quot;Vedno sem si \u017eelela kon\u010dati na vrhuncu&quot; - Hudo Slovenija\" \/>\n<meta property=\"og:description\" content=\"S tradicionalnim ledeni\u0161kim veleslalomom nad avstrijskim S\u00f6ldnom se za\u010denja nova sezona svetovnega pokala v alpskem smu\u010danju. Najprej se bodo po strmini ledenika Rettenbach pognala dekleta. Ob odsotnosti nekaterih najbolj\u0161ih veleslalomistk na zelo visoko uvrstitev cilja tudi na\u0161a, lani dvakrat druga na veleslalomih, Ana Drev. Poglejte, kaj je v pogovoru za Planet TV povedala pred prvo leto\u0161njo preizku\u0161njo!\" \/>\n<meta property=\"og:url\" content=\"https:\/\/hudo.com\/si\/aktualno\/video-ana-drev-vedno-sem-si-zelela-koncati-na-vrhuncu\/\" \/>\n<meta property=\"og:site_name\" content=\"Hudo Slovenija\" \/>\n<meta property=\"article:publisher\" content=\"https:\/\/www.facebook.com\/hudo.si\" \/>\n<meta property=\"article:published_time\" content=\"2016-10-22T06:11:00+00:00\" \/>\n<meta property=\"article:modified_time\" content=\"2016-10-25T21:51:57+00:00\" \/>\n<meta property=\"og:image\" content=\"https:\/\/hudo.com\/si\/wp-content\/uploads\/sites\/2\/2016\/10\/0785865d6qF.jpg\" \/>\n\t<meta property=\"og:image:width\" content=\"504\" \/>\n\t<meta property=\"og:image:height\" content=\"284\" \/>\n\t<meta property=\"og:image:type\" content=\"image\/jpeg\" \/>\n<meta name=\"author\" content=\"hudo\" \/>\n<meta name=\"twitter:card\" content=\"summary_large_image\" \/>\n<meta name=\"twitter:creator\" content=\"@hudo_si\" \/>\n<meta name=\"twitter:site\" content=\"@hudo_si\" \/>\n<meta name=\"twitter:label1\" content=\"Written by\" \/>\n\t<meta name=\"twitter:data1\" content=\"hudo\" \/>\n<script type=\"application\/ld+json\" class=\"yoast-schema-graph\">{\"@context\":\"https:\/\/schema.org\",\"@graph\":[{\"@type\":\"Article\",\"@id\":\"https:\/\/hudo.com\/si\/aktualno\/video-ana-drev-vedno-sem-si-zelela-koncati-na-vrhuncu\/#article\",\"isPartOf\":{\"@id\":\"https:\/\/hudo.com\/si\/aktualno\/video-ana-drev-vedno-sem-si-zelela-koncati-na-vrhuncu\/\"},\"author\":{\"name\":\"hudo\",\"@id\":\"https:\/\/hudo.com\/si\/#\/schema\/person\/601cf3379633985b20f7e50f2bb47707\"},\"headline\":\"[VIDEO] Ana Drev: &#8220;Vedno sem si \u017eelela kon\u010dati na vrhuncu&#8221;\",\"datePublished\":\"2016-10-22T06:11:00+00:00\",\"dateModified\":\"2016-10-25T21:51:57+00:00\",\"mainEntityOfPage\":{\"@id\":\"https:\/\/hudo.com\/si\/aktualno\/video-ana-drev-vedno-sem-si-zelela-koncati-na-vrhuncu\/\"},\"wordCount\":76,\"publisher\":{\"@id\":\"https:\/\/hudo.com\/si\/#organization\"},\"articleSection\":[\"Aktualno\"],\"inLanguage\":\"sl-SI\"},{\"@type\":\"WebPage\",\"@id\":\"https:\/\/hudo.com\/si\/aktualno\/video-ana-drev-vedno-sem-si-zelela-koncati-na-vrhuncu\/\",\"url\":\"https:\/\/hudo.com\/si\/aktualno\/video-ana-drev-vedno-sem-si-zelela-koncati-na-vrhuncu\/\",\"name\":\"[VIDEO] Ana Drev: \\\"Vedno sem si \u017eelela kon\u010dati na vrhuncu\\\" - Hudo Slovenija\",\"isPartOf\":{\"@id\":\"https:\/\/hudo.com\/si\/#website\"},\"datePublished\":\"2016-10-22T06:11:00+00:00\",\"dateModified\":\"2016-10-25T21:51:57+00:00\",\"breadcrumb\":{\"@id\":\"https:\/\/hudo.com\/si\/aktualno\/video-ana-drev-vedno-sem-si-zelela-koncati-na-vrhuncu\/#breadcrumb\"},\"inLanguage\":\"sl-SI\",\"potentialAction\":[{\"@type\":\"ReadAction\",\"target\":[\"https:\/\/hudo.com\/si\/aktualno\/video-ana-drev-vedno-sem-si-zelela-koncati-na-vrhuncu\/\"]}]},{\"@type\":\"BreadcrumbList\",\"@id\":\"https:\/\/hudo.com\/si\/aktualno\/video-ana-drev-vedno-sem-si-zelela-koncati-na-vrhuncu\/#breadcrumb\",\"itemListElement\":[{\"@type\":\"ListItem\",\"position\":1,\"name\":\"Home\",\"item\":\"https:\/\/hudo.com\/si\/\"},{\"@type\":\"ListItem\",\"position\":2,\"name\":\"[VIDEO] Ana Drev: &#8220;Vedno sem si \u017eelela kon\u010dati na vrhuncu&#8221;\"}]},{\"@type\":\"WebSite\",\"@id\":\"https:\/\/hudo.com\/si\/#website\",\"url\":\"https:\/\/hudo.com\/si\/\",\"name\":\"Hudo Slovenija\",\"description\":\"Vse novice iz Slovenije in sveta\",\"publisher\":{\"@id\":\"https:\/\/hudo.com\/si\/#organization\"},\"potentialAction\":[{\"@type\":\"SearchAction\",\"target\":{\"@type\":\"EntryPoint\",\"urlTemplate\":\"https:\/\/hudo.com\/si\/?s={search_term_string}\"},\"query-input\":\"required name=search_term_string\"}],\"inLanguage\":\"sl-SI\"},{\"@type\":\"Organization\",\"@id\":\"https:\/\/hudo.com\/si\/#organization\",\"name\":\"VSN Media\",\"url\":\"https:\/\/hudo.com\/si\/\",\"logo\":{\"@type\":\"ImageObject\",\"inLanguage\":\"sl-SI\",\"@id\":\"https:\/\/hudo.com\/si\/#\/schema\/logo\/image\/\",\"url\":\"https:\/\/hudo.com\/si\/wp-content\/uploads\/sites\/2\/2021\/03\/hudo-app-2.png\",\"contentUrl\":\"https:\/\/hudo.com\/si\/wp-content\/uploads\/sites\/2\/2021\/03\/hudo-app-2.png\",\"width\":2185,\"height\":2167,\"caption\":\"VSN Media\"},\"image\":{\"@id\":\"https:\/\/hudo.com\/si\/#\/schema\/logo\/image\/\"},\"sameAs\":[\"https:\/\/www.facebook.com\/hudo.si\",\"https:\/\/twitter.com\/hudo_si\"]},{\"@type\":\"Person\",\"@id\":\"https:\/\/hudo.com\/si\/#\/schema\/person\/601cf3379633985b20f7e50f2bb47707\",\"name\":\"hudo\",\"image\":{\"@type\":\"ImageObject\",\"inLanguage\":\"sl-SI\",\"@id\":\"https:\/\/hudo.com\/si\/#\/schema\/person\/image\/\",\"url\":\"https:\/\/secure.gravatar.com\/avatar\/c4ca25fa72cace7a696b52ff5db9e095?s=96&d=mm&r=g\",\"contentUrl\":\"https:\/\/secure.gravatar.com\/avatar\/c4ca25fa72cace7a696b52ff5db9e095?s=96&d=mm&r=g\",\"caption\":\"hudo\"},\"url\":\"https:\/\/hudo.com\/si\/author\/hudo\/\"}]}<\/script>\n<!-- \/ Yoast SEO plugin. -->","yoast_head_json":{"title":"[VIDEO] Ana Drev: \"Vedno sem si \u017eelela kon\u010dati na vrhuncu\" - Hudo Slovenija","robots":{"index":"index","follow":"follow","max-snippet":"max-snippet:-1","max-image-preview":"max-image-preview:large","max-video-preview":"max-video-preview:-1"},"canonical":"https:\/\/hudo.com\/si\/aktualno\/video-ana-drev-vedno-sem-si-zelela-koncati-na-vrhuncu\/","og_locale":"sl_SI","og_type":"article","og_title":"[VIDEO] Ana Drev: \"Vedno sem si \u017eelela kon\u010dati na vrhuncu\" - Hudo Slovenija","og_description":"S tradicionalnim ledeni\u0161kim veleslalomom nad avstrijskim S\u00f6ldnom se za\u010denja nova sezona svetovnega pokala v alpskem smu\u010danju. Najprej se bodo po strmini ledenika Rettenbach pognala dekleta. Ob odsotnosti nekaterih najbolj\u0161ih veleslalomistk na zelo visoko uvrstitev cilja tudi na\u0161a, lani dvakrat druga na veleslalomih, Ana Drev. Poglejte, kaj je v pogovoru za Planet TV povedala pred prvo leto\u0161njo preizku\u0161njo!","og_url":"https:\/\/hudo.com\/si\/aktualno\/video-ana-drev-vedno-sem-si-zelela-koncati-na-vrhuncu\/","og_site_name":"Hudo Slovenija","article_publisher":"https:\/\/www.facebook.com\/hudo.si","article_published_time":"2016-10-22T06:11:00+00:00","article_modified_time":"2016-10-25T21:51:57+00:00","og_image":[{"width":504,"height":284,"url":"https:\/\/hudo.com\/si\/wp-content\/uploads\/sites\/2\/2016\/10\/0785865d6qF.jpg","type":"image\/jpeg"}],"author":"hudo","twitter_card":"summary_large_image","twitter_creator":"@hudo_si","twitter_site":"@hudo_si","twitter_misc":{"Written by":"hudo"},"schema":{"@context":"https:\/\/schema.org","@graph":[{"@type":"Article","@id":"https:\/\/hudo.com\/si\/aktualno\/video-ana-drev-vedno-sem-si-zelela-koncati-na-vrhuncu\/#article","isPartOf":{"@id":"https:\/\/hudo.com\/si\/aktualno\/video-ana-drev-vedno-sem-si-zelela-koncati-na-vrhuncu\/"},"author":{"name":"hudo","@id":"https:\/\/hudo.com\/si\/#\/schema\/person\/601cf3379633985b20f7e50f2bb47707"},"headline":"[VIDEO] Ana Drev: &#8220;Vedno sem si \u017eelela kon\u010dati na vrhuncu&#8221;","datePublished":"2016-10-22T06:11:00+00:00","dateModified":"2016-10-25T21:51:57+00:00","mainEntityOfPage":{"@id":"https:\/\/hudo.com\/si\/aktualno\/video-ana-drev-vedno-sem-si-zelela-koncati-na-vrhuncu\/"},"wordCount":76,"publisher":{"@id":"https:\/\/hudo.com\/si\/#organization"},"articleSection":["Aktualno"],"inLanguage":"sl-SI"},{"@type":"WebPage","@id":"https:\/\/hudo.com\/si\/aktualno\/video-ana-drev-vedno-sem-si-zelela-koncati-na-vrhuncu\/","url":"https:\/\/hudo.com\/si\/aktualno\/video-ana-drev-vedno-sem-si-zelela-koncati-na-vrhuncu\/","name":"[VIDEO] Ana Drev: \"Vedno sem si \u017eelela kon\u010dati na vrhuncu\" - Hudo Slovenija","isPartOf":{"@id":"https:\/\/hudo.com\/si\/#website"},"datePublished":"2016-10-22T06:11:00+00:00","dateModified":"2016-10-25T21:51:57+00:00","breadcrumb":{"@id":"https:\/\/hudo.com\/si\/aktualno\/video-ana-drev-vedno-sem-si-zelela-koncati-na-vrhuncu\/#breadcrumb"},"inLanguage":"sl-SI","potentialAction":[{"@type":"ReadAction","target":["https:\/\/hudo.com\/si\/aktualno\/video-ana-drev-vedno-sem-si-zelela-koncati-na-vrhuncu\/"]}]},{"@type":"BreadcrumbList","@id":"https:\/\/hudo.com\/si\/aktualno\/video-ana-drev-vedno-sem-si-zelela-koncati-na-vrhuncu\/#breadcrumb","itemListElement":[{"@type":"ListItem","position":1,"name":"Home","item":"https:\/\/hudo.com\/si\/"},{"@type":"ListItem","position":2,"name":"[VIDEO] Ana Drev: &#8220;Vedno sem si \u017eelela kon\u010dati na vrhuncu&#8221;"}]},{"@type":"WebSite","@id":"https:\/\/hudo.com\/si\/#website","url":"https:\/\/hudo.com\/si\/","name":"Hudo Slovenija","description":"Vse novice iz Slovenije in sveta","publisher":{"@id":"https:\/\/hudo.com\/si\/#organization"},"potentialAction":[{"@type":"SearchAction","target":{"@type":"EntryPoint","urlTemplate":"https:\/\/hudo.com\/si\/?s={search_term_string}"},"query-input":"required name=search_term_string"}],"inLanguage":"sl-SI"},{"@type":"Organization","@id":"https:\/\/hudo.com\/si\/#organization","name":"VSN Media","url":"https:\/\/hudo.com\/si\/","logo":{"@type":"ImageObject","inLanguage":"sl-SI","@id":"https:\/\/hudo.com\/si\/#\/schema\/logo\/image\/","url":"https:\/\/hudo.com\/si\/wp-content\/uploads\/sites\/2\/2021\/03\/hudo-app-2.png","contentUrl":"https:\/\/hudo.com\/si\/wp-content\/uploads\/sites\/2\/2021\/03\/hudo-app-2.png","width":2185,"height":2167,"caption":"VSN Media"},"image":{"@id":"https:\/\/hudo.com\/si\/#\/schema\/logo\/image\/"},"sameAs":["https:\/\/www.facebook.com\/hudo.si","https:\/\/twitter.com\/hudo_si"]},{"@type":"Person","@id":"https:\/\/hudo.com\/si\/#\/schema\/person\/601cf3379633985b20f7e50f2bb47707","name":"hudo","image":{"@type":"ImageObject","inLanguage":"sl-SI","@id":"https:\/\/hudo.com\/si\/#\/schema\/person\/image\/","url":"https:\/\/secure.gravatar.com\/avatar\/c4ca25fa72cace7a696b52ff5db9e095?s=96&d=mm&r=g","contentUrl":"https:\/\/secure.gravatar.com\/avatar\/c4ca25fa72cace7a696b52ff5db9e095?s=96&d=mm&r=g","caption":"hudo"},"url":"https:\/\/hudo.com\/si\/author\/hudo\/"}]}},"amp_enabled":true,"_links":{"self":[{"href":"https:\/\/hudo.com\/si\/wp-json\/wp\/v2\/posts\/160009"}],"collection":[{"href":"https:\/\/hudo.com\/si\/wp-json\/wp\/v2\/posts"}],"about":[{"href":"https:\/\/hudo.com\/si\/wp-json\/wp\/v2\/types\/post"}],"author":[{"embeddable":true,"href":"https:\/\/hudo.com\/si\/wp-json\/wp\/v2\/users\/1"}],"replies":[{"embeddable":true,"href":"https:\/\/hudo.com\/si\/wp-json\/wp\/v2\/comments?post=160009"}],"version-history":[{"count":1,"href":"https:\/\/hudo.com\/si\/wp-json\/wp\/v2\/posts\/160009\/revisions"}],"predecessor-version":[{"id":160202,"href":"https:\/\/hudo.com\/si\/wp-json\/wp\/v2\/posts\/160009\/revisions\/160202"}],"wp:attachment":[{"href":"https:\/\/hudo.com\/si\/wp-json\/wp\/v2\/media?parent=160009"}],"wp:term":[{"taxonomy":"category","embeddable":true,"href":"https:\/\/hudo.com\/si\/wp-json\/wp\/v2\/categories?post=160009"},{"taxonomy":"post_tag","embeddable":true,"href":"https:\/\/hudo.com\/si\/wp-json\/wp\/v2\/tags?post=160009"},{"taxonomy":"source","embeddable":true,"href":"https:\/\/hudo.com\/si\/wp-json\/wp\/v2\/source?post=160009"},{"taxonomy":"supertag","embeddable":true,"href":"https:\/\/hudo.com\/si\/wp-json\/wp\/v2\/supertag?post=160009"}],"curies":[{"name":"wp","href":"https:\/\/api.w.org\/{rel}","templated":true}]}}