{"id":160024,"date":"2016-10-22T08:00:00","date_gmt":"2016-10-22T06:00:00","guid":{"rendered":"http:\/\/hudo.com\/si\/2016\/10\/22\/proti-slovja-evropa-ne-vihaj-nosu\/"},"modified":"2016-10-22T08:00:00","modified_gmt":"2016-10-22T06:00:00","slug":"proti-slovja-evropa-ne-vihaj-nosu","status":"publish","type":"post","link":"https:\/\/hudo.com\/si\/aktualno\/proti-slovja-evropa-ne-vihaj-nosu\/","title":{"rendered":"Proti-slovja: Evropa, ne vihaj nosu!"},"content":{"rendered":"<p>Kategorija: Kolumne Sat, 22 Oct 2016 10:00:00 +0200  Se je Ameri\u010danom res zme\u0161alo, se je prej\u0161nji konec tedna vpra\u0161al hambur\u0161ki Die Zeit? Dobro vpra\u0161anje. Za dr\u017eavo, ki se ima za prvo demokracijo sveta, in to svojo demokracijo celo na veliko izva\u017ea, je res nepojmljivo, kako da demokratska predsedni\u0161ka kandidatka ne zmore z eno potezo knokautirati republikanskega primitivca, ki bi bil rad predsednik, a trosi neumnosti, pred \u010dasom pa se je celo sam hvalil, da je zmo\u017een \u017eenskam segati v medno\u017eje, ker se mu ve\u010dina menda ne upa upreti, kajti on je vendarle slaven in bogat. To ni le vulgarizem in primitivizem najslab\u0161e vrste, ki je \u017ee tako umazano ameri\u0161ko predvolilno tekmo spremenil v tretjerazredni \u00bbreality show\u00ab, to je tudi zelo o\u010ditna zloraba mo\u010di, na kakr\u0161no noben predsedni\u0161ki kandidat ne bi smel niti pomisliti. Je nemo\u010d Clintonove, ki pred\u00a0&#8230;<\/p>\n","protected":false},"excerpt":{"rendered":"<p>Kategorija: Kolumne Sat, 22 Oct 2016 10:00:00 +0200  Se je Ameri\u010danom res zme\u0161alo, se je prej\u0161nji konec tedna vpra\u0161al hambur\u0161ki Die Zeit? Dobro vpra\u0161anje. Za dr\u017eavo, ki se ima za prvo demokracijo sveta, in to svojo demokracijo celo na veliko izva\u017ea, je res nepojmljivo, kako da demokratska predsedni\u0161ka kandidatka ne zmore z eno potezo knokautirati republikanskega primitivca, ki bi bil rad predsednik, a trosi neumnosti, pred \u010dasom pa se je celo sam hvalil, da je zmo\u017een \u017eenskam segati v medno\u017eje, ker se mu ve\u010dina menda ne upa upreti, kajti on je vendarle slaven in bogat. To ni le vulgarizem in primitivizem najslab\u0161e vrste, ki je \u017ee tako umazano ameri\u0161ko predvolilno tekmo spremenil v tretjerazredni \u00bbreality show\u00ab, to je tudi zelo o\u010ditna zloraba mo\u010di, na kakr\u0161no noben predsedni\u0161ki kandidat ne bi smel niti pomisliti. Je nemo\u010d Clintonove, ki pred\u00a0&#8230;<\/p>\n","protected":false},"author":1,"featured_media":0,"comment_status":"closed","ping_status":"closed","sticky":false,"template":"","format":"standard","meta":{"footnotes":""},"categories":[1179],"tags":[],"source":[1703],"supertag":[],"acf":[],"yoast_head":"<!-- This site is optimized with the Yoast SEO plugin v21.3 - https:\/\/yoast.com\/wordpress\/plugins\/seo\/ -->\n<title>Proti-slovja: Evropa, ne vihaj nosu! - Hudo Slovenija<\/title>\n<meta name=\"robots\" content=\"index, follow, max-snippet:-1, max-image-preview:large, max-video-preview:-1\" \/>\n<link rel=\"canonical\" href=\"https:\/\/hudo.com\/si\/aktualno\/proti-slovja-evropa-ne-vihaj-nosu\/\" \/>\n<meta property=\"og:locale\" content=\"sl_SI\" \/>\n<meta property=\"og:type\" content=\"article\" \/>\n<meta property=\"og:title\" content=\"Proti-slovja: Evropa, ne vihaj nosu! - Hudo Slovenija\" \/>\n<meta property=\"og:description\" content=\"Kategorija: Kolumne Sat, 22 Oct 2016 10:00:00 +0200 Se je Ameri\u010danom res zme\u0161alo, se je prej\u0161nji konec tedna vpra\u0161al hambur\u0161ki Die Zeit? Dobro vpra\u0161anje. Za dr\u017eavo, ki se ima za prvo demokracijo sveta, in to svojo demokracijo celo na veliko izva\u017ea, je res nepojmljivo, kako da demokratska predsedni\u0161ka kandidatka ne zmore z eno potezo knokautirati republikanskega primitivca, ki bi bil rad predsednik, a trosi neumnosti, pred \u010dasom pa se je celo sam hvalil, da je zmo\u017een \u017eenskam segati v medno\u017eje, ker se mu ve\u010dina menda ne upa upreti, kajti on je vendarle slaven in bogat. To ni le vulgarizem in primitivizem najslab\u0161e vrste, ki je \u017ee tako umazano ameri\u0161ko predvolilno tekmo spremenil v tretjerazredni \u00bbreality show\u00ab, to je tudi zelo o\u010ditna zloraba mo\u010di, na kakr\u0161no noben predsedni\u0161ki kandidat ne bi smel niti pomisliti. Je nemo\u010d Clintonove, ki pred\u00a0...\" \/>\n<meta property=\"og:url\" content=\"https:\/\/hudo.com\/si\/aktualno\/proti-slovja-evropa-ne-vihaj-nosu\/\" \/>\n<meta property=\"og:site_name\" content=\"Hudo Slovenija\" \/>\n<meta property=\"article:publisher\" content=\"https:\/\/www.facebook.com\/hudo.si\" \/>\n<meta property=\"article:published_time\" content=\"2016-10-22T06:00:00+00:00\" \/>\n<meta property=\"og:image\" content=\"https:\/\/hudo.com\/si\/wp-content\/uploads\/sites\/2\/2016\/10\/480x290_AFP_Photo-20160925110151-70182300.jpeg\" \/>\n\t<meta property=\"og:image:width\" content=\"480\" \/>\n\t<meta property=\"og:image:height\" content=\"290\" \/>\n\t<meta property=\"og:image:type\" content=\"image\/jpeg\" \/>\n<meta name=\"author\" content=\"hudo\" \/>\n<meta name=\"twitter:card\" content=\"summary_large_image\" \/>\n<meta name=\"twitter:creator\" content=\"@hudo_si\" \/>\n<meta name=\"twitter:site\" content=\"@hudo_si\" \/>\n<meta name=\"twitter:label1\" content=\"Written by\" \/>\n\t<meta name=\"twitter:data1\" content=\"hudo\" \/>\n\t<meta name=\"twitter:label2\" content=\"Est. reading time\" \/>\n\t<meta name=\"twitter:data2\" content=\"1 minuta\" \/>\n<script type=\"application\/ld+json\" class=\"yoast-schema-graph\">{\"@context\":\"https:\/\/schema.org\",\"@graph\":[{\"@type\":\"Article\",\"@id\":\"https:\/\/hudo.com\/si\/aktualno\/proti-slovja-evropa-ne-vihaj-nosu\/#article\",\"isPartOf\":{\"@id\":\"https:\/\/hudo.com\/si\/aktualno\/proti-slovja-evropa-ne-vihaj-nosu\/\"},\"author\":{\"name\":\"hudo\",\"@id\":\"https:\/\/hudo.com\/si\/#\/schema\/person\/601cf3379633985b20f7e50f2bb47707\"},\"headline\":\"Proti-slovja: Evropa, ne vihaj nosu!\",\"datePublished\":\"2016-10-22T06:00:00+00:00\",\"dateModified\":\"2016-10-22T06:00:00+00:00\",\"mainEntityOfPage\":{\"@id\":\"https:\/\/hudo.com\/si\/aktualno\/proti-slovja-evropa-ne-vihaj-nosu\/\"},\"wordCount\":157,\"publisher\":{\"@id\":\"https:\/\/hudo.com\/si\/#organization\"},\"articleSection\":[\"Aktualno\"],\"inLanguage\":\"sl-SI\"},{\"@type\":\"WebPage\",\"@id\":\"https:\/\/hudo.com\/si\/aktualno\/proti-slovja-evropa-ne-vihaj-nosu\/\",\"url\":\"https:\/\/hudo.com\/si\/aktualno\/proti-slovja-evropa-ne-vihaj-nosu\/\",\"name\":\"Proti-slovja: Evropa, ne vihaj nosu! - Hudo Slovenija\",\"isPartOf\":{\"@id\":\"https:\/\/hudo.com\/si\/#website\"},\"datePublished\":\"2016-10-22T06:00:00+00:00\",\"dateModified\":\"2016-10-22T06:00:00+00:00\",\"breadcrumb\":{\"@id\":\"https:\/\/hudo.com\/si\/aktualno\/proti-slovja-evropa-ne-vihaj-nosu\/#breadcrumb\"},\"inLanguage\":\"sl-SI\",\"potentialAction\":[{\"@type\":\"ReadAction\",\"target\":[\"https:\/\/hudo.com\/si\/aktualno\/proti-slovja-evropa-ne-vihaj-nosu\/\"]}]},{\"@type\":\"BreadcrumbList\",\"@id\":\"https:\/\/hudo.com\/si\/aktualno\/proti-slovja-evropa-ne-vihaj-nosu\/#breadcrumb\",\"itemListElement\":[{\"@type\":\"ListItem\",\"position\":1,\"name\":\"Home\",\"item\":\"https:\/\/hudo.com\/si\/\"},{\"@type\":\"ListItem\",\"position\":2,\"name\":\"Proti-slovja: Evropa, ne vihaj nosu!\"}]},{\"@type\":\"WebSite\",\"@id\":\"https:\/\/hudo.com\/si\/#website\",\"url\":\"https:\/\/hudo.com\/si\/\",\"name\":\"Hudo Slovenija\",\"description\":\"Vse novice iz Slovenije in sveta\",\"publisher\":{\"@id\":\"https:\/\/hudo.com\/si\/#organization\"},\"potentialAction\":[{\"@type\":\"SearchAction\",\"target\":{\"@type\":\"EntryPoint\",\"urlTemplate\":\"https:\/\/hudo.com\/si\/?s={search_term_string}\"},\"query-input\":\"required name=search_term_string\"}],\"inLanguage\":\"sl-SI\"},{\"@type\":\"Organization\",\"@id\":\"https:\/\/hudo.com\/si\/#organization\",\"name\":\"VSN Media\",\"url\":\"https:\/\/hudo.com\/si\/\",\"logo\":{\"@type\":\"ImageObject\",\"inLanguage\":\"sl-SI\",\"@id\":\"https:\/\/hudo.com\/si\/#\/schema\/logo\/image\/\",\"url\":\"https:\/\/hudo.com\/si\/wp-content\/uploads\/sites\/2\/2021\/03\/hudo-app-2.png\",\"contentUrl\":\"https:\/\/hudo.com\/si\/wp-content\/uploads\/sites\/2\/2021\/03\/hudo-app-2.png\",\"width\":2185,\"height\":2167,\"caption\":\"VSN Media\"},\"image\":{\"@id\":\"https:\/\/hudo.com\/si\/#\/schema\/logo\/image\/\"},\"sameAs\":[\"https:\/\/www.facebook.com\/hudo.si\",\"https:\/\/twitter.com\/hudo_si\"]},{\"@type\":\"Person\",\"@id\":\"https:\/\/hudo.com\/si\/#\/schema\/person\/601cf3379633985b20f7e50f2bb47707\",\"name\":\"hudo\",\"image\":{\"@type\":\"ImageObject\",\"inLanguage\":\"sl-SI\",\"@id\":\"https:\/\/hudo.com\/si\/#\/schema\/person\/image\/\",\"url\":\"https:\/\/secure.gravatar.com\/avatar\/c4ca25fa72cace7a696b52ff5db9e095?s=96&d=mm&r=g\",\"contentUrl\":\"https:\/\/secure.gravatar.com\/avatar\/c4ca25fa72cace7a696b52ff5db9e095?s=96&d=mm&r=g\",\"caption\":\"hudo\"},\"url\":\"https:\/\/hudo.com\/si\/author\/hudo\/\"}]}<\/script>\n<!-- \/ Yoast SEO plugin. -->","yoast_head_json":{"title":"Proti-slovja: Evropa, ne vihaj nosu! - Hudo Slovenija","robots":{"index":"index","follow":"follow","max-snippet":"max-snippet:-1","max-image-preview":"max-image-preview:large","max-video-preview":"max-video-preview:-1"},"canonical":"https:\/\/hudo.com\/si\/aktualno\/proti-slovja-evropa-ne-vihaj-nosu\/","og_locale":"sl_SI","og_type":"article","og_title":"Proti-slovja: Evropa, ne vihaj nosu! - Hudo Slovenija","og_description":"Kategorija: Kolumne Sat, 22 Oct 2016 10:00:00 +0200 Se je Ameri\u010danom res zme\u0161alo, se je prej\u0161nji konec tedna vpra\u0161al hambur\u0161ki Die Zeit? Dobro vpra\u0161anje. Za dr\u017eavo, ki se ima za prvo demokracijo sveta, in to svojo demokracijo celo na veliko izva\u017ea, je res nepojmljivo, kako da demokratska predsedni\u0161ka kandidatka ne zmore z eno potezo knokautirati republikanskega primitivca, ki bi bil rad predsednik, a trosi neumnosti, pred \u010dasom pa se je celo sam hvalil, da je zmo\u017een \u017eenskam segati v medno\u017eje, ker se mu ve\u010dina menda ne upa upreti, kajti on je vendarle slaven in bogat. To ni le vulgarizem in primitivizem najslab\u0161e vrste, ki je \u017ee tako umazano ameri\u0161ko predvolilno tekmo spremenil v tretjerazredni \u00bbreality show\u00ab, to je tudi zelo o\u010ditna zloraba mo\u010di, na kakr\u0161no noben predsedni\u0161ki kandidat ne bi smel niti pomisliti. Je nemo\u010d Clintonove, ki pred\u00a0...","og_url":"https:\/\/hudo.com\/si\/aktualno\/proti-slovja-evropa-ne-vihaj-nosu\/","og_site_name":"Hudo Slovenija","article_publisher":"https:\/\/www.facebook.com\/hudo.si","article_published_time":"2016-10-22T06:00:00+00:00","og_image":[{"width":480,"height":290,"url":"https:\/\/hudo.com\/si\/wp-content\/uploads\/sites\/2\/2016\/10\/480x290_AFP_Photo-20160925110151-70182300.jpeg","type":"image\/jpeg"}],"author":"hudo","twitter_card":"summary_large_image","twitter_creator":"@hudo_si","twitter_site":"@hudo_si","twitter_misc":{"Written by":"hudo","Est. reading time":"1 minuta"},"schema":{"@context":"https:\/\/schema.org","@graph":[{"@type":"Article","@id":"https:\/\/hudo.com\/si\/aktualno\/proti-slovja-evropa-ne-vihaj-nosu\/#article","isPartOf":{"@id":"https:\/\/hudo.com\/si\/aktualno\/proti-slovja-evropa-ne-vihaj-nosu\/"},"author":{"name":"hudo","@id":"https:\/\/hudo.com\/si\/#\/schema\/person\/601cf3379633985b20f7e50f2bb47707"},"headline":"Proti-slovja: Evropa, ne vihaj nosu!","datePublished":"2016-10-22T06:00:00+00:00","dateModified":"2016-10-22T06:00:00+00:00","mainEntityOfPage":{"@id":"https:\/\/hudo.com\/si\/aktualno\/proti-slovja-evropa-ne-vihaj-nosu\/"},"wordCount":157,"publisher":{"@id":"https:\/\/hudo.com\/si\/#organization"},"articleSection":["Aktualno"],"inLanguage":"sl-SI"},{"@type":"WebPage","@id":"https:\/\/hudo.com\/si\/aktualno\/proti-slovja-evropa-ne-vihaj-nosu\/","url":"https:\/\/hudo.com\/si\/aktualno\/proti-slovja-evropa-ne-vihaj-nosu\/","name":"Proti-slovja: Evropa, ne vihaj nosu! - Hudo Slovenija","isPartOf":{"@id":"https:\/\/hudo.com\/si\/#website"},"datePublished":"2016-10-22T06:00:00+00:00","dateModified":"2016-10-22T06:00:00+00:00","breadcrumb":{"@id":"https:\/\/hudo.com\/si\/aktualno\/proti-slovja-evropa-ne-vihaj-nosu\/#breadcrumb"},"inLanguage":"sl-SI","potentialAction":[{"@type":"ReadAction","target":["https:\/\/hudo.com\/si\/aktualno\/proti-slovja-evropa-ne-vihaj-nosu\/"]}]},{"@type":"BreadcrumbList","@id":"https:\/\/hudo.com\/si\/aktualno\/proti-slovja-evropa-ne-vihaj-nosu\/#breadcrumb","itemListElement":[{"@type":"ListItem","position":1,"name":"Home","item":"https:\/\/hudo.com\/si\/"},{"@type":"ListItem","position":2,"name":"Proti-slovja: Evropa, ne vihaj nosu!"}]},{"@type":"WebSite","@id":"https:\/\/hudo.com\/si\/#website","url":"https:\/\/hudo.com\/si\/","name":"Hudo Slovenija","description":"Vse novice iz Slovenije in sveta","publisher":{"@id":"https:\/\/hudo.com\/si\/#organization"},"potentialAction":[{"@type":"SearchAction","target":{"@type":"EntryPoint","urlTemplate":"https:\/\/hudo.com\/si\/?s={search_term_string}"},"query-input":"required name=search_term_string"}],"inLanguage":"sl-SI"},{"@type":"Organization","@id":"https:\/\/hudo.com\/si\/#organization","name":"VSN Media","url":"https:\/\/hudo.com\/si\/","logo":{"@type":"ImageObject","inLanguage":"sl-SI","@id":"https:\/\/hudo.com\/si\/#\/schema\/logo\/image\/","url":"https:\/\/hudo.com\/si\/wp-content\/uploads\/sites\/2\/2021\/03\/hudo-app-2.png","contentUrl":"https:\/\/hudo.com\/si\/wp-content\/uploads\/sites\/2\/2021\/03\/hudo-app-2.png","width":2185,"height":2167,"caption":"VSN Media"},"image":{"@id":"https:\/\/hudo.com\/si\/#\/schema\/logo\/image\/"},"sameAs":["https:\/\/www.facebook.com\/hudo.si","https:\/\/twitter.com\/hudo_si"]},{"@type":"Person","@id":"https:\/\/hudo.com\/si\/#\/schema\/person\/601cf3379633985b20f7e50f2bb47707","name":"hudo","image":{"@type":"ImageObject","inLanguage":"sl-SI","@id":"https:\/\/hudo.com\/si\/#\/schema\/person\/image\/","url":"https:\/\/secure.gravatar.com\/avatar\/c4ca25fa72cace7a696b52ff5db9e095?s=96&d=mm&r=g","contentUrl":"https:\/\/secure.gravatar.com\/avatar\/c4ca25fa72cace7a696b52ff5db9e095?s=96&d=mm&r=g","caption":"hudo"},"url":"https:\/\/hudo.com\/si\/author\/hudo\/"}]}},"amp_enabled":true,"_links":{"self":[{"href":"https:\/\/hudo.com\/si\/wp-json\/wp\/v2\/posts\/160024"}],"collection":[{"href":"https:\/\/hudo.com\/si\/wp-json\/wp\/v2\/posts"}],"about":[{"href":"https:\/\/hudo.com\/si\/wp-json\/wp\/v2\/types\/post"}],"author":[{"embeddable":true,"href":"https:\/\/hudo.com\/si\/wp-json\/wp\/v2\/users\/1"}],"replies":[{"embeddable":true,"href":"https:\/\/hudo.com\/si\/wp-json\/wp\/v2\/comments?post=160024"}],"version-history":[{"count":0,"href":"https:\/\/hudo.com\/si\/wp-json\/wp\/v2\/posts\/160024\/revisions"}],"wp:attachment":[{"href":"https:\/\/hudo.com\/si\/wp-json\/wp\/v2\/media?parent=160024"}],"wp:term":[{"taxonomy":"category","embeddable":true,"href":"https:\/\/hudo.com\/si\/wp-json\/wp\/v2\/categories?post=160024"},{"taxonomy":"post_tag","embeddable":true,"href":"https:\/\/hudo.com\/si\/wp-json\/wp\/v2\/tags?post=160024"},{"taxonomy":"source","embeddable":true,"href":"https:\/\/hudo.com\/si\/wp-json\/wp\/v2\/source?post=160024"},{"taxonomy":"supertag","embeddable":true,"href":"https:\/\/hudo.com\/si\/wp-json\/wp\/v2\/supertag?post=160024"}],"curies":[{"name":"wp","href":"https:\/\/api.w.org\/{rel}","templated":true}]}}