{"id":162983,"date":"2016-10-27T07:54:41","date_gmt":"2016-10-27T05:54:41","guid":{"rendered":"http:\/\/hudo.com\/si\/?p=162983"},"modified":"2016-10-27T07:54:41","modified_gmt":"2016-10-27T05:54:41","slug":"italijo-ponoci-spet-stresel-mocan-potres-ljudje-prenocili-na-ulicah","status":"publish","type":"post","link":"https:\/\/hudo.com\/si\/aktualno\/italijo-ponoci-spet-stresel-mocan-potres-ljudje-prenocili-na-ulicah\/","title":{"rendered":"Italijo pono\u010di spet stresel mo\u010dan potres, ljudje preno\u010dili na ulicah"},"content":{"rendered":"<p>Vsi trije potresi so namre\u010d obmo\u010dje osrednje Italije prizadeli, ko je bilo zunaj \u017ee temno. Prvi potres, ki je osrednjo Italijo stresel nekaj po 19. uri, je imel magnitudo 5,4. Ob 21.17 je obmo\u010dje stresel \u0161e en mo\u010dnej\u0161i potres, ki je imel magnitudo 5,9. Oba potresa je bilo mo\u010d \u010dutiti tudi na ozemlju Slovenije. Tretji\u010d so se tla stresla ob 23.42. \u017dari\u0161\u010da vseh treh potresov so bila v osrednji Italiji v regiji Marke.<\/p>\n<p>Po poro\u010danju italijanske tiskovne agencije Ansa so bili po\u0161kodovani ljudje v krajih Visso in Fabriano blizu \u017eari\u0161\u010d potresov.<\/p>\n<p>Potresi so v Italiji povzro\u010dili precej\u0161njo paniko, v ve\u010d mestih, tudi v Rimu, so ljudje stekli na ulice. \u0160tevilni so v strahu pred novim tresenjem tal na ulicah tudi pre\u017eiveli no\u010d.<\/p>\n<p>Nastala je tudi gmotna \u0161koda. V dolini reke Nera blizu \u017eari\u0161\u010da potresa so razmere kriti\u010dne. Iz treh bolni\u0161nic v regiji Marke so evakuirali ljudi. O \u0161kodi poro\u010dajo tudi iz Rima, kjer naj bi zaradi tresenja tal nastale razpoke na ve\u010d pala\u010dah, \u0161e poro\u010da Ansa.<\/p>\n<p>Ker je pono\u010di in v slabem vremenu zelo te\u017eko oceniti razmere, bo obseg \u0161kode mogo\u010de oceniti \u0161ele, ko se bo zdanilo.<\/p>\n<p>V \u0161tevilnih krajih so lokalne oblasti zaradi potresa za danes odpovedale pouk v \u0161olah.<\/p>\n","protected":false},"excerpt":{"rendered":"<p>Osrednjo Italijo je v sredo pozno zve\u010der stresel nov mo\u010dan potres z magnitudo 4,6, tretji v nekaj urah. Zaradi potresov so \u0161tevilni no\u010d pre\u017eiveli na ulicah. O smrtnih \u017ertvah za zdaj ne poro\u010dajo, je pa nekaj po\u0161kodovanih. Nastala je tudi gmotna \u0161koda. Kolik\u0161na je, bo mogo\u010de oceniti, ko se bo zdanilo.<\/p>\n","protected":false},"author":7,"featured_media":162984,"comment_status":"closed","ping_status":"closed","sticky":false,"template":"","format":"standard","meta":{"footnotes":""},"categories":[1179],"tags":[1760,4306,3718],"source":[4511],"supertag":[],"acf":[],"yoast_head":"<!-- This site is optimized with the Yoast SEO plugin v21.3 - https:\/\/yoast.com\/wordpress\/plugins\/seo\/ -->\n<title>Italijo pono\u010di spet stresel mo\u010dan potres, ljudje preno\u010dili na ulicah - Hudo Slovenija<\/title>\n<meta name=\"robots\" content=\"index, follow, max-snippet:-1, max-image-preview:large, max-video-preview:-1\" \/>\n<link rel=\"canonical\" href=\"https:\/\/hudo.com\/si\/aktualno\/italijo-ponoci-spet-stresel-mocan-potres-ljudje-prenocili-na-ulicah\/\" \/>\n<meta property=\"og:locale\" content=\"sl_SI\" \/>\n<meta property=\"og:type\" content=\"article\" \/>\n<meta property=\"og:title\" content=\"Italijo pono\u010di spet stresel mo\u010dan potres, ljudje preno\u010dili na ulicah - Hudo Slovenija\" \/>\n<meta property=\"og:description\" content=\"Osrednjo Italijo je v sredo pozno zve\u010der stresel nov mo\u010dan potres z magnitudo 4,6, tretji v nekaj urah. Zaradi potresov so \u0161tevilni no\u010d pre\u017eiveli na ulicah. O smrtnih \u017ertvah za zdaj ne poro\u010dajo, je pa nekaj po\u0161kodovanih. Nastala je tudi gmotna \u0161koda. Kolik\u0161na je, bo mogo\u010de oceniti, ko se bo zdanilo.\" \/>\n<meta property=\"og:url\" content=\"https:\/\/hudo.com\/si\/aktualno\/italijo-ponoci-spet-stresel-mocan-potres-ljudje-prenocili-na-ulicah\/\" \/>\n<meta property=\"og:site_name\" content=\"Hudo Slovenija\" \/>\n<meta property=\"article:publisher\" content=\"https:\/\/www.facebook.com\/hudo.si\" \/>\n<meta property=\"article:published_time\" content=\"2016-10-27T05:54:41+00:00\" \/>\n<meta property=\"og:image\" content=\"https:\/\/hudo.com\/si\/wp-content\/uploads\/sites\/2\/2016\/10\/profimedia-0304008282.jpg\" \/>\n\t<meta property=\"og:image:width\" content=\"1250\" \/>\n\t<meta property=\"og:image:height\" content=\"832\" \/>\n\t<meta property=\"og:image:type\" content=\"image\/jpeg\" \/>\n<meta name=\"author\" content=\"A. P., STA\" \/>\n<meta name=\"twitter:card\" content=\"summary_large_image\" \/>\n<meta name=\"twitter:creator\" content=\"@hudo_si\" \/>\n<meta name=\"twitter:site\" content=\"@hudo_si\" \/>\n<meta name=\"twitter:label1\" content=\"Written by\" \/>\n\t<meta name=\"twitter:data1\" content=\"A. P., STA\" \/>\n\t<meta name=\"twitter:label2\" content=\"Est. reading time\" \/>\n\t<meta name=\"twitter:data2\" content=\"1 minuta\" \/>\n<script type=\"application\/ld+json\" class=\"yoast-schema-graph\">{\"@context\":\"https:\/\/schema.org\",\"@graph\":[{\"@type\":\"Article\",\"@id\":\"https:\/\/hudo.com\/si\/aktualno\/italijo-ponoci-spet-stresel-mocan-potres-ljudje-prenocili-na-ulicah\/#article\",\"isPartOf\":{\"@id\":\"https:\/\/hudo.com\/si\/aktualno\/italijo-ponoci-spet-stresel-mocan-potres-ljudje-prenocili-na-ulicah\/\"},\"author\":{\"name\":\"A. P., STA\",\"@id\":\"https:\/\/hudo.com\/si\/#\/schema\/person\/18f09c02475ba9e606e941a565b80cff\"},\"headline\":\"Italijo pono\u010di spet stresel mo\u010dan potres, ljudje preno\u010dili na ulicah\",\"datePublished\":\"2016-10-27T05:54:41+00:00\",\"dateModified\":\"2016-10-27T05:54:41+00:00\",\"mainEntityOfPage\":{\"@id\":\"https:\/\/hudo.com\/si\/aktualno\/italijo-ponoci-spet-stresel-mocan-potres-ljudje-prenocili-na-ulicah\/\"},\"wordCount\":228,\"publisher\":{\"@id\":\"https:\/\/hudo.com\/si\/#organization\"},\"keywords\":[\"italija\",\"naravne katastrofe\",\"potres\"],\"articleSection\":[\"Aktualno\"],\"inLanguage\":\"sl-SI\"},{\"@type\":\"WebPage\",\"@id\":\"https:\/\/hudo.com\/si\/aktualno\/italijo-ponoci-spet-stresel-mocan-potres-ljudje-prenocili-na-ulicah\/\",\"url\":\"https:\/\/hudo.com\/si\/aktualno\/italijo-ponoci-spet-stresel-mocan-potres-ljudje-prenocili-na-ulicah\/\",\"name\":\"Italijo pono\u010di spet stresel mo\u010dan potres, ljudje preno\u010dili na ulicah - Hudo Slovenija\",\"isPartOf\":{\"@id\":\"https:\/\/hudo.com\/si\/#website\"},\"datePublished\":\"2016-10-27T05:54:41+00:00\",\"dateModified\":\"2016-10-27T05:54:41+00:00\",\"breadcrumb\":{\"@id\":\"https:\/\/hudo.com\/si\/aktualno\/italijo-ponoci-spet-stresel-mocan-potres-ljudje-prenocili-na-ulicah\/#breadcrumb\"},\"inLanguage\":\"sl-SI\",\"potentialAction\":[{\"@type\":\"ReadAction\",\"target\":[\"https:\/\/hudo.com\/si\/aktualno\/italijo-ponoci-spet-stresel-mocan-potres-ljudje-prenocili-na-ulicah\/\"]}]},{\"@type\":\"BreadcrumbList\",\"@id\":\"https:\/\/hudo.com\/si\/aktualno\/italijo-ponoci-spet-stresel-mocan-potres-ljudje-prenocili-na-ulicah\/#breadcrumb\",\"itemListElement\":[{\"@type\":\"ListItem\",\"position\":1,\"name\":\"Home\",\"item\":\"https:\/\/hudo.com\/si\/\"},{\"@type\":\"ListItem\",\"position\":2,\"name\":\"Italijo pono\u010di spet stresel mo\u010dan potres, ljudje preno\u010dili na ulicah\"}]},{\"@type\":\"WebSite\",\"@id\":\"https:\/\/hudo.com\/si\/#website\",\"url\":\"https:\/\/hudo.com\/si\/\",\"name\":\"Hudo Slovenija\",\"description\":\"Vse novice iz Slovenije in sveta\",\"publisher\":{\"@id\":\"https:\/\/hudo.com\/si\/#organization\"},\"potentialAction\":[{\"@type\":\"SearchAction\",\"target\":{\"@type\":\"EntryPoint\",\"urlTemplate\":\"https:\/\/hudo.com\/si\/?s={search_term_string}\"},\"query-input\":\"required name=search_term_string\"}],\"inLanguage\":\"sl-SI\"},{\"@type\":\"Organization\",\"@id\":\"https:\/\/hudo.com\/si\/#organization\",\"name\":\"VSN Media\",\"url\":\"https:\/\/hudo.com\/si\/\",\"logo\":{\"@type\":\"ImageObject\",\"inLanguage\":\"sl-SI\",\"@id\":\"https:\/\/hudo.com\/si\/#\/schema\/logo\/image\/\",\"url\":\"https:\/\/hudo.com\/si\/wp-content\/uploads\/sites\/2\/2021\/03\/hudo-app-2.png\",\"contentUrl\":\"https:\/\/hudo.com\/si\/wp-content\/uploads\/sites\/2\/2021\/03\/hudo-app-2.png\",\"width\":2185,\"height\":2167,\"caption\":\"VSN Media\"},\"image\":{\"@id\":\"https:\/\/hudo.com\/si\/#\/schema\/logo\/image\/\"},\"sameAs\":[\"https:\/\/www.facebook.com\/hudo.si\",\"https:\/\/twitter.com\/hudo_si\"]},{\"@type\":\"Person\",\"@id\":\"https:\/\/hudo.com\/si\/#\/schema\/person\/18f09c02475ba9e606e941a565b80cff\",\"name\":\"A. P., STA\",\"image\":{\"@type\":\"ImageObject\",\"inLanguage\":\"sl-SI\",\"@id\":\"https:\/\/hudo.com\/si\/#\/schema\/person\/image\/\",\"url\":\"https:\/\/secure.gravatar.com\/avatar\/03eac8e609f5f04383125d80eaeaaf3e?s=96&d=mm&r=g\",\"contentUrl\":\"https:\/\/secure.gravatar.com\/avatar\/03eac8e609f5f04383125d80eaeaaf3e?s=96&d=mm&r=g\",\"caption\":\"A. P., STA\"},\"url\":\"https:\/\/hudo.com\/si\/author\/lubu\/\"}]}<\/script>\n<!-- \/ Yoast SEO plugin. -->","yoast_head_json":{"title":"Italijo pono\u010di spet stresel mo\u010dan potres, ljudje preno\u010dili na ulicah - Hudo Slovenija","robots":{"index":"index","follow":"follow","max-snippet":"max-snippet:-1","max-image-preview":"max-image-preview:large","max-video-preview":"max-video-preview:-1"},"canonical":"https:\/\/hudo.com\/si\/aktualno\/italijo-ponoci-spet-stresel-mocan-potres-ljudje-prenocili-na-ulicah\/","og_locale":"sl_SI","og_type":"article","og_title":"Italijo pono\u010di spet stresel mo\u010dan potres, ljudje preno\u010dili na ulicah - Hudo Slovenija","og_description":"Osrednjo Italijo je v sredo pozno zve\u010der stresel nov mo\u010dan potres z magnitudo 4,6, tretji v nekaj urah. Zaradi potresov so \u0161tevilni no\u010d pre\u017eiveli na ulicah. O smrtnih \u017ertvah za zdaj ne poro\u010dajo, je pa nekaj po\u0161kodovanih. Nastala je tudi gmotna \u0161koda. Kolik\u0161na je, bo mogo\u010de oceniti, ko se bo zdanilo.","og_url":"https:\/\/hudo.com\/si\/aktualno\/italijo-ponoci-spet-stresel-mocan-potres-ljudje-prenocili-na-ulicah\/","og_site_name":"Hudo Slovenija","article_publisher":"https:\/\/www.facebook.com\/hudo.si","article_published_time":"2016-10-27T05:54:41+00:00","og_image":[{"width":1250,"height":832,"url":"https:\/\/hudo.com\/si\/wp-content\/uploads\/sites\/2\/2016\/10\/profimedia-0304008282.jpg","type":"image\/jpeg"}],"author":"A. P., STA","twitter_card":"summary_large_image","twitter_creator":"@hudo_si","twitter_site":"@hudo_si","twitter_misc":{"Written by":"A. P., STA","Est. reading time":"1 minuta"},"schema":{"@context":"https:\/\/schema.org","@graph":[{"@type":"Article","@id":"https:\/\/hudo.com\/si\/aktualno\/italijo-ponoci-spet-stresel-mocan-potres-ljudje-prenocili-na-ulicah\/#article","isPartOf":{"@id":"https:\/\/hudo.com\/si\/aktualno\/italijo-ponoci-spet-stresel-mocan-potres-ljudje-prenocili-na-ulicah\/"},"author":{"name":"A. P., STA","@id":"https:\/\/hudo.com\/si\/#\/schema\/person\/18f09c02475ba9e606e941a565b80cff"},"headline":"Italijo pono\u010di spet stresel mo\u010dan potres, ljudje preno\u010dili na ulicah","datePublished":"2016-10-27T05:54:41+00:00","dateModified":"2016-10-27T05:54:41+00:00","mainEntityOfPage":{"@id":"https:\/\/hudo.com\/si\/aktualno\/italijo-ponoci-spet-stresel-mocan-potres-ljudje-prenocili-na-ulicah\/"},"wordCount":228,"publisher":{"@id":"https:\/\/hudo.com\/si\/#organization"},"keywords":["italija","naravne katastrofe","potres"],"articleSection":["Aktualno"],"inLanguage":"sl-SI"},{"@type":"WebPage","@id":"https:\/\/hudo.com\/si\/aktualno\/italijo-ponoci-spet-stresel-mocan-potres-ljudje-prenocili-na-ulicah\/","url":"https:\/\/hudo.com\/si\/aktualno\/italijo-ponoci-spet-stresel-mocan-potres-ljudje-prenocili-na-ulicah\/","name":"Italijo pono\u010di spet stresel mo\u010dan potres, ljudje preno\u010dili na ulicah - Hudo Slovenija","isPartOf":{"@id":"https:\/\/hudo.com\/si\/#website"},"datePublished":"2016-10-27T05:54:41+00:00","dateModified":"2016-10-27T05:54:41+00:00","breadcrumb":{"@id":"https:\/\/hudo.com\/si\/aktualno\/italijo-ponoci-spet-stresel-mocan-potres-ljudje-prenocili-na-ulicah\/#breadcrumb"},"inLanguage":"sl-SI","potentialAction":[{"@type":"ReadAction","target":["https:\/\/hudo.com\/si\/aktualno\/italijo-ponoci-spet-stresel-mocan-potres-ljudje-prenocili-na-ulicah\/"]}]},{"@type":"BreadcrumbList","@id":"https:\/\/hudo.com\/si\/aktualno\/italijo-ponoci-spet-stresel-mocan-potres-ljudje-prenocili-na-ulicah\/#breadcrumb","itemListElement":[{"@type":"ListItem","position":1,"name":"Home","item":"https:\/\/hudo.com\/si\/"},{"@type":"ListItem","position":2,"name":"Italijo pono\u010di spet stresel mo\u010dan potres, ljudje preno\u010dili na ulicah"}]},{"@type":"WebSite","@id":"https:\/\/hudo.com\/si\/#website","url":"https:\/\/hudo.com\/si\/","name":"Hudo Slovenija","description":"Vse novice iz Slovenije in sveta","publisher":{"@id":"https:\/\/hudo.com\/si\/#organization"},"potentialAction":[{"@type":"SearchAction","target":{"@type":"EntryPoint","urlTemplate":"https:\/\/hudo.com\/si\/?s={search_term_string}"},"query-input":"required name=search_term_string"}],"inLanguage":"sl-SI"},{"@type":"Organization","@id":"https:\/\/hudo.com\/si\/#organization","name":"VSN Media","url":"https:\/\/hudo.com\/si\/","logo":{"@type":"ImageObject","inLanguage":"sl-SI","@id":"https:\/\/hudo.com\/si\/#\/schema\/logo\/image\/","url":"https:\/\/hudo.com\/si\/wp-content\/uploads\/sites\/2\/2021\/03\/hudo-app-2.png","contentUrl":"https:\/\/hudo.com\/si\/wp-content\/uploads\/sites\/2\/2021\/03\/hudo-app-2.png","width":2185,"height":2167,"caption":"VSN Media"},"image":{"@id":"https:\/\/hudo.com\/si\/#\/schema\/logo\/image\/"},"sameAs":["https:\/\/www.facebook.com\/hudo.si","https:\/\/twitter.com\/hudo_si"]},{"@type":"Person","@id":"https:\/\/hudo.com\/si\/#\/schema\/person\/18f09c02475ba9e606e941a565b80cff","name":"A. P., STA","image":{"@type":"ImageObject","inLanguage":"sl-SI","@id":"https:\/\/hudo.com\/si\/#\/schema\/person\/image\/","url":"https:\/\/secure.gravatar.com\/avatar\/03eac8e609f5f04383125d80eaeaaf3e?s=96&d=mm&r=g","contentUrl":"https:\/\/secure.gravatar.com\/avatar\/03eac8e609f5f04383125d80eaeaaf3e?s=96&d=mm&r=g","caption":"A. P., STA"},"url":"https:\/\/hudo.com\/si\/author\/lubu\/"}]}},"amp_enabled":true,"_links":{"self":[{"href":"https:\/\/hudo.com\/si\/wp-json\/wp\/v2\/posts\/162983"}],"collection":[{"href":"https:\/\/hudo.com\/si\/wp-json\/wp\/v2\/posts"}],"about":[{"href":"https:\/\/hudo.com\/si\/wp-json\/wp\/v2\/types\/post"}],"author":[{"embeddable":true,"href":"https:\/\/hudo.com\/si\/wp-json\/wp\/v2\/users\/7"}],"replies":[{"embeddable":true,"href":"https:\/\/hudo.com\/si\/wp-json\/wp\/v2\/comments?post=162983"}],"version-history":[{"count":1,"href":"https:\/\/hudo.com\/si\/wp-json\/wp\/v2\/posts\/162983\/revisions"}],"predecessor-version":[{"id":162985,"href":"https:\/\/hudo.com\/si\/wp-json\/wp\/v2\/posts\/162983\/revisions\/162985"}],"wp:featuredmedia":[{"embeddable":true,"href":"https:\/\/hudo.com\/si\/wp-json\/wp\/v2\/media\/162984"}],"wp:attachment":[{"href":"https:\/\/hudo.com\/si\/wp-json\/wp\/v2\/media?parent=162983"}],"wp:term":[{"taxonomy":"category","embeddable":true,"href":"https:\/\/hudo.com\/si\/wp-json\/wp\/v2\/categories?post=162983"},{"taxonomy":"post_tag","embeddable":true,"href":"https:\/\/hudo.com\/si\/wp-json\/wp\/v2\/tags?post=162983"},{"taxonomy":"source","embeddable":true,"href":"https:\/\/hudo.com\/si\/wp-json\/wp\/v2\/source?post=162983"},{"taxonomy":"supertag","embeddable":true,"href":"https:\/\/hudo.com\/si\/wp-json\/wp\/v2\/supertag?post=162983"}],"curies":[{"name":"wp","href":"https:\/\/api.w.org\/{rel}","templated":true}]}}