{"id":164456,"date":"2016-10-29T14:04:54","date_gmt":"2016-10-29T12:04:54","guid":{"rendered":"http:\/\/hudo.com\/si\/?p=164456"},"modified":"2016-10-29T15:13:25","modified_gmt":"2016-10-29T13:13:25","slug":"siddharta-big-foot-v-stozicah-zdruzili-bomo-energijo-postregli-z-nepozabnim-koncertom","status":"publish","type":"post","link":"https:\/\/hudo.com\/si\/vip\/siddharta-big-foot-v-stozicah-zdruzili-bomo-energijo-postregli-z-nepozabnim-koncertom\/","title":{"rendered":"Siddharta in Big Foot Mama v Sto\u017eicah: &#8220;Zdru\u017eili bomo energijo in postregli z nepozabnim koncertom&#8221;"},"content":{"rendered":"<p>Vaje na dogodek potekajo na videz obi\u010dajno. A za zaprtimi vrati nastaja nekaj, kar v Sloveniji \u0161e nismo do\u017eiveli.<\/p>\n<figure id=\"attachment_164461\" aria-describedby=\"caption-attachment-164461\" style=\"width: 1000px\" class=\"wp-caption alignnone\"><a href=\"http:\/\/hudo.com\/si\/wp-content\/uploads\/sites\/2\/2016\/10\/Ritem_mladosti_tiskovna-8_foto_Marko_Delbello_Ocepek.jpg\" rel=\"attachment wp-att-164461\"><img loading=\"lazy\" decoding=\"async\" class=\"size-large wp-image-164461\" src=\"http:\/\/hudo.com\/si\/wp-content\/uploads\/sites\/2\/2016\/10\/Ritem_mladosti_tiskovna-8_foto_Marko_Delbello_Ocepek-1024x684.jpg\" alt=\"Foto: Marko Delbello Ocepek\" width=\"1000\" height=\"668\" \/><\/a><figcaption id=\"caption-attachment-164461\" class=\"wp-caption-text\">Foto: Marko Delbello Ocepek<\/figcaption><\/figure>\n<p>Fantje so povedali, da priprave na spektakel te\u010dejo po na\u010drtih, veseli pa jih dober sprejem zgodbe v javnosti. Za UMEKa, ki bo zaklju\u010dil ve\u010d kot 8-urni glasbeni spektakel, bo to njegov edini doma\u010di nastop letos in sploh prvi v Sto\u017eicah, kjer je reden gost na ko\u0161arkarskih tekmah, tam pa si je \u017ee ogledal tudi Calvina Harrisa in Tiesta, tako da sploh ne dvomi, da bo to res nepozaben \u017eur, o katerem se bo \u0161e dolgo govorilo kot o prese\u017eku.<\/p>\n<figure id=\"attachment_164459\" aria-describedby=\"caption-attachment-164459\" style=\"width: 1000px\" class=\"wp-caption alignnone\"><a href=\"http:\/\/hudo.com\/si\/wp-content\/uploads\/sites\/2\/2016\/10\/Ritem_mladosti_tiskovna-6_foto_Marko_Delbello_Ocepek.jpg\" rel=\"attachment wp-att-164459\"><img loading=\"lazy\" decoding=\"async\" class=\"size-large wp-image-164459\" src=\"http:\/\/hudo.com\/si\/wp-content\/uploads\/sites\/2\/2016\/10\/Ritem_mladosti_tiskovna-6_foto_Marko_Delbello_Ocepek-1024x684.jpg\" alt=\"Foto: Marko Delbello Ocepek\" width=\"1000\" height=\"668\" \/><\/a><figcaption id=\"caption-attachment-164459\" class=\"wp-caption-text\">Foto: Marko Delbello Ocepek<\/figcaption><\/figure>\n<p>&#8220;To bo rockovski vrhunec leta. V \u010dast nam je ustvarjati z Big Foot Mamo, do katerih \u017ee ve\u010d kot 20 let gojimo veliko spo\u0161tovanje. Oni so pred nami orali ledino, zdaj bomo kon\u010dno orali in \u017egali skupaj &#8211; na istem odru in na prav poseben na\u010din. Zdru\u017eili bomo energijo in postregli z nepozabnim koncertom,&#8221; je povedal Tomi Megli\u010d, Grega Sko\u010dir pa dodaja: &#8220;Tudi za nas bo to prav poseben dogodek. Ne le, ker se bomo po enem letu vrnili v Sto\u017eice, ampak predvsem, ker bomo tokrat na odru skupaj z na\u0161im glasbenimi kolegi. Ve\u010dkrat smo \u017ee nastopali na istih prizori\u0161\u010dih, a \u0161e nikoli skupaj. To bo enkratno do\u017eivetje.&#8221;<\/p>\n<figure id=\"attachment_164463\" aria-describedby=\"caption-attachment-164463\" style=\"width: 1000px\" class=\"wp-caption alignnone\"><a href=\"http:\/\/hudo.com\/si\/wp-content\/uploads\/sites\/2\/2016\/10\/Ritem_mladosti_tiskovna-38_foto_Marko_Delbello_Ocepek.jpg\" rel=\"attachment wp-att-164463\"><img loading=\"lazy\" decoding=\"async\" class=\"size-large wp-image-164463\" src=\"http:\/\/hudo.com\/si\/wp-content\/uploads\/sites\/2\/2016\/10\/Ritem_mladosti_tiskovna-38_foto_Marko_Delbello_Ocepek-1024x471.jpg\" alt=\"Foto: Marko Delbello Ocepek\" width=\"1000\" height=\"460\" \/><\/a><figcaption id=\"caption-attachment-164463\" class=\"wp-caption-text\">Foto: Marko Delbello Ocepek<\/figcaption><\/figure>\n<p>Vsekakor se nam obeta vrhunski glasbeni dogodek, ki ga ne gre zamuditi!<\/p>\n<figure id=\"attachment_164462\" aria-describedby=\"caption-attachment-164462\" style=\"width: 1000px\" class=\"wp-caption alignnone\"><a href=\"http:\/\/hudo.com\/si\/wp-content\/uploads\/sites\/2\/2016\/10\/Ritem_mladosti_tiskovna-1_foto_Marko_Delbello_Ocepek.jpg\" rel=\"attachment wp-att-164462\"><img loading=\"lazy\" decoding=\"async\" class=\"size-large wp-image-164462\" src=\"http:\/\/hudo.com\/si\/wp-content\/uploads\/sites\/2\/2016\/10\/Ritem_mladosti_tiskovna-1_foto_Marko_Delbello_Ocepek-1024x684.jpg\" alt=\"Foto: Marko Delbello Ocepek\" width=\"1000\" height=\"668\" \/><\/a><figcaption id=\"caption-attachment-164462\" class=\"wp-caption-text\">Foto: Marko Delbello Ocepek<\/figcaption><\/figure>\n<p>&nbsp;<\/p>\n","protected":false},"excerpt":{"rendered":"<p>9. decembra nas v ljubljanskih Sto\u017eicah \u010daka prava glasbena poslastica, spektakel, kakr\u0161nega pri nas \u0161e nismo do\u017eiveli. V Areni Sto\u017eice bosta prvi\u010d na unikatnem dvojnem odru izmeni\u010dno koncertirala dva najve\u010dja doma\u010da benda, ki sta \u017ee sama polnila Sto\u017eice. \u0160ov se bo odvil v sklopu 10. Ritma mladosti.<\/p>\n","protected":false},"author":6,"featured_media":0,"comment_status":"closed","ping_status":"closed","sticky":false,"template":"","format":"standard","meta":{"footnotes":""},"categories":[1093],"tags":[6856,6809,6855],"source":[4511],"supertag":[],"acf":[],"yoast_head":"<!-- This site is optimized with the Yoast SEO plugin v21.3 - https:\/\/yoast.com\/wordpress\/plugins\/seo\/ -->\n<title>Siddharta in Big Foot Mama v Sto\u017eicah: &quot;Zdru\u017eili bomo energijo in postregli z nepozabnim koncertom&quot; - Hudo Slovenija<\/title>\n<meta name=\"robots\" content=\"index, follow, max-snippet:-1, max-image-preview:large, max-video-preview:-1\" \/>\n<link rel=\"canonical\" href=\"https:\/\/hudo.com\/si\/vip\/siddharta-big-foot-v-stozicah-zdruzili-bomo-energijo-postregli-z-nepozabnim-koncertom\/\" \/>\n<meta property=\"og:locale\" content=\"sl_SI\" \/>\n<meta property=\"og:type\" content=\"article\" \/>\n<meta property=\"og:title\" content=\"Siddharta in Big Foot Mama v Sto\u017eicah: &quot;Zdru\u017eili bomo energijo in postregli z nepozabnim koncertom&quot; - Hudo Slovenija\" \/>\n<meta property=\"og:description\" content=\"9. decembra nas v ljubljanskih Sto\u017eicah \u010daka prava glasbena poslastica, spektakel, kakr\u0161nega pri nas \u0161e nismo do\u017eiveli. V Areni Sto\u017eice bosta prvi\u010d na unikatnem dvojnem odru izmeni\u010dno koncertirala dva najve\u010dja doma\u010da benda, ki sta \u017ee sama polnila Sto\u017eice. \u0160ov se bo odvil v sklopu 10. Ritma mladosti.\" \/>\n<meta property=\"og:url\" content=\"https:\/\/hudo.com\/si\/vip\/siddharta-big-foot-v-stozicah-zdruzili-bomo-energijo-postregli-z-nepozabnim-koncertom\/\" \/>\n<meta property=\"og:site_name\" content=\"Hudo Slovenija\" \/>\n<meta property=\"article:publisher\" content=\"https:\/\/www.facebook.com\/hudo.si\" \/>\n<meta property=\"article:published_time\" content=\"2016-10-29T12:04:54+00:00\" \/>\n<meta property=\"article:modified_time\" content=\"2016-10-29T13:13:25+00:00\" \/>\n<meta property=\"og:image\" content=\"https:\/\/hudo.com\/si\/wp-content\/uploads\/sites\/2\/2016\/10\/Ritem_mladosti_tiskovna-53_foto_Marko_Delbello_Ocepek.jpg\" \/>\n\t<meta property=\"og:image:width\" content=\"800\" \/>\n\t<meta property=\"og:image:height\" content=\"439\" \/>\n\t<meta property=\"og:image:type\" content=\"image\/jpeg\" \/>\n<meta name=\"author\" content=\"A. G.\" \/>\n<meta name=\"twitter:card\" content=\"summary_large_image\" \/>\n<meta name=\"twitter:creator\" content=\"@hudo_si\" \/>\n<meta name=\"twitter:site\" content=\"@hudo_si\" \/>\n<meta name=\"twitter:label1\" content=\"Written by\" \/>\n\t<meta name=\"twitter:data1\" content=\"A. G.\" \/>\n\t<meta name=\"twitter:label2\" content=\"Est. reading time\" \/>\n\t<meta name=\"twitter:data2\" content=\"1 minuta\" \/>\n<script type=\"application\/ld+json\" class=\"yoast-schema-graph\">{\"@context\":\"https:\/\/schema.org\",\"@graph\":[{\"@type\":\"Article\",\"@id\":\"https:\/\/hudo.com\/si\/vip\/siddharta-big-foot-v-stozicah-zdruzili-bomo-energijo-postregli-z-nepozabnim-koncertom\/#article\",\"isPartOf\":{\"@id\":\"https:\/\/hudo.com\/si\/vip\/siddharta-big-foot-v-stozicah-zdruzili-bomo-energijo-postregli-z-nepozabnim-koncertom\/\"},\"author\":{\"name\":\"A. G.\",\"@id\":\"https:\/\/hudo.com\/si\/#\/schema\/person\/f95639a66e0dd2c682b0568634e85b8b\"},\"headline\":\"Siddharta in Big Foot Mama v Sto\u017eicah: &#8220;Zdru\u017eili bomo energijo in postregli z nepozabnim koncertom&#8221;\",\"datePublished\":\"2016-10-29T12:04:54+00:00\",\"dateModified\":\"2016-10-29T13:13:25+00:00\",\"mainEntityOfPage\":{\"@id\":\"https:\/\/hudo.com\/si\/vip\/siddharta-big-foot-v-stozicah-zdruzili-bomo-energijo-postregli-z-nepozabnim-koncertom\/\"},\"wordCount\":298,\"publisher\":{\"@id\":\"https:\/\/hudo.com\/si\/#organization\"},\"keywords\":[\"Big Foot Mama\",\"Siddharta\",\"Umek\"],\"articleSection\":[\"VIP\"],\"inLanguage\":\"sl-SI\"},{\"@type\":\"WebPage\",\"@id\":\"https:\/\/hudo.com\/si\/vip\/siddharta-big-foot-v-stozicah-zdruzili-bomo-energijo-postregli-z-nepozabnim-koncertom\/\",\"url\":\"https:\/\/hudo.com\/si\/vip\/siddharta-big-foot-v-stozicah-zdruzili-bomo-energijo-postregli-z-nepozabnim-koncertom\/\",\"name\":\"Siddharta in Big Foot Mama v Sto\u017eicah: \\\"Zdru\u017eili bomo energijo in postregli z nepozabnim koncertom\\\" - Hudo Slovenija\",\"isPartOf\":{\"@id\":\"https:\/\/hudo.com\/si\/#website\"},\"datePublished\":\"2016-10-29T12:04:54+00:00\",\"dateModified\":\"2016-10-29T13:13:25+00:00\",\"breadcrumb\":{\"@id\":\"https:\/\/hudo.com\/si\/vip\/siddharta-big-foot-v-stozicah-zdruzili-bomo-energijo-postregli-z-nepozabnim-koncertom\/#breadcrumb\"},\"inLanguage\":\"sl-SI\",\"potentialAction\":[{\"@type\":\"ReadAction\",\"target\":[\"https:\/\/hudo.com\/si\/vip\/siddharta-big-foot-v-stozicah-zdruzili-bomo-energijo-postregli-z-nepozabnim-koncertom\/\"]}]},{\"@type\":\"BreadcrumbList\",\"@id\":\"https:\/\/hudo.com\/si\/vip\/siddharta-big-foot-v-stozicah-zdruzili-bomo-energijo-postregli-z-nepozabnim-koncertom\/#breadcrumb\",\"itemListElement\":[{\"@type\":\"ListItem\",\"position\":1,\"name\":\"Home\",\"item\":\"https:\/\/hudo.com\/si\/\"},{\"@type\":\"ListItem\",\"position\":2,\"name\":\"Siddharta in Big Foot Mama v Sto\u017eicah: &#8220;Zdru\u017eili bomo energijo in postregli z nepozabnim koncertom&#8221;\"}]},{\"@type\":\"WebSite\",\"@id\":\"https:\/\/hudo.com\/si\/#website\",\"url\":\"https:\/\/hudo.com\/si\/\",\"name\":\"Hudo Slovenija\",\"description\":\"Vse novice iz Slovenije in sveta\",\"publisher\":{\"@id\":\"https:\/\/hudo.com\/si\/#organization\"},\"potentialAction\":[{\"@type\":\"SearchAction\",\"target\":{\"@type\":\"EntryPoint\",\"urlTemplate\":\"https:\/\/hudo.com\/si\/?s={search_term_string}\"},\"query-input\":\"required name=search_term_string\"}],\"inLanguage\":\"sl-SI\"},{\"@type\":\"Organization\",\"@id\":\"https:\/\/hudo.com\/si\/#organization\",\"name\":\"VSN Media\",\"url\":\"https:\/\/hudo.com\/si\/\",\"logo\":{\"@type\":\"ImageObject\",\"inLanguage\":\"sl-SI\",\"@id\":\"https:\/\/hudo.com\/si\/#\/schema\/logo\/image\/\",\"url\":\"https:\/\/hudo.com\/si\/wp-content\/uploads\/sites\/2\/2021\/03\/hudo-app-2.png\",\"contentUrl\":\"https:\/\/hudo.com\/si\/wp-content\/uploads\/sites\/2\/2021\/03\/hudo-app-2.png\",\"width\":2185,\"height\":2167,\"caption\":\"VSN Media\"},\"image\":{\"@id\":\"https:\/\/hudo.com\/si\/#\/schema\/logo\/image\/\"},\"sameAs\":[\"https:\/\/www.facebook.com\/hudo.si\",\"https:\/\/twitter.com\/hudo_si\"]},{\"@type\":\"Person\",\"@id\":\"https:\/\/hudo.com\/si\/#\/schema\/person\/f95639a66e0dd2c682b0568634e85b8b\",\"name\":\"A. G.\",\"image\":{\"@type\":\"ImageObject\",\"inLanguage\":\"sl-SI\",\"@id\":\"https:\/\/hudo.com\/si\/#\/schema\/person\/image\/\",\"url\":\"https:\/\/secure.gravatar.com\/avatar\/9f44de561c70d5d80348d3ed0f4b142d?s=96&d=mm&r=g\",\"contentUrl\":\"https:\/\/secure.gravatar.com\/avatar\/9f44de561c70d5d80348d3ed0f4b142d?s=96&d=mm&r=g\",\"caption\":\"A. G.\"},\"url\":\"https:\/\/hudo.com\/si\/author\/alenkagrmek\/\"}]}<\/script>\n<!-- \/ Yoast SEO plugin. -->","yoast_head_json":{"title":"Siddharta in Big Foot Mama v Sto\u017eicah: \"Zdru\u017eili bomo energijo in postregli z nepozabnim koncertom\" - Hudo Slovenija","robots":{"index":"index","follow":"follow","max-snippet":"max-snippet:-1","max-image-preview":"max-image-preview:large","max-video-preview":"max-video-preview:-1"},"canonical":"https:\/\/hudo.com\/si\/vip\/siddharta-big-foot-v-stozicah-zdruzili-bomo-energijo-postregli-z-nepozabnim-koncertom\/","og_locale":"sl_SI","og_type":"article","og_title":"Siddharta in Big Foot Mama v Sto\u017eicah: \"Zdru\u017eili bomo energijo in postregli z nepozabnim koncertom\" - Hudo Slovenija","og_description":"9. decembra nas v ljubljanskih Sto\u017eicah \u010daka prava glasbena poslastica, spektakel, kakr\u0161nega pri nas \u0161e nismo do\u017eiveli. V Areni Sto\u017eice bosta prvi\u010d na unikatnem dvojnem odru izmeni\u010dno koncertirala dva najve\u010dja doma\u010da benda, ki sta \u017ee sama polnila Sto\u017eice. \u0160ov se bo odvil v sklopu 10. Ritma mladosti.","og_url":"https:\/\/hudo.com\/si\/vip\/siddharta-big-foot-v-stozicah-zdruzili-bomo-energijo-postregli-z-nepozabnim-koncertom\/","og_site_name":"Hudo Slovenija","article_publisher":"https:\/\/www.facebook.com\/hudo.si","article_published_time":"2016-10-29T12:04:54+00:00","article_modified_time":"2016-10-29T13:13:25+00:00","og_image":[{"width":800,"height":439,"url":"https:\/\/hudo.com\/si\/wp-content\/uploads\/sites\/2\/2016\/10\/Ritem_mladosti_tiskovna-53_foto_Marko_Delbello_Ocepek.jpg","type":"image\/jpeg"}],"author":"A. G.","twitter_card":"summary_large_image","twitter_creator":"@hudo_si","twitter_site":"@hudo_si","twitter_misc":{"Written by":"A. G.","Est. reading time":"1 minuta"},"schema":{"@context":"https:\/\/schema.org","@graph":[{"@type":"Article","@id":"https:\/\/hudo.com\/si\/vip\/siddharta-big-foot-v-stozicah-zdruzili-bomo-energijo-postregli-z-nepozabnim-koncertom\/#article","isPartOf":{"@id":"https:\/\/hudo.com\/si\/vip\/siddharta-big-foot-v-stozicah-zdruzili-bomo-energijo-postregli-z-nepozabnim-koncertom\/"},"author":{"name":"A. G.","@id":"https:\/\/hudo.com\/si\/#\/schema\/person\/f95639a66e0dd2c682b0568634e85b8b"},"headline":"Siddharta in Big Foot Mama v Sto\u017eicah: &#8220;Zdru\u017eili bomo energijo in postregli z nepozabnim koncertom&#8221;","datePublished":"2016-10-29T12:04:54+00:00","dateModified":"2016-10-29T13:13:25+00:00","mainEntityOfPage":{"@id":"https:\/\/hudo.com\/si\/vip\/siddharta-big-foot-v-stozicah-zdruzili-bomo-energijo-postregli-z-nepozabnim-koncertom\/"},"wordCount":298,"publisher":{"@id":"https:\/\/hudo.com\/si\/#organization"},"keywords":["Big Foot Mama","Siddharta","Umek"],"articleSection":["VIP"],"inLanguage":"sl-SI"},{"@type":"WebPage","@id":"https:\/\/hudo.com\/si\/vip\/siddharta-big-foot-v-stozicah-zdruzili-bomo-energijo-postregli-z-nepozabnim-koncertom\/","url":"https:\/\/hudo.com\/si\/vip\/siddharta-big-foot-v-stozicah-zdruzili-bomo-energijo-postregli-z-nepozabnim-koncertom\/","name":"Siddharta in Big Foot Mama v Sto\u017eicah: \"Zdru\u017eili bomo energijo in postregli z nepozabnim koncertom\" - Hudo Slovenija","isPartOf":{"@id":"https:\/\/hudo.com\/si\/#website"},"datePublished":"2016-10-29T12:04:54+00:00","dateModified":"2016-10-29T13:13:25+00:00","breadcrumb":{"@id":"https:\/\/hudo.com\/si\/vip\/siddharta-big-foot-v-stozicah-zdruzili-bomo-energijo-postregli-z-nepozabnim-koncertom\/#breadcrumb"},"inLanguage":"sl-SI","potentialAction":[{"@type":"ReadAction","target":["https:\/\/hudo.com\/si\/vip\/siddharta-big-foot-v-stozicah-zdruzili-bomo-energijo-postregli-z-nepozabnim-koncertom\/"]}]},{"@type":"BreadcrumbList","@id":"https:\/\/hudo.com\/si\/vip\/siddharta-big-foot-v-stozicah-zdruzili-bomo-energijo-postregli-z-nepozabnim-koncertom\/#breadcrumb","itemListElement":[{"@type":"ListItem","position":1,"name":"Home","item":"https:\/\/hudo.com\/si\/"},{"@type":"ListItem","position":2,"name":"Siddharta in Big Foot Mama v Sto\u017eicah: &#8220;Zdru\u017eili bomo energijo in postregli z nepozabnim koncertom&#8221;"}]},{"@type":"WebSite","@id":"https:\/\/hudo.com\/si\/#website","url":"https:\/\/hudo.com\/si\/","name":"Hudo Slovenija","description":"Vse novice iz Slovenije in sveta","publisher":{"@id":"https:\/\/hudo.com\/si\/#organization"},"potentialAction":[{"@type":"SearchAction","target":{"@type":"EntryPoint","urlTemplate":"https:\/\/hudo.com\/si\/?s={search_term_string}"},"query-input":"required name=search_term_string"}],"inLanguage":"sl-SI"},{"@type":"Organization","@id":"https:\/\/hudo.com\/si\/#organization","name":"VSN Media","url":"https:\/\/hudo.com\/si\/","logo":{"@type":"ImageObject","inLanguage":"sl-SI","@id":"https:\/\/hudo.com\/si\/#\/schema\/logo\/image\/","url":"https:\/\/hudo.com\/si\/wp-content\/uploads\/sites\/2\/2021\/03\/hudo-app-2.png","contentUrl":"https:\/\/hudo.com\/si\/wp-content\/uploads\/sites\/2\/2021\/03\/hudo-app-2.png","width":2185,"height":2167,"caption":"VSN Media"},"image":{"@id":"https:\/\/hudo.com\/si\/#\/schema\/logo\/image\/"},"sameAs":["https:\/\/www.facebook.com\/hudo.si","https:\/\/twitter.com\/hudo_si"]},{"@type":"Person","@id":"https:\/\/hudo.com\/si\/#\/schema\/person\/f95639a66e0dd2c682b0568634e85b8b","name":"A. G.","image":{"@type":"ImageObject","inLanguage":"sl-SI","@id":"https:\/\/hudo.com\/si\/#\/schema\/person\/image\/","url":"https:\/\/secure.gravatar.com\/avatar\/9f44de561c70d5d80348d3ed0f4b142d?s=96&d=mm&r=g","contentUrl":"https:\/\/secure.gravatar.com\/avatar\/9f44de561c70d5d80348d3ed0f4b142d?s=96&d=mm&r=g","caption":"A. G."},"url":"https:\/\/hudo.com\/si\/author\/alenkagrmek\/"}]}},"amp_enabled":true,"_links":{"self":[{"href":"https:\/\/hudo.com\/si\/wp-json\/wp\/v2\/posts\/164456"}],"collection":[{"href":"https:\/\/hudo.com\/si\/wp-json\/wp\/v2\/posts"}],"about":[{"href":"https:\/\/hudo.com\/si\/wp-json\/wp\/v2\/types\/post"}],"author":[{"embeddable":true,"href":"https:\/\/hudo.com\/si\/wp-json\/wp\/v2\/users\/6"}],"replies":[{"embeddable":true,"href":"https:\/\/hudo.com\/si\/wp-json\/wp\/v2\/comments?post=164456"}],"version-history":[{"count":3,"href":"https:\/\/hudo.com\/si\/wp-json\/wp\/v2\/posts\/164456\/revisions"}],"predecessor-version":[{"id":164474,"href":"https:\/\/hudo.com\/si\/wp-json\/wp\/v2\/posts\/164456\/revisions\/164474"}],"wp:attachment":[{"href":"https:\/\/hudo.com\/si\/wp-json\/wp\/v2\/media?parent=164456"}],"wp:term":[{"taxonomy":"category","embeddable":true,"href":"https:\/\/hudo.com\/si\/wp-json\/wp\/v2\/categories?post=164456"},{"taxonomy":"post_tag","embeddable":true,"href":"https:\/\/hudo.com\/si\/wp-json\/wp\/v2\/tags?post=164456"},{"taxonomy":"source","embeddable":true,"href":"https:\/\/hudo.com\/si\/wp-json\/wp\/v2\/source?post=164456"},{"taxonomy":"supertag","embeddable":true,"href":"https:\/\/hudo.com\/si\/wp-json\/wp\/v2\/supertag?post=164456"}],"curies":[{"name":"wp","href":"https:\/\/api.w.org\/{rel}","templated":true}]}}