{"id":164526,"date":"2016-10-29T17:14:24","date_gmt":"2016-10-29T15:14:24","guid":{"rendered":"http:\/\/hudo.com\/si\/?p=164526"},"modified":"2016-10-29T17:15:04","modified_gmt":"2016-10-29T15:15:04","slug":"v-sd-pozitivno-ocenili-sodelovanje-v-vladni-koaliciji-2","status":"publish","type":"post","link":"https:\/\/hudo.com\/si\/aktualno\/v-sd-pozitivno-ocenili-sodelovanje-v-vladni-koaliciji-2\/","title":{"rendered":"V SD pozitivno ocenili sodelovanje v vladni koaliciji"},"content":{"rendered":"<div class=\"text\">\n<p>Po besedah \u017didana so \u010dlani o\u017ejega vodstva stranke v razpravi izrazili tudi pri\u010dakovanje, da bo po volitvah leta 2018 vlado znova vodila levosredinska vlada, katere glavni cilj naj bo krepitev dobrega \u017eivljenja ljudi, pri \u010demer pa vidijo nekaj tveganj.<\/p>\n<p>Prvo tveganje je po besedah \u017didana podro\u010dje zdravstva, &#8220;kjer je prisotnih vedno ve\u010d te\u017eav in kjer se \u010dakalne vrste dalj\u0161ajo&#8221;. Pri re\u0161evanju tega vpra\u0161anja si \u017eelijo v SD po besedah njenega predsednika sodelovati konstruktivno, a hkrati menijo, da premikov ne bo mogo\u010de dose\u010di zgolj s spreminjanjem zakonov. &#8220;\u010ce \u017eelimo, da bo zdravstveni sistem izpolnil pri\u010dakovanja ljudi, je treba v prora\u010dunu za prihodnje leto zagotoviti dodaten denar,&#8221; je dejal in dodal, da so napa\u010dne obljube, da je mogo\u010de stvari spremeniti zgolj s spreminjanjem zakonodaje.<\/p>\n<p>Danes so se v SD zavzeli tudi za kakovost \u017eivljenja ljudi, pri \u010demer \u017didan kot napa\u010dno ocenjuje prepri\u010danje, da je omenjena kakovost odvisna zgolj od delovanja ministrstva za delo, dru\u017eino, socialne zadeve in enake mo\u017enosti. &#8220;Na kakovost \u017eivljenja ljudi vplivajo vsi resorji, naloga ministrstva za delo pa je, da pomaga zlasti tistim, ki spadajo v t. i. ranljive skupine,&#8221; je dejal. Dodal je, da bo tudi za ta resor treba zagotoviti ve\u010d denarja, \u010de \u017eelijo zagotoviti ve\u010d socialnih pravic.<\/p>\n<p>V stranki so po besedah \u017didana osredoto\u010deni tudi na bolj\u0161e \u017eivljenje upokojencev, pri \u010demer sta njihovi prioriteti predvsem dve: &#8220;v nobenem primeru se ne sme zni\u017eevati realna vrednost pokojnin, relativno hitro je treba tudi zapreti zgodbo o demografskem skladu&#8221;.<\/p>\n<p>Ministrstvo za delo sicer vodi ministrica Anja Kopa\u010d Mrak, ki jo je pred nedavnim doletela \u017ee druga interpelacija. \u017didan je danes poudaril, da ministrica u\u017eiva polno podporo stranke, kar da so danes poudarili tudi \u010dlani o\u017ejega vodstva. &#8220;Nedostojno se jim zdi, da stranka, ki ni bila sposobna dvigniti roke za sprejetje zakona, ki prepoveduje pretepanje otrok v dru\u017eini, na drugi strani dru\u017einsko tragedijo izkori\u0161\u010da za politi\u010dni napad na ministrico in posredno tudi na koalicijo,&#8221; je dejal. Ministrica mora sicer po njegovem prepri\u010danju izpolniti tisto, kar na njenem podro\u010dju obljublja koalicijska pogodba.<\/p>\n<p>Po besedah glavnega tajnika SD Dejana Levani\u010da je bilo danes sli\u0161ati ocene, da je stranka zadnji resni branik socialne dr\u017eave, hkrati pa pozive, naj to svojo vlogo \u0161e okrepi. V SD se bodo zato zavzemali za zmanj\u0161evanje \u0161tevila brezposelnih in zmanj\u0161anje rev\u0161\u010dine, je napovedal.<\/p>\n<p>Med klavzuro je sicer z mesta predsednika strankinega sveta za razvoj in evropsko kohezijsko politiko odstopil Alju\u0161 Pertina\u010d in hkrati zamrznil \u010dlanstvo v stranki. Odstop je po besedah \u017didana posledica Pertina\u010devega nezadovoljstva s stanjem na podro\u010dju kohezije, s katerim so nezadovoljni tudi v stranki. &#8220;Zato sem o tem nezadovoljstvu \u017ee obvestil koalicijo in zaprosil, da o tem opravimo iz\u010drpen koalicijski pogovor,&#8221; je dejal.<\/p>\n<\/div>\n","protected":false},"excerpt":{"rendered":"<p>\u0160ir\u0161e vodstvo SD je na klavzuri v Ljubljani razpravljalo o prvih dveh letih delovanja stranke v koaliciji in prioritetah za prihodnji dve leti. Po besedah predsednika SD Dejana \u017didana so sprejeli stali\u0161\u010de, s katerim sodelovanje stranke v koaliciji ocenjujejo kot pozitivno, prav tako stali\u0161\u010de, da je primerno, da je stranka \u0161e naprej del vlade.<\/p>\n","protected":false},"author":5,"featured_media":0,"comment_status":"closed","ping_status":"closed","sticky":false,"template":"","format":"standard","meta":{"footnotes":""},"categories":[1179],"tags":[5188,4630,4557],"source":[4511],"supertag":[5675],"acf":[],"yoast_head":"<!-- This site is optimized with the Yoast SEO plugin v21.3 - https:\/\/yoast.com\/wordpress\/plugins\/seo\/ -->\n<title>V SD pozitivno ocenili sodelovanje v vladni koaliciji - Hudo Slovenija<\/title>\n<meta name=\"robots\" content=\"index, follow, max-snippet:-1, max-image-preview:large, max-video-preview:-1\" \/>\n<link rel=\"canonical\" href=\"https:\/\/hudo.com\/si\/aktualno\/v-sd-pozitivno-ocenili-sodelovanje-v-vladni-koaliciji-2\/\" \/>\n<meta property=\"og:locale\" content=\"sl_SI\" \/>\n<meta property=\"og:type\" content=\"article\" \/>\n<meta property=\"og:title\" content=\"V SD pozitivno ocenili sodelovanje v vladni koaliciji - Hudo Slovenija\" \/>\n<meta property=\"og:description\" content=\"\u0160ir\u0161e vodstvo SD je na klavzuri v Ljubljani razpravljalo o prvih dveh letih delovanja stranke v koaliciji in prioritetah za prihodnji dve leti. Po besedah predsednika SD Dejana \u017didana so sprejeli stali\u0161\u010de, s katerim sodelovanje stranke v koaliciji ocenjujejo kot pozitivno, prav tako stali\u0161\u010de, da je primerno, da je stranka \u0161e naprej del vlade.\" \/>\n<meta property=\"og:url\" content=\"https:\/\/hudo.com\/si\/aktualno\/v-sd-pozitivno-ocenili-sodelovanje-v-vladni-koaliciji-2\/\" \/>\n<meta property=\"og:site_name\" content=\"Hudo Slovenija\" \/>\n<meta property=\"article:publisher\" content=\"https:\/\/www.facebook.com\/hudo.si\" \/>\n<meta property=\"article:published_time\" content=\"2016-10-29T15:14:24+00:00\" \/>\n<meta property=\"article:modified_time\" content=\"2016-10-29T15:15:04+00:00\" \/>\n<meta property=\"og:image\" content=\"https:\/\/hudo.com\/si\/wp-content\/uploads\/sites\/2\/2016\/10\/profimedia-0283459189.jpg\" \/>\n\t<meta property=\"og:image:width\" content=\"1250\" \/>\n\t<meta property=\"og:image:height\" content=\"831\" \/>\n\t<meta property=\"og:image:type\" content=\"image\/jpeg\" \/>\n<meta name=\"author\" content=\"A. G., STA\" \/>\n<meta name=\"twitter:card\" content=\"summary_large_image\" \/>\n<meta name=\"twitter:creator\" content=\"@hudo_si\" \/>\n<meta name=\"twitter:site\" content=\"@hudo_si\" \/>\n<meta name=\"twitter:label1\" content=\"Written by\" \/>\n\t<meta name=\"twitter:data1\" content=\"A. G., STA\" \/>\n\t<meta name=\"twitter:label2\" content=\"Est. reading time\" \/>\n\t<meta name=\"twitter:data2\" content=\"2 minuti\" \/>\n<script type=\"application\/ld+json\" class=\"yoast-schema-graph\">{\"@context\":\"https:\/\/schema.org\",\"@graph\":[{\"@type\":\"Article\",\"@id\":\"https:\/\/hudo.com\/si\/aktualno\/v-sd-pozitivno-ocenili-sodelovanje-v-vladni-koaliciji-2\/#article\",\"isPartOf\":{\"@id\":\"https:\/\/hudo.com\/si\/aktualno\/v-sd-pozitivno-ocenili-sodelovanje-v-vladni-koaliciji-2\/\"},\"author\":{\"name\":\"A. G., STA\",\"@id\":\"https:\/\/hudo.com\/si\/#\/schema\/person\/2391667a63ea075ba94f2f2dc6b77537\"},\"headline\":\"V SD pozitivno ocenili sodelovanje v vladni koaliciji\",\"datePublished\":\"2016-10-29T15:14:24+00:00\",\"dateModified\":\"2016-10-29T15:15:04+00:00\",\"mainEntityOfPage\":{\"@id\":\"https:\/\/hudo.com\/si\/aktualno\/v-sd-pozitivno-ocenili-sodelovanje-v-vladni-koaliciji-2\/\"},\"wordCount\":482,\"publisher\":{\"@id\":\"https:\/\/hudo.com\/si\/#organization\"},\"keywords\":[\"Dejan \u017didan\",\"SD\",\"vodstvo\"],\"articleSection\":[\"Aktualno\"],\"inLanguage\":\"sl-SI\"},{\"@type\":\"WebPage\",\"@id\":\"https:\/\/hudo.com\/si\/aktualno\/v-sd-pozitivno-ocenili-sodelovanje-v-vladni-koaliciji-2\/\",\"url\":\"https:\/\/hudo.com\/si\/aktualno\/v-sd-pozitivno-ocenili-sodelovanje-v-vladni-koaliciji-2\/\",\"name\":\"V SD pozitivno ocenili sodelovanje v vladni koaliciji - Hudo Slovenija\",\"isPartOf\":{\"@id\":\"https:\/\/hudo.com\/si\/#website\"},\"datePublished\":\"2016-10-29T15:14:24+00:00\",\"dateModified\":\"2016-10-29T15:15:04+00:00\",\"breadcrumb\":{\"@id\":\"https:\/\/hudo.com\/si\/aktualno\/v-sd-pozitivno-ocenili-sodelovanje-v-vladni-koaliciji-2\/#breadcrumb\"},\"inLanguage\":\"sl-SI\",\"potentialAction\":[{\"@type\":\"ReadAction\",\"target\":[\"https:\/\/hudo.com\/si\/aktualno\/v-sd-pozitivno-ocenili-sodelovanje-v-vladni-koaliciji-2\/\"]}]},{\"@type\":\"BreadcrumbList\",\"@id\":\"https:\/\/hudo.com\/si\/aktualno\/v-sd-pozitivno-ocenili-sodelovanje-v-vladni-koaliciji-2\/#breadcrumb\",\"itemListElement\":[{\"@type\":\"ListItem\",\"position\":1,\"name\":\"Home\",\"item\":\"https:\/\/hudo.com\/si\/\"},{\"@type\":\"ListItem\",\"position\":2,\"name\":\"V SD pozitivno ocenili sodelovanje v vladni koaliciji\"}]},{\"@type\":\"WebSite\",\"@id\":\"https:\/\/hudo.com\/si\/#website\",\"url\":\"https:\/\/hudo.com\/si\/\",\"name\":\"Hudo Slovenija\",\"description\":\"Vse novice iz Slovenije in sveta\",\"publisher\":{\"@id\":\"https:\/\/hudo.com\/si\/#organization\"},\"potentialAction\":[{\"@type\":\"SearchAction\",\"target\":{\"@type\":\"EntryPoint\",\"urlTemplate\":\"https:\/\/hudo.com\/si\/?s={search_term_string}\"},\"query-input\":\"required name=search_term_string\"}],\"inLanguage\":\"sl-SI\"},{\"@type\":\"Organization\",\"@id\":\"https:\/\/hudo.com\/si\/#organization\",\"name\":\"VSN Media\",\"url\":\"https:\/\/hudo.com\/si\/\",\"logo\":{\"@type\":\"ImageObject\",\"inLanguage\":\"sl-SI\",\"@id\":\"https:\/\/hudo.com\/si\/#\/schema\/logo\/image\/\",\"url\":\"https:\/\/hudo.com\/si\/wp-content\/uploads\/sites\/2\/2021\/03\/hudo-app-2.png\",\"contentUrl\":\"https:\/\/hudo.com\/si\/wp-content\/uploads\/sites\/2\/2021\/03\/hudo-app-2.png\",\"width\":2185,\"height\":2167,\"caption\":\"VSN Media\"},\"image\":{\"@id\":\"https:\/\/hudo.com\/si\/#\/schema\/logo\/image\/\"},\"sameAs\":[\"https:\/\/www.facebook.com\/hudo.si\",\"https:\/\/twitter.com\/hudo_si\"]},{\"@type\":\"Person\",\"@id\":\"https:\/\/hudo.com\/si\/#\/schema\/person\/2391667a63ea075ba94f2f2dc6b77537\",\"name\":\"A. G., STA\",\"image\":{\"@type\":\"ImageObject\",\"inLanguage\":\"sl-SI\",\"@id\":\"https:\/\/hudo.com\/si\/#\/schema\/person\/image\/\",\"url\":\"https:\/\/secure.gravatar.com\/avatar\/e13d22ac3e442658d5025fbbe6238a79?s=96&d=mm&r=g\",\"contentUrl\":\"https:\/\/secure.gravatar.com\/avatar\/e13d22ac3e442658d5025fbbe6238a79?s=96&d=mm&r=g\",\"caption\":\"A. G., STA\"},\"url\":\"https:\/\/hudo.com\/si\/author\/alenka\/\"}]}<\/script>\n<!-- \/ Yoast SEO plugin. -->","yoast_head_json":{"title":"V SD pozitivno ocenili sodelovanje v vladni koaliciji - Hudo Slovenija","robots":{"index":"index","follow":"follow","max-snippet":"max-snippet:-1","max-image-preview":"max-image-preview:large","max-video-preview":"max-video-preview:-1"},"canonical":"https:\/\/hudo.com\/si\/aktualno\/v-sd-pozitivno-ocenili-sodelovanje-v-vladni-koaliciji-2\/","og_locale":"sl_SI","og_type":"article","og_title":"V SD pozitivno ocenili sodelovanje v vladni koaliciji - Hudo Slovenija","og_description":"\u0160ir\u0161e vodstvo SD je na klavzuri v Ljubljani razpravljalo o prvih dveh letih delovanja stranke v koaliciji in prioritetah za prihodnji dve leti. Po besedah predsednika SD Dejana \u017didana so sprejeli stali\u0161\u010de, s katerim sodelovanje stranke v koaliciji ocenjujejo kot pozitivno, prav tako stali\u0161\u010de, da je primerno, da je stranka \u0161e naprej del vlade.","og_url":"https:\/\/hudo.com\/si\/aktualno\/v-sd-pozitivno-ocenili-sodelovanje-v-vladni-koaliciji-2\/","og_site_name":"Hudo Slovenija","article_publisher":"https:\/\/www.facebook.com\/hudo.si","article_published_time":"2016-10-29T15:14:24+00:00","article_modified_time":"2016-10-29T15:15:04+00:00","og_image":[{"width":1250,"height":831,"url":"https:\/\/hudo.com\/si\/wp-content\/uploads\/sites\/2\/2016\/10\/profimedia-0283459189.jpg","type":"image\/jpeg"}],"author":"A. G., STA","twitter_card":"summary_large_image","twitter_creator":"@hudo_si","twitter_site":"@hudo_si","twitter_misc":{"Written by":"A. G., STA","Est. reading time":"2 minuti"},"schema":{"@context":"https:\/\/schema.org","@graph":[{"@type":"Article","@id":"https:\/\/hudo.com\/si\/aktualno\/v-sd-pozitivno-ocenili-sodelovanje-v-vladni-koaliciji-2\/#article","isPartOf":{"@id":"https:\/\/hudo.com\/si\/aktualno\/v-sd-pozitivno-ocenili-sodelovanje-v-vladni-koaliciji-2\/"},"author":{"name":"A. G., STA","@id":"https:\/\/hudo.com\/si\/#\/schema\/person\/2391667a63ea075ba94f2f2dc6b77537"},"headline":"V SD pozitivno ocenili sodelovanje v vladni koaliciji","datePublished":"2016-10-29T15:14:24+00:00","dateModified":"2016-10-29T15:15:04+00:00","mainEntityOfPage":{"@id":"https:\/\/hudo.com\/si\/aktualno\/v-sd-pozitivno-ocenili-sodelovanje-v-vladni-koaliciji-2\/"},"wordCount":482,"publisher":{"@id":"https:\/\/hudo.com\/si\/#organization"},"keywords":["Dejan \u017didan","SD","vodstvo"],"articleSection":["Aktualno"],"inLanguage":"sl-SI"},{"@type":"WebPage","@id":"https:\/\/hudo.com\/si\/aktualno\/v-sd-pozitivno-ocenili-sodelovanje-v-vladni-koaliciji-2\/","url":"https:\/\/hudo.com\/si\/aktualno\/v-sd-pozitivno-ocenili-sodelovanje-v-vladni-koaliciji-2\/","name":"V SD pozitivno ocenili sodelovanje v vladni koaliciji - Hudo Slovenija","isPartOf":{"@id":"https:\/\/hudo.com\/si\/#website"},"datePublished":"2016-10-29T15:14:24+00:00","dateModified":"2016-10-29T15:15:04+00:00","breadcrumb":{"@id":"https:\/\/hudo.com\/si\/aktualno\/v-sd-pozitivno-ocenili-sodelovanje-v-vladni-koaliciji-2\/#breadcrumb"},"inLanguage":"sl-SI","potentialAction":[{"@type":"ReadAction","target":["https:\/\/hudo.com\/si\/aktualno\/v-sd-pozitivno-ocenili-sodelovanje-v-vladni-koaliciji-2\/"]}]},{"@type":"BreadcrumbList","@id":"https:\/\/hudo.com\/si\/aktualno\/v-sd-pozitivno-ocenili-sodelovanje-v-vladni-koaliciji-2\/#breadcrumb","itemListElement":[{"@type":"ListItem","position":1,"name":"Home","item":"https:\/\/hudo.com\/si\/"},{"@type":"ListItem","position":2,"name":"V SD pozitivno ocenili sodelovanje v vladni koaliciji"}]},{"@type":"WebSite","@id":"https:\/\/hudo.com\/si\/#website","url":"https:\/\/hudo.com\/si\/","name":"Hudo Slovenija","description":"Vse novice iz Slovenije in sveta","publisher":{"@id":"https:\/\/hudo.com\/si\/#organization"},"potentialAction":[{"@type":"SearchAction","target":{"@type":"EntryPoint","urlTemplate":"https:\/\/hudo.com\/si\/?s={search_term_string}"},"query-input":"required name=search_term_string"}],"inLanguage":"sl-SI"},{"@type":"Organization","@id":"https:\/\/hudo.com\/si\/#organization","name":"VSN Media","url":"https:\/\/hudo.com\/si\/","logo":{"@type":"ImageObject","inLanguage":"sl-SI","@id":"https:\/\/hudo.com\/si\/#\/schema\/logo\/image\/","url":"https:\/\/hudo.com\/si\/wp-content\/uploads\/sites\/2\/2021\/03\/hudo-app-2.png","contentUrl":"https:\/\/hudo.com\/si\/wp-content\/uploads\/sites\/2\/2021\/03\/hudo-app-2.png","width":2185,"height":2167,"caption":"VSN Media"},"image":{"@id":"https:\/\/hudo.com\/si\/#\/schema\/logo\/image\/"},"sameAs":["https:\/\/www.facebook.com\/hudo.si","https:\/\/twitter.com\/hudo_si"]},{"@type":"Person","@id":"https:\/\/hudo.com\/si\/#\/schema\/person\/2391667a63ea075ba94f2f2dc6b77537","name":"A. G., STA","image":{"@type":"ImageObject","inLanguage":"sl-SI","@id":"https:\/\/hudo.com\/si\/#\/schema\/person\/image\/","url":"https:\/\/secure.gravatar.com\/avatar\/e13d22ac3e442658d5025fbbe6238a79?s=96&d=mm&r=g","contentUrl":"https:\/\/secure.gravatar.com\/avatar\/e13d22ac3e442658d5025fbbe6238a79?s=96&d=mm&r=g","caption":"A. G., STA"},"url":"https:\/\/hudo.com\/si\/author\/alenka\/"}]}},"amp_enabled":true,"_links":{"self":[{"href":"https:\/\/hudo.com\/si\/wp-json\/wp\/v2\/posts\/164526"}],"collection":[{"href":"https:\/\/hudo.com\/si\/wp-json\/wp\/v2\/posts"}],"about":[{"href":"https:\/\/hudo.com\/si\/wp-json\/wp\/v2\/types\/post"}],"author":[{"embeddable":true,"href":"https:\/\/hudo.com\/si\/wp-json\/wp\/v2\/users\/5"}],"replies":[{"embeddable":true,"href":"https:\/\/hudo.com\/si\/wp-json\/wp\/v2\/comments?post=164526"}],"version-history":[{"count":1,"href":"https:\/\/hudo.com\/si\/wp-json\/wp\/v2\/posts\/164526\/revisions"}],"predecessor-version":[{"id":164528,"href":"https:\/\/hudo.com\/si\/wp-json\/wp\/v2\/posts\/164526\/revisions\/164528"}],"wp:attachment":[{"href":"https:\/\/hudo.com\/si\/wp-json\/wp\/v2\/media?parent=164526"}],"wp:term":[{"taxonomy":"category","embeddable":true,"href":"https:\/\/hudo.com\/si\/wp-json\/wp\/v2\/categories?post=164526"},{"taxonomy":"post_tag","embeddable":true,"href":"https:\/\/hudo.com\/si\/wp-json\/wp\/v2\/tags?post=164526"},{"taxonomy":"source","embeddable":true,"href":"https:\/\/hudo.com\/si\/wp-json\/wp\/v2\/source?post=164526"},{"taxonomy":"supertag","embeddable":true,"href":"https:\/\/hudo.com\/si\/wp-json\/wp\/v2\/supertag?post=164526"}],"curies":[{"name":"wp","href":"https:\/\/api.w.org\/{rel}","templated":true}]}}