{"id":165132,"date":"2016-10-31T10:56:13","date_gmt":"2016-10-31T09:56:13","guid":{"rendered":"http:\/\/hudo.com\/si\/?p=165132"},"modified":"2016-10-31T10:56:13","modified_gmt":"2016-10-31T09:56:13","slug":"tla-v-italiji-se-se-vedno-tresejo-seizmologi-opozarjajo-pred-ucinkom-domin","status":"publish","type":"post","link":"https:\/\/hudo.com\/si\/aktualno\/tla-v-italiji-se-se-vedno-tresejo-seizmologi-opozarjajo-pred-ucinkom-domin\/","title":{"rendered":"Tla v Italiji se \u0161e vedno tresejo, seizmologi opozarjajo pred u\u010dinkom domin"},"content":{"rendered":"<p>Avgustovskemu potresu z magnitudo 6,0, v katerem je umrlo 298 ljudi, je v osrednji Italiji sledilo na tiso\u010de manj\u0161ih, nato pa nedeljski, \u0161e silovitej\u0161i z magnitudo 6,5. Vsi potresi so geodinami\u010dno povezani, je za agencijo Reuters povedal vodilni italijanski seizmolog Gianluca Valensise. Kot je opozoril, bi lahko to dogajanje spro\u017eilo u\u010dinek domin, ko bi en mo\u010dan potres vodil k drugemu vzdol\u017e osrednje apeninske prelomnice.<\/p>\n<p>&#8220;Potres z magnitudo 6,0 ali ve\u010d povzro\u010di tresljaje, ki se porazdelijo po prelomnicah in lahko povzro\u010dijo nove prelome. Ta proces lahko traja neomejeno, pri \u010demer en mo\u010dan potres na\u010dne sosednjo prelomnico kot u\u010dinek domin, kar se lahko na\u010deloma razteza na stotine kilometrov dale\u010d,&#8221; je \u0161e pojasnil Valensise. Prepri\u010dan je, da bo sledilo \u0161e veliko popotresnih sunkov, ali bodo med njimi tudi mo\u010dnej\u0161i, pa ni mogo\u010de napovedati.<\/p>\n<p>Medtem so \u0161tevilni prebivalci prizadetega obmo\u010dja, ki so po prvih potresih \u0161e imeli dom, ostali brez strehe nad glavo. Na civilno za\u0161\u010dito se je doslej po potresu po pomo\u010d pri zagotavljanju prebivali\u0161\u010da obrnilo 8000 ljudi, poro\u010da italijanska tiskovna agencija Ansa. Kot je sporo\u010dila civilna za\u0161\u010dita, so doslej pomagali okoli 6500 ljudem v pokrajini Marke, od tega so jih ve\u010d kot 2000 namestili v hotele na jadranski obali, ostale pa v za\u010dasna bivali\u0161\u010da.<\/p>\n<p>Ve\u010d kot 900 ljudi je ostalo brez strehe nad glavo tudi v pokrajini Umbrija; okoli 400 so jih namestili v hotelih, okoli 500 pa v za\u010dasnih bivali\u0161\u010dih. V Laciju so v za\u010dasna bivali\u0161\u010da namestili 130 ljudi.<\/p>\n<p>Po oceni civilne za\u0161\u010dite bodo morali poskrbeti za namestitev \u0161e okoli 3000 ljudi, dodaja Ansa. \u0160tevilni so no\u010d, po potresu z magnitudo 6,5, najmo\u010dnej\u0161em v Italiji po letu 1980, pre\u017eiveli v avtomobilih.<\/p>\n<p>Italijanska vlada bo danes razpravljala o ukrepih in pomo\u010di po potresih v osrednji Italiji, v Rimu pa bodo zaradi varnostnih pregledov po potresu zaprte \u0161ole.<\/p>\n","protected":false},"excerpt":{"rendered":"<p>V osrednji Italiji, ki jo je v nedeljo prizadel nov ru\u0161ilni potres, se tla \u0161e niso umirila. Med \u0161tevilnimi popotresnimi sunki je najmo\u010dnej\u0161i davi ob 4.27 na obmo\u010dju Norcie dosegel magnitudo 4,2. Italijanski seizmologi opozarjajo, da so bili tokratni potresi geodinami\u010dno povezani z avgustovskim, in da bi lahko pri\u0161lo do u\u010dinka domin.<\/p>\n","protected":false},"author":7,"featured_media":0,"comment_status":"closed","ping_status":"closed","sticky":false,"template":"","format":"standard","meta":{"footnotes":""},"categories":[1179],"tags":[1760,3110,3718],"source":[4511],"supertag":[],"acf":[],"yoast_head":"<!-- This site is optimized with the Yoast SEO plugin v21.3 - https:\/\/yoast.com\/wordpress\/plugins\/seo\/ -->\n<title>Tla v Italiji se \u0161e vedno tresejo, seizmologi opozarjajo pred u\u010dinkom domin - Hudo Slovenija<\/title>\n<meta name=\"robots\" content=\"index, follow, max-snippet:-1, max-image-preview:large, max-video-preview:-1\" \/>\n<link rel=\"canonical\" href=\"https:\/\/hudo.com\/si\/aktualno\/tla-v-italiji-se-se-vedno-tresejo-seizmologi-opozarjajo-pred-ucinkom-domin\/\" \/>\n<meta property=\"og:locale\" content=\"sl_SI\" \/>\n<meta property=\"og:type\" content=\"article\" \/>\n<meta property=\"og:title\" content=\"Tla v Italiji se \u0161e vedno tresejo, seizmologi opozarjajo pred u\u010dinkom domin - Hudo Slovenija\" \/>\n<meta property=\"og:description\" content=\"V osrednji Italiji, ki jo je v nedeljo prizadel nov ru\u0161ilni potres, se tla \u0161e niso umirila. Med \u0161tevilnimi popotresnimi sunki je najmo\u010dnej\u0161i davi ob 4.27 na obmo\u010dju Norcie dosegel magnitudo 4,2. Italijanski seizmologi opozarjajo, da so bili tokratni potresi geodinami\u010dno povezani z avgustovskim, in da bi lahko pri\u0161lo do u\u010dinka domin.\" \/>\n<meta property=\"og:url\" content=\"https:\/\/hudo.com\/si\/aktualno\/tla-v-italiji-se-se-vedno-tresejo-seizmologi-opozarjajo-pred-ucinkom-domin\/\" \/>\n<meta property=\"og:site_name\" content=\"Hudo Slovenija\" \/>\n<meta property=\"article:publisher\" content=\"https:\/\/www.facebook.com\/hudo.si\" \/>\n<meta property=\"article:published_time\" content=\"2016-10-31T09:56:13+00:00\" \/>\n<meta property=\"og:image\" content=\"https:\/\/hudo.com\/si\/wp-content\/uploads\/sites\/2\/2016\/10\/profimedia-0304346578.jpg\" \/>\n\t<meta property=\"og:image:width\" content=\"1250\" \/>\n\t<meta property=\"og:image:height\" content=\"833\" \/>\n\t<meta property=\"og:image:type\" content=\"image\/jpeg\" \/>\n<meta name=\"author\" content=\"A. P., STA\" \/>\n<meta name=\"twitter:card\" content=\"summary_large_image\" \/>\n<meta name=\"twitter:creator\" content=\"@hudo_si\" \/>\n<meta name=\"twitter:site\" content=\"@hudo_si\" \/>\n<meta name=\"twitter:label1\" content=\"Written by\" \/>\n\t<meta name=\"twitter:data1\" content=\"A. P., STA\" \/>\n\t<meta name=\"twitter:label2\" content=\"Est. reading time\" \/>\n\t<meta name=\"twitter:data2\" content=\"2 minuti\" \/>\n<script type=\"application\/ld+json\" class=\"yoast-schema-graph\">{\"@context\":\"https:\/\/schema.org\",\"@graph\":[{\"@type\":\"Article\",\"@id\":\"https:\/\/hudo.com\/si\/aktualno\/tla-v-italiji-se-se-vedno-tresejo-seizmologi-opozarjajo-pred-ucinkom-domin\/#article\",\"isPartOf\":{\"@id\":\"https:\/\/hudo.com\/si\/aktualno\/tla-v-italiji-se-se-vedno-tresejo-seizmologi-opozarjajo-pred-ucinkom-domin\/\"},\"author\":{\"name\":\"A. P., STA\",\"@id\":\"https:\/\/hudo.com\/si\/#\/schema\/person\/18f09c02475ba9e606e941a565b80cff\"},\"headline\":\"Tla v Italiji se \u0161e vedno tresejo, seizmologi opozarjajo pred u\u010dinkom domin\",\"datePublished\":\"2016-10-31T09:56:13+00:00\",\"dateModified\":\"2016-10-31T09:56:13+00:00\",\"mainEntityOfPage\":{\"@id\":\"https:\/\/hudo.com\/si\/aktualno\/tla-v-italiji-se-se-vedno-tresejo-seizmologi-opozarjajo-pred-ucinkom-domin\/\"},\"wordCount\":328,\"publisher\":{\"@id\":\"https:\/\/hudo.com\/si\/#organization\"},\"keywords\":[\"italija\",\"naravna katastrofa\",\"potres\"],\"articleSection\":[\"Aktualno\"],\"inLanguage\":\"sl-SI\"},{\"@type\":\"WebPage\",\"@id\":\"https:\/\/hudo.com\/si\/aktualno\/tla-v-italiji-se-se-vedno-tresejo-seizmologi-opozarjajo-pred-ucinkom-domin\/\",\"url\":\"https:\/\/hudo.com\/si\/aktualno\/tla-v-italiji-se-se-vedno-tresejo-seizmologi-opozarjajo-pred-ucinkom-domin\/\",\"name\":\"Tla v Italiji se \u0161e vedno tresejo, seizmologi opozarjajo pred u\u010dinkom domin - Hudo Slovenija\",\"isPartOf\":{\"@id\":\"https:\/\/hudo.com\/si\/#website\"},\"datePublished\":\"2016-10-31T09:56:13+00:00\",\"dateModified\":\"2016-10-31T09:56:13+00:00\",\"breadcrumb\":{\"@id\":\"https:\/\/hudo.com\/si\/aktualno\/tla-v-italiji-se-se-vedno-tresejo-seizmologi-opozarjajo-pred-ucinkom-domin\/#breadcrumb\"},\"inLanguage\":\"sl-SI\",\"potentialAction\":[{\"@type\":\"ReadAction\",\"target\":[\"https:\/\/hudo.com\/si\/aktualno\/tla-v-italiji-se-se-vedno-tresejo-seizmologi-opozarjajo-pred-ucinkom-domin\/\"]}]},{\"@type\":\"BreadcrumbList\",\"@id\":\"https:\/\/hudo.com\/si\/aktualno\/tla-v-italiji-se-se-vedno-tresejo-seizmologi-opozarjajo-pred-ucinkom-domin\/#breadcrumb\",\"itemListElement\":[{\"@type\":\"ListItem\",\"position\":1,\"name\":\"Home\",\"item\":\"https:\/\/hudo.com\/si\/\"},{\"@type\":\"ListItem\",\"position\":2,\"name\":\"Tla v Italiji se \u0161e vedno tresejo, seizmologi opozarjajo pred u\u010dinkom domin\"}]},{\"@type\":\"WebSite\",\"@id\":\"https:\/\/hudo.com\/si\/#website\",\"url\":\"https:\/\/hudo.com\/si\/\",\"name\":\"Hudo Slovenija\",\"description\":\"Vse novice iz Slovenije in sveta\",\"publisher\":{\"@id\":\"https:\/\/hudo.com\/si\/#organization\"},\"potentialAction\":[{\"@type\":\"SearchAction\",\"target\":{\"@type\":\"EntryPoint\",\"urlTemplate\":\"https:\/\/hudo.com\/si\/?s={search_term_string}\"},\"query-input\":\"required name=search_term_string\"}],\"inLanguage\":\"sl-SI\"},{\"@type\":\"Organization\",\"@id\":\"https:\/\/hudo.com\/si\/#organization\",\"name\":\"VSN Media\",\"url\":\"https:\/\/hudo.com\/si\/\",\"logo\":{\"@type\":\"ImageObject\",\"inLanguage\":\"sl-SI\",\"@id\":\"https:\/\/hudo.com\/si\/#\/schema\/logo\/image\/\",\"url\":\"https:\/\/hudo.com\/si\/wp-content\/uploads\/sites\/2\/2021\/03\/hudo-app-2.png\",\"contentUrl\":\"https:\/\/hudo.com\/si\/wp-content\/uploads\/sites\/2\/2021\/03\/hudo-app-2.png\",\"width\":2185,\"height\":2167,\"caption\":\"VSN Media\"},\"image\":{\"@id\":\"https:\/\/hudo.com\/si\/#\/schema\/logo\/image\/\"},\"sameAs\":[\"https:\/\/www.facebook.com\/hudo.si\",\"https:\/\/twitter.com\/hudo_si\"]},{\"@type\":\"Person\",\"@id\":\"https:\/\/hudo.com\/si\/#\/schema\/person\/18f09c02475ba9e606e941a565b80cff\",\"name\":\"A. P., STA\",\"image\":{\"@type\":\"ImageObject\",\"inLanguage\":\"sl-SI\",\"@id\":\"https:\/\/hudo.com\/si\/#\/schema\/person\/image\/\",\"url\":\"https:\/\/secure.gravatar.com\/avatar\/03eac8e609f5f04383125d80eaeaaf3e?s=96&d=mm&r=g\",\"contentUrl\":\"https:\/\/secure.gravatar.com\/avatar\/03eac8e609f5f04383125d80eaeaaf3e?s=96&d=mm&r=g\",\"caption\":\"A. P., STA\"},\"url\":\"https:\/\/hudo.com\/si\/author\/lubu\/\"}]}<\/script>\n<!-- \/ Yoast SEO plugin. -->","yoast_head_json":{"title":"Tla v Italiji se \u0161e vedno tresejo, seizmologi opozarjajo pred u\u010dinkom domin - Hudo Slovenija","robots":{"index":"index","follow":"follow","max-snippet":"max-snippet:-1","max-image-preview":"max-image-preview:large","max-video-preview":"max-video-preview:-1"},"canonical":"https:\/\/hudo.com\/si\/aktualno\/tla-v-italiji-se-se-vedno-tresejo-seizmologi-opozarjajo-pred-ucinkom-domin\/","og_locale":"sl_SI","og_type":"article","og_title":"Tla v Italiji se \u0161e vedno tresejo, seizmologi opozarjajo pred u\u010dinkom domin - Hudo Slovenija","og_description":"V osrednji Italiji, ki jo je v nedeljo prizadel nov ru\u0161ilni potres, se tla \u0161e niso umirila. Med \u0161tevilnimi popotresnimi sunki je najmo\u010dnej\u0161i davi ob 4.27 na obmo\u010dju Norcie dosegel magnitudo 4,2. Italijanski seizmologi opozarjajo, da so bili tokratni potresi geodinami\u010dno povezani z avgustovskim, in da bi lahko pri\u0161lo do u\u010dinka domin.","og_url":"https:\/\/hudo.com\/si\/aktualno\/tla-v-italiji-se-se-vedno-tresejo-seizmologi-opozarjajo-pred-ucinkom-domin\/","og_site_name":"Hudo Slovenija","article_publisher":"https:\/\/www.facebook.com\/hudo.si","article_published_time":"2016-10-31T09:56:13+00:00","og_image":[{"width":1250,"height":833,"url":"https:\/\/hudo.com\/si\/wp-content\/uploads\/sites\/2\/2016\/10\/profimedia-0304346578.jpg","type":"image\/jpeg"}],"author":"A. P., STA","twitter_card":"summary_large_image","twitter_creator":"@hudo_si","twitter_site":"@hudo_si","twitter_misc":{"Written by":"A. P., STA","Est. reading time":"2 minuti"},"schema":{"@context":"https:\/\/schema.org","@graph":[{"@type":"Article","@id":"https:\/\/hudo.com\/si\/aktualno\/tla-v-italiji-se-se-vedno-tresejo-seizmologi-opozarjajo-pred-ucinkom-domin\/#article","isPartOf":{"@id":"https:\/\/hudo.com\/si\/aktualno\/tla-v-italiji-se-se-vedno-tresejo-seizmologi-opozarjajo-pred-ucinkom-domin\/"},"author":{"name":"A. P., STA","@id":"https:\/\/hudo.com\/si\/#\/schema\/person\/18f09c02475ba9e606e941a565b80cff"},"headline":"Tla v Italiji se \u0161e vedno tresejo, seizmologi opozarjajo pred u\u010dinkom domin","datePublished":"2016-10-31T09:56:13+00:00","dateModified":"2016-10-31T09:56:13+00:00","mainEntityOfPage":{"@id":"https:\/\/hudo.com\/si\/aktualno\/tla-v-italiji-se-se-vedno-tresejo-seizmologi-opozarjajo-pred-ucinkom-domin\/"},"wordCount":328,"publisher":{"@id":"https:\/\/hudo.com\/si\/#organization"},"keywords":["italija","naravna katastrofa","potres"],"articleSection":["Aktualno"],"inLanguage":"sl-SI"},{"@type":"WebPage","@id":"https:\/\/hudo.com\/si\/aktualno\/tla-v-italiji-se-se-vedno-tresejo-seizmologi-opozarjajo-pred-ucinkom-domin\/","url":"https:\/\/hudo.com\/si\/aktualno\/tla-v-italiji-se-se-vedno-tresejo-seizmologi-opozarjajo-pred-ucinkom-domin\/","name":"Tla v Italiji se \u0161e vedno tresejo, seizmologi opozarjajo pred u\u010dinkom domin - Hudo Slovenija","isPartOf":{"@id":"https:\/\/hudo.com\/si\/#website"},"datePublished":"2016-10-31T09:56:13+00:00","dateModified":"2016-10-31T09:56:13+00:00","breadcrumb":{"@id":"https:\/\/hudo.com\/si\/aktualno\/tla-v-italiji-se-se-vedno-tresejo-seizmologi-opozarjajo-pred-ucinkom-domin\/#breadcrumb"},"inLanguage":"sl-SI","potentialAction":[{"@type":"ReadAction","target":["https:\/\/hudo.com\/si\/aktualno\/tla-v-italiji-se-se-vedno-tresejo-seizmologi-opozarjajo-pred-ucinkom-domin\/"]}]},{"@type":"BreadcrumbList","@id":"https:\/\/hudo.com\/si\/aktualno\/tla-v-italiji-se-se-vedno-tresejo-seizmologi-opozarjajo-pred-ucinkom-domin\/#breadcrumb","itemListElement":[{"@type":"ListItem","position":1,"name":"Home","item":"https:\/\/hudo.com\/si\/"},{"@type":"ListItem","position":2,"name":"Tla v Italiji se \u0161e vedno tresejo, seizmologi opozarjajo pred u\u010dinkom domin"}]},{"@type":"WebSite","@id":"https:\/\/hudo.com\/si\/#website","url":"https:\/\/hudo.com\/si\/","name":"Hudo Slovenija","description":"Vse novice iz Slovenije in sveta","publisher":{"@id":"https:\/\/hudo.com\/si\/#organization"},"potentialAction":[{"@type":"SearchAction","target":{"@type":"EntryPoint","urlTemplate":"https:\/\/hudo.com\/si\/?s={search_term_string}"},"query-input":"required name=search_term_string"}],"inLanguage":"sl-SI"},{"@type":"Organization","@id":"https:\/\/hudo.com\/si\/#organization","name":"VSN Media","url":"https:\/\/hudo.com\/si\/","logo":{"@type":"ImageObject","inLanguage":"sl-SI","@id":"https:\/\/hudo.com\/si\/#\/schema\/logo\/image\/","url":"https:\/\/hudo.com\/si\/wp-content\/uploads\/sites\/2\/2021\/03\/hudo-app-2.png","contentUrl":"https:\/\/hudo.com\/si\/wp-content\/uploads\/sites\/2\/2021\/03\/hudo-app-2.png","width":2185,"height":2167,"caption":"VSN Media"},"image":{"@id":"https:\/\/hudo.com\/si\/#\/schema\/logo\/image\/"},"sameAs":["https:\/\/www.facebook.com\/hudo.si","https:\/\/twitter.com\/hudo_si"]},{"@type":"Person","@id":"https:\/\/hudo.com\/si\/#\/schema\/person\/18f09c02475ba9e606e941a565b80cff","name":"A. P., STA","image":{"@type":"ImageObject","inLanguage":"sl-SI","@id":"https:\/\/hudo.com\/si\/#\/schema\/person\/image\/","url":"https:\/\/secure.gravatar.com\/avatar\/03eac8e609f5f04383125d80eaeaaf3e?s=96&d=mm&r=g","contentUrl":"https:\/\/secure.gravatar.com\/avatar\/03eac8e609f5f04383125d80eaeaaf3e?s=96&d=mm&r=g","caption":"A. P., STA"},"url":"https:\/\/hudo.com\/si\/author\/lubu\/"}]}},"amp_enabled":true,"_links":{"self":[{"href":"https:\/\/hudo.com\/si\/wp-json\/wp\/v2\/posts\/165132"}],"collection":[{"href":"https:\/\/hudo.com\/si\/wp-json\/wp\/v2\/posts"}],"about":[{"href":"https:\/\/hudo.com\/si\/wp-json\/wp\/v2\/types\/post"}],"author":[{"embeddable":true,"href":"https:\/\/hudo.com\/si\/wp-json\/wp\/v2\/users\/7"}],"replies":[{"embeddable":true,"href":"https:\/\/hudo.com\/si\/wp-json\/wp\/v2\/comments?post=165132"}],"version-history":[{"count":1,"href":"https:\/\/hudo.com\/si\/wp-json\/wp\/v2\/posts\/165132\/revisions"}],"predecessor-version":[{"id":165134,"href":"https:\/\/hudo.com\/si\/wp-json\/wp\/v2\/posts\/165132\/revisions\/165134"}],"wp:attachment":[{"href":"https:\/\/hudo.com\/si\/wp-json\/wp\/v2\/media?parent=165132"}],"wp:term":[{"taxonomy":"category","embeddable":true,"href":"https:\/\/hudo.com\/si\/wp-json\/wp\/v2\/categories?post=165132"},{"taxonomy":"post_tag","embeddable":true,"href":"https:\/\/hudo.com\/si\/wp-json\/wp\/v2\/tags?post=165132"},{"taxonomy":"source","embeddable":true,"href":"https:\/\/hudo.com\/si\/wp-json\/wp\/v2\/source?post=165132"},{"taxonomy":"supertag","embeddable":true,"href":"https:\/\/hudo.com\/si\/wp-json\/wp\/v2\/supertag?post=165132"}],"curies":[{"name":"wp","href":"https:\/\/api.w.org\/{rel}","templated":true}]}}