{"id":165135,"date":"2016-10-31T10:59:23","date_gmt":"2016-10-31T09:59:23","guid":{"rendered":"http:\/\/hudo.com\/si\/?p=165135"},"modified":"2016-10-31T10:59:23","modified_gmt":"2016-10-31T09:59:23","slug":"avstrija-slovenija-bosta-skupaj-prodajali-buce","status":"publish","type":"post","link":"https:\/\/hudo.com\/si\/aktualno\/avstrija-slovenija-bosta-skupaj-prodajali-buce\/","title":{"rendered":"Avstrija in Slovenija bosta skupaj prodajali bu\u010de"},"content":{"rendered":"<p>&#8220;Iz teh stvari \u017eelimo napraviti privla\u010dne tr\u017ene produktne kombinacije v smeri nove inovativne turisti\u010dne ponudbe. Vemo, da so turisti iz dneva v dan bolj zahtevni in dejansko potrebujejo neko dodatno dra\u017e, ki jih bo pripeljala v regijo oziroma tam zadr\u017eala dlje \u010dasa kot doslej,&#8221; je za STA pojasnil koordinator slovenskih projektnih partnerjev Marko Kac iz mariborskega Zavoda za inovativnost in podjetni\u0161tvo.<\/p>\n<p>Poleg novih izdelkov, kot so na primer masa\u017ena olja iz bezga za uporabo v zdravili\u0161kem turizmu, je po besedah Kaca pomembno tudi povezovanje razli\u010dnih gospodarskih sektorjev, \u0161e posebej kmetijstva in turizma, ter osve\u0161\u010danje javnosti o regionalnih posebnostih in pomenu trajnostne lokalne oskrbe.<\/p>\n<p>Za termalno in mineralno vodo, jabolka in bu\u010dna semena bodo razvita tudi skupna \u010dezmejna partnerstva. Med drugim bodo posku\u0161ali povezati jabol\u010dno cesto na avstrijski strani z Jabol\u010dno potjo v Selnici ob Dravi.<\/p>\n<p>Za projekt Flagship Products so dobili odobrenih 1,6 milijona evrov iz programa sodelovanja med Slovenijo in Avstrijo (Interreg) v obdobju med leti 2014 in 2020. Med partnerji \u010dezmejnega projekta so na slovenski strani poleg Zavoda za inovativnost in podjetni\u0161tvo \u0161e Zavod za kulturo, turizem in \u0161port Murska Sobota, Razvojna agencija Slovenske Gorice in Srednja \u0161ola za gostinstvo in turizem Radenci. Vodilni partner je avstrijska agencija Qualifizierungsagentur Oststeiermark.<\/p>\n<p>Predhodna analiza je pokazala, da ima projektna regija dale\u010d najve\u010dje \u0161tevilo termalnih in mineralnih vrelcev, najve\u010dje obmo\u010dje pridelave jabolk in je nesporno sredi\u0161\u010de proizvodnje bu\u010dnih semen v Srednji Evropi. Po besedah Kaca imata regiji na slovenski in avstrijski strani veliko skupnega, kar lahko tudi skupaj tr\u017eita in s tem nadgradita svojo lastno turisti\u010dno ponudbo.<\/p>\n","protected":false},"excerpt":{"rendered":"<p>Devet partnerjev iz Slovenije in Avstrije bo v okviru projekta Flagship products posku\u0161alo na podlagi regionalnih posebnosti razviti nove turisti\u010dne produkte in s tem ustvariti posebna po\u010ditni\u0161ka do\u017eivetja, ki jih druga obmo\u010dja ne bodo mogla enostavno kopirati. Med drugim se bodo osredoto\u010dili na bu\u010de, jabolka, termalno vodo, med, hren in bezeg.<\/p>\n","protected":false},"author":7,"featured_media":0,"comment_status":"closed","ping_status":"closed","sticky":false,"template":"","format":"standard","meta":{"footnotes":""},"categories":[1179],"tags":[1934,1595,1917],"source":[4511],"supertag":[7541],"acf":[],"yoast_head":"<!-- This site is optimized with the Yoast SEO plugin v21.3 - https:\/\/yoast.com\/wordpress\/plugins\/seo\/ -->\n<title>Avstrija in Slovenija bosta skupaj prodajali bu\u010de - Hudo Slovenija<\/title>\n<meta name=\"robots\" content=\"index, follow, max-snippet:-1, max-image-preview:large, max-video-preview:-1\" \/>\n<link rel=\"canonical\" href=\"https:\/\/hudo.com\/si\/aktualno\/avstrija-slovenija-bosta-skupaj-prodajali-buce\/\" \/>\n<meta property=\"og:locale\" content=\"sl_SI\" \/>\n<meta property=\"og:type\" content=\"article\" \/>\n<meta property=\"og:title\" content=\"Avstrija in Slovenija bosta skupaj prodajali bu\u010de - Hudo Slovenija\" \/>\n<meta property=\"og:description\" content=\"Devet partnerjev iz Slovenije in Avstrije bo v okviru projekta Flagship products posku\u0161alo na podlagi regionalnih posebnosti razviti nove turisti\u010dne produkte in s tem ustvariti posebna po\u010ditni\u0161ka do\u017eivetja, ki jih druga obmo\u010dja ne bodo mogla enostavno kopirati. Med drugim se bodo osredoto\u010dili na bu\u010de, jabolka, termalno vodo, med, hren in bezeg.\" \/>\n<meta property=\"og:url\" content=\"https:\/\/hudo.com\/si\/aktualno\/avstrija-slovenija-bosta-skupaj-prodajali-buce\/\" \/>\n<meta property=\"og:site_name\" content=\"Hudo Slovenija\" \/>\n<meta property=\"article:publisher\" content=\"https:\/\/www.facebook.com\/hudo.si\" \/>\n<meta property=\"article:published_time\" content=\"2016-10-31T09:59:23+00:00\" \/>\n<meta property=\"og:image\" content=\"https:\/\/hudo.com\/si\/wp-content\/uploads\/sites\/2\/2016\/10\/profimedia-0302979438.jpg\" \/>\n\t<meta property=\"og:image:width\" content=\"1250\" \/>\n\t<meta property=\"og:image:height\" content=\"833\" \/>\n\t<meta property=\"og:image:type\" content=\"image\/jpeg\" \/>\n<meta name=\"author\" content=\"A. P., STA\" \/>\n<meta name=\"twitter:card\" content=\"summary_large_image\" \/>\n<meta name=\"twitter:creator\" content=\"@hudo_si\" \/>\n<meta name=\"twitter:site\" content=\"@hudo_si\" \/>\n<meta name=\"twitter:label1\" content=\"Written by\" \/>\n\t<meta name=\"twitter:data1\" content=\"A. P., STA\" \/>\n\t<meta name=\"twitter:label2\" content=\"Est. reading time\" \/>\n\t<meta name=\"twitter:data2\" content=\"1 minuta\" \/>\n<script type=\"application\/ld+json\" class=\"yoast-schema-graph\">{\"@context\":\"https:\/\/schema.org\",\"@graph\":[{\"@type\":\"Article\",\"@id\":\"https:\/\/hudo.com\/si\/aktualno\/avstrija-slovenija-bosta-skupaj-prodajali-buce\/#article\",\"isPartOf\":{\"@id\":\"https:\/\/hudo.com\/si\/aktualno\/avstrija-slovenija-bosta-skupaj-prodajali-buce\/\"},\"author\":{\"name\":\"A. P., STA\",\"@id\":\"https:\/\/hudo.com\/si\/#\/schema\/person\/18f09c02475ba9e606e941a565b80cff\"},\"headline\":\"Avstrija in Slovenija bosta skupaj prodajali bu\u010de\",\"datePublished\":\"2016-10-31T09:59:23+00:00\",\"dateModified\":\"2016-10-31T09:59:23+00:00\",\"mainEntityOfPage\":{\"@id\":\"https:\/\/hudo.com\/si\/aktualno\/avstrija-slovenija-bosta-skupaj-prodajali-buce\/\"},\"wordCount\":282,\"publisher\":{\"@id\":\"https:\/\/hudo.com\/si\/#organization\"},\"keywords\":[\"Avstrija\",\"Slovenija\",\"turizem\"],\"articleSection\":[\"Aktualno\"],\"inLanguage\":\"sl-SI\"},{\"@type\":\"WebPage\",\"@id\":\"https:\/\/hudo.com\/si\/aktualno\/avstrija-slovenija-bosta-skupaj-prodajali-buce\/\",\"url\":\"https:\/\/hudo.com\/si\/aktualno\/avstrija-slovenija-bosta-skupaj-prodajali-buce\/\",\"name\":\"Avstrija in Slovenija bosta skupaj prodajali bu\u010de - Hudo Slovenija\",\"isPartOf\":{\"@id\":\"https:\/\/hudo.com\/si\/#website\"},\"datePublished\":\"2016-10-31T09:59:23+00:00\",\"dateModified\":\"2016-10-31T09:59:23+00:00\",\"breadcrumb\":{\"@id\":\"https:\/\/hudo.com\/si\/aktualno\/avstrija-slovenija-bosta-skupaj-prodajali-buce\/#breadcrumb\"},\"inLanguage\":\"sl-SI\",\"potentialAction\":[{\"@type\":\"ReadAction\",\"target\":[\"https:\/\/hudo.com\/si\/aktualno\/avstrija-slovenija-bosta-skupaj-prodajali-buce\/\"]}]},{\"@type\":\"BreadcrumbList\",\"@id\":\"https:\/\/hudo.com\/si\/aktualno\/avstrija-slovenija-bosta-skupaj-prodajali-buce\/#breadcrumb\",\"itemListElement\":[{\"@type\":\"ListItem\",\"position\":1,\"name\":\"Home\",\"item\":\"https:\/\/hudo.com\/si\/\"},{\"@type\":\"ListItem\",\"position\":2,\"name\":\"Avstrija in Slovenija bosta skupaj prodajali bu\u010de\"}]},{\"@type\":\"WebSite\",\"@id\":\"https:\/\/hudo.com\/si\/#website\",\"url\":\"https:\/\/hudo.com\/si\/\",\"name\":\"Hudo Slovenija\",\"description\":\"Vse novice iz Slovenije in sveta\",\"publisher\":{\"@id\":\"https:\/\/hudo.com\/si\/#organization\"},\"potentialAction\":[{\"@type\":\"SearchAction\",\"target\":{\"@type\":\"EntryPoint\",\"urlTemplate\":\"https:\/\/hudo.com\/si\/?s={search_term_string}\"},\"query-input\":\"required name=search_term_string\"}],\"inLanguage\":\"sl-SI\"},{\"@type\":\"Organization\",\"@id\":\"https:\/\/hudo.com\/si\/#organization\",\"name\":\"VSN Media\",\"url\":\"https:\/\/hudo.com\/si\/\",\"logo\":{\"@type\":\"ImageObject\",\"inLanguage\":\"sl-SI\",\"@id\":\"https:\/\/hudo.com\/si\/#\/schema\/logo\/image\/\",\"url\":\"https:\/\/hudo.com\/si\/wp-content\/uploads\/sites\/2\/2021\/03\/hudo-app-2.png\",\"contentUrl\":\"https:\/\/hudo.com\/si\/wp-content\/uploads\/sites\/2\/2021\/03\/hudo-app-2.png\",\"width\":2185,\"height\":2167,\"caption\":\"VSN Media\"},\"image\":{\"@id\":\"https:\/\/hudo.com\/si\/#\/schema\/logo\/image\/\"},\"sameAs\":[\"https:\/\/www.facebook.com\/hudo.si\",\"https:\/\/twitter.com\/hudo_si\"]},{\"@type\":\"Person\",\"@id\":\"https:\/\/hudo.com\/si\/#\/schema\/person\/18f09c02475ba9e606e941a565b80cff\",\"name\":\"A. P., STA\",\"image\":{\"@type\":\"ImageObject\",\"inLanguage\":\"sl-SI\",\"@id\":\"https:\/\/hudo.com\/si\/#\/schema\/person\/image\/\",\"url\":\"https:\/\/secure.gravatar.com\/avatar\/03eac8e609f5f04383125d80eaeaaf3e?s=96&d=mm&r=g\",\"contentUrl\":\"https:\/\/secure.gravatar.com\/avatar\/03eac8e609f5f04383125d80eaeaaf3e?s=96&d=mm&r=g\",\"caption\":\"A. P., STA\"},\"url\":\"https:\/\/hudo.com\/si\/author\/lubu\/\"}]}<\/script>\n<!-- \/ Yoast SEO plugin. -->","yoast_head_json":{"title":"Avstrija in Slovenija bosta skupaj prodajali bu\u010de - Hudo Slovenija","robots":{"index":"index","follow":"follow","max-snippet":"max-snippet:-1","max-image-preview":"max-image-preview:large","max-video-preview":"max-video-preview:-1"},"canonical":"https:\/\/hudo.com\/si\/aktualno\/avstrija-slovenija-bosta-skupaj-prodajali-buce\/","og_locale":"sl_SI","og_type":"article","og_title":"Avstrija in Slovenija bosta skupaj prodajali bu\u010de - Hudo Slovenija","og_description":"Devet partnerjev iz Slovenije in Avstrije bo v okviru projekta Flagship products posku\u0161alo na podlagi regionalnih posebnosti razviti nove turisti\u010dne produkte in s tem ustvariti posebna po\u010ditni\u0161ka do\u017eivetja, ki jih druga obmo\u010dja ne bodo mogla enostavno kopirati. Med drugim se bodo osredoto\u010dili na bu\u010de, jabolka, termalno vodo, med, hren in bezeg.","og_url":"https:\/\/hudo.com\/si\/aktualno\/avstrija-slovenija-bosta-skupaj-prodajali-buce\/","og_site_name":"Hudo Slovenija","article_publisher":"https:\/\/www.facebook.com\/hudo.si","article_published_time":"2016-10-31T09:59:23+00:00","og_image":[{"width":1250,"height":833,"url":"https:\/\/hudo.com\/si\/wp-content\/uploads\/sites\/2\/2016\/10\/profimedia-0302979438.jpg","type":"image\/jpeg"}],"author":"A. P., STA","twitter_card":"summary_large_image","twitter_creator":"@hudo_si","twitter_site":"@hudo_si","twitter_misc":{"Written by":"A. P., STA","Est. reading time":"1 minuta"},"schema":{"@context":"https:\/\/schema.org","@graph":[{"@type":"Article","@id":"https:\/\/hudo.com\/si\/aktualno\/avstrija-slovenija-bosta-skupaj-prodajali-buce\/#article","isPartOf":{"@id":"https:\/\/hudo.com\/si\/aktualno\/avstrija-slovenija-bosta-skupaj-prodajali-buce\/"},"author":{"name":"A. P., STA","@id":"https:\/\/hudo.com\/si\/#\/schema\/person\/18f09c02475ba9e606e941a565b80cff"},"headline":"Avstrija in Slovenija bosta skupaj prodajali bu\u010de","datePublished":"2016-10-31T09:59:23+00:00","dateModified":"2016-10-31T09:59:23+00:00","mainEntityOfPage":{"@id":"https:\/\/hudo.com\/si\/aktualno\/avstrija-slovenija-bosta-skupaj-prodajali-buce\/"},"wordCount":282,"publisher":{"@id":"https:\/\/hudo.com\/si\/#organization"},"keywords":["Avstrija","Slovenija","turizem"],"articleSection":["Aktualno"],"inLanguage":"sl-SI"},{"@type":"WebPage","@id":"https:\/\/hudo.com\/si\/aktualno\/avstrija-slovenija-bosta-skupaj-prodajali-buce\/","url":"https:\/\/hudo.com\/si\/aktualno\/avstrija-slovenija-bosta-skupaj-prodajali-buce\/","name":"Avstrija in Slovenija bosta skupaj prodajali bu\u010de - Hudo Slovenija","isPartOf":{"@id":"https:\/\/hudo.com\/si\/#website"},"datePublished":"2016-10-31T09:59:23+00:00","dateModified":"2016-10-31T09:59:23+00:00","breadcrumb":{"@id":"https:\/\/hudo.com\/si\/aktualno\/avstrija-slovenija-bosta-skupaj-prodajali-buce\/#breadcrumb"},"inLanguage":"sl-SI","potentialAction":[{"@type":"ReadAction","target":["https:\/\/hudo.com\/si\/aktualno\/avstrija-slovenija-bosta-skupaj-prodajali-buce\/"]}]},{"@type":"BreadcrumbList","@id":"https:\/\/hudo.com\/si\/aktualno\/avstrija-slovenija-bosta-skupaj-prodajali-buce\/#breadcrumb","itemListElement":[{"@type":"ListItem","position":1,"name":"Home","item":"https:\/\/hudo.com\/si\/"},{"@type":"ListItem","position":2,"name":"Avstrija in Slovenija bosta skupaj prodajali bu\u010de"}]},{"@type":"WebSite","@id":"https:\/\/hudo.com\/si\/#website","url":"https:\/\/hudo.com\/si\/","name":"Hudo Slovenija","description":"Vse novice iz Slovenije in sveta","publisher":{"@id":"https:\/\/hudo.com\/si\/#organization"},"potentialAction":[{"@type":"SearchAction","target":{"@type":"EntryPoint","urlTemplate":"https:\/\/hudo.com\/si\/?s={search_term_string}"},"query-input":"required name=search_term_string"}],"inLanguage":"sl-SI"},{"@type":"Organization","@id":"https:\/\/hudo.com\/si\/#organization","name":"VSN Media","url":"https:\/\/hudo.com\/si\/","logo":{"@type":"ImageObject","inLanguage":"sl-SI","@id":"https:\/\/hudo.com\/si\/#\/schema\/logo\/image\/","url":"https:\/\/hudo.com\/si\/wp-content\/uploads\/sites\/2\/2021\/03\/hudo-app-2.png","contentUrl":"https:\/\/hudo.com\/si\/wp-content\/uploads\/sites\/2\/2021\/03\/hudo-app-2.png","width":2185,"height":2167,"caption":"VSN Media"},"image":{"@id":"https:\/\/hudo.com\/si\/#\/schema\/logo\/image\/"},"sameAs":["https:\/\/www.facebook.com\/hudo.si","https:\/\/twitter.com\/hudo_si"]},{"@type":"Person","@id":"https:\/\/hudo.com\/si\/#\/schema\/person\/18f09c02475ba9e606e941a565b80cff","name":"A. P., STA","image":{"@type":"ImageObject","inLanguage":"sl-SI","@id":"https:\/\/hudo.com\/si\/#\/schema\/person\/image\/","url":"https:\/\/secure.gravatar.com\/avatar\/03eac8e609f5f04383125d80eaeaaf3e?s=96&d=mm&r=g","contentUrl":"https:\/\/secure.gravatar.com\/avatar\/03eac8e609f5f04383125d80eaeaaf3e?s=96&d=mm&r=g","caption":"A. P., STA"},"url":"https:\/\/hudo.com\/si\/author\/lubu\/"}]}},"amp_enabled":true,"_links":{"self":[{"href":"https:\/\/hudo.com\/si\/wp-json\/wp\/v2\/posts\/165135"}],"collection":[{"href":"https:\/\/hudo.com\/si\/wp-json\/wp\/v2\/posts"}],"about":[{"href":"https:\/\/hudo.com\/si\/wp-json\/wp\/v2\/types\/post"}],"author":[{"embeddable":true,"href":"https:\/\/hudo.com\/si\/wp-json\/wp\/v2\/users\/7"}],"replies":[{"embeddable":true,"href":"https:\/\/hudo.com\/si\/wp-json\/wp\/v2\/comments?post=165135"}],"version-history":[{"count":1,"href":"https:\/\/hudo.com\/si\/wp-json\/wp\/v2\/posts\/165135\/revisions"}],"predecessor-version":[{"id":165137,"href":"https:\/\/hudo.com\/si\/wp-json\/wp\/v2\/posts\/165135\/revisions\/165137"}],"wp:attachment":[{"href":"https:\/\/hudo.com\/si\/wp-json\/wp\/v2\/media?parent=165135"}],"wp:term":[{"taxonomy":"category","embeddable":true,"href":"https:\/\/hudo.com\/si\/wp-json\/wp\/v2\/categories?post=165135"},{"taxonomy":"post_tag","embeddable":true,"href":"https:\/\/hudo.com\/si\/wp-json\/wp\/v2\/tags?post=165135"},{"taxonomy":"source","embeddable":true,"href":"https:\/\/hudo.com\/si\/wp-json\/wp\/v2\/source?post=165135"},{"taxonomy":"supertag","embeddable":true,"href":"https:\/\/hudo.com\/si\/wp-json\/wp\/v2\/supertag?post=165135"}],"curies":[{"name":"wp","href":"https:\/\/api.w.org\/{rel}","templated":true}]}}