{"id":165543,"date":"2016-11-01T20:00:00","date_gmt":"2016-11-01T19:00:00","guid":{"rendered":"http:\/\/hudo.com\/si\/2016\/11\/01\/migracije-in-potres-neznosno-italijansko-breme\/"},"modified":"2016-11-01T20:00:00","modified_gmt":"2016-11-01T19:00:00","slug":"migracije-in-potres-neznosno-italijansko-breme","status":"publish","type":"post","link":"https:\/\/hudo.com\/si\/aktualno\/migracije-in-potres-neznosno-italijansko-breme\/","title":{"rendered":"Migracije in potres &#8211; neznosno italijansko breme"},"content":{"rendered":"<p>Kategorija: Sose\u0161\u010dina Tue, 01 Nov 2016 21:00:00 +0100  Letos je \u010dez Sredozemlje v Italijo pri\u0161lo 153.450 migrantov, deset odstotkov ve\u010d kot v istem obdobju lani. Minuli ponedeljek se je na Siciliji in v Kalabriji izkrcalo kakih 4300 ljudi, re\u0161ili so jih med severnoafri\u0161ko in sicilsko obalo. Italija je preobremenjena, Renzi je EU dal ultimat.Italijanske nastanitvene kapacitete so prezasedene, premier je poudaril, da dr\u017eava prihodnje leto ne bo ve\u010d zmogla poskrbeti za tak\u0161no \u0161tevilo pri\u0161lekov, potrebna je radikalna re\u0161itev. Prihode je treba omejiti do prihodnjega marca, je povedal Matteo Renzi. \u00bbZdaj \u0161e lahko shajamo, prihaja zima in razmere na morju se bodo poslab\u0161ale, a \u010dasa je \u0161e najve\u010d \u0161est mesecev.\u00ab Hkrati se predsednik vlade spopada s pove\u010danjem prora\u010duna za leto 2017, ki upo\u0161teva tudi porabo za migrante za prihodnje leto. Evropska komisija zahteva od Rima pojasnila za izredne izdatke\u00a0&#8230;<\/p>\n","protected":false},"excerpt":{"rendered":"<p>Kategorija: Sose\u0161\u010dina Tue, 01 Nov 2016 21:00:00 +0100  Letos je \u010dez Sredozemlje v Italijo pri\u0161lo 153.450 migrantov, deset odstotkov ve\u010d kot v istem obdobju lani. Minuli ponedeljek se je na Siciliji in v Kalabriji izkrcalo kakih 4300 ljudi, re\u0161ili so jih med severnoafri\u0161ko in sicilsko obalo. Italija je preobremenjena, Renzi je EU dal ultimat.Italijanske nastanitvene kapacitete so prezasedene, premier je poudaril, da dr\u017eava prihodnje leto ne bo ve\u010d zmogla poskrbeti za tak\u0161no \u0161tevilo pri\u0161lekov, potrebna je radikalna re\u0161itev. Prihode je treba omejiti do prihodnjega marca, je povedal Matteo Renzi. \u00bbZdaj \u0161e lahko shajamo, prihaja zima in razmere na morju se bodo poslab\u0161ale, a \u010dasa je \u0161e najve\u010d \u0161est mesecev.\u00ab Hkrati se predsednik vlade spopada s pove\u010danjem prora\u010duna za leto 2017, ki upo\u0161teva tudi porabo za migrante za prihodnje leto. Evropska komisija zahteva od Rima pojasnila za izredne izdatke\u00a0&#8230;<\/p>\n","protected":false},"author":1,"featured_media":0,"comment_status":"closed","ping_status":"closed","sticky":false,"template":"","format":"standard","meta":{"footnotes":""},"categories":[1179],"tags":[],"source":[1703],"supertag":[],"acf":[],"yoast_head":"<!-- This site is optimized with the Yoast SEO plugin v21.3 - https:\/\/yoast.com\/wordpress\/plugins\/seo\/ -->\n<title>Migracije in potres - neznosno italijansko breme - Hudo Slovenija<\/title>\n<meta name=\"robots\" content=\"index, follow, max-snippet:-1, max-image-preview:large, max-video-preview:-1\" \/>\n<link rel=\"canonical\" href=\"https:\/\/hudo.com\/si\/aktualno\/migracije-in-potres-neznosno-italijansko-breme\/\" \/>\n<meta property=\"og:locale\" content=\"sl_SI\" \/>\n<meta property=\"og:type\" content=\"article\" \/>\n<meta property=\"og:title\" content=\"Migracije in potres - neznosno italijansko breme - Hudo Slovenija\" \/>\n<meta property=\"og:description\" content=\"Kategorija: Sose\u0161\u010dina Tue, 01 Nov 2016 21:00:00 +0100 Letos je \u010dez Sredozemlje v Italijo pri\u0161lo 153.450 migrantov, deset odstotkov ve\u010d kot v istem obdobju lani. Minuli ponedeljek se je na Siciliji in v Kalabriji izkrcalo kakih 4300 ljudi, re\u0161ili so jih med severnoafri\u0161ko in sicilsko obalo. Italija je preobremenjena, Renzi je EU dal ultimat.Italijanske nastanitvene kapacitete so prezasedene, premier je poudaril, da dr\u017eava prihodnje leto ne bo ve\u010d zmogla poskrbeti za tak\u0161no \u0161tevilo pri\u0161lekov, potrebna je radikalna re\u0161itev. Prihode je treba omejiti do prihodnjega marca, je povedal Matteo Renzi. \u00bbZdaj \u0161e lahko shajamo, prihaja zima in razmere na morju se bodo poslab\u0161ale, a \u010dasa je \u0161e najve\u010d \u0161est mesecev.\u00ab Hkrati se predsednik vlade spopada s pove\u010danjem prora\u010duna za leto 2017, ki upo\u0161teva tudi porabo za migrante za prihodnje leto. Evropska komisija zahteva od Rima pojasnila za izredne izdatke\u00a0...\" \/>\n<meta property=\"og:url\" content=\"https:\/\/hudo.com\/si\/aktualno\/migracije-in-potres-neznosno-italijansko-breme\/\" \/>\n<meta property=\"og:site_name\" content=\"Hudo Slovenija\" \/>\n<meta property=\"article:publisher\" content=\"https:\/\/www.facebook.com\/hudo.si\" \/>\n<meta property=\"article:published_time\" content=\"2016-11-01T19:00:00+00:00\" \/>\n<meta property=\"og:image\" content=\"https:\/\/hudo.com\/si\/wp-content\/uploads\/sites\/2\/2016\/11\/480x290_AFP_Photo-20161031175115-88752300.jpeg\" \/>\n\t<meta property=\"og:image:width\" content=\"480\" \/>\n\t<meta property=\"og:image:height\" content=\"290\" \/>\n\t<meta property=\"og:image:type\" content=\"image\/jpeg\" \/>\n<meta name=\"author\" content=\"hudo\" \/>\n<meta name=\"twitter:card\" content=\"summary_large_image\" \/>\n<meta name=\"twitter:creator\" content=\"@hudo_si\" \/>\n<meta name=\"twitter:site\" content=\"@hudo_si\" \/>\n<meta name=\"twitter:label1\" content=\"Written by\" \/>\n\t<meta name=\"twitter:data1\" content=\"hudo\" \/>\n\t<meta name=\"twitter:label2\" content=\"Est. reading time\" \/>\n\t<meta name=\"twitter:data2\" content=\"1 minuta\" \/>\n<script type=\"application\/ld+json\" class=\"yoast-schema-graph\">{\"@context\":\"https:\/\/schema.org\",\"@graph\":[{\"@type\":\"Article\",\"@id\":\"https:\/\/hudo.com\/si\/aktualno\/migracije-in-potres-neznosno-italijansko-breme\/#article\",\"isPartOf\":{\"@id\":\"https:\/\/hudo.com\/si\/aktualno\/migracije-in-potres-neznosno-italijansko-breme\/\"},\"author\":{\"name\":\"hudo\",\"@id\":\"https:\/\/hudo.com\/si\/#\/schema\/person\/601cf3379633985b20f7e50f2bb47707\"},\"headline\":\"Migracije in potres &#8211; neznosno italijansko breme\",\"datePublished\":\"2016-11-01T19:00:00+00:00\",\"dateModified\":\"2016-11-01T19:00:00+00:00\",\"mainEntityOfPage\":{\"@id\":\"https:\/\/hudo.com\/si\/aktualno\/migracije-in-potres-neznosno-italijansko-breme\/\"},\"wordCount\":151,\"publisher\":{\"@id\":\"https:\/\/hudo.com\/si\/#organization\"},\"articleSection\":[\"Aktualno\"],\"inLanguage\":\"sl-SI\"},{\"@type\":\"WebPage\",\"@id\":\"https:\/\/hudo.com\/si\/aktualno\/migracije-in-potres-neznosno-italijansko-breme\/\",\"url\":\"https:\/\/hudo.com\/si\/aktualno\/migracije-in-potres-neznosno-italijansko-breme\/\",\"name\":\"Migracije in potres - neznosno italijansko breme - Hudo Slovenija\",\"isPartOf\":{\"@id\":\"https:\/\/hudo.com\/si\/#website\"},\"datePublished\":\"2016-11-01T19:00:00+00:00\",\"dateModified\":\"2016-11-01T19:00:00+00:00\",\"breadcrumb\":{\"@id\":\"https:\/\/hudo.com\/si\/aktualno\/migracije-in-potres-neznosno-italijansko-breme\/#breadcrumb\"},\"inLanguage\":\"sl-SI\",\"potentialAction\":[{\"@type\":\"ReadAction\",\"target\":[\"https:\/\/hudo.com\/si\/aktualno\/migracije-in-potres-neznosno-italijansko-breme\/\"]}]},{\"@type\":\"BreadcrumbList\",\"@id\":\"https:\/\/hudo.com\/si\/aktualno\/migracije-in-potres-neznosno-italijansko-breme\/#breadcrumb\",\"itemListElement\":[{\"@type\":\"ListItem\",\"position\":1,\"name\":\"Home\",\"item\":\"https:\/\/hudo.com\/si\/\"},{\"@type\":\"ListItem\",\"position\":2,\"name\":\"Migracije in potres &#8211; neznosno italijansko breme\"}]},{\"@type\":\"WebSite\",\"@id\":\"https:\/\/hudo.com\/si\/#website\",\"url\":\"https:\/\/hudo.com\/si\/\",\"name\":\"Hudo Slovenija\",\"description\":\"Vse novice iz Slovenije in sveta\",\"publisher\":{\"@id\":\"https:\/\/hudo.com\/si\/#organization\"},\"potentialAction\":[{\"@type\":\"SearchAction\",\"target\":{\"@type\":\"EntryPoint\",\"urlTemplate\":\"https:\/\/hudo.com\/si\/?s={search_term_string}\"},\"query-input\":\"required name=search_term_string\"}],\"inLanguage\":\"sl-SI\"},{\"@type\":\"Organization\",\"@id\":\"https:\/\/hudo.com\/si\/#organization\",\"name\":\"VSN Media\",\"url\":\"https:\/\/hudo.com\/si\/\",\"logo\":{\"@type\":\"ImageObject\",\"inLanguage\":\"sl-SI\",\"@id\":\"https:\/\/hudo.com\/si\/#\/schema\/logo\/image\/\",\"url\":\"https:\/\/hudo.com\/si\/wp-content\/uploads\/sites\/2\/2021\/03\/hudo-app-2.png\",\"contentUrl\":\"https:\/\/hudo.com\/si\/wp-content\/uploads\/sites\/2\/2021\/03\/hudo-app-2.png\",\"width\":2185,\"height\":2167,\"caption\":\"VSN Media\"},\"image\":{\"@id\":\"https:\/\/hudo.com\/si\/#\/schema\/logo\/image\/\"},\"sameAs\":[\"https:\/\/www.facebook.com\/hudo.si\",\"https:\/\/twitter.com\/hudo_si\"]},{\"@type\":\"Person\",\"@id\":\"https:\/\/hudo.com\/si\/#\/schema\/person\/601cf3379633985b20f7e50f2bb47707\",\"name\":\"hudo\",\"image\":{\"@type\":\"ImageObject\",\"inLanguage\":\"sl-SI\",\"@id\":\"https:\/\/hudo.com\/si\/#\/schema\/person\/image\/\",\"url\":\"https:\/\/secure.gravatar.com\/avatar\/c4ca25fa72cace7a696b52ff5db9e095?s=96&d=mm&r=g\",\"contentUrl\":\"https:\/\/secure.gravatar.com\/avatar\/c4ca25fa72cace7a696b52ff5db9e095?s=96&d=mm&r=g\",\"caption\":\"hudo\"},\"url\":\"https:\/\/hudo.com\/si\/author\/hudo\/\"}]}<\/script>\n<!-- \/ Yoast SEO plugin. -->","yoast_head_json":{"title":"Migracije in potres - neznosno italijansko breme - Hudo Slovenija","robots":{"index":"index","follow":"follow","max-snippet":"max-snippet:-1","max-image-preview":"max-image-preview:large","max-video-preview":"max-video-preview:-1"},"canonical":"https:\/\/hudo.com\/si\/aktualno\/migracije-in-potres-neznosno-italijansko-breme\/","og_locale":"sl_SI","og_type":"article","og_title":"Migracije in potres - neznosno italijansko breme - Hudo Slovenija","og_description":"Kategorija: Sose\u0161\u010dina Tue, 01 Nov 2016 21:00:00 +0100 Letos je \u010dez Sredozemlje v Italijo pri\u0161lo 153.450 migrantov, deset odstotkov ve\u010d kot v istem obdobju lani. Minuli ponedeljek se je na Siciliji in v Kalabriji izkrcalo kakih 4300 ljudi, re\u0161ili so jih med severnoafri\u0161ko in sicilsko obalo. Italija je preobremenjena, Renzi je EU dal ultimat.Italijanske nastanitvene kapacitete so prezasedene, premier je poudaril, da dr\u017eava prihodnje leto ne bo ve\u010d zmogla poskrbeti za tak\u0161no \u0161tevilo pri\u0161lekov, potrebna je radikalna re\u0161itev. Prihode je treba omejiti do prihodnjega marca, je povedal Matteo Renzi. \u00bbZdaj \u0161e lahko shajamo, prihaja zima in razmere na morju se bodo poslab\u0161ale, a \u010dasa je \u0161e najve\u010d \u0161est mesecev.\u00ab Hkrati se predsednik vlade spopada s pove\u010danjem prora\u010duna za leto 2017, ki upo\u0161teva tudi porabo za migrante za prihodnje leto. Evropska komisija zahteva od Rima pojasnila za izredne izdatke\u00a0...","og_url":"https:\/\/hudo.com\/si\/aktualno\/migracije-in-potres-neznosno-italijansko-breme\/","og_site_name":"Hudo Slovenija","article_publisher":"https:\/\/www.facebook.com\/hudo.si","article_published_time":"2016-11-01T19:00:00+00:00","og_image":[{"width":480,"height":290,"url":"https:\/\/hudo.com\/si\/wp-content\/uploads\/sites\/2\/2016\/11\/480x290_AFP_Photo-20161031175115-88752300.jpeg","type":"image\/jpeg"}],"author":"hudo","twitter_card":"summary_large_image","twitter_creator":"@hudo_si","twitter_site":"@hudo_si","twitter_misc":{"Written by":"hudo","Est. reading time":"1 minuta"},"schema":{"@context":"https:\/\/schema.org","@graph":[{"@type":"Article","@id":"https:\/\/hudo.com\/si\/aktualno\/migracije-in-potres-neznosno-italijansko-breme\/#article","isPartOf":{"@id":"https:\/\/hudo.com\/si\/aktualno\/migracije-in-potres-neznosno-italijansko-breme\/"},"author":{"name":"hudo","@id":"https:\/\/hudo.com\/si\/#\/schema\/person\/601cf3379633985b20f7e50f2bb47707"},"headline":"Migracije in potres &#8211; neznosno italijansko breme","datePublished":"2016-11-01T19:00:00+00:00","dateModified":"2016-11-01T19:00:00+00:00","mainEntityOfPage":{"@id":"https:\/\/hudo.com\/si\/aktualno\/migracije-in-potres-neznosno-italijansko-breme\/"},"wordCount":151,"publisher":{"@id":"https:\/\/hudo.com\/si\/#organization"},"articleSection":["Aktualno"],"inLanguage":"sl-SI"},{"@type":"WebPage","@id":"https:\/\/hudo.com\/si\/aktualno\/migracije-in-potres-neznosno-italijansko-breme\/","url":"https:\/\/hudo.com\/si\/aktualno\/migracije-in-potres-neznosno-italijansko-breme\/","name":"Migracije in potres - neznosno italijansko breme - Hudo Slovenija","isPartOf":{"@id":"https:\/\/hudo.com\/si\/#website"},"datePublished":"2016-11-01T19:00:00+00:00","dateModified":"2016-11-01T19:00:00+00:00","breadcrumb":{"@id":"https:\/\/hudo.com\/si\/aktualno\/migracije-in-potres-neznosno-italijansko-breme\/#breadcrumb"},"inLanguage":"sl-SI","potentialAction":[{"@type":"ReadAction","target":["https:\/\/hudo.com\/si\/aktualno\/migracije-in-potres-neznosno-italijansko-breme\/"]}]},{"@type":"BreadcrumbList","@id":"https:\/\/hudo.com\/si\/aktualno\/migracije-in-potres-neznosno-italijansko-breme\/#breadcrumb","itemListElement":[{"@type":"ListItem","position":1,"name":"Home","item":"https:\/\/hudo.com\/si\/"},{"@type":"ListItem","position":2,"name":"Migracije in potres &#8211; neznosno italijansko breme"}]},{"@type":"WebSite","@id":"https:\/\/hudo.com\/si\/#website","url":"https:\/\/hudo.com\/si\/","name":"Hudo Slovenija","description":"Vse novice iz Slovenije in sveta","publisher":{"@id":"https:\/\/hudo.com\/si\/#organization"},"potentialAction":[{"@type":"SearchAction","target":{"@type":"EntryPoint","urlTemplate":"https:\/\/hudo.com\/si\/?s={search_term_string}"},"query-input":"required name=search_term_string"}],"inLanguage":"sl-SI"},{"@type":"Organization","@id":"https:\/\/hudo.com\/si\/#organization","name":"VSN Media","url":"https:\/\/hudo.com\/si\/","logo":{"@type":"ImageObject","inLanguage":"sl-SI","@id":"https:\/\/hudo.com\/si\/#\/schema\/logo\/image\/","url":"https:\/\/hudo.com\/si\/wp-content\/uploads\/sites\/2\/2021\/03\/hudo-app-2.png","contentUrl":"https:\/\/hudo.com\/si\/wp-content\/uploads\/sites\/2\/2021\/03\/hudo-app-2.png","width":2185,"height":2167,"caption":"VSN Media"},"image":{"@id":"https:\/\/hudo.com\/si\/#\/schema\/logo\/image\/"},"sameAs":["https:\/\/www.facebook.com\/hudo.si","https:\/\/twitter.com\/hudo_si"]},{"@type":"Person","@id":"https:\/\/hudo.com\/si\/#\/schema\/person\/601cf3379633985b20f7e50f2bb47707","name":"hudo","image":{"@type":"ImageObject","inLanguage":"sl-SI","@id":"https:\/\/hudo.com\/si\/#\/schema\/person\/image\/","url":"https:\/\/secure.gravatar.com\/avatar\/c4ca25fa72cace7a696b52ff5db9e095?s=96&d=mm&r=g","contentUrl":"https:\/\/secure.gravatar.com\/avatar\/c4ca25fa72cace7a696b52ff5db9e095?s=96&d=mm&r=g","caption":"hudo"},"url":"https:\/\/hudo.com\/si\/author\/hudo\/"}]}},"amp_enabled":true,"_links":{"self":[{"href":"https:\/\/hudo.com\/si\/wp-json\/wp\/v2\/posts\/165543"}],"collection":[{"href":"https:\/\/hudo.com\/si\/wp-json\/wp\/v2\/posts"}],"about":[{"href":"https:\/\/hudo.com\/si\/wp-json\/wp\/v2\/types\/post"}],"author":[{"embeddable":true,"href":"https:\/\/hudo.com\/si\/wp-json\/wp\/v2\/users\/1"}],"replies":[{"embeddable":true,"href":"https:\/\/hudo.com\/si\/wp-json\/wp\/v2\/comments?post=165543"}],"version-history":[{"count":0,"href":"https:\/\/hudo.com\/si\/wp-json\/wp\/v2\/posts\/165543\/revisions"}],"wp:attachment":[{"href":"https:\/\/hudo.com\/si\/wp-json\/wp\/v2\/media?parent=165543"}],"wp:term":[{"taxonomy":"category","embeddable":true,"href":"https:\/\/hudo.com\/si\/wp-json\/wp\/v2\/categories?post=165543"},{"taxonomy":"post_tag","embeddable":true,"href":"https:\/\/hudo.com\/si\/wp-json\/wp\/v2\/tags?post=165543"},{"taxonomy":"source","embeddable":true,"href":"https:\/\/hudo.com\/si\/wp-json\/wp\/v2\/source?post=165543"},{"taxonomy":"supertag","embeddable":true,"href":"https:\/\/hudo.com\/si\/wp-json\/wp\/v2\/supertag?post=165543"}],"curies":[{"name":"wp","href":"https:\/\/api.w.org\/{rel}","templated":true}]}}