{"id":165855,"date":"2016-11-01T19:35:00","date_gmt":"2016-11-01T18:35:00","guid":{"rendered":"http:\/\/hudo.com\/si\/2016\/11\/01\/slovenski-vojaki-v-iraku-pesmerge-so-zelo-motivirane-2\/"},"modified":"2016-11-01T19:35:00","modified_gmt":"2016-11-01T18:35:00","slug":"slovenski-vojaki-v-iraku-pesmerge-so-zelo-motivirane-2","status":"publish","type":"post","link":"https:\/\/hudo.com\/si\/aktualno\/slovenski-vojaki-v-iraku-pesmerge-so-zelo-motivirane-2\/","title":{"rendered":"Slovenski vojaki v Iraku: Pe\u0161merge so zelo motivirane"},"content":{"rendered":"<p>Kategorija: Krize Tue, 01 Nov 2016 20:35:00 +0100  Erbil \u2013 V voja\u0161kem opori\u0161\u010du na letali\u0161\u010du v Erbilu je nastanjenih \u0161est pripadnikov slovenske vojske, ki kot in\u0161truktorji pe\u0161merg, oboro\u017eenih sil Kurdske regionalne vlade (KRG), delujejo v okviru mo\u010dnega nem\u0161kega kontingenta.Slovenski vojaki so v Irak od\u0161li le nekaj tednov pred za\u010detkom velike mednarodne ofenzive na Mosul. Na boji\u0161\u010dih ne sodelujejo in ne bodo sodelovali. Njihove naloge so omejene na in\u0161truiranje pe\u0161merg, njihovo delovanje pa je omejeno na Erbil in bli\u017enje opori\u0161\u010de Bnaslava. Vseh \u0161est pripadnikov Slovenske vojske (SV) v Iraku prihaja iz posebnih enot, za katere pri medijskih objavah veljajo zelo stroga pravila. Ni\u010d imen. Fotografije brez obrazov in oznak enot. Ob zaklju\u010dku poro\u010danja s frontnih \u010drt okrog Mosula smo se na mednarodnem letali\u0161\u010du v Erbilu pogovarjali z izku\u0161enim poveljnikom slovenskega kontingenta. Kak\u0161ne so va\u0161e naloge?Na\u0161a naloga je\u00a0&#8230;<\/p>\n","protected":false},"excerpt":{"rendered":"<p>Kategorija: Krize Tue, 01 Nov 2016 20:35:00 +0100  Erbil \u2013 V voja\u0161kem opori\u0161\u010du na letali\u0161\u010du v Erbilu je nastanjenih \u0161est pripadnikov slovenske vojske, ki kot in\u0161truktorji pe\u0161merg, oboro\u017eenih sil Kurdske regionalne vlade (KRG), delujejo v okviru mo\u010dnega nem\u0161kega kontingenta.Slovenski vojaki so v Irak od\u0161li le nekaj tednov pred za\u010detkom velike mednarodne ofenzive na Mosul. Na boji\u0161\u010dih ne sodelujejo in ne bodo sodelovali. Njihove naloge so omejene na in\u0161truiranje pe\u0161merg, njihovo delovanje pa je omejeno na Erbil in bli\u017enje opori\u0161\u010de Bnaslava. Vseh \u0161est pripadnikov Slovenske vojske (SV) v Iraku prihaja iz posebnih enot, za katere pri medijskih objavah veljajo zelo stroga pravila. Ni\u010d imen. Fotografije brez obrazov in oznak enot. Ob zaklju\u010dku poro\u010danja s frontnih \u010drt okrog Mosula smo se na mednarodnem letali\u0161\u010du v Erbilu pogovarjali z izku\u0161enim poveljnikom slovenskega kontingenta. Kak\u0161ne so va\u0161e naloge?Na\u0161a naloga je\u00a0&#8230;<\/p>\n","protected":false},"author":1,"featured_media":0,"comment_status":"closed","ping_status":"closed","sticky":false,"template":"","format":"standard","meta":{"footnotes":""},"categories":[1179],"tags":[],"source":[1703],"supertag":[],"acf":[],"yoast_head":"<!-- This site is optimized with the Yoast SEO plugin v21.3 - https:\/\/yoast.com\/wordpress\/plugins\/seo\/ -->\n<title>Slovenski vojaki v Iraku: Pe\u0161merge so zelo motivirane - Hudo Slovenija<\/title>\n<meta name=\"robots\" content=\"index, follow, max-snippet:-1, max-image-preview:large, max-video-preview:-1\" \/>\n<link rel=\"canonical\" href=\"https:\/\/hudo.com\/si\/aktualno\/slovenski-vojaki-v-iraku-pesmerge-so-zelo-motivirane-2\/\" \/>\n<meta property=\"og:locale\" content=\"sl_SI\" \/>\n<meta property=\"og:type\" content=\"article\" \/>\n<meta property=\"og:title\" content=\"Slovenski vojaki v Iraku: Pe\u0161merge so zelo motivirane - Hudo Slovenija\" \/>\n<meta property=\"og:description\" content=\"Kategorija: Krize Tue, 01 Nov 2016 20:35:00 +0100 Erbil \u2013 V voja\u0161kem opori\u0161\u010du na letali\u0161\u010du v Erbilu je nastanjenih \u0161est pripadnikov slovenske vojske, ki kot in\u0161truktorji pe\u0161merg, oboro\u017eenih sil Kurdske regionalne vlade (KRG), delujejo v okviru mo\u010dnega nem\u0161kega kontingenta.Slovenski vojaki so v Irak od\u0161li le nekaj tednov pred za\u010detkom velike mednarodne ofenzive na Mosul. Na boji\u0161\u010dih ne sodelujejo in ne bodo sodelovali. Njihove naloge so omejene na in\u0161truiranje pe\u0161merg, njihovo delovanje pa je omejeno na Erbil in bli\u017enje opori\u0161\u010de Bnaslava. Vseh \u0161est pripadnikov Slovenske vojske (SV) v Iraku prihaja iz posebnih enot, za katere pri medijskih objavah veljajo zelo stroga pravila. Ni\u010d imen. Fotografije brez obrazov in oznak enot. Ob zaklju\u010dku poro\u010danja s frontnih \u010drt okrog Mosula smo se na mednarodnem letali\u0161\u010du v Erbilu pogovarjali z izku\u0161enim poveljnikom slovenskega kontingenta. Kak\u0161ne so va\u0161e naloge?Na\u0161a naloga je\u00a0...\" \/>\n<meta property=\"og:url\" content=\"https:\/\/hudo.com\/si\/aktualno\/slovenski-vojaki-v-iraku-pesmerge-so-zelo-motivirane-2\/\" \/>\n<meta property=\"og:site_name\" content=\"Hudo Slovenija\" \/>\n<meta property=\"article:publisher\" content=\"https:\/\/www.facebook.com\/hudo.si\" \/>\n<meta property=\"article:published_time\" content=\"2016-11-01T18:35:00+00:00\" \/>\n<meta property=\"og:image\" content=\"https:\/\/hudo.com\/si\/wp-content\/uploads\/sites\/2\/2016\/11\/480x290_3_stran__IMG_5017_hires0.jpeg\" \/>\n\t<meta property=\"og:image:width\" content=\"480\" \/>\n\t<meta property=\"og:image:height\" content=\"290\" \/>\n\t<meta property=\"og:image:type\" content=\"image\/jpeg\" \/>\n<meta name=\"author\" content=\"hudo\" \/>\n<meta name=\"twitter:card\" content=\"summary_large_image\" \/>\n<meta name=\"twitter:creator\" content=\"@hudo_si\" \/>\n<meta name=\"twitter:site\" content=\"@hudo_si\" \/>\n<meta name=\"twitter:label1\" content=\"Written by\" \/>\n\t<meta name=\"twitter:data1\" content=\"hudo\" \/>\n\t<meta name=\"twitter:label2\" content=\"Est. reading time\" \/>\n\t<meta name=\"twitter:data2\" content=\"1 minuta\" \/>\n<script type=\"application\/ld+json\" class=\"yoast-schema-graph\">{\"@context\":\"https:\/\/schema.org\",\"@graph\":[{\"@type\":\"Article\",\"@id\":\"https:\/\/hudo.com\/si\/aktualno\/slovenski-vojaki-v-iraku-pesmerge-so-zelo-motivirane-2\/#article\",\"isPartOf\":{\"@id\":\"https:\/\/hudo.com\/si\/aktualno\/slovenski-vojaki-v-iraku-pesmerge-so-zelo-motivirane-2\/\"},\"author\":{\"name\":\"hudo\",\"@id\":\"https:\/\/hudo.com\/si\/#\/schema\/person\/601cf3379633985b20f7e50f2bb47707\"},\"headline\":\"Slovenski vojaki v Iraku: Pe\u0161merge so zelo motivirane\",\"datePublished\":\"2016-11-01T18:35:00+00:00\",\"dateModified\":\"2016-11-01T18:35:00+00:00\",\"mainEntityOfPage\":{\"@id\":\"https:\/\/hudo.com\/si\/aktualno\/slovenski-vojaki-v-iraku-pesmerge-so-zelo-motivirane-2\/\"},\"wordCount\":164,\"publisher\":{\"@id\":\"https:\/\/hudo.com\/si\/#organization\"},\"articleSection\":[\"Aktualno\"],\"inLanguage\":\"sl-SI\"},{\"@type\":\"WebPage\",\"@id\":\"https:\/\/hudo.com\/si\/aktualno\/slovenski-vojaki-v-iraku-pesmerge-so-zelo-motivirane-2\/\",\"url\":\"https:\/\/hudo.com\/si\/aktualno\/slovenski-vojaki-v-iraku-pesmerge-so-zelo-motivirane-2\/\",\"name\":\"Slovenski vojaki v Iraku: Pe\u0161merge so zelo motivirane - Hudo Slovenija\",\"isPartOf\":{\"@id\":\"https:\/\/hudo.com\/si\/#website\"},\"datePublished\":\"2016-11-01T18:35:00+00:00\",\"dateModified\":\"2016-11-01T18:35:00+00:00\",\"breadcrumb\":{\"@id\":\"https:\/\/hudo.com\/si\/aktualno\/slovenski-vojaki-v-iraku-pesmerge-so-zelo-motivirane-2\/#breadcrumb\"},\"inLanguage\":\"sl-SI\",\"potentialAction\":[{\"@type\":\"ReadAction\",\"target\":[\"https:\/\/hudo.com\/si\/aktualno\/slovenski-vojaki-v-iraku-pesmerge-so-zelo-motivirane-2\/\"]}]},{\"@type\":\"BreadcrumbList\",\"@id\":\"https:\/\/hudo.com\/si\/aktualno\/slovenski-vojaki-v-iraku-pesmerge-so-zelo-motivirane-2\/#breadcrumb\",\"itemListElement\":[{\"@type\":\"ListItem\",\"position\":1,\"name\":\"Home\",\"item\":\"https:\/\/hudo.com\/si\/\"},{\"@type\":\"ListItem\",\"position\":2,\"name\":\"Slovenski vojaki v Iraku: Pe\u0161merge so zelo motivirane\"}]},{\"@type\":\"WebSite\",\"@id\":\"https:\/\/hudo.com\/si\/#website\",\"url\":\"https:\/\/hudo.com\/si\/\",\"name\":\"Hudo Slovenija\",\"description\":\"Vse novice iz Slovenije in sveta\",\"publisher\":{\"@id\":\"https:\/\/hudo.com\/si\/#organization\"},\"potentialAction\":[{\"@type\":\"SearchAction\",\"target\":{\"@type\":\"EntryPoint\",\"urlTemplate\":\"https:\/\/hudo.com\/si\/?s={search_term_string}\"},\"query-input\":\"required name=search_term_string\"}],\"inLanguage\":\"sl-SI\"},{\"@type\":\"Organization\",\"@id\":\"https:\/\/hudo.com\/si\/#organization\",\"name\":\"VSN Media\",\"url\":\"https:\/\/hudo.com\/si\/\",\"logo\":{\"@type\":\"ImageObject\",\"inLanguage\":\"sl-SI\",\"@id\":\"https:\/\/hudo.com\/si\/#\/schema\/logo\/image\/\",\"url\":\"https:\/\/hudo.com\/si\/wp-content\/uploads\/sites\/2\/2021\/03\/hudo-app-2.png\",\"contentUrl\":\"https:\/\/hudo.com\/si\/wp-content\/uploads\/sites\/2\/2021\/03\/hudo-app-2.png\",\"width\":2185,\"height\":2167,\"caption\":\"VSN Media\"},\"image\":{\"@id\":\"https:\/\/hudo.com\/si\/#\/schema\/logo\/image\/\"},\"sameAs\":[\"https:\/\/www.facebook.com\/hudo.si\",\"https:\/\/twitter.com\/hudo_si\"]},{\"@type\":\"Person\",\"@id\":\"https:\/\/hudo.com\/si\/#\/schema\/person\/601cf3379633985b20f7e50f2bb47707\",\"name\":\"hudo\",\"image\":{\"@type\":\"ImageObject\",\"inLanguage\":\"sl-SI\",\"@id\":\"https:\/\/hudo.com\/si\/#\/schema\/person\/image\/\",\"url\":\"https:\/\/secure.gravatar.com\/avatar\/c4ca25fa72cace7a696b52ff5db9e095?s=96&d=mm&r=g\",\"contentUrl\":\"https:\/\/secure.gravatar.com\/avatar\/c4ca25fa72cace7a696b52ff5db9e095?s=96&d=mm&r=g\",\"caption\":\"hudo\"},\"url\":\"https:\/\/hudo.com\/si\/author\/hudo\/\"}]}<\/script>\n<!-- \/ Yoast SEO plugin. -->","yoast_head_json":{"title":"Slovenski vojaki v Iraku: Pe\u0161merge so zelo motivirane - Hudo Slovenija","robots":{"index":"index","follow":"follow","max-snippet":"max-snippet:-1","max-image-preview":"max-image-preview:large","max-video-preview":"max-video-preview:-1"},"canonical":"https:\/\/hudo.com\/si\/aktualno\/slovenski-vojaki-v-iraku-pesmerge-so-zelo-motivirane-2\/","og_locale":"sl_SI","og_type":"article","og_title":"Slovenski vojaki v Iraku: Pe\u0161merge so zelo motivirane - Hudo Slovenija","og_description":"Kategorija: Krize Tue, 01 Nov 2016 20:35:00 +0100 Erbil \u2013 V voja\u0161kem opori\u0161\u010du na letali\u0161\u010du v Erbilu je nastanjenih \u0161est pripadnikov slovenske vojske, ki kot in\u0161truktorji pe\u0161merg, oboro\u017eenih sil Kurdske regionalne vlade (KRG), delujejo v okviru mo\u010dnega nem\u0161kega kontingenta.Slovenski vojaki so v Irak od\u0161li le nekaj tednov pred za\u010detkom velike mednarodne ofenzive na Mosul. Na boji\u0161\u010dih ne sodelujejo in ne bodo sodelovali. Njihove naloge so omejene na in\u0161truiranje pe\u0161merg, njihovo delovanje pa je omejeno na Erbil in bli\u017enje opori\u0161\u010de Bnaslava. Vseh \u0161est pripadnikov Slovenske vojske (SV) v Iraku prihaja iz posebnih enot, za katere pri medijskih objavah veljajo zelo stroga pravila. Ni\u010d imen. Fotografije brez obrazov in oznak enot. Ob zaklju\u010dku poro\u010danja s frontnih \u010drt okrog Mosula smo se na mednarodnem letali\u0161\u010du v Erbilu pogovarjali z izku\u0161enim poveljnikom slovenskega kontingenta. Kak\u0161ne so va\u0161e naloge?Na\u0161a naloga je\u00a0...","og_url":"https:\/\/hudo.com\/si\/aktualno\/slovenski-vojaki-v-iraku-pesmerge-so-zelo-motivirane-2\/","og_site_name":"Hudo Slovenija","article_publisher":"https:\/\/www.facebook.com\/hudo.si","article_published_time":"2016-11-01T18:35:00+00:00","og_image":[{"width":480,"height":290,"url":"https:\/\/hudo.com\/si\/wp-content\/uploads\/sites\/2\/2016\/11\/480x290_3_stran__IMG_5017_hires0.jpeg","type":"image\/jpeg"}],"author":"hudo","twitter_card":"summary_large_image","twitter_creator":"@hudo_si","twitter_site":"@hudo_si","twitter_misc":{"Written by":"hudo","Est. reading time":"1 minuta"},"schema":{"@context":"https:\/\/schema.org","@graph":[{"@type":"Article","@id":"https:\/\/hudo.com\/si\/aktualno\/slovenski-vojaki-v-iraku-pesmerge-so-zelo-motivirane-2\/#article","isPartOf":{"@id":"https:\/\/hudo.com\/si\/aktualno\/slovenski-vojaki-v-iraku-pesmerge-so-zelo-motivirane-2\/"},"author":{"name":"hudo","@id":"https:\/\/hudo.com\/si\/#\/schema\/person\/601cf3379633985b20f7e50f2bb47707"},"headline":"Slovenski vojaki v Iraku: Pe\u0161merge so zelo motivirane","datePublished":"2016-11-01T18:35:00+00:00","dateModified":"2016-11-01T18:35:00+00:00","mainEntityOfPage":{"@id":"https:\/\/hudo.com\/si\/aktualno\/slovenski-vojaki-v-iraku-pesmerge-so-zelo-motivirane-2\/"},"wordCount":164,"publisher":{"@id":"https:\/\/hudo.com\/si\/#organization"},"articleSection":["Aktualno"],"inLanguage":"sl-SI"},{"@type":"WebPage","@id":"https:\/\/hudo.com\/si\/aktualno\/slovenski-vojaki-v-iraku-pesmerge-so-zelo-motivirane-2\/","url":"https:\/\/hudo.com\/si\/aktualno\/slovenski-vojaki-v-iraku-pesmerge-so-zelo-motivirane-2\/","name":"Slovenski vojaki v Iraku: Pe\u0161merge so zelo motivirane - Hudo Slovenija","isPartOf":{"@id":"https:\/\/hudo.com\/si\/#website"},"datePublished":"2016-11-01T18:35:00+00:00","dateModified":"2016-11-01T18:35:00+00:00","breadcrumb":{"@id":"https:\/\/hudo.com\/si\/aktualno\/slovenski-vojaki-v-iraku-pesmerge-so-zelo-motivirane-2\/#breadcrumb"},"inLanguage":"sl-SI","potentialAction":[{"@type":"ReadAction","target":["https:\/\/hudo.com\/si\/aktualno\/slovenski-vojaki-v-iraku-pesmerge-so-zelo-motivirane-2\/"]}]},{"@type":"BreadcrumbList","@id":"https:\/\/hudo.com\/si\/aktualno\/slovenski-vojaki-v-iraku-pesmerge-so-zelo-motivirane-2\/#breadcrumb","itemListElement":[{"@type":"ListItem","position":1,"name":"Home","item":"https:\/\/hudo.com\/si\/"},{"@type":"ListItem","position":2,"name":"Slovenski vojaki v Iraku: Pe\u0161merge so zelo motivirane"}]},{"@type":"WebSite","@id":"https:\/\/hudo.com\/si\/#website","url":"https:\/\/hudo.com\/si\/","name":"Hudo Slovenija","description":"Vse novice iz Slovenije in sveta","publisher":{"@id":"https:\/\/hudo.com\/si\/#organization"},"potentialAction":[{"@type":"SearchAction","target":{"@type":"EntryPoint","urlTemplate":"https:\/\/hudo.com\/si\/?s={search_term_string}"},"query-input":"required name=search_term_string"}],"inLanguage":"sl-SI"},{"@type":"Organization","@id":"https:\/\/hudo.com\/si\/#organization","name":"VSN Media","url":"https:\/\/hudo.com\/si\/","logo":{"@type":"ImageObject","inLanguage":"sl-SI","@id":"https:\/\/hudo.com\/si\/#\/schema\/logo\/image\/","url":"https:\/\/hudo.com\/si\/wp-content\/uploads\/sites\/2\/2021\/03\/hudo-app-2.png","contentUrl":"https:\/\/hudo.com\/si\/wp-content\/uploads\/sites\/2\/2021\/03\/hudo-app-2.png","width":2185,"height":2167,"caption":"VSN Media"},"image":{"@id":"https:\/\/hudo.com\/si\/#\/schema\/logo\/image\/"},"sameAs":["https:\/\/www.facebook.com\/hudo.si","https:\/\/twitter.com\/hudo_si"]},{"@type":"Person","@id":"https:\/\/hudo.com\/si\/#\/schema\/person\/601cf3379633985b20f7e50f2bb47707","name":"hudo","image":{"@type":"ImageObject","inLanguage":"sl-SI","@id":"https:\/\/hudo.com\/si\/#\/schema\/person\/image\/","url":"https:\/\/secure.gravatar.com\/avatar\/c4ca25fa72cace7a696b52ff5db9e095?s=96&d=mm&r=g","contentUrl":"https:\/\/secure.gravatar.com\/avatar\/c4ca25fa72cace7a696b52ff5db9e095?s=96&d=mm&r=g","caption":"hudo"},"url":"https:\/\/hudo.com\/si\/author\/hudo\/"}]}},"amp_enabled":true,"_links":{"self":[{"href":"https:\/\/hudo.com\/si\/wp-json\/wp\/v2\/posts\/165855"}],"collection":[{"href":"https:\/\/hudo.com\/si\/wp-json\/wp\/v2\/posts"}],"about":[{"href":"https:\/\/hudo.com\/si\/wp-json\/wp\/v2\/types\/post"}],"author":[{"embeddable":true,"href":"https:\/\/hudo.com\/si\/wp-json\/wp\/v2\/users\/1"}],"replies":[{"embeddable":true,"href":"https:\/\/hudo.com\/si\/wp-json\/wp\/v2\/comments?post=165855"}],"version-history":[{"count":0,"href":"https:\/\/hudo.com\/si\/wp-json\/wp\/v2\/posts\/165855\/revisions"}],"wp:attachment":[{"href":"https:\/\/hudo.com\/si\/wp-json\/wp\/v2\/media?parent=165855"}],"wp:term":[{"taxonomy":"category","embeddable":true,"href":"https:\/\/hudo.com\/si\/wp-json\/wp\/v2\/categories?post=165855"},{"taxonomy":"post_tag","embeddable":true,"href":"https:\/\/hudo.com\/si\/wp-json\/wp\/v2\/tags?post=165855"},{"taxonomy":"source","embeddable":true,"href":"https:\/\/hudo.com\/si\/wp-json\/wp\/v2\/source?post=165855"},{"taxonomy":"supertag","embeddable":true,"href":"https:\/\/hudo.com\/si\/wp-json\/wp\/v2\/supertag?post=165855"}],"curies":[{"name":"wp","href":"https:\/\/api.w.org\/{rel}","templated":true}]}}