{"id":166020,"date":"2016-11-02T13:30:00","date_gmt":"2016-11-02T12:30:00","guid":{"rendered":"http:\/\/hudo.com\/si\/2016\/11\/02\/k-nam-v-argo-lahko-pride-vsak\/"},"modified":"2016-11-03T18:20:31","modified_gmt":"2016-11-03T17:20:31","slug":"k-nam-v-argo-lahko-pride-vsak","status":"publish","type":"post","link":"https:\/\/hudo.com\/si\/aktualno\/k-nam-v-argo-lahko-pride-vsak\/","title":{"rendered":"&#8220;K nam v Argo lahko pride vsak&#8221;"},"content":{"rendered":"<p>Dvajset aktivistov z razli\u010dnih koncev Slovenije se je zbralo v Izoli v podporo uporabnikom Avtonomne cone Argo. Ti so v zadnjem tednu ve\u010dkrat naleteli na policiste v okolici svojega skvota, prej\u0161nji petek pa sta po policijskem obisku dva uporabnika pristala v bolnici. Enega so nato \u010dez no\u010d zadr\u017eali v bolnici na opazovanju, saj ima Izolan med drugim strgano vratno mi\u0161ico in prebito arkado. Uporabniki Arga opisujejo, kako so pred letom dni, ko so prvi\u010d za\u010deli \u010distiti prostor, ven odnesli polno smeti, igel in odvr\u017eenih plo\u010devink. Ve\u010d kot desetletje je prostor propadal in razpadal. Objekti, ki so pod spomeni\u0161kim varstvom, so sedaj vsaj v delu nazaj o\u017eivljeni. Pokrpali so stene, jih sanirali in pobelili. Nekaj sede\u017enih, mizice in omarice so jim prinesli sosedje in soob\u010dani, nekatere kose so na\u0161li na odpadu, nekaj prinesli od doma. Aktivnosti so se za\u010dele bolj na gosto vrstiti letos poleti, ko so organizirali koncerte, razstave&#8230; Nekajkrat so pri\u0161li tudi policisti, \u010de\u0161 da so preglasni, a so vsaki\u010d uti\u0161ali glasbo in naslednji dan preverili tudi s sosedi, ki so jim zagotovili, da jih dogajanje ni motilo. \u201cSem, k nam v Argo lahko pride tudi vsak, ki potrebuje topel obrok, tu imamo freeshop, kjer si lahko najdete obla\u010dilo,\u201d na\u0161tevajo uporabniki Arga, ki poudarjajo, da njihov prostor ne dolo\u010data niti starost ne kak\u0161na druga osebna okoli\u0161\u010dina. \u201cArgo je poleti verjetno obiskalo ve\u010d ljudi z razli\u010dnih koncev sveta, kot katerikoli drug kraj v Izoli.\u201d Samoiniciativno so s \u0160vedske in Nem\u010dije pri\u0161li grafiterji, pa popotniki, glasbeniki iz Izraela, prihajajo tudi avstralski glasbeniki&#8230; Neprofitni in nekomercialni prostor ponuja tisto, kar v lokalnem okolju manjka, pravijo Argovci. \u201cOd vsakega od teh razli\u010dnih ljudi se kaj nau\u010dimo, vsak pozna druga\u010dno pot do cilja, ki pa nam je skupen,\u201d razlaga eden od 15 rednih sooblikovalcev Arga, ki poudarjajo, da je jih njihov \u010dlan vsak, ki pride, se z njimi podru\u017ei ali tam ustvarja. Z ob\u010dine Izola so sporo\u010dili, da \u017ee leta opozarjajo na neprimern<\/p>\n","protected":false},"excerpt":{"rendered":"<p>Dvajset aktivistov z razli\u010dnih koncev Slovenije se je zbralo v Izoli v podporo uporabnikom Avtonomne cone Argo. Ti so v zadnjem tednu ve\u010dkrat naleteli na policiste v okolici svojega skvota, prej\u0161nji petek pa sta po policijskem obisku dva uporabnika pristala v bolnici. Enega so nato \u010dez no\u010d zadr\u017eali v bolnici na opazovanju, saj ima Izolan med drugim strgano vratno mi\u0161ico in prebito arkado. Uporabniki Arga opisujejo, kako so pred letom dni, ko so prvi\u010d za\u010deli \u010distiti prostor, ven odnesli polno smeti, igel in odvr\u017eenih plo\u010devink. Ve\u010d kot desetletje je prostor propadal in razpadal. Objekti, ki so pod spomeni\u0161kim varstvom, so sedaj vsaj v delu nazaj o\u017eivljeni. Pokrpali so stene, jih sanirali in pobelili. Nekaj sede\u017enih, mizice in omarice so jim prinesli sosedje in soob\u010dani, nekatere kose so na\u0161li na odpadu, nekaj prinesli od doma. Aktivnosti so se za\u010dele bolj na gosto vrstiti letos poleti, ko so organizirali koncerte, razstave&#8230; Nekajkrat so pri\u0161li tudi policisti, \u010de\u0161 da so preglasni, a so vsaki\u010d uti\u0161ali glasbo in naslednji dan preverili tudi s sosedi, ki so jim zagotovili, da jih dogajanje ni motilo. \u201cSem, k nam v Argo lahko pride tudi vsak, ki potrebuje topel obrok, tu imamo freeshop, kjer si lahko najdete obla\u010dilo,\u201d na\u0161tevajo uporabniki Arga, ki poudarjajo, da njihov prostor ne dolo\u010data niti starost ne kak\u0161na druga osebna okoli\u0161\u010dina. \u201cArgo je poleti verjetno obiskalo ve\u010d ljudi z razli\u010dnih koncev sveta, kot katerikoli drug kraj v Izoli.\u201d Samoiniciativno so s \u0160vedske in Nem\u010dije pri\u0161li grafiterji, pa popotniki, glasbeniki iz Izraela, prihajajo tudi avstralski glasbeniki&#8230; Neprofitni in nekomercialni prostor ponuja tisto, kar v lokalnem okolju manjka, pravijo Argovci. \u201cOd vsakega od teh razli\u010dnih ljudi se kaj nau\u010dimo, vsak pozna druga\u010dno pot do cilja, ki pa nam je skupen,\u201d razlaga eden od 15 rednih sooblikovalcev Arga, ki poudarjajo, da je jih njihov \u010dlan vsak, ki pride, se z njimi podru\u017ei ali tam ustvarja. Z ob\u010dine Izola so sporo\u010dili, da \u017ee leta opozarjajo na neprimern<\/p>\n","protected":false},"author":1,"featured_media":0,"comment_status":"closed","ping_status":"closed","sticky":false,"template":"","format":"standard","meta":{"footnotes":""},"categories":[1179],"tags":[],"source":[1711],"supertag":[],"acf":[],"yoast_head":"<!-- This site is optimized with the Yoast SEO plugin v21.3 - https:\/\/yoast.com\/wordpress\/plugins\/seo\/ -->\n<title>&quot;K nam v Argo lahko pride vsak&quot; - Hudo Slovenija<\/title>\n<meta name=\"robots\" content=\"index, follow, max-snippet:-1, max-image-preview:large, max-video-preview:-1\" \/>\n<link rel=\"canonical\" href=\"https:\/\/hudo.com\/si\/aktualno\/k-nam-v-argo-lahko-pride-vsak\/\" \/>\n<meta property=\"og:locale\" content=\"sl_SI\" \/>\n<meta property=\"og:type\" content=\"article\" \/>\n<meta property=\"og:title\" content=\"&quot;K nam v Argo lahko pride vsak&quot; - Hudo Slovenija\" \/>\n<meta property=\"og:description\" content=\"Dvajset aktivistov z razli\u010dnih koncev Slovenije se je zbralo v Izoli v podporo uporabnikom Avtonomne cone Argo. Ti so v zadnjem tednu ve\u010dkrat naleteli na policiste v okolici svojega skvota, prej\u0161nji petek pa sta po policijskem obisku dva uporabnika pristala v bolnici. Enega so nato \u010dez no\u010d zadr\u017eali v bolnici na opazovanju, saj ima Izolan med drugim strgano vratno mi\u0161ico in prebito arkado. Uporabniki Arga opisujejo, kako so pred letom dni, ko so prvi\u010d za\u010deli \u010distiti prostor, ven odnesli polno smeti, igel in odvr\u017eenih plo\u010devink. Ve\u010d kot desetletje je prostor propadal in razpadal. Objekti, ki so pod spomeni\u0161kim varstvom, so sedaj vsaj v delu nazaj o\u017eivljeni. Pokrpali so stene, jih sanirali in pobelili. Nekaj sede\u017enih, mizice in omarice so jim prinesli sosedje in soob\u010dani, nekatere kose so na\u0161li na odpadu, nekaj prinesli od doma. Aktivnosti so se za\u010dele bolj na gosto vrstiti letos poleti, ko so organizirali koncerte, razstave... Nekajkrat so pri\u0161li tudi policisti, \u010de\u0161 da so preglasni, a so vsaki\u010d uti\u0161ali glasbo in naslednji dan preverili tudi s sosedi, ki so jim zagotovili, da jih dogajanje ni motilo. \u201cSem, k nam v Argo lahko pride tudi vsak, ki potrebuje topel obrok, tu imamo freeshop, kjer si lahko najdete obla\u010dilo,\u201d na\u0161tevajo uporabniki Arga, ki poudarjajo, da njihov prostor ne dolo\u010data niti starost ne kak\u0161na druga osebna okoli\u0161\u010dina. \u201cArgo je poleti verjetno obiskalo ve\u010d ljudi z razli\u010dnih koncev sveta, kot katerikoli drug kraj v Izoli.\u201d Samoiniciativno so s \u0160vedske in Nem\u010dije pri\u0161li grafiterji, pa popotniki, glasbeniki iz Izraela, prihajajo tudi avstralski glasbeniki... Neprofitni in nekomercialni prostor ponuja tisto, kar v lokalnem okolju manjka, pravijo Argovci. \u201cOd vsakega od teh razli\u010dnih ljudi se kaj nau\u010dimo, vsak pozna druga\u010dno pot do cilja, ki pa nam je skupen,\u201d razlaga eden od 15 rednih sooblikovalcev Arga, ki poudarjajo, da je jih njihov \u010dlan vsak, ki pride, se z njimi podru\u017ei ali tam ustvarja. Z ob\u010dine Izola so sporo\u010dili, da \u017ee leta opozarjajo na neprimern\" \/>\n<meta property=\"og:url\" content=\"https:\/\/hudo.com\/si\/aktualno\/k-nam-v-argo-lahko-pride-vsak\/\" \/>\n<meta property=\"og:site_name\" content=\"Hudo Slovenija\" \/>\n<meta property=\"article:publisher\" content=\"https:\/\/www.facebook.com\/hudo.si\" \/>\n<meta property=\"article:published_time\" content=\"2016-11-02T12:30:00+00:00\" \/>\n<meta property=\"article:modified_time\" content=\"2016-11-03T17:20:31+00:00\" \/>\n<meta property=\"og:image\" content=\"https:\/\/hudo.com\/si\/wp-content\/uploads\/sites\/2\/2016\/11\/IMG_3448-300.jpg\" \/>\n\t<meta property=\"og:image:width\" content=\"450\" \/>\n\t<meta property=\"og:image:height\" content=\"450\" \/>\n\t<meta property=\"og:image:type\" content=\"image\/jpeg\" \/>\n<meta name=\"author\" content=\"hudo\" \/>\n<meta name=\"twitter:card\" content=\"summary_large_image\" \/>\n<meta name=\"twitter:creator\" content=\"@hudo_si\" \/>\n<meta name=\"twitter:site\" content=\"@hudo_si\" \/>\n<meta name=\"twitter:label1\" content=\"Written by\" \/>\n\t<meta name=\"twitter:data1\" content=\"hudo\" \/>\n\t<meta name=\"twitter:label2\" content=\"Est. reading time\" \/>\n\t<meta name=\"twitter:data2\" content=\"2 minuti\" \/>\n<script type=\"application\/ld+json\" class=\"yoast-schema-graph\">{\"@context\":\"https:\/\/schema.org\",\"@graph\":[{\"@type\":\"Article\",\"@id\":\"https:\/\/hudo.com\/si\/aktualno\/k-nam-v-argo-lahko-pride-vsak\/#article\",\"isPartOf\":{\"@id\":\"https:\/\/hudo.com\/si\/aktualno\/k-nam-v-argo-lahko-pride-vsak\/\"},\"author\":{\"name\":\"hudo\",\"@id\":\"https:\/\/hudo.com\/si\/#\/schema\/person\/601cf3379633985b20f7e50f2bb47707\"},\"headline\":\"&#8220;K nam v Argo lahko pride vsak&#8221;\",\"datePublished\":\"2016-11-02T12:30:00+00:00\",\"dateModified\":\"2016-11-03T17:20:31+00:00\",\"mainEntityOfPage\":{\"@id\":\"https:\/\/hudo.com\/si\/aktualno\/k-nam-v-argo-lahko-pride-vsak\/\"},\"wordCount\":355,\"publisher\":{\"@id\":\"https:\/\/hudo.com\/si\/#organization\"},\"articleSection\":[\"Aktualno\"],\"inLanguage\":\"sl-SI\"},{\"@type\":\"WebPage\",\"@id\":\"https:\/\/hudo.com\/si\/aktualno\/k-nam-v-argo-lahko-pride-vsak\/\",\"url\":\"https:\/\/hudo.com\/si\/aktualno\/k-nam-v-argo-lahko-pride-vsak\/\",\"name\":\"\\\"K nam v Argo lahko pride vsak\\\" - Hudo Slovenija\",\"isPartOf\":{\"@id\":\"https:\/\/hudo.com\/si\/#website\"},\"datePublished\":\"2016-11-02T12:30:00+00:00\",\"dateModified\":\"2016-11-03T17:20:31+00:00\",\"breadcrumb\":{\"@id\":\"https:\/\/hudo.com\/si\/aktualno\/k-nam-v-argo-lahko-pride-vsak\/#breadcrumb\"},\"inLanguage\":\"sl-SI\",\"potentialAction\":[{\"@type\":\"ReadAction\",\"target\":[\"https:\/\/hudo.com\/si\/aktualno\/k-nam-v-argo-lahko-pride-vsak\/\"]}]},{\"@type\":\"BreadcrumbList\",\"@id\":\"https:\/\/hudo.com\/si\/aktualno\/k-nam-v-argo-lahko-pride-vsak\/#breadcrumb\",\"itemListElement\":[{\"@type\":\"ListItem\",\"position\":1,\"name\":\"Home\",\"item\":\"https:\/\/hudo.com\/si\/\"},{\"@type\":\"ListItem\",\"position\":2,\"name\":\"&#8220;K nam v Argo lahko pride vsak&#8221;\"}]},{\"@type\":\"WebSite\",\"@id\":\"https:\/\/hudo.com\/si\/#website\",\"url\":\"https:\/\/hudo.com\/si\/\",\"name\":\"Hudo Slovenija\",\"description\":\"Vse novice iz Slovenije in sveta\",\"publisher\":{\"@id\":\"https:\/\/hudo.com\/si\/#organization\"},\"potentialAction\":[{\"@type\":\"SearchAction\",\"target\":{\"@type\":\"EntryPoint\",\"urlTemplate\":\"https:\/\/hudo.com\/si\/?s={search_term_string}\"},\"query-input\":\"required name=search_term_string\"}],\"inLanguage\":\"sl-SI\"},{\"@type\":\"Organization\",\"@id\":\"https:\/\/hudo.com\/si\/#organization\",\"name\":\"VSN Media\",\"url\":\"https:\/\/hudo.com\/si\/\",\"logo\":{\"@type\":\"ImageObject\",\"inLanguage\":\"sl-SI\",\"@id\":\"https:\/\/hudo.com\/si\/#\/schema\/logo\/image\/\",\"url\":\"https:\/\/hudo.com\/si\/wp-content\/uploads\/sites\/2\/2021\/03\/hudo-app-2.png\",\"contentUrl\":\"https:\/\/hudo.com\/si\/wp-content\/uploads\/sites\/2\/2021\/03\/hudo-app-2.png\",\"width\":2185,\"height\":2167,\"caption\":\"VSN Media\"},\"image\":{\"@id\":\"https:\/\/hudo.com\/si\/#\/schema\/logo\/image\/\"},\"sameAs\":[\"https:\/\/www.facebook.com\/hudo.si\",\"https:\/\/twitter.com\/hudo_si\"]},{\"@type\":\"Person\",\"@id\":\"https:\/\/hudo.com\/si\/#\/schema\/person\/601cf3379633985b20f7e50f2bb47707\",\"name\":\"hudo\",\"image\":{\"@type\":\"ImageObject\",\"inLanguage\":\"sl-SI\",\"@id\":\"https:\/\/hudo.com\/si\/#\/schema\/person\/image\/\",\"url\":\"https:\/\/secure.gravatar.com\/avatar\/c4ca25fa72cace7a696b52ff5db9e095?s=96&d=mm&r=g\",\"contentUrl\":\"https:\/\/secure.gravatar.com\/avatar\/c4ca25fa72cace7a696b52ff5db9e095?s=96&d=mm&r=g\",\"caption\":\"hudo\"},\"url\":\"https:\/\/hudo.com\/si\/author\/hudo\/\"}]}<\/script>\n<!-- \/ Yoast SEO plugin. -->","yoast_head_json":{"title":"\"K nam v Argo lahko pride vsak\" - Hudo Slovenija","robots":{"index":"index","follow":"follow","max-snippet":"max-snippet:-1","max-image-preview":"max-image-preview:large","max-video-preview":"max-video-preview:-1"},"canonical":"https:\/\/hudo.com\/si\/aktualno\/k-nam-v-argo-lahko-pride-vsak\/","og_locale":"sl_SI","og_type":"article","og_title":"\"K nam v Argo lahko pride vsak\" - Hudo Slovenija","og_description":"Dvajset aktivistov z razli\u010dnih koncev Slovenije se je zbralo v Izoli v podporo uporabnikom Avtonomne cone Argo. Ti so v zadnjem tednu ve\u010dkrat naleteli na policiste v okolici svojega skvota, prej\u0161nji petek pa sta po policijskem obisku dva uporabnika pristala v bolnici. Enega so nato \u010dez no\u010d zadr\u017eali v bolnici na opazovanju, saj ima Izolan med drugim strgano vratno mi\u0161ico in prebito arkado. Uporabniki Arga opisujejo, kako so pred letom dni, ko so prvi\u010d za\u010deli \u010distiti prostor, ven odnesli polno smeti, igel in odvr\u017eenih plo\u010devink. Ve\u010d kot desetletje je prostor propadal in razpadal. Objekti, ki so pod spomeni\u0161kim varstvom, so sedaj vsaj v delu nazaj o\u017eivljeni. Pokrpali so stene, jih sanirali in pobelili. Nekaj sede\u017enih, mizice in omarice so jim prinesli sosedje in soob\u010dani, nekatere kose so na\u0161li na odpadu, nekaj prinesli od doma. Aktivnosti so se za\u010dele bolj na gosto vrstiti letos poleti, ko so organizirali koncerte, razstave... Nekajkrat so pri\u0161li tudi policisti, \u010de\u0161 da so preglasni, a so vsaki\u010d uti\u0161ali glasbo in naslednji dan preverili tudi s sosedi, ki so jim zagotovili, da jih dogajanje ni motilo. \u201cSem, k nam v Argo lahko pride tudi vsak, ki potrebuje topel obrok, tu imamo freeshop, kjer si lahko najdete obla\u010dilo,\u201d na\u0161tevajo uporabniki Arga, ki poudarjajo, da njihov prostor ne dolo\u010data niti starost ne kak\u0161na druga osebna okoli\u0161\u010dina. \u201cArgo je poleti verjetno obiskalo ve\u010d ljudi z razli\u010dnih koncev sveta, kot katerikoli drug kraj v Izoli.\u201d Samoiniciativno so s \u0160vedske in Nem\u010dije pri\u0161li grafiterji, pa popotniki, glasbeniki iz Izraela, prihajajo tudi avstralski glasbeniki... Neprofitni in nekomercialni prostor ponuja tisto, kar v lokalnem okolju manjka, pravijo Argovci. \u201cOd vsakega od teh razli\u010dnih ljudi se kaj nau\u010dimo, vsak pozna druga\u010dno pot do cilja, ki pa nam je skupen,\u201d razlaga eden od 15 rednih sooblikovalcev Arga, ki poudarjajo, da je jih njihov \u010dlan vsak, ki pride, se z njimi podru\u017ei ali tam ustvarja. Z ob\u010dine Izola so sporo\u010dili, da \u017ee leta opozarjajo na neprimern","og_url":"https:\/\/hudo.com\/si\/aktualno\/k-nam-v-argo-lahko-pride-vsak\/","og_site_name":"Hudo Slovenija","article_publisher":"https:\/\/www.facebook.com\/hudo.si","article_published_time":"2016-11-02T12:30:00+00:00","article_modified_time":"2016-11-03T17:20:31+00:00","og_image":[{"width":450,"height":450,"url":"https:\/\/hudo.com\/si\/wp-content\/uploads\/sites\/2\/2016\/11\/IMG_3448-300.jpg","type":"image\/jpeg"}],"author":"hudo","twitter_card":"summary_large_image","twitter_creator":"@hudo_si","twitter_site":"@hudo_si","twitter_misc":{"Written by":"hudo","Est. reading time":"2 minuti"},"schema":{"@context":"https:\/\/schema.org","@graph":[{"@type":"Article","@id":"https:\/\/hudo.com\/si\/aktualno\/k-nam-v-argo-lahko-pride-vsak\/#article","isPartOf":{"@id":"https:\/\/hudo.com\/si\/aktualno\/k-nam-v-argo-lahko-pride-vsak\/"},"author":{"name":"hudo","@id":"https:\/\/hudo.com\/si\/#\/schema\/person\/601cf3379633985b20f7e50f2bb47707"},"headline":"&#8220;K nam v Argo lahko pride vsak&#8221;","datePublished":"2016-11-02T12:30:00+00:00","dateModified":"2016-11-03T17:20:31+00:00","mainEntityOfPage":{"@id":"https:\/\/hudo.com\/si\/aktualno\/k-nam-v-argo-lahko-pride-vsak\/"},"wordCount":355,"publisher":{"@id":"https:\/\/hudo.com\/si\/#organization"},"articleSection":["Aktualno"],"inLanguage":"sl-SI"},{"@type":"WebPage","@id":"https:\/\/hudo.com\/si\/aktualno\/k-nam-v-argo-lahko-pride-vsak\/","url":"https:\/\/hudo.com\/si\/aktualno\/k-nam-v-argo-lahko-pride-vsak\/","name":"\"K nam v Argo lahko pride vsak\" - Hudo Slovenija","isPartOf":{"@id":"https:\/\/hudo.com\/si\/#website"},"datePublished":"2016-11-02T12:30:00+00:00","dateModified":"2016-11-03T17:20:31+00:00","breadcrumb":{"@id":"https:\/\/hudo.com\/si\/aktualno\/k-nam-v-argo-lahko-pride-vsak\/#breadcrumb"},"inLanguage":"sl-SI","potentialAction":[{"@type":"ReadAction","target":["https:\/\/hudo.com\/si\/aktualno\/k-nam-v-argo-lahko-pride-vsak\/"]}]},{"@type":"BreadcrumbList","@id":"https:\/\/hudo.com\/si\/aktualno\/k-nam-v-argo-lahko-pride-vsak\/#breadcrumb","itemListElement":[{"@type":"ListItem","position":1,"name":"Home","item":"https:\/\/hudo.com\/si\/"},{"@type":"ListItem","position":2,"name":"&#8220;K nam v Argo lahko pride vsak&#8221;"}]},{"@type":"WebSite","@id":"https:\/\/hudo.com\/si\/#website","url":"https:\/\/hudo.com\/si\/","name":"Hudo Slovenija","description":"Vse novice iz Slovenije in sveta","publisher":{"@id":"https:\/\/hudo.com\/si\/#organization"},"potentialAction":[{"@type":"SearchAction","target":{"@type":"EntryPoint","urlTemplate":"https:\/\/hudo.com\/si\/?s={search_term_string}"},"query-input":"required name=search_term_string"}],"inLanguage":"sl-SI"},{"@type":"Organization","@id":"https:\/\/hudo.com\/si\/#organization","name":"VSN Media","url":"https:\/\/hudo.com\/si\/","logo":{"@type":"ImageObject","inLanguage":"sl-SI","@id":"https:\/\/hudo.com\/si\/#\/schema\/logo\/image\/","url":"https:\/\/hudo.com\/si\/wp-content\/uploads\/sites\/2\/2021\/03\/hudo-app-2.png","contentUrl":"https:\/\/hudo.com\/si\/wp-content\/uploads\/sites\/2\/2021\/03\/hudo-app-2.png","width":2185,"height":2167,"caption":"VSN Media"},"image":{"@id":"https:\/\/hudo.com\/si\/#\/schema\/logo\/image\/"},"sameAs":["https:\/\/www.facebook.com\/hudo.si","https:\/\/twitter.com\/hudo_si"]},{"@type":"Person","@id":"https:\/\/hudo.com\/si\/#\/schema\/person\/601cf3379633985b20f7e50f2bb47707","name":"hudo","image":{"@type":"ImageObject","inLanguage":"sl-SI","@id":"https:\/\/hudo.com\/si\/#\/schema\/person\/image\/","url":"https:\/\/secure.gravatar.com\/avatar\/c4ca25fa72cace7a696b52ff5db9e095?s=96&d=mm&r=g","contentUrl":"https:\/\/secure.gravatar.com\/avatar\/c4ca25fa72cace7a696b52ff5db9e095?s=96&d=mm&r=g","caption":"hudo"},"url":"https:\/\/hudo.com\/si\/author\/hudo\/"}]}},"amp_enabled":true,"_links":{"self":[{"href":"https:\/\/hudo.com\/si\/wp-json\/wp\/v2\/posts\/166020"}],"collection":[{"href":"https:\/\/hudo.com\/si\/wp-json\/wp\/v2\/posts"}],"about":[{"href":"https:\/\/hudo.com\/si\/wp-json\/wp\/v2\/types\/post"}],"author":[{"embeddable":true,"href":"https:\/\/hudo.com\/si\/wp-json\/wp\/v2\/users\/1"}],"replies":[{"embeddable":true,"href":"https:\/\/hudo.com\/si\/wp-json\/wp\/v2\/comments?post=166020"}],"version-history":[{"count":2,"href":"https:\/\/hudo.com\/si\/wp-json\/wp\/v2\/posts\/166020\/revisions"}],"predecessor-version":[{"id":166727,"href":"https:\/\/hudo.com\/si\/wp-json\/wp\/v2\/posts\/166020\/revisions\/166727"}],"wp:attachment":[{"href":"https:\/\/hudo.com\/si\/wp-json\/wp\/v2\/media?parent=166020"}],"wp:term":[{"taxonomy":"category","embeddable":true,"href":"https:\/\/hudo.com\/si\/wp-json\/wp\/v2\/categories?post=166020"},{"taxonomy":"post_tag","embeddable":true,"href":"https:\/\/hudo.com\/si\/wp-json\/wp\/v2\/tags?post=166020"},{"taxonomy":"source","embeddable":true,"href":"https:\/\/hudo.com\/si\/wp-json\/wp\/v2\/source?post=166020"},{"taxonomy":"supertag","embeddable":true,"href":"https:\/\/hudo.com\/si\/wp-json\/wp\/v2\/supertag?post=166020"}],"curies":[{"name":"wp","href":"https:\/\/api.w.org\/{rel}","templated":true}]}}