{"id":166251,"date":"2016-11-02T05:04:00","date_gmt":"2016-11-02T04:04:00","guid":{"rendered":"http:\/\/hudo.com\/si\/2016\/11\/02\/v-domovih-za-starejse-spet-daljse-cakalne-dobe\/"},"modified":"2016-11-04T13:46:56","modified_gmt":"2016-11-04T12:46:56","slug":"v-domovih-za-starejse-spet-daljse-cakalne-dobe","status":"publish","type":"post","link":"https:\/\/hudo.com\/si\/aktualno\/v-domovih-za-starejse-spet-daljse-cakalne-dobe\/","title":{"rendered":"V domovih za starej\u0161e spet dalj\u0161e \u010dakalne dobe"},"content":{"rendered":"<p>Po letih krize, ko so starej\u0161i dlje ostajali v doma\u010dem okolju tudi zaradi ekonomskih razlogov, pa \u010deprav bi potrebovali domsko oskrbo, je v primorskih domovih za starej\u0161e na prosto mesto spet treba \u010dakati. Za sprejem na oddelke za demenco tudi leto in ve\u010d. \u0160tevilo vlog se namre\u010d pove\u010duje, najbolj prav za varovane oddelke. Zdravstveno stanje starej\u0161ih ob prihodu v dom je vse slab\u0161e oziroma je prav slab\u0161e stanje glavni razlog za sprejem v dom, saj, kot opa\u017eajo v vseh domovih, starej\u0161i v doma\u010dem okolju sicer ostajajo, dokler je mogo\u010de.<\/p>\n","protected":false},"excerpt":{"rendered":"<p>Po letih krize, ko so starej\u0161i dlje ostajali v doma\u010dem okolju tudi zaradi ekonomskih razlogov, pa \u010deprav bi potrebovali domsko oskrbo, je v primorskih domovih za starej\u0161e na prosto mesto spet treba \u010dakati. Za sprejem na oddelke za demenco tudi leto in ve\u010d. \u0160tevilo vlog se namre\u010d pove\u010duje, najbolj prav za varovane oddelke. Zdravstveno stanje starej\u0161ih ob prihodu v dom je vse slab\u0161e oziroma je prav slab\u0161e stanje glavni razlog za sprejem v dom, saj, kot opa\u017eajo v vseh domovih, starej\u0161i v doma\u010dem okolju sicer ostajajo, dokler je mogo\u010de.<\/p>\n","protected":false},"author":1,"featured_media":0,"comment_status":"closed","ping_status":"closed","sticky":false,"template":"","format":"standard","meta":{"footnotes":""},"categories":[1179],"tags":[],"source":[1707],"supertag":[],"acf":[],"yoast_head":"<!-- This site is optimized with the Yoast SEO plugin v21.3 - https:\/\/yoast.com\/wordpress\/plugins\/seo\/ -->\n<title>V domovih za starej\u0161e spet dalj\u0161e \u010dakalne dobe - Hudo Slovenija<\/title>\n<meta name=\"robots\" content=\"index, follow, max-snippet:-1, max-image-preview:large, max-video-preview:-1\" \/>\n<link rel=\"canonical\" href=\"https:\/\/hudo.com\/si\/aktualno\/v-domovih-za-starejse-spet-daljse-cakalne-dobe\/\" \/>\n<meta property=\"og:locale\" content=\"sl_SI\" \/>\n<meta property=\"og:type\" content=\"article\" \/>\n<meta property=\"og:title\" content=\"V domovih za starej\u0161e spet dalj\u0161e \u010dakalne dobe - Hudo Slovenija\" \/>\n<meta property=\"og:description\" content=\"Po letih krize, ko so starej\u0161i dlje ostajali v doma\u010dem okolju tudi zaradi ekonomskih razlogov, pa \u010deprav bi potrebovali domsko oskrbo, je v primorskih domovih za starej\u0161e na prosto mesto spet treba \u010dakati. Za sprejem na oddelke za demenco tudi leto in ve\u010d. \u0160tevilo vlog se namre\u010d pove\u010duje, najbolj prav za varovane oddelke. Zdravstveno stanje starej\u0161ih ob prihodu v dom je vse slab\u0161e oziroma je prav slab\u0161e stanje glavni razlog za sprejem v dom, saj, kot opa\u017eajo v vseh domovih, starej\u0161i v doma\u010dem okolju sicer ostajajo, dokler je mogo\u010de.\" \/>\n<meta property=\"og:url\" content=\"https:\/\/hudo.com\/si\/aktualno\/v-domovih-za-starejse-spet-daljse-cakalne-dobe\/\" \/>\n<meta property=\"og:site_name\" content=\"Hudo Slovenija\" \/>\n<meta property=\"article:publisher\" content=\"https:\/\/www.facebook.com\/hudo.si\" \/>\n<meta property=\"article:published_time\" content=\"2016-11-02T04:04:00+00:00\" \/>\n<meta property=\"article:modified_time\" content=\"2016-11-04T12:46:56+00:00\" \/>\n<meta property=\"og:image\" content=\"https:\/\/hudo.com\/si\/wp-content\/uploads\/sites\/2\/2016\/11\/254-dom_koper.jpg\" \/>\n\t<meta property=\"og:image:width\" content=\"620\" \/>\n\t<meta property=\"og:image:height\" content=\"419\" \/>\n\t<meta property=\"og:image:type\" content=\"image\/jpeg\" \/>\n<meta name=\"author\" content=\"hudo\" \/>\n<meta name=\"twitter:card\" content=\"summary_large_image\" \/>\n<meta name=\"twitter:creator\" content=\"@hudo_si\" \/>\n<meta name=\"twitter:site\" content=\"@hudo_si\" \/>\n<meta name=\"twitter:label1\" content=\"Written by\" \/>\n\t<meta name=\"twitter:data1\" content=\"hudo\" \/>\n\t<meta name=\"twitter:label2\" content=\"Est. reading time\" \/>\n\t<meta name=\"twitter:data2\" content=\"1 minuta\" \/>\n<script type=\"application\/ld+json\" class=\"yoast-schema-graph\">{\"@context\":\"https:\/\/schema.org\",\"@graph\":[{\"@type\":\"Article\",\"@id\":\"https:\/\/hudo.com\/si\/aktualno\/v-domovih-za-starejse-spet-daljse-cakalne-dobe\/#article\",\"isPartOf\":{\"@id\":\"https:\/\/hudo.com\/si\/aktualno\/v-domovih-za-starejse-spet-daljse-cakalne-dobe\/\"},\"author\":{\"name\":\"hudo\",\"@id\":\"https:\/\/hudo.com\/si\/#\/schema\/person\/601cf3379633985b20f7e50f2bb47707\"},\"headline\":\"V domovih za starej\u0161e spet dalj\u0161e \u010dakalne dobe\",\"datePublished\":\"2016-11-02T04:04:00+00:00\",\"dateModified\":\"2016-11-04T12:46:56+00:00\",\"mainEntityOfPage\":{\"@id\":\"https:\/\/hudo.com\/si\/aktualno\/v-domovih-za-starejse-spet-daljse-cakalne-dobe\/\"},\"wordCount\":110,\"publisher\":{\"@id\":\"https:\/\/hudo.com\/si\/#organization\"},\"articleSection\":[\"Aktualno\"],\"inLanguage\":\"sl-SI\"},{\"@type\":\"WebPage\",\"@id\":\"https:\/\/hudo.com\/si\/aktualno\/v-domovih-za-starejse-spet-daljse-cakalne-dobe\/\",\"url\":\"https:\/\/hudo.com\/si\/aktualno\/v-domovih-za-starejse-spet-daljse-cakalne-dobe\/\",\"name\":\"V domovih za starej\u0161e spet dalj\u0161e \u010dakalne dobe - Hudo Slovenija\",\"isPartOf\":{\"@id\":\"https:\/\/hudo.com\/si\/#website\"},\"datePublished\":\"2016-11-02T04:04:00+00:00\",\"dateModified\":\"2016-11-04T12:46:56+00:00\",\"breadcrumb\":{\"@id\":\"https:\/\/hudo.com\/si\/aktualno\/v-domovih-za-starejse-spet-daljse-cakalne-dobe\/#breadcrumb\"},\"inLanguage\":\"sl-SI\",\"potentialAction\":[{\"@type\":\"ReadAction\",\"target\":[\"https:\/\/hudo.com\/si\/aktualno\/v-domovih-za-starejse-spet-daljse-cakalne-dobe\/\"]}]},{\"@type\":\"BreadcrumbList\",\"@id\":\"https:\/\/hudo.com\/si\/aktualno\/v-domovih-za-starejse-spet-daljse-cakalne-dobe\/#breadcrumb\",\"itemListElement\":[{\"@type\":\"ListItem\",\"position\":1,\"name\":\"Home\",\"item\":\"https:\/\/hudo.com\/si\/\"},{\"@type\":\"ListItem\",\"position\":2,\"name\":\"V domovih za starej\u0161e spet dalj\u0161e \u010dakalne dobe\"}]},{\"@type\":\"WebSite\",\"@id\":\"https:\/\/hudo.com\/si\/#website\",\"url\":\"https:\/\/hudo.com\/si\/\",\"name\":\"Hudo Slovenija\",\"description\":\"Vse novice iz Slovenije in sveta\",\"publisher\":{\"@id\":\"https:\/\/hudo.com\/si\/#organization\"},\"potentialAction\":[{\"@type\":\"SearchAction\",\"target\":{\"@type\":\"EntryPoint\",\"urlTemplate\":\"https:\/\/hudo.com\/si\/?s={search_term_string}\"},\"query-input\":\"required name=search_term_string\"}],\"inLanguage\":\"sl-SI\"},{\"@type\":\"Organization\",\"@id\":\"https:\/\/hudo.com\/si\/#organization\",\"name\":\"VSN Media\",\"url\":\"https:\/\/hudo.com\/si\/\",\"logo\":{\"@type\":\"ImageObject\",\"inLanguage\":\"sl-SI\",\"@id\":\"https:\/\/hudo.com\/si\/#\/schema\/logo\/image\/\",\"url\":\"https:\/\/hudo.com\/si\/wp-content\/uploads\/sites\/2\/2021\/03\/hudo-app-2.png\",\"contentUrl\":\"https:\/\/hudo.com\/si\/wp-content\/uploads\/sites\/2\/2021\/03\/hudo-app-2.png\",\"width\":2185,\"height\":2167,\"caption\":\"VSN Media\"},\"image\":{\"@id\":\"https:\/\/hudo.com\/si\/#\/schema\/logo\/image\/\"},\"sameAs\":[\"https:\/\/www.facebook.com\/hudo.si\",\"https:\/\/twitter.com\/hudo_si\"]},{\"@type\":\"Person\",\"@id\":\"https:\/\/hudo.com\/si\/#\/schema\/person\/601cf3379633985b20f7e50f2bb47707\",\"name\":\"hudo\",\"image\":{\"@type\":\"ImageObject\",\"inLanguage\":\"sl-SI\",\"@id\":\"https:\/\/hudo.com\/si\/#\/schema\/person\/image\/\",\"url\":\"https:\/\/secure.gravatar.com\/avatar\/c4ca25fa72cace7a696b52ff5db9e095?s=96&d=mm&r=g\",\"contentUrl\":\"https:\/\/secure.gravatar.com\/avatar\/c4ca25fa72cace7a696b52ff5db9e095?s=96&d=mm&r=g\",\"caption\":\"hudo\"},\"url\":\"https:\/\/hudo.com\/si\/author\/hudo\/\"}]}<\/script>\n<!-- \/ Yoast SEO plugin. -->","yoast_head_json":{"title":"V domovih za starej\u0161e spet dalj\u0161e \u010dakalne dobe - Hudo Slovenija","robots":{"index":"index","follow":"follow","max-snippet":"max-snippet:-1","max-image-preview":"max-image-preview:large","max-video-preview":"max-video-preview:-1"},"canonical":"https:\/\/hudo.com\/si\/aktualno\/v-domovih-za-starejse-spet-daljse-cakalne-dobe\/","og_locale":"sl_SI","og_type":"article","og_title":"V domovih za starej\u0161e spet dalj\u0161e \u010dakalne dobe - Hudo Slovenija","og_description":"Po letih krize, ko so starej\u0161i dlje ostajali v doma\u010dem okolju tudi zaradi ekonomskih razlogov, pa \u010deprav bi potrebovali domsko oskrbo, je v primorskih domovih za starej\u0161e na prosto mesto spet treba \u010dakati. Za sprejem na oddelke za demenco tudi leto in ve\u010d. \u0160tevilo vlog se namre\u010d pove\u010duje, najbolj prav za varovane oddelke. Zdravstveno stanje starej\u0161ih ob prihodu v dom je vse slab\u0161e oziroma je prav slab\u0161e stanje glavni razlog za sprejem v dom, saj, kot opa\u017eajo v vseh domovih, starej\u0161i v doma\u010dem okolju sicer ostajajo, dokler je mogo\u010de.","og_url":"https:\/\/hudo.com\/si\/aktualno\/v-domovih-za-starejse-spet-daljse-cakalne-dobe\/","og_site_name":"Hudo Slovenija","article_publisher":"https:\/\/www.facebook.com\/hudo.si","article_published_time":"2016-11-02T04:04:00+00:00","article_modified_time":"2016-11-04T12:46:56+00:00","og_image":[{"width":620,"height":419,"url":"https:\/\/hudo.com\/si\/wp-content\/uploads\/sites\/2\/2016\/11\/254-dom_koper.jpg","type":"image\/jpeg"}],"author":"hudo","twitter_card":"summary_large_image","twitter_creator":"@hudo_si","twitter_site":"@hudo_si","twitter_misc":{"Written by":"hudo","Est. reading time":"1 minuta"},"schema":{"@context":"https:\/\/schema.org","@graph":[{"@type":"Article","@id":"https:\/\/hudo.com\/si\/aktualno\/v-domovih-za-starejse-spet-daljse-cakalne-dobe\/#article","isPartOf":{"@id":"https:\/\/hudo.com\/si\/aktualno\/v-domovih-za-starejse-spet-daljse-cakalne-dobe\/"},"author":{"name":"hudo","@id":"https:\/\/hudo.com\/si\/#\/schema\/person\/601cf3379633985b20f7e50f2bb47707"},"headline":"V domovih za starej\u0161e spet dalj\u0161e \u010dakalne dobe","datePublished":"2016-11-02T04:04:00+00:00","dateModified":"2016-11-04T12:46:56+00:00","mainEntityOfPage":{"@id":"https:\/\/hudo.com\/si\/aktualno\/v-domovih-za-starejse-spet-daljse-cakalne-dobe\/"},"wordCount":110,"publisher":{"@id":"https:\/\/hudo.com\/si\/#organization"},"articleSection":["Aktualno"],"inLanguage":"sl-SI"},{"@type":"WebPage","@id":"https:\/\/hudo.com\/si\/aktualno\/v-domovih-za-starejse-spet-daljse-cakalne-dobe\/","url":"https:\/\/hudo.com\/si\/aktualno\/v-domovih-za-starejse-spet-daljse-cakalne-dobe\/","name":"V domovih za starej\u0161e spet dalj\u0161e \u010dakalne dobe - Hudo Slovenija","isPartOf":{"@id":"https:\/\/hudo.com\/si\/#website"},"datePublished":"2016-11-02T04:04:00+00:00","dateModified":"2016-11-04T12:46:56+00:00","breadcrumb":{"@id":"https:\/\/hudo.com\/si\/aktualno\/v-domovih-za-starejse-spet-daljse-cakalne-dobe\/#breadcrumb"},"inLanguage":"sl-SI","potentialAction":[{"@type":"ReadAction","target":["https:\/\/hudo.com\/si\/aktualno\/v-domovih-za-starejse-spet-daljse-cakalne-dobe\/"]}]},{"@type":"BreadcrumbList","@id":"https:\/\/hudo.com\/si\/aktualno\/v-domovih-za-starejse-spet-daljse-cakalne-dobe\/#breadcrumb","itemListElement":[{"@type":"ListItem","position":1,"name":"Home","item":"https:\/\/hudo.com\/si\/"},{"@type":"ListItem","position":2,"name":"V domovih za starej\u0161e spet dalj\u0161e \u010dakalne dobe"}]},{"@type":"WebSite","@id":"https:\/\/hudo.com\/si\/#website","url":"https:\/\/hudo.com\/si\/","name":"Hudo Slovenija","description":"Vse novice iz Slovenije in sveta","publisher":{"@id":"https:\/\/hudo.com\/si\/#organization"},"potentialAction":[{"@type":"SearchAction","target":{"@type":"EntryPoint","urlTemplate":"https:\/\/hudo.com\/si\/?s={search_term_string}"},"query-input":"required name=search_term_string"}],"inLanguage":"sl-SI"},{"@type":"Organization","@id":"https:\/\/hudo.com\/si\/#organization","name":"VSN Media","url":"https:\/\/hudo.com\/si\/","logo":{"@type":"ImageObject","inLanguage":"sl-SI","@id":"https:\/\/hudo.com\/si\/#\/schema\/logo\/image\/","url":"https:\/\/hudo.com\/si\/wp-content\/uploads\/sites\/2\/2021\/03\/hudo-app-2.png","contentUrl":"https:\/\/hudo.com\/si\/wp-content\/uploads\/sites\/2\/2021\/03\/hudo-app-2.png","width":2185,"height":2167,"caption":"VSN Media"},"image":{"@id":"https:\/\/hudo.com\/si\/#\/schema\/logo\/image\/"},"sameAs":["https:\/\/www.facebook.com\/hudo.si","https:\/\/twitter.com\/hudo_si"]},{"@type":"Person","@id":"https:\/\/hudo.com\/si\/#\/schema\/person\/601cf3379633985b20f7e50f2bb47707","name":"hudo","image":{"@type":"ImageObject","inLanguage":"sl-SI","@id":"https:\/\/hudo.com\/si\/#\/schema\/person\/image\/","url":"https:\/\/secure.gravatar.com\/avatar\/c4ca25fa72cace7a696b52ff5db9e095?s=96&d=mm&r=g","contentUrl":"https:\/\/secure.gravatar.com\/avatar\/c4ca25fa72cace7a696b52ff5db9e095?s=96&d=mm&r=g","caption":"hudo"},"url":"https:\/\/hudo.com\/si\/author\/hudo\/"}]}},"amp_enabled":true,"_links":{"self":[{"href":"https:\/\/hudo.com\/si\/wp-json\/wp\/v2\/posts\/166251"}],"collection":[{"href":"https:\/\/hudo.com\/si\/wp-json\/wp\/v2\/posts"}],"about":[{"href":"https:\/\/hudo.com\/si\/wp-json\/wp\/v2\/types\/post"}],"author":[{"embeddable":true,"href":"https:\/\/hudo.com\/si\/wp-json\/wp\/v2\/users\/1"}],"replies":[{"embeddable":true,"href":"https:\/\/hudo.com\/si\/wp-json\/wp\/v2\/comments?post=166251"}],"version-history":[{"count":1,"href":"https:\/\/hudo.com\/si\/wp-json\/wp\/v2\/posts\/166251\/revisions"}],"predecessor-version":[{"id":166268,"href":"https:\/\/hudo.com\/si\/wp-json\/wp\/v2\/posts\/166251\/revisions\/166268"}],"wp:attachment":[{"href":"https:\/\/hudo.com\/si\/wp-json\/wp\/v2\/media?parent=166251"}],"wp:term":[{"taxonomy":"category","embeddable":true,"href":"https:\/\/hudo.com\/si\/wp-json\/wp\/v2\/categories?post=166251"},{"taxonomy":"post_tag","embeddable":true,"href":"https:\/\/hudo.com\/si\/wp-json\/wp\/v2\/tags?post=166251"},{"taxonomy":"source","embeddable":true,"href":"https:\/\/hudo.com\/si\/wp-json\/wp\/v2\/source?post=166251"},{"taxonomy":"supertag","embeddable":true,"href":"https:\/\/hudo.com\/si\/wp-json\/wp\/v2\/supertag?post=166251"}],"curies":[{"name":"wp","href":"https:\/\/api.w.org\/{rel}","templated":true}]}}