{"id":166282,"date":"2016-11-02T04:00:22","date_gmt":"2016-11-02T03:00:22","guid":{"rendered":"http:\/\/hudo.com\/si\/2016\/11\/02\/migranti-grdo-lazejo-glede-svoje-starosti\/"},"modified":"2016-11-03T01:52:09","modified_gmt":"2016-11-03T00:52:09","slug":"migranti-grdo-lazejo-glede-svoje-starosti","status":"publish","type":"post","link":"https:\/\/hudo.com\/si\/aktualno\/migranti-grdo-lazejo-glede-svoje-starosti\/","title":{"rendered":"Migranti grdo la\u017eejo glede svoje starosti"},"content":{"rendered":"<p>&#8220;Ne vem to\u010dnega dneva in meseca njegovega rojstva, ampak je moj ne\u010dak in lahko vidim, da je star 16 let,&#8221; je za svojega ne\u010daka dejal britanski rezident po rodu iz Afganistana. Za mladostnika se je sicer izkazalo, da je starej\u0161i, kot je navedel britanskim oblastem, lagali pa naj bi tudi drugi migranti.\u00a0 Britanski mediji poro\u010dajo<\/p>\n","protected":false},"excerpt":{"rendered":"<p>&#8220;Ne vem to\u010dnega dneva in meseca njegovega rojstva, ampak je moj ne\u010dak in lahko vidim, da je star 16 let,&#8221; je za svojega ne\u010daka dejal britanski rezident po rodu iz Afganistana. Za mladostnika se je sicer izkazalo, da je starej\u0161i, kot je navedel britanskim oblastem, lagali pa naj bi tudi drugi migranti.\u00a0 Britanski mediji poro\u010dajo<\/p>\n","protected":false},"author":1,"featured_media":0,"comment_status":"closed","ping_status":"closed","sticky":false,"template":"","format":"standard","meta":{"footnotes":""},"categories":[1179],"tags":[],"source":[1710],"supertag":[],"acf":[],"yoast_head":"<!-- This site is optimized with the Yoast SEO plugin v21.3 - https:\/\/yoast.com\/wordpress\/plugins\/seo\/ -->\n<title>Migranti grdo la\u017eejo glede svoje starosti - Hudo Slovenija<\/title>\n<meta name=\"robots\" content=\"index, follow, max-snippet:-1, max-image-preview:large, max-video-preview:-1\" \/>\n<link rel=\"canonical\" href=\"https:\/\/hudo.com\/si\/aktualno\/migranti-grdo-lazejo-glede-svoje-starosti\/\" \/>\n<meta property=\"og:locale\" content=\"sl_SI\" \/>\n<meta property=\"og:type\" content=\"article\" \/>\n<meta property=\"og:title\" content=\"Migranti grdo la\u017eejo glede svoje starosti - Hudo Slovenija\" \/>\n<meta property=\"og:description\" content=\"&#8220;Ne vem to\u010dnega dneva in meseca njegovega rojstva, ampak je moj ne\u010dak in lahko vidim, da je star 16 let,&#8221; je za svojega ne\u010daka dejal britanski rezident po rodu iz Afganistana. Za mladostnika se je sicer izkazalo, da je starej\u0161i, kot je navedel britanskim oblastem, lagali pa naj bi tudi drugi migranti.\u00a0 Britanski mediji poro\u010dajo\" \/>\n<meta property=\"og:url\" content=\"https:\/\/hudo.com\/si\/aktualno\/migranti-grdo-lazejo-glede-svoje-starosti\/\" \/>\n<meta property=\"og:site_name\" content=\"Hudo Slovenija\" \/>\n<meta property=\"article:publisher\" content=\"https:\/\/www.facebook.com\/hudo.si\" \/>\n<meta property=\"article:published_time\" content=\"2016-11-02T03:00:22+00:00\" \/>\n<meta property=\"article:modified_time\" content=\"2016-11-03T00:52:09+00:00\" \/>\n<meta property=\"og:image\" content=\"https:\/\/hudo.com\/si\/wp-content\/uploads\/sites\/2\/2016\/11\/za-objavo-migranti-grdo-lazejo-glede-svoje-starosti-01.jpg\" \/>\n\t<meta property=\"og:image:width\" content=\"1618\" \/>\n\t<meta property=\"og:image:height\" content=\"1080\" \/>\n\t<meta property=\"og:image:type\" content=\"image\/jpeg\" \/>\n<meta name=\"author\" content=\"hudo\" \/>\n<meta name=\"twitter:card\" content=\"summary_large_image\" \/>\n<meta name=\"twitter:creator\" content=\"@hudo_si\" \/>\n<meta name=\"twitter:site\" content=\"@hudo_si\" \/>\n<meta name=\"twitter:label1\" content=\"Written by\" \/>\n\t<meta name=\"twitter:data1\" content=\"hudo\" \/>\n<script type=\"application\/ld+json\" class=\"yoast-schema-graph\">{\"@context\":\"https:\/\/schema.org\",\"@graph\":[{\"@type\":\"Article\",\"@id\":\"https:\/\/hudo.com\/si\/aktualno\/migranti-grdo-lazejo-glede-svoje-starosti\/#article\",\"isPartOf\":{\"@id\":\"https:\/\/hudo.com\/si\/aktualno\/migranti-grdo-lazejo-glede-svoje-starosti\/\"},\"author\":{\"name\":\"hudo\",\"@id\":\"https:\/\/hudo.com\/si\/#\/schema\/person\/601cf3379633985b20f7e50f2bb47707\"},\"headline\":\"Migranti grdo la\u017eejo glede svoje starosti\",\"datePublished\":\"2016-11-02T03:00:22+00:00\",\"dateModified\":\"2016-11-03T00:52:09+00:00\",\"mainEntityOfPage\":{\"@id\":\"https:\/\/hudo.com\/si\/aktualno\/migranti-grdo-lazejo-glede-svoje-starosti\/\"},\"wordCount\":66,\"publisher\":{\"@id\":\"https:\/\/hudo.com\/si\/#organization\"},\"articleSection\":[\"Aktualno\"],\"inLanguage\":\"sl-SI\"},{\"@type\":\"WebPage\",\"@id\":\"https:\/\/hudo.com\/si\/aktualno\/migranti-grdo-lazejo-glede-svoje-starosti\/\",\"url\":\"https:\/\/hudo.com\/si\/aktualno\/migranti-grdo-lazejo-glede-svoje-starosti\/\",\"name\":\"Migranti grdo la\u017eejo glede svoje starosti - Hudo Slovenija\",\"isPartOf\":{\"@id\":\"https:\/\/hudo.com\/si\/#website\"},\"datePublished\":\"2016-11-02T03:00:22+00:00\",\"dateModified\":\"2016-11-03T00:52:09+00:00\",\"breadcrumb\":{\"@id\":\"https:\/\/hudo.com\/si\/aktualno\/migranti-grdo-lazejo-glede-svoje-starosti\/#breadcrumb\"},\"inLanguage\":\"sl-SI\",\"potentialAction\":[{\"@type\":\"ReadAction\",\"target\":[\"https:\/\/hudo.com\/si\/aktualno\/migranti-grdo-lazejo-glede-svoje-starosti\/\"]}]},{\"@type\":\"BreadcrumbList\",\"@id\":\"https:\/\/hudo.com\/si\/aktualno\/migranti-grdo-lazejo-glede-svoje-starosti\/#breadcrumb\",\"itemListElement\":[{\"@type\":\"ListItem\",\"position\":1,\"name\":\"Home\",\"item\":\"https:\/\/hudo.com\/si\/\"},{\"@type\":\"ListItem\",\"position\":2,\"name\":\"Migranti grdo la\u017eejo glede svoje starosti\"}]},{\"@type\":\"WebSite\",\"@id\":\"https:\/\/hudo.com\/si\/#website\",\"url\":\"https:\/\/hudo.com\/si\/\",\"name\":\"Hudo Slovenija\",\"description\":\"Vse novice iz Slovenije in sveta\",\"publisher\":{\"@id\":\"https:\/\/hudo.com\/si\/#organization\"},\"potentialAction\":[{\"@type\":\"SearchAction\",\"target\":{\"@type\":\"EntryPoint\",\"urlTemplate\":\"https:\/\/hudo.com\/si\/?s={search_term_string}\"},\"query-input\":\"required name=search_term_string\"}],\"inLanguage\":\"sl-SI\"},{\"@type\":\"Organization\",\"@id\":\"https:\/\/hudo.com\/si\/#organization\",\"name\":\"VSN Media\",\"url\":\"https:\/\/hudo.com\/si\/\",\"logo\":{\"@type\":\"ImageObject\",\"inLanguage\":\"sl-SI\",\"@id\":\"https:\/\/hudo.com\/si\/#\/schema\/logo\/image\/\",\"url\":\"https:\/\/hudo.com\/si\/wp-content\/uploads\/sites\/2\/2021\/03\/hudo-app-2.png\",\"contentUrl\":\"https:\/\/hudo.com\/si\/wp-content\/uploads\/sites\/2\/2021\/03\/hudo-app-2.png\",\"width\":2185,\"height\":2167,\"caption\":\"VSN Media\"},\"image\":{\"@id\":\"https:\/\/hudo.com\/si\/#\/schema\/logo\/image\/\"},\"sameAs\":[\"https:\/\/www.facebook.com\/hudo.si\",\"https:\/\/twitter.com\/hudo_si\"]},{\"@type\":\"Person\",\"@id\":\"https:\/\/hudo.com\/si\/#\/schema\/person\/601cf3379633985b20f7e50f2bb47707\",\"name\":\"hudo\",\"image\":{\"@type\":\"ImageObject\",\"inLanguage\":\"sl-SI\",\"@id\":\"https:\/\/hudo.com\/si\/#\/schema\/person\/image\/\",\"url\":\"https:\/\/secure.gravatar.com\/avatar\/c4ca25fa72cace7a696b52ff5db9e095?s=96&d=mm&r=g\",\"contentUrl\":\"https:\/\/secure.gravatar.com\/avatar\/c4ca25fa72cace7a696b52ff5db9e095?s=96&d=mm&r=g\",\"caption\":\"hudo\"},\"url\":\"https:\/\/hudo.com\/si\/author\/hudo\/\"}]}<\/script>\n<!-- \/ Yoast SEO plugin. -->","yoast_head_json":{"title":"Migranti grdo la\u017eejo glede svoje starosti - Hudo Slovenija","robots":{"index":"index","follow":"follow","max-snippet":"max-snippet:-1","max-image-preview":"max-image-preview:large","max-video-preview":"max-video-preview:-1"},"canonical":"https:\/\/hudo.com\/si\/aktualno\/migranti-grdo-lazejo-glede-svoje-starosti\/","og_locale":"sl_SI","og_type":"article","og_title":"Migranti grdo la\u017eejo glede svoje starosti - Hudo Slovenija","og_description":"&#8220;Ne vem to\u010dnega dneva in meseca njegovega rojstva, ampak je moj ne\u010dak in lahko vidim, da je star 16 let,&#8221; je za svojega ne\u010daka dejal britanski rezident po rodu iz Afganistana. Za mladostnika se je sicer izkazalo, da je starej\u0161i, kot je navedel britanskim oblastem, lagali pa naj bi tudi drugi migranti.\u00a0 Britanski mediji poro\u010dajo","og_url":"https:\/\/hudo.com\/si\/aktualno\/migranti-grdo-lazejo-glede-svoje-starosti\/","og_site_name":"Hudo Slovenija","article_publisher":"https:\/\/www.facebook.com\/hudo.si","article_published_time":"2016-11-02T03:00:22+00:00","article_modified_time":"2016-11-03T00:52:09+00:00","og_image":[{"width":1618,"height":1080,"url":"https:\/\/hudo.com\/si\/wp-content\/uploads\/sites\/2\/2016\/11\/za-objavo-migranti-grdo-lazejo-glede-svoje-starosti-01.jpg","type":"image\/jpeg"}],"author":"hudo","twitter_card":"summary_large_image","twitter_creator":"@hudo_si","twitter_site":"@hudo_si","twitter_misc":{"Written by":"hudo"},"schema":{"@context":"https:\/\/schema.org","@graph":[{"@type":"Article","@id":"https:\/\/hudo.com\/si\/aktualno\/migranti-grdo-lazejo-glede-svoje-starosti\/#article","isPartOf":{"@id":"https:\/\/hudo.com\/si\/aktualno\/migranti-grdo-lazejo-glede-svoje-starosti\/"},"author":{"name":"hudo","@id":"https:\/\/hudo.com\/si\/#\/schema\/person\/601cf3379633985b20f7e50f2bb47707"},"headline":"Migranti grdo la\u017eejo glede svoje starosti","datePublished":"2016-11-02T03:00:22+00:00","dateModified":"2016-11-03T00:52:09+00:00","mainEntityOfPage":{"@id":"https:\/\/hudo.com\/si\/aktualno\/migranti-grdo-lazejo-glede-svoje-starosti\/"},"wordCount":66,"publisher":{"@id":"https:\/\/hudo.com\/si\/#organization"},"articleSection":["Aktualno"],"inLanguage":"sl-SI"},{"@type":"WebPage","@id":"https:\/\/hudo.com\/si\/aktualno\/migranti-grdo-lazejo-glede-svoje-starosti\/","url":"https:\/\/hudo.com\/si\/aktualno\/migranti-grdo-lazejo-glede-svoje-starosti\/","name":"Migranti grdo la\u017eejo glede svoje starosti - Hudo Slovenija","isPartOf":{"@id":"https:\/\/hudo.com\/si\/#website"},"datePublished":"2016-11-02T03:00:22+00:00","dateModified":"2016-11-03T00:52:09+00:00","breadcrumb":{"@id":"https:\/\/hudo.com\/si\/aktualno\/migranti-grdo-lazejo-glede-svoje-starosti\/#breadcrumb"},"inLanguage":"sl-SI","potentialAction":[{"@type":"ReadAction","target":["https:\/\/hudo.com\/si\/aktualno\/migranti-grdo-lazejo-glede-svoje-starosti\/"]}]},{"@type":"BreadcrumbList","@id":"https:\/\/hudo.com\/si\/aktualno\/migranti-grdo-lazejo-glede-svoje-starosti\/#breadcrumb","itemListElement":[{"@type":"ListItem","position":1,"name":"Home","item":"https:\/\/hudo.com\/si\/"},{"@type":"ListItem","position":2,"name":"Migranti grdo la\u017eejo glede svoje starosti"}]},{"@type":"WebSite","@id":"https:\/\/hudo.com\/si\/#website","url":"https:\/\/hudo.com\/si\/","name":"Hudo Slovenija","description":"Vse novice iz Slovenije in sveta","publisher":{"@id":"https:\/\/hudo.com\/si\/#organization"},"potentialAction":[{"@type":"SearchAction","target":{"@type":"EntryPoint","urlTemplate":"https:\/\/hudo.com\/si\/?s={search_term_string}"},"query-input":"required name=search_term_string"}],"inLanguage":"sl-SI"},{"@type":"Organization","@id":"https:\/\/hudo.com\/si\/#organization","name":"VSN Media","url":"https:\/\/hudo.com\/si\/","logo":{"@type":"ImageObject","inLanguage":"sl-SI","@id":"https:\/\/hudo.com\/si\/#\/schema\/logo\/image\/","url":"https:\/\/hudo.com\/si\/wp-content\/uploads\/sites\/2\/2021\/03\/hudo-app-2.png","contentUrl":"https:\/\/hudo.com\/si\/wp-content\/uploads\/sites\/2\/2021\/03\/hudo-app-2.png","width":2185,"height":2167,"caption":"VSN Media"},"image":{"@id":"https:\/\/hudo.com\/si\/#\/schema\/logo\/image\/"},"sameAs":["https:\/\/www.facebook.com\/hudo.si","https:\/\/twitter.com\/hudo_si"]},{"@type":"Person","@id":"https:\/\/hudo.com\/si\/#\/schema\/person\/601cf3379633985b20f7e50f2bb47707","name":"hudo","image":{"@type":"ImageObject","inLanguage":"sl-SI","@id":"https:\/\/hudo.com\/si\/#\/schema\/person\/image\/","url":"https:\/\/secure.gravatar.com\/avatar\/c4ca25fa72cace7a696b52ff5db9e095?s=96&d=mm&r=g","contentUrl":"https:\/\/secure.gravatar.com\/avatar\/c4ca25fa72cace7a696b52ff5db9e095?s=96&d=mm&r=g","caption":"hudo"},"url":"https:\/\/hudo.com\/si\/author\/hudo\/"}]}},"amp_enabled":true,"_links":{"self":[{"href":"https:\/\/hudo.com\/si\/wp-json\/wp\/v2\/posts\/166282"}],"collection":[{"href":"https:\/\/hudo.com\/si\/wp-json\/wp\/v2\/posts"}],"about":[{"href":"https:\/\/hudo.com\/si\/wp-json\/wp\/v2\/types\/post"}],"author":[{"embeddable":true,"href":"https:\/\/hudo.com\/si\/wp-json\/wp\/v2\/users\/1"}],"replies":[{"embeddable":true,"href":"https:\/\/hudo.com\/si\/wp-json\/wp\/v2\/comments?post=166282"}],"version-history":[{"count":1,"href":"https:\/\/hudo.com\/si\/wp-json\/wp\/v2\/posts\/166282\/revisions"}],"predecessor-version":[{"id":166286,"href":"https:\/\/hudo.com\/si\/wp-json\/wp\/v2\/posts\/166282\/revisions\/166286"}],"wp:attachment":[{"href":"https:\/\/hudo.com\/si\/wp-json\/wp\/v2\/media?parent=166282"}],"wp:term":[{"taxonomy":"category","embeddable":true,"href":"https:\/\/hudo.com\/si\/wp-json\/wp\/v2\/categories?post=166282"},{"taxonomy":"post_tag","embeddable":true,"href":"https:\/\/hudo.com\/si\/wp-json\/wp\/v2\/tags?post=166282"},{"taxonomy":"source","embeddable":true,"href":"https:\/\/hudo.com\/si\/wp-json\/wp\/v2\/source?post=166282"},{"taxonomy":"supertag","embeddable":true,"href":"https:\/\/hudo.com\/si\/wp-json\/wp\/v2\/supertag?post=166282"}],"curies":[{"name":"wp","href":"https:\/\/api.w.org\/{rel}","templated":true}]}}