{"id":167075,"date":"2016-11-03T09:30:00","date_gmt":"2016-11-03T08:30:00","guid":{"rendered":"http:\/\/hudo.com\/si\/2016\/11\/03\/zgodba-kurdske-begunke-globalna-uspesnica\/"},"modified":"2016-11-03T09:30:00","modified_gmt":"2016-11-03T08:30:00","slug":"zgodba-kurdske-begunke-globalna-uspesnica","status":"publish","type":"post","link":"https:\/\/hudo.com\/si\/aktualno\/zgodba-kurdske-begunke-globalna-uspesnica\/","title":{"rendered":"Zgodba kurdske begunke globalna uspe\u0161nica"},"content":{"rendered":"<p>Kategorija: Knjiga Thu, 03 Nov 2016 10:30:00 +0100  Ena od zvezd nedavnega\u00ad frank\u00adfurtskega knji\u017enega sejma\u00ad je bila najstnica iz kurdske \u00addru\u017eine v Siriji Nud\u017ein Mustafa.\u00ad Na invalidskem vozi\u010dku\u00ad se je odpravila iz Alepa na pettiso\u010d\u00adkilometrsko potovanje v \u00adsvobodo, v Nem\u010dijo. Knjiga o \u00adnjenem potovanju je svetovna uspe\u0161nica.\u00bbPredstavljajte si, da ste stari \u0161estnajst let in se bojite, da boste vsak hip umrli ali izgubili najdra\u017eje. To je grozljivka. Iz Sirije se skoraj ne spominjam drugega kot strahu pred bombardiranjem. Ko smo imeli elektriko in sem lahko gledala televizijo, sem pove\u010dala glasnost, da je program preglasil zvok streljanja.\u00ab To na novega leta dan govori leta 1999 rojeno dekle, ki jo je cerebralna paraliza ob prezgodnjem rojstvu prikraj\u0161ala za marsikaj. Nud\u017ein Mustafa, najmlaj\u0161a v enajst\u010dlanski kurdski dru\u017eini, ne more hoditi, od rojstva je na invalidskem vozi\u010dku. V Siriji ni imela pogojev\u00a0&#8230;<\/p>\n","protected":false},"excerpt":{"rendered":"<p>Kategorija: Knjiga Thu, 03 Nov 2016 10:30:00 +0100  Ena od zvezd nedavnega\u00ad frank\u00adfurtskega knji\u017enega sejma\u00ad je bila najstnica iz kurdske \u00addru\u017eine v Siriji Nud\u017ein Mustafa.\u00ad Na invalidskem vozi\u010dku\u00ad se je odpravila iz Alepa na pettiso\u010d\u00adkilometrsko potovanje v \u00adsvobodo, v Nem\u010dijo. Knjiga o \u00adnjenem potovanju je svetovna uspe\u0161nica.\u00bbPredstavljajte si, da ste stari \u0161estnajst let in se bojite, da boste vsak hip umrli ali izgubili najdra\u017eje. To je grozljivka. Iz Sirije se skoraj ne spominjam drugega kot strahu pred bombardiranjem. Ko smo imeli elektriko in sem lahko gledala televizijo, sem pove\u010dala glasnost, da je program preglasil zvok streljanja.\u00ab To na novega leta dan govori leta 1999 rojeno dekle, ki jo je cerebralna paraliza ob prezgodnjem rojstvu prikraj\u0161ala za marsikaj. Nud\u017ein Mustafa, najmlaj\u0161a v enajst\u010dlanski kurdski dru\u017eini, ne more hoditi, od rojstva je na invalidskem vozi\u010dku. V Siriji ni imela pogojev\u00a0&#8230;<\/p>\n","protected":false},"author":1,"featured_media":0,"comment_status":"closed","ping_status":"closed","sticky":false,"template":"","format":"standard","meta":{"footnotes":""},"categories":[1179],"tags":[],"source":[1703],"supertag":[],"acf":[],"yoast_head":"<!-- This site is optimized with the Yoast SEO plugin v21.3 - https:\/\/yoast.com\/wordpress\/plugins\/seo\/ -->\n<title>Zgodba kurdske begunke globalna uspe\u0161nica - Hudo Slovenija<\/title>\n<meta name=\"robots\" content=\"index, follow, max-snippet:-1, max-image-preview:large, max-video-preview:-1\" \/>\n<link rel=\"canonical\" href=\"https:\/\/hudo.com\/si\/aktualno\/zgodba-kurdske-begunke-globalna-uspesnica\/\" \/>\n<meta property=\"og:locale\" content=\"sl_SI\" \/>\n<meta property=\"og:type\" content=\"article\" \/>\n<meta property=\"og:title\" content=\"Zgodba kurdske begunke globalna uspe\u0161nica - Hudo Slovenija\" \/>\n<meta property=\"og:description\" content=\"Kategorija: Knjiga Thu, 03 Nov 2016 10:30:00 +0100 Ena od zvezd nedavnega\u00ad frank\u00adfurtskega knji\u017enega sejma\u00ad je bila najstnica iz kurdske \u00addru\u017eine v Siriji Nud\u017ein Mustafa.\u00ad Na invalidskem vozi\u010dku\u00ad se je odpravila iz Alepa na pettiso\u010d\u00adkilometrsko potovanje v \u00adsvobodo, v Nem\u010dijo. Knjiga o \u00adnjenem potovanju je svetovna uspe\u0161nica.\u00bbPredstavljajte si, da ste stari \u0161estnajst let in se bojite, da boste vsak hip umrli ali izgubili najdra\u017eje. To je grozljivka. Iz Sirije se skoraj ne spominjam drugega kot strahu pred bombardiranjem. Ko smo imeli elektriko in sem lahko gledala televizijo, sem pove\u010dala glasnost, da je program preglasil zvok streljanja.\u00ab To na novega leta dan govori leta 1999 rojeno dekle, ki jo je cerebralna paraliza ob prezgodnjem rojstvu prikraj\u0161ala za marsikaj. Nud\u017ein Mustafa, najmlaj\u0161a v enajst\u010dlanski kurdski dru\u017eini, ne more hoditi, od rojstva je na invalidskem vozi\u010dku. V Siriji ni imela pogojev\u00a0...\" \/>\n<meta property=\"og:url\" content=\"https:\/\/hudo.com\/si\/aktualno\/zgodba-kurdske-begunke-globalna-uspesnica\/\" \/>\n<meta property=\"og:site_name\" content=\"Hudo Slovenija\" \/>\n<meta property=\"article:publisher\" content=\"https:\/\/www.facebook.com\/hudo.si\" \/>\n<meta property=\"article:published_time\" content=\"2016-11-03T08:30:00+00:00\" \/>\n<meta property=\"og:image\" content=\"https:\/\/hudo.com\/si\/wp-content\/uploads\/sites\/2\/2016\/11\/480x290_3000.jpeg\" \/>\n\t<meta property=\"og:image:width\" content=\"480\" \/>\n\t<meta property=\"og:image:height\" content=\"290\" \/>\n\t<meta property=\"og:image:type\" content=\"image\/jpeg\" \/>\n<meta name=\"author\" content=\"hudo\" \/>\n<meta name=\"twitter:card\" content=\"summary_large_image\" \/>\n<meta name=\"twitter:creator\" content=\"@hudo_si\" \/>\n<meta name=\"twitter:site\" content=\"@hudo_si\" \/>\n<meta name=\"twitter:label1\" content=\"Written by\" \/>\n\t<meta name=\"twitter:data1\" content=\"hudo\" \/>\n\t<meta name=\"twitter:label2\" content=\"Est. reading time\" \/>\n\t<meta name=\"twitter:data2\" content=\"1 minuta\" \/>\n<script type=\"application\/ld+json\" class=\"yoast-schema-graph\">{\"@context\":\"https:\/\/schema.org\",\"@graph\":[{\"@type\":\"Article\",\"@id\":\"https:\/\/hudo.com\/si\/aktualno\/zgodba-kurdske-begunke-globalna-uspesnica\/#article\",\"isPartOf\":{\"@id\":\"https:\/\/hudo.com\/si\/aktualno\/zgodba-kurdske-begunke-globalna-uspesnica\/\"},\"author\":{\"name\":\"hudo\",\"@id\":\"https:\/\/hudo.com\/si\/#\/schema\/person\/601cf3379633985b20f7e50f2bb47707\"},\"headline\":\"Zgodba kurdske begunke globalna uspe\u0161nica\",\"datePublished\":\"2016-11-03T08:30:00+00:00\",\"dateModified\":\"2016-11-03T08:30:00+00:00\",\"mainEntityOfPage\":{\"@id\":\"https:\/\/hudo.com\/si\/aktualno\/zgodba-kurdske-begunke-globalna-uspesnica\/\"},\"wordCount\":156,\"publisher\":{\"@id\":\"https:\/\/hudo.com\/si\/#organization\"},\"articleSection\":[\"Aktualno\"],\"inLanguage\":\"sl-SI\"},{\"@type\":\"WebPage\",\"@id\":\"https:\/\/hudo.com\/si\/aktualno\/zgodba-kurdske-begunke-globalna-uspesnica\/\",\"url\":\"https:\/\/hudo.com\/si\/aktualno\/zgodba-kurdske-begunke-globalna-uspesnica\/\",\"name\":\"Zgodba kurdske begunke globalna uspe\u0161nica - Hudo Slovenija\",\"isPartOf\":{\"@id\":\"https:\/\/hudo.com\/si\/#website\"},\"datePublished\":\"2016-11-03T08:30:00+00:00\",\"dateModified\":\"2016-11-03T08:30:00+00:00\",\"breadcrumb\":{\"@id\":\"https:\/\/hudo.com\/si\/aktualno\/zgodba-kurdske-begunke-globalna-uspesnica\/#breadcrumb\"},\"inLanguage\":\"sl-SI\",\"potentialAction\":[{\"@type\":\"ReadAction\",\"target\":[\"https:\/\/hudo.com\/si\/aktualno\/zgodba-kurdske-begunke-globalna-uspesnica\/\"]}]},{\"@type\":\"BreadcrumbList\",\"@id\":\"https:\/\/hudo.com\/si\/aktualno\/zgodba-kurdske-begunke-globalna-uspesnica\/#breadcrumb\",\"itemListElement\":[{\"@type\":\"ListItem\",\"position\":1,\"name\":\"Home\",\"item\":\"https:\/\/hudo.com\/si\/\"},{\"@type\":\"ListItem\",\"position\":2,\"name\":\"Zgodba kurdske begunke globalna uspe\u0161nica\"}]},{\"@type\":\"WebSite\",\"@id\":\"https:\/\/hudo.com\/si\/#website\",\"url\":\"https:\/\/hudo.com\/si\/\",\"name\":\"Hudo Slovenija\",\"description\":\"Vse novice iz Slovenije in sveta\",\"publisher\":{\"@id\":\"https:\/\/hudo.com\/si\/#organization\"},\"potentialAction\":[{\"@type\":\"SearchAction\",\"target\":{\"@type\":\"EntryPoint\",\"urlTemplate\":\"https:\/\/hudo.com\/si\/?s={search_term_string}\"},\"query-input\":\"required name=search_term_string\"}],\"inLanguage\":\"sl-SI\"},{\"@type\":\"Organization\",\"@id\":\"https:\/\/hudo.com\/si\/#organization\",\"name\":\"VSN Media\",\"url\":\"https:\/\/hudo.com\/si\/\",\"logo\":{\"@type\":\"ImageObject\",\"inLanguage\":\"sl-SI\",\"@id\":\"https:\/\/hudo.com\/si\/#\/schema\/logo\/image\/\",\"url\":\"https:\/\/hudo.com\/si\/wp-content\/uploads\/sites\/2\/2021\/03\/hudo-app-2.png\",\"contentUrl\":\"https:\/\/hudo.com\/si\/wp-content\/uploads\/sites\/2\/2021\/03\/hudo-app-2.png\",\"width\":2185,\"height\":2167,\"caption\":\"VSN Media\"},\"image\":{\"@id\":\"https:\/\/hudo.com\/si\/#\/schema\/logo\/image\/\"},\"sameAs\":[\"https:\/\/www.facebook.com\/hudo.si\",\"https:\/\/twitter.com\/hudo_si\"]},{\"@type\":\"Person\",\"@id\":\"https:\/\/hudo.com\/si\/#\/schema\/person\/601cf3379633985b20f7e50f2bb47707\",\"name\":\"hudo\",\"image\":{\"@type\":\"ImageObject\",\"inLanguage\":\"sl-SI\",\"@id\":\"https:\/\/hudo.com\/si\/#\/schema\/person\/image\/\",\"url\":\"https:\/\/secure.gravatar.com\/avatar\/c4ca25fa72cace7a696b52ff5db9e095?s=96&d=mm&r=g\",\"contentUrl\":\"https:\/\/secure.gravatar.com\/avatar\/c4ca25fa72cace7a696b52ff5db9e095?s=96&d=mm&r=g\",\"caption\":\"hudo\"},\"url\":\"https:\/\/hudo.com\/si\/author\/hudo\/\"}]}<\/script>\n<!-- \/ Yoast SEO plugin. -->","yoast_head_json":{"title":"Zgodba kurdske begunke globalna uspe\u0161nica - Hudo Slovenija","robots":{"index":"index","follow":"follow","max-snippet":"max-snippet:-1","max-image-preview":"max-image-preview:large","max-video-preview":"max-video-preview:-1"},"canonical":"https:\/\/hudo.com\/si\/aktualno\/zgodba-kurdske-begunke-globalna-uspesnica\/","og_locale":"sl_SI","og_type":"article","og_title":"Zgodba kurdske begunke globalna uspe\u0161nica - Hudo Slovenija","og_description":"Kategorija: Knjiga Thu, 03 Nov 2016 10:30:00 +0100 Ena od zvezd nedavnega\u00ad frank\u00adfurtskega knji\u017enega sejma\u00ad je bila najstnica iz kurdske \u00addru\u017eine v Siriji Nud\u017ein Mustafa.\u00ad Na invalidskem vozi\u010dku\u00ad se je odpravila iz Alepa na pettiso\u010d\u00adkilometrsko potovanje v \u00adsvobodo, v Nem\u010dijo. Knjiga o \u00adnjenem potovanju je svetovna uspe\u0161nica.\u00bbPredstavljajte si, da ste stari \u0161estnajst let in se bojite, da boste vsak hip umrli ali izgubili najdra\u017eje. To je grozljivka. Iz Sirije se skoraj ne spominjam drugega kot strahu pred bombardiranjem. Ko smo imeli elektriko in sem lahko gledala televizijo, sem pove\u010dala glasnost, da je program preglasil zvok streljanja.\u00ab To na novega leta dan govori leta 1999 rojeno dekle, ki jo je cerebralna paraliza ob prezgodnjem rojstvu prikraj\u0161ala za marsikaj. Nud\u017ein Mustafa, najmlaj\u0161a v enajst\u010dlanski kurdski dru\u017eini, ne more hoditi, od rojstva je na invalidskem vozi\u010dku. V Siriji ni imela pogojev\u00a0...","og_url":"https:\/\/hudo.com\/si\/aktualno\/zgodba-kurdske-begunke-globalna-uspesnica\/","og_site_name":"Hudo Slovenija","article_publisher":"https:\/\/www.facebook.com\/hudo.si","article_published_time":"2016-11-03T08:30:00+00:00","og_image":[{"width":480,"height":290,"url":"https:\/\/hudo.com\/si\/wp-content\/uploads\/sites\/2\/2016\/11\/480x290_3000.jpeg","type":"image\/jpeg"}],"author":"hudo","twitter_card":"summary_large_image","twitter_creator":"@hudo_si","twitter_site":"@hudo_si","twitter_misc":{"Written by":"hudo","Est. reading time":"1 minuta"},"schema":{"@context":"https:\/\/schema.org","@graph":[{"@type":"Article","@id":"https:\/\/hudo.com\/si\/aktualno\/zgodba-kurdske-begunke-globalna-uspesnica\/#article","isPartOf":{"@id":"https:\/\/hudo.com\/si\/aktualno\/zgodba-kurdske-begunke-globalna-uspesnica\/"},"author":{"name":"hudo","@id":"https:\/\/hudo.com\/si\/#\/schema\/person\/601cf3379633985b20f7e50f2bb47707"},"headline":"Zgodba kurdske begunke globalna uspe\u0161nica","datePublished":"2016-11-03T08:30:00+00:00","dateModified":"2016-11-03T08:30:00+00:00","mainEntityOfPage":{"@id":"https:\/\/hudo.com\/si\/aktualno\/zgodba-kurdske-begunke-globalna-uspesnica\/"},"wordCount":156,"publisher":{"@id":"https:\/\/hudo.com\/si\/#organization"},"articleSection":["Aktualno"],"inLanguage":"sl-SI"},{"@type":"WebPage","@id":"https:\/\/hudo.com\/si\/aktualno\/zgodba-kurdske-begunke-globalna-uspesnica\/","url":"https:\/\/hudo.com\/si\/aktualno\/zgodba-kurdske-begunke-globalna-uspesnica\/","name":"Zgodba kurdske begunke globalna uspe\u0161nica - Hudo Slovenija","isPartOf":{"@id":"https:\/\/hudo.com\/si\/#website"},"datePublished":"2016-11-03T08:30:00+00:00","dateModified":"2016-11-03T08:30:00+00:00","breadcrumb":{"@id":"https:\/\/hudo.com\/si\/aktualno\/zgodba-kurdske-begunke-globalna-uspesnica\/#breadcrumb"},"inLanguage":"sl-SI","potentialAction":[{"@type":"ReadAction","target":["https:\/\/hudo.com\/si\/aktualno\/zgodba-kurdske-begunke-globalna-uspesnica\/"]}]},{"@type":"BreadcrumbList","@id":"https:\/\/hudo.com\/si\/aktualno\/zgodba-kurdske-begunke-globalna-uspesnica\/#breadcrumb","itemListElement":[{"@type":"ListItem","position":1,"name":"Home","item":"https:\/\/hudo.com\/si\/"},{"@type":"ListItem","position":2,"name":"Zgodba kurdske begunke globalna uspe\u0161nica"}]},{"@type":"WebSite","@id":"https:\/\/hudo.com\/si\/#website","url":"https:\/\/hudo.com\/si\/","name":"Hudo Slovenija","description":"Vse novice iz Slovenije in sveta","publisher":{"@id":"https:\/\/hudo.com\/si\/#organization"},"potentialAction":[{"@type":"SearchAction","target":{"@type":"EntryPoint","urlTemplate":"https:\/\/hudo.com\/si\/?s={search_term_string}"},"query-input":"required name=search_term_string"}],"inLanguage":"sl-SI"},{"@type":"Organization","@id":"https:\/\/hudo.com\/si\/#organization","name":"VSN Media","url":"https:\/\/hudo.com\/si\/","logo":{"@type":"ImageObject","inLanguage":"sl-SI","@id":"https:\/\/hudo.com\/si\/#\/schema\/logo\/image\/","url":"https:\/\/hudo.com\/si\/wp-content\/uploads\/sites\/2\/2021\/03\/hudo-app-2.png","contentUrl":"https:\/\/hudo.com\/si\/wp-content\/uploads\/sites\/2\/2021\/03\/hudo-app-2.png","width":2185,"height":2167,"caption":"VSN Media"},"image":{"@id":"https:\/\/hudo.com\/si\/#\/schema\/logo\/image\/"},"sameAs":["https:\/\/www.facebook.com\/hudo.si","https:\/\/twitter.com\/hudo_si"]},{"@type":"Person","@id":"https:\/\/hudo.com\/si\/#\/schema\/person\/601cf3379633985b20f7e50f2bb47707","name":"hudo","image":{"@type":"ImageObject","inLanguage":"sl-SI","@id":"https:\/\/hudo.com\/si\/#\/schema\/person\/image\/","url":"https:\/\/secure.gravatar.com\/avatar\/c4ca25fa72cace7a696b52ff5db9e095?s=96&d=mm&r=g","contentUrl":"https:\/\/secure.gravatar.com\/avatar\/c4ca25fa72cace7a696b52ff5db9e095?s=96&d=mm&r=g","caption":"hudo"},"url":"https:\/\/hudo.com\/si\/author\/hudo\/"}]}},"amp_enabled":true,"_links":{"self":[{"href":"https:\/\/hudo.com\/si\/wp-json\/wp\/v2\/posts\/167075"}],"collection":[{"href":"https:\/\/hudo.com\/si\/wp-json\/wp\/v2\/posts"}],"about":[{"href":"https:\/\/hudo.com\/si\/wp-json\/wp\/v2\/types\/post"}],"author":[{"embeddable":true,"href":"https:\/\/hudo.com\/si\/wp-json\/wp\/v2\/users\/1"}],"replies":[{"embeddable":true,"href":"https:\/\/hudo.com\/si\/wp-json\/wp\/v2\/comments?post=167075"}],"version-history":[{"count":0,"href":"https:\/\/hudo.com\/si\/wp-json\/wp\/v2\/posts\/167075\/revisions"}],"wp:attachment":[{"href":"https:\/\/hudo.com\/si\/wp-json\/wp\/v2\/media?parent=167075"}],"wp:term":[{"taxonomy":"category","embeddable":true,"href":"https:\/\/hudo.com\/si\/wp-json\/wp\/v2\/categories?post=167075"},{"taxonomy":"post_tag","embeddable":true,"href":"https:\/\/hudo.com\/si\/wp-json\/wp\/v2\/tags?post=167075"},{"taxonomy":"source","embeddable":true,"href":"https:\/\/hudo.com\/si\/wp-json\/wp\/v2\/source?post=167075"},{"taxonomy":"supertag","embeddable":true,"href":"https:\/\/hudo.com\/si\/wp-json\/wp\/v2\/supertag?post=167075"}],"curies":[{"name":"wp","href":"https:\/\/api.w.org\/{rel}","templated":true}]}}