{"id":167385,"date":"2016-11-04T09:00:00","date_gmt":"2016-11-04T08:00:00","guid":{"rendered":"http:\/\/hudo.com\/si\/2016\/11\/04\/uradnemu-obisku-plenkovica-v-bih-je-sledil-sok-2\/"},"modified":"2016-11-05T06:52:38","modified_gmt":"2016-11-05T05:52:38","slug":"uradnemu-obisku-plenkovica-v-bih-je-sledil-sok-2","status":"publish","type":"post","link":"https:\/\/hudo.com\/si\/aktualno\/uradnemu-obisku-plenkovica-v-bih-je-sledil-sok-2\/","title":{"rendered":"Uradnemu obisku Plenkovi\u0107a v BiH je sledil \u0161ok"},"content":{"rendered":"<p>Kategorija: Evropa Fri, 04 Nov 2016 10:00:00 +0100  Zagreb \u2013 Hrva\u0161ka javnost z za\u010dudenjem in zanimanjem spremlja zaplet, ki se je zgodil\u00ad s prijetjem desetih nekdanjih\u00ad pripadnikov hrva\u0161kega obrambnega sveta (HVO) z obmo\u010dja Bosanske Posavine. To\u017eilstvo BiH bremeni deseterico vojnih zlo\u010dinov, uradni Zagreb je presene\u010den.Ko se je delegacija na \u010delu s predsednikom vlade Andrejem Plenkovi\u0107em vrnila z uradnega obiska v Bosni in Hercegovini v Zagreb, so mediji peli hvalospeve odlo\u010ditvi Plenkovi\u0107eve vlade, ker je med vsemi sosedami za prvi uradni obisk izbrala prav BiH. \u00bbObisk je le potrditev predvolilne obljube, da bo BiH hrva\u0161ka zunanjepoliti\u010dna naloga \u0161tevilka ena,\u00ab je iz Sarajeva sporo\u010dil Plenkovi\u0107. Prijetja po uradnem obisku Dva dni pozneje so pravosodne oblasti BiH zaradi suma, da so zagre\u0161ili vojne zlo\u010dine nad pripadniki srbske skupnosti, prijeli deset nekdanjih \u010dlanov hrva\u0161kega obrambnega sveta (HVO) \u2013 \u0161tevilni ga \u0161e vedno\u00a0&#8230;<\/p>\n","protected":false},"excerpt":{"rendered":"<p>Kategorija: Evropa Fri, 04 Nov 2016 10:00:00 +0100  Zagreb \u2013 Hrva\u0161ka javnost z za\u010dudenjem in zanimanjem spremlja zaplet, ki se je zgodil\u00ad s prijetjem desetih nekdanjih\u00ad pripadnikov hrva\u0161kega obrambnega sveta (HVO) z obmo\u010dja Bosanske Posavine. To\u017eilstvo BiH bremeni deseterico vojnih zlo\u010dinov, uradni Zagreb je presene\u010den.Ko se je delegacija na \u010delu s predsednikom vlade Andrejem Plenkovi\u0107em vrnila z uradnega obiska v Bosni in Hercegovini v Zagreb, so mediji peli hvalospeve odlo\u010ditvi Plenkovi\u0107eve vlade, ker je med vsemi sosedami za prvi uradni obisk izbrala prav BiH. \u00bbObisk je le potrditev predvolilne obljube, da bo BiH hrva\u0161ka zunanjepoliti\u010dna naloga \u0161tevilka ena,\u00ab je iz Sarajeva sporo\u010dil Plenkovi\u0107. Prijetja po uradnem obisku Dva dni pozneje so pravosodne oblasti BiH zaradi suma, da so zagre\u0161ili vojne zlo\u010dine nad pripadniki srbske skupnosti, prijeli deset nekdanjih \u010dlanov hrva\u0161kega obrambnega sveta (HVO) \u2013 \u0161tevilni ga \u0161e vedno\u00a0&#8230;<\/p>\n","protected":false},"author":1,"featured_media":0,"comment_status":"closed","ping_status":"closed","sticky":false,"template":"","format":"standard","meta":{"footnotes":""},"categories":[1179],"tags":[],"source":[1703],"supertag":[],"acf":[],"yoast_head":"<!-- This site is optimized with the Yoast SEO plugin v21.3 - https:\/\/yoast.com\/wordpress\/plugins\/seo\/ -->\n<title>Uradnemu obisku Plenkovi\u0107a v BiH je sledil \u0161ok - Hudo Slovenija<\/title>\n<meta name=\"robots\" content=\"index, follow, max-snippet:-1, max-image-preview:large, max-video-preview:-1\" \/>\n<link rel=\"canonical\" href=\"https:\/\/hudo.com\/si\/aktualno\/uradnemu-obisku-plenkovica-v-bih-je-sledil-sok-2\/\" \/>\n<meta property=\"og:locale\" content=\"sl_SI\" \/>\n<meta property=\"og:type\" content=\"article\" \/>\n<meta property=\"og:title\" content=\"Uradnemu obisku Plenkovi\u0107a v BiH je sledil \u0161ok - Hudo Slovenija\" \/>\n<meta property=\"og:description\" content=\"Kategorija: Evropa Fri, 04 Nov 2016 10:00:00 +0100 Zagreb \u2013 Hrva\u0161ka javnost z za\u010dudenjem in zanimanjem spremlja zaplet, ki se je zgodil\u00ad s prijetjem desetih nekdanjih\u00ad pripadnikov hrva\u0161kega obrambnega sveta (HVO) z obmo\u010dja Bosanske Posavine. To\u017eilstvo BiH bremeni deseterico vojnih zlo\u010dinov, uradni Zagreb je presene\u010den.Ko se je delegacija na \u010delu s predsednikom vlade Andrejem Plenkovi\u0107em vrnila z uradnega obiska v Bosni in Hercegovini v Zagreb, so mediji peli hvalospeve odlo\u010ditvi Plenkovi\u0107eve vlade, ker je med vsemi sosedami za prvi uradni obisk izbrala prav BiH. \u00bbObisk je le potrditev predvolilne obljube, da bo BiH hrva\u0161ka zunanjepoliti\u010dna naloga \u0161tevilka ena,\u00ab je iz Sarajeva sporo\u010dil Plenkovi\u0107. Prijetja po uradnem obisku Dva dni pozneje so pravosodne oblasti BiH zaradi suma, da so zagre\u0161ili vojne zlo\u010dine nad pripadniki srbske skupnosti, prijeli deset nekdanjih \u010dlanov hrva\u0161kega obrambnega sveta (HVO) \u2013 \u0161tevilni ga \u0161e vedno\u00a0...\" \/>\n<meta property=\"og:url\" content=\"https:\/\/hudo.com\/si\/aktualno\/uradnemu-obisku-plenkovica-v-bih-je-sledil-sok-2\/\" \/>\n<meta property=\"og:site_name\" content=\"Hudo Slovenija\" \/>\n<meta property=\"article:publisher\" content=\"https:\/\/www.facebook.com\/hudo.si\" \/>\n<meta property=\"article:published_time\" content=\"2016-11-04T08:00:00+00:00\" \/>\n<meta property=\"article:modified_time\" content=\"2016-11-05T05:52:38+00:00\" \/>\n<meta property=\"og:image\" content=\"https:\/\/hudo.com\/si\/wp-content\/uploads\/sites\/2\/2016\/11\/480x290_Zunanja__AFP_Photo_20161028.1_hires0.jpeg\" \/>\n\t<meta property=\"og:image:width\" content=\"480\" \/>\n\t<meta property=\"og:image:height\" content=\"290\" \/>\n\t<meta property=\"og:image:type\" content=\"image\/jpeg\" \/>\n<meta name=\"author\" content=\"hudo\" \/>\n<meta name=\"twitter:card\" content=\"summary_large_image\" \/>\n<meta name=\"twitter:creator\" content=\"@hudo_si\" \/>\n<meta name=\"twitter:site\" content=\"@hudo_si\" \/>\n<meta name=\"twitter:label1\" content=\"Written by\" \/>\n\t<meta name=\"twitter:data1\" content=\"hudo\" \/>\n\t<meta name=\"twitter:label2\" content=\"Est. reading time\" \/>\n\t<meta name=\"twitter:data2\" content=\"1 minuta\" \/>\n<script type=\"application\/ld+json\" class=\"yoast-schema-graph\">{\"@context\":\"https:\/\/schema.org\",\"@graph\":[{\"@type\":\"Article\",\"@id\":\"https:\/\/hudo.com\/si\/aktualno\/uradnemu-obisku-plenkovica-v-bih-je-sledil-sok-2\/#article\",\"isPartOf\":{\"@id\":\"https:\/\/hudo.com\/si\/aktualno\/uradnemu-obisku-plenkovica-v-bih-je-sledil-sok-2\/\"},\"author\":{\"name\":\"hudo\",\"@id\":\"https:\/\/hudo.com\/si\/#\/schema\/person\/601cf3379633985b20f7e50f2bb47707\"},\"headline\":\"Uradnemu obisku Plenkovi\u0107a v BiH je sledil \u0161ok\",\"datePublished\":\"2016-11-04T08:00:00+00:00\",\"dateModified\":\"2016-11-05T05:52:38+00:00\",\"mainEntityOfPage\":{\"@id\":\"https:\/\/hudo.com\/si\/aktualno\/uradnemu-obisku-plenkovica-v-bih-je-sledil-sok-2\/\"},\"wordCount\":158,\"publisher\":{\"@id\":\"https:\/\/hudo.com\/si\/#organization\"},\"articleSection\":[\"Aktualno\"],\"inLanguage\":\"sl-SI\"},{\"@type\":\"WebPage\",\"@id\":\"https:\/\/hudo.com\/si\/aktualno\/uradnemu-obisku-plenkovica-v-bih-je-sledil-sok-2\/\",\"url\":\"https:\/\/hudo.com\/si\/aktualno\/uradnemu-obisku-plenkovica-v-bih-je-sledil-sok-2\/\",\"name\":\"Uradnemu obisku Plenkovi\u0107a v BiH je sledil \u0161ok - Hudo Slovenija\",\"isPartOf\":{\"@id\":\"https:\/\/hudo.com\/si\/#website\"},\"datePublished\":\"2016-11-04T08:00:00+00:00\",\"dateModified\":\"2016-11-05T05:52:38+00:00\",\"breadcrumb\":{\"@id\":\"https:\/\/hudo.com\/si\/aktualno\/uradnemu-obisku-plenkovica-v-bih-je-sledil-sok-2\/#breadcrumb\"},\"inLanguage\":\"sl-SI\",\"potentialAction\":[{\"@type\":\"ReadAction\",\"target\":[\"https:\/\/hudo.com\/si\/aktualno\/uradnemu-obisku-plenkovica-v-bih-je-sledil-sok-2\/\"]}]},{\"@type\":\"BreadcrumbList\",\"@id\":\"https:\/\/hudo.com\/si\/aktualno\/uradnemu-obisku-plenkovica-v-bih-je-sledil-sok-2\/#breadcrumb\",\"itemListElement\":[{\"@type\":\"ListItem\",\"position\":1,\"name\":\"Home\",\"item\":\"https:\/\/hudo.com\/si\/\"},{\"@type\":\"ListItem\",\"position\":2,\"name\":\"Uradnemu obisku Plenkovi\u0107a v BiH je sledil \u0161ok\"}]},{\"@type\":\"WebSite\",\"@id\":\"https:\/\/hudo.com\/si\/#website\",\"url\":\"https:\/\/hudo.com\/si\/\",\"name\":\"Hudo Slovenija\",\"description\":\"Vse novice iz Slovenije in sveta\",\"publisher\":{\"@id\":\"https:\/\/hudo.com\/si\/#organization\"},\"potentialAction\":[{\"@type\":\"SearchAction\",\"target\":{\"@type\":\"EntryPoint\",\"urlTemplate\":\"https:\/\/hudo.com\/si\/?s={search_term_string}\"},\"query-input\":\"required name=search_term_string\"}],\"inLanguage\":\"sl-SI\"},{\"@type\":\"Organization\",\"@id\":\"https:\/\/hudo.com\/si\/#organization\",\"name\":\"VSN Media\",\"url\":\"https:\/\/hudo.com\/si\/\",\"logo\":{\"@type\":\"ImageObject\",\"inLanguage\":\"sl-SI\",\"@id\":\"https:\/\/hudo.com\/si\/#\/schema\/logo\/image\/\",\"url\":\"https:\/\/hudo.com\/si\/wp-content\/uploads\/sites\/2\/2021\/03\/hudo-app-2.png\",\"contentUrl\":\"https:\/\/hudo.com\/si\/wp-content\/uploads\/sites\/2\/2021\/03\/hudo-app-2.png\",\"width\":2185,\"height\":2167,\"caption\":\"VSN Media\"},\"image\":{\"@id\":\"https:\/\/hudo.com\/si\/#\/schema\/logo\/image\/\"},\"sameAs\":[\"https:\/\/www.facebook.com\/hudo.si\",\"https:\/\/twitter.com\/hudo_si\"]},{\"@type\":\"Person\",\"@id\":\"https:\/\/hudo.com\/si\/#\/schema\/person\/601cf3379633985b20f7e50f2bb47707\",\"name\":\"hudo\",\"image\":{\"@type\":\"ImageObject\",\"inLanguage\":\"sl-SI\",\"@id\":\"https:\/\/hudo.com\/si\/#\/schema\/person\/image\/\",\"url\":\"https:\/\/secure.gravatar.com\/avatar\/c4ca25fa72cace7a696b52ff5db9e095?s=96&d=mm&r=g\",\"contentUrl\":\"https:\/\/secure.gravatar.com\/avatar\/c4ca25fa72cace7a696b52ff5db9e095?s=96&d=mm&r=g\",\"caption\":\"hudo\"},\"url\":\"https:\/\/hudo.com\/si\/author\/hudo\/\"}]}<\/script>\n<!-- \/ Yoast SEO plugin. -->","yoast_head_json":{"title":"Uradnemu obisku Plenkovi\u0107a v BiH je sledil \u0161ok - Hudo Slovenija","robots":{"index":"index","follow":"follow","max-snippet":"max-snippet:-1","max-image-preview":"max-image-preview:large","max-video-preview":"max-video-preview:-1"},"canonical":"https:\/\/hudo.com\/si\/aktualno\/uradnemu-obisku-plenkovica-v-bih-je-sledil-sok-2\/","og_locale":"sl_SI","og_type":"article","og_title":"Uradnemu obisku Plenkovi\u0107a v BiH je sledil \u0161ok - Hudo Slovenija","og_description":"Kategorija: Evropa Fri, 04 Nov 2016 10:00:00 +0100 Zagreb \u2013 Hrva\u0161ka javnost z za\u010dudenjem in zanimanjem spremlja zaplet, ki se je zgodil\u00ad s prijetjem desetih nekdanjih\u00ad pripadnikov hrva\u0161kega obrambnega sveta (HVO) z obmo\u010dja Bosanske Posavine. To\u017eilstvo BiH bremeni deseterico vojnih zlo\u010dinov, uradni Zagreb je presene\u010den.Ko se je delegacija na \u010delu s predsednikom vlade Andrejem Plenkovi\u0107em vrnila z uradnega obiska v Bosni in Hercegovini v Zagreb, so mediji peli hvalospeve odlo\u010ditvi Plenkovi\u0107eve vlade, ker je med vsemi sosedami za prvi uradni obisk izbrala prav BiH. \u00bbObisk je le potrditev predvolilne obljube, da bo BiH hrva\u0161ka zunanjepoliti\u010dna naloga \u0161tevilka ena,\u00ab je iz Sarajeva sporo\u010dil Plenkovi\u0107. Prijetja po uradnem obisku Dva dni pozneje so pravosodne oblasti BiH zaradi suma, da so zagre\u0161ili vojne zlo\u010dine nad pripadniki srbske skupnosti, prijeli deset nekdanjih \u010dlanov hrva\u0161kega obrambnega sveta (HVO) \u2013 \u0161tevilni ga \u0161e vedno\u00a0...","og_url":"https:\/\/hudo.com\/si\/aktualno\/uradnemu-obisku-plenkovica-v-bih-je-sledil-sok-2\/","og_site_name":"Hudo Slovenija","article_publisher":"https:\/\/www.facebook.com\/hudo.si","article_published_time":"2016-11-04T08:00:00+00:00","article_modified_time":"2016-11-05T05:52:38+00:00","og_image":[{"width":480,"height":290,"url":"https:\/\/hudo.com\/si\/wp-content\/uploads\/sites\/2\/2016\/11\/480x290_Zunanja__AFP_Photo_20161028.1_hires0.jpeg","type":"image\/jpeg"}],"author":"hudo","twitter_card":"summary_large_image","twitter_creator":"@hudo_si","twitter_site":"@hudo_si","twitter_misc":{"Written by":"hudo","Est. reading time":"1 minuta"},"schema":{"@context":"https:\/\/schema.org","@graph":[{"@type":"Article","@id":"https:\/\/hudo.com\/si\/aktualno\/uradnemu-obisku-plenkovica-v-bih-je-sledil-sok-2\/#article","isPartOf":{"@id":"https:\/\/hudo.com\/si\/aktualno\/uradnemu-obisku-plenkovica-v-bih-je-sledil-sok-2\/"},"author":{"name":"hudo","@id":"https:\/\/hudo.com\/si\/#\/schema\/person\/601cf3379633985b20f7e50f2bb47707"},"headline":"Uradnemu obisku Plenkovi\u0107a v BiH je sledil \u0161ok","datePublished":"2016-11-04T08:00:00+00:00","dateModified":"2016-11-05T05:52:38+00:00","mainEntityOfPage":{"@id":"https:\/\/hudo.com\/si\/aktualno\/uradnemu-obisku-plenkovica-v-bih-je-sledil-sok-2\/"},"wordCount":158,"publisher":{"@id":"https:\/\/hudo.com\/si\/#organization"},"articleSection":["Aktualno"],"inLanguage":"sl-SI"},{"@type":"WebPage","@id":"https:\/\/hudo.com\/si\/aktualno\/uradnemu-obisku-plenkovica-v-bih-je-sledil-sok-2\/","url":"https:\/\/hudo.com\/si\/aktualno\/uradnemu-obisku-plenkovica-v-bih-je-sledil-sok-2\/","name":"Uradnemu obisku Plenkovi\u0107a v BiH je sledil \u0161ok - Hudo Slovenija","isPartOf":{"@id":"https:\/\/hudo.com\/si\/#website"},"datePublished":"2016-11-04T08:00:00+00:00","dateModified":"2016-11-05T05:52:38+00:00","breadcrumb":{"@id":"https:\/\/hudo.com\/si\/aktualno\/uradnemu-obisku-plenkovica-v-bih-je-sledil-sok-2\/#breadcrumb"},"inLanguage":"sl-SI","potentialAction":[{"@type":"ReadAction","target":["https:\/\/hudo.com\/si\/aktualno\/uradnemu-obisku-plenkovica-v-bih-je-sledil-sok-2\/"]}]},{"@type":"BreadcrumbList","@id":"https:\/\/hudo.com\/si\/aktualno\/uradnemu-obisku-plenkovica-v-bih-je-sledil-sok-2\/#breadcrumb","itemListElement":[{"@type":"ListItem","position":1,"name":"Home","item":"https:\/\/hudo.com\/si\/"},{"@type":"ListItem","position":2,"name":"Uradnemu obisku Plenkovi\u0107a v BiH je sledil \u0161ok"}]},{"@type":"WebSite","@id":"https:\/\/hudo.com\/si\/#website","url":"https:\/\/hudo.com\/si\/","name":"Hudo Slovenija","description":"Vse novice iz Slovenije in sveta","publisher":{"@id":"https:\/\/hudo.com\/si\/#organization"},"potentialAction":[{"@type":"SearchAction","target":{"@type":"EntryPoint","urlTemplate":"https:\/\/hudo.com\/si\/?s={search_term_string}"},"query-input":"required name=search_term_string"}],"inLanguage":"sl-SI"},{"@type":"Organization","@id":"https:\/\/hudo.com\/si\/#organization","name":"VSN Media","url":"https:\/\/hudo.com\/si\/","logo":{"@type":"ImageObject","inLanguage":"sl-SI","@id":"https:\/\/hudo.com\/si\/#\/schema\/logo\/image\/","url":"https:\/\/hudo.com\/si\/wp-content\/uploads\/sites\/2\/2021\/03\/hudo-app-2.png","contentUrl":"https:\/\/hudo.com\/si\/wp-content\/uploads\/sites\/2\/2021\/03\/hudo-app-2.png","width":2185,"height":2167,"caption":"VSN Media"},"image":{"@id":"https:\/\/hudo.com\/si\/#\/schema\/logo\/image\/"},"sameAs":["https:\/\/www.facebook.com\/hudo.si","https:\/\/twitter.com\/hudo_si"]},{"@type":"Person","@id":"https:\/\/hudo.com\/si\/#\/schema\/person\/601cf3379633985b20f7e50f2bb47707","name":"hudo","image":{"@type":"ImageObject","inLanguage":"sl-SI","@id":"https:\/\/hudo.com\/si\/#\/schema\/person\/image\/","url":"https:\/\/secure.gravatar.com\/avatar\/c4ca25fa72cace7a696b52ff5db9e095?s=96&d=mm&r=g","contentUrl":"https:\/\/secure.gravatar.com\/avatar\/c4ca25fa72cace7a696b52ff5db9e095?s=96&d=mm&r=g","caption":"hudo"},"url":"https:\/\/hudo.com\/si\/author\/hudo\/"}]}},"amp_enabled":true,"_links":{"self":[{"href":"https:\/\/hudo.com\/si\/wp-json\/wp\/v2\/posts\/167385"}],"collection":[{"href":"https:\/\/hudo.com\/si\/wp-json\/wp\/v2\/posts"}],"about":[{"href":"https:\/\/hudo.com\/si\/wp-json\/wp\/v2\/types\/post"}],"author":[{"embeddable":true,"href":"https:\/\/hudo.com\/si\/wp-json\/wp\/v2\/users\/1"}],"replies":[{"embeddable":true,"href":"https:\/\/hudo.com\/si\/wp-json\/wp\/v2\/comments?post=167385"}],"version-history":[{"count":1,"href":"https:\/\/hudo.com\/si\/wp-json\/wp\/v2\/posts\/167385\/revisions"}],"predecessor-version":[{"id":167397,"href":"https:\/\/hudo.com\/si\/wp-json\/wp\/v2\/posts\/167385\/revisions\/167397"}],"wp:attachment":[{"href":"https:\/\/hudo.com\/si\/wp-json\/wp\/v2\/media?parent=167385"}],"wp:term":[{"taxonomy":"category","embeddable":true,"href":"https:\/\/hudo.com\/si\/wp-json\/wp\/v2\/categories?post=167385"},{"taxonomy":"post_tag","embeddable":true,"href":"https:\/\/hudo.com\/si\/wp-json\/wp\/v2\/tags?post=167385"},{"taxonomy":"source","embeddable":true,"href":"https:\/\/hudo.com\/si\/wp-json\/wp\/v2\/source?post=167385"},{"taxonomy":"supertag","embeddable":true,"href":"https:\/\/hudo.com\/si\/wp-json\/wp\/v2\/supertag?post=167385"}],"curies":[{"name":"wp","href":"https:\/\/api.w.org\/{rel}","templated":true}]}}