{"id":174325,"date":"2016-11-17T09:21:00","date_gmt":"2016-11-17T08:21:00","guid":{"rendered":"http:\/\/hudo.com\/si\/2016\/11\/17\/tudi-ta-vikend-na-pohorju-zimska-pravljica\/"},"modified":"2016-11-18T06:21:15","modified_gmt":"2016-11-18T05:21:15","slug":"tudi-ta-vikend-na-pohorju-zimska-pravljica","status":"publish","type":"post","link":"https:\/\/hudo.com\/si\/aktualno\/tudi-ta-vikend-na-pohorju-zimska-pravljica\/","title":{"rendered":"Tudi ta vikend na Pohorju &#8220;zimska pravljica&#8221;"},"content":{"rendered":"<p>Po velikem zanimanju za otvoritveno smu\u010darsko nedeljo se zimska pravljica na mariborskem Pohorju nadaljuje tudi v vikendu, ki je pred nami. V soboto in nedeljo bosta, kot sporo\u010dajo iz Marproma, ob \u017ei\u010dnici Bellevue in sede\u017enici Sleme delovali tudi napravi Stolp in Videc. V primeru ugodnega vremena napovedujejo tudi &#8220;sede\u017enico presene\u010denja&#8221;. Po promocijski ceni bodo odrasli za smu\u010danje od\u0161teli 15 evrov, otroci, mladina in seniorji 10 evrov, za otroke do \u0161estega leta starosti je brezpla\u010dno. Imetnikom sezonskih vozovnic, vklju\u010dno z vozovnico Ve\u010derovka, ta vikend vozovnice \u017ee veljajo. Smu\u010di\u0161\u010de bo na voljo med 9. in 16. uro, gondola pa bo obratovala med 7.in 19. uro, pri \u010demer bo med 9. in 16. uro kro\u017eila neprekinjeno. Dogajanje na belih strminah bo med 13. in 16. uro pospremil Apres Ski Party, na platoju pred zgornjo postajo vzpenja\u010de, kjer bo igral ansambel V\u017eig.Maribor<\/p>\n","protected":false},"excerpt":{"rendered":"<p>Po velikem zanimanju za otvoritveno smu\u010darsko nedeljo se zimska pravljica na mariborskem Pohorju nadaljuje tudi v vikendu, ki je pred nami. V soboto in nedeljo bosta, kot sporo\u010dajo iz Marproma, ob \u017ei\u010dnici Bellevue in sede\u017enici Sleme delovali tudi napravi Stolp in Videc. V primeru ugodnega vremena napovedujejo tudi &#8220;sede\u017enico presene\u010denja&#8221;. Po promocijski ceni bodo odrasli za smu\u010danje od\u0161teli 15 evrov, otroci, mladina in seniorji 10 evrov, za otroke do \u0161estega leta starosti je brezpla\u010dno. Imetnikom sezonskih vozovnic, vklju\u010dno z vozovnico Ve\u010derovka, ta vikend vozovnice \u017ee veljajo. Smu\u010di\u0161\u010de bo na voljo med 9. in 16. uro, gondola pa bo obratovala med 7.in 19. uro, pri \u010demer bo med 9. in 16. uro kro\u017eila neprekinjeno. Dogajanje na belih strminah bo med 13. in 16. uro pospremil Apres Ski Party, na platoju pred zgornjo postajo vzpenja\u010de, kjer bo igral ansambel V\u017eig.Maribor<\/p>\n","protected":false},"author":1,"featured_media":0,"comment_status":"closed","ping_status":"closed","sticky":false,"template":"","format":"standard","meta":{"footnotes":""},"categories":[1179],"tags":[],"source":[1711],"supertag":[],"acf":[],"yoast_head":"<!-- This site is optimized with the Yoast SEO plugin v21.3 - https:\/\/yoast.com\/wordpress\/plugins\/seo\/ -->\n<title>Tudi ta vikend na Pohorju &quot;zimska pravljica&quot; - Hudo Slovenija<\/title>\n<meta name=\"robots\" content=\"index, follow, max-snippet:-1, max-image-preview:large, max-video-preview:-1\" \/>\n<link rel=\"canonical\" href=\"https:\/\/hudo.com\/si\/aktualno\/tudi-ta-vikend-na-pohorju-zimska-pravljica\/\" \/>\n<meta property=\"og:locale\" content=\"sl_SI\" \/>\n<meta property=\"og:type\" content=\"article\" \/>\n<meta property=\"og:title\" content=\"Tudi ta vikend na Pohorju &quot;zimska pravljica&quot; - Hudo Slovenija\" \/>\n<meta property=\"og:description\" content=\"Po velikem zanimanju za otvoritveno smu\u010darsko nedeljo se zimska pravljica na mariborskem Pohorju nadaljuje tudi v vikendu, ki je pred nami. V soboto in nedeljo bosta, kot sporo\u010dajo iz Marproma, ob \u017ei\u010dnici Bellevue in sede\u017enici Sleme delovali tudi napravi Stolp in Videc. V primeru ugodnega vremena napovedujejo tudi &quot;sede\u017enico presene\u010denja&quot;. Po promocijski ceni bodo odrasli za smu\u010danje od\u0161teli 15 evrov, otroci, mladina in seniorji 10 evrov, za otroke do \u0161estega leta starosti je brezpla\u010dno. Imetnikom sezonskih vozovnic, vklju\u010dno z vozovnico Ve\u010derovka, ta vikend vozovnice \u017ee veljajo. Smu\u010di\u0161\u010de bo na voljo med 9. in 16. uro, gondola pa bo obratovala med 7.in 19. uro, pri \u010demer bo med 9. in 16. uro kro\u017eila neprekinjeno. Dogajanje na belih strminah bo med 13. in 16. uro pospremil Apres Ski Party, na platoju pred zgornjo postajo vzpenja\u010de, kjer bo igral ansambel V\u017eig.Maribor\" \/>\n<meta property=\"og:url\" content=\"https:\/\/hudo.com\/si\/aktualno\/tudi-ta-vikend-na-pohorju-zimska-pravljica\/\" \/>\n<meta property=\"og:site_name\" content=\"Hudo Slovenija\" \/>\n<meta property=\"article:publisher\" content=\"https:\/\/www.facebook.com\/hudo.si\" \/>\n<meta property=\"article:published_time\" content=\"2016-11-17T08:21:00+00:00\" \/>\n<meta property=\"article:modified_time\" content=\"2016-11-18T05:21:15+00:00\" \/>\n<meta property=\"og:image\" content=\"https:\/\/hudo.com\/si\/wp-content\/uploads\/sites\/2\/2016\/11\/1113Pohorje44-300.jpg\" \/>\n\t<meta property=\"og:image:width\" content=\"450\" \/>\n\t<meta property=\"og:image:height\" content=\"300\" \/>\n\t<meta property=\"og:image:type\" content=\"image\/jpeg\" \/>\n<meta name=\"author\" content=\"hudo\" \/>\n<meta name=\"twitter:card\" content=\"summary_large_image\" \/>\n<meta name=\"twitter:creator\" content=\"@hudo_si\" \/>\n<meta name=\"twitter:site\" content=\"@hudo_si\" \/>\n<meta name=\"twitter:label1\" content=\"Written by\" \/>\n\t<meta name=\"twitter:data1\" content=\"hudo\" \/>\n\t<meta name=\"twitter:label2\" content=\"Est. reading time\" \/>\n\t<meta name=\"twitter:data2\" content=\"1 minuta\" \/>\n<script type=\"application\/ld+json\" class=\"yoast-schema-graph\">{\"@context\":\"https:\/\/schema.org\",\"@graph\":[{\"@type\":\"Article\",\"@id\":\"https:\/\/hudo.com\/si\/aktualno\/tudi-ta-vikend-na-pohorju-zimska-pravljica\/#article\",\"isPartOf\":{\"@id\":\"https:\/\/hudo.com\/si\/aktualno\/tudi-ta-vikend-na-pohorju-zimska-pravljica\/\"},\"author\":{\"name\":\"hudo\",\"@id\":\"https:\/\/hudo.com\/si\/#\/schema\/person\/601cf3379633985b20f7e50f2bb47707\"},\"headline\":\"Tudi ta vikend na Pohorju &#8220;zimska pravljica&#8221;\",\"datePublished\":\"2016-11-17T08:21:00+00:00\",\"dateModified\":\"2016-11-18T05:21:15+00:00\",\"mainEntityOfPage\":{\"@id\":\"https:\/\/hudo.com\/si\/aktualno\/tudi-ta-vikend-na-pohorju-zimska-pravljica\/\"},\"wordCount\":153,\"publisher\":{\"@id\":\"https:\/\/hudo.com\/si\/#organization\"},\"articleSection\":[\"Aktualno\"],\"inLanguage\":\"sl-SI\"},{\"@type\":\"WebPage\",\"@id\":\"https:\/\/hudo.com\/si\/aktualno\/tudi-ta-vikend-na-pohorju-zimska-pravljica\/\",\"url\":\"https:\/\/hudo.com\/si\/aktualno\/tudi-ta-vikend-na-pohorju-zimska-pravljica\/\",\"name\":\"Tudi ta vikend na Pohorju \\\"zimska pravljica\\\" - Hudo Slovenija\",\"isPartOf\":{\"@id\":\"https:\/\/hudo.com\/si\/#website\"},\"datePublished\":\"2016-11-17T08:21:00+00:00\",\"dateModified\":\"2016-11-18T05:21:15+00:00\",\"breadcrumb\":{\"@id\":\"https:\/\/hudo.com\/si\/aktualno\/tudi-ta-vikend-na-pohorju-zimska-pravljica\/#breadcrumb\"},\"inLanguage\":\"sl-SI\",\"potentialAction\":[{\"@type\":\"ReadAction\",\"target\":[\"https:\/\/hudo.com\/si\/aktualno\/tudi-ta-vikend-na-pohorju-zimska-pravljica\/\"]}]},{\"@type\":\"BreadcrumbList\",\"@id\":\"https:\/\/hudo.com\/si\/aktualno\/tudi-ta-vikend-na-pohorju-zimska-pravljica\/#breadcrumb\",\"itemListElement\":[{\"@type\":\"ListItem\",\"position\":1,\"name\":\"Home\",\"item\":\"https:\/\/hudo.com\/si\/\"},{\"@type\":\"ListItem\",\"position\":2,\"name\":\"Tudi ta vikend na Pohorju &#8220;zimska pravljica&#8221;\"}]},{\"@type\":\"WebSite\",\"@id\":\"https:\/\/hudo.com\/si\/#website\",\"url\":\"https:\/\/hudo.com\/si\/\",\"name\":\"Hudo Slovenija\",\"description\":\"Vse novice iz Slovenije in sveta\",\"publisher\":{\"@id\":\"https:\/\/hudo.com\/si\/#organization\"},\"potentialAction\":[{\"@type\":\"SearchAction\",\"target\":{\"@type\":\"EntryPoint\",\"urlTemplate\":\"https:\/\/hudo.com\/si\/?s={search_term_string}\"},\"query-input\":\"required name=search_term_string\"}],\"inLanguage\":\"sl-SI\"},{\"@type\":\"Organization\",\"@id\":\"https:\/\/hudo.com\/si\/#organization\",\"name\":\"VSN Media\",\"url\":\"https:\/\/hudo.com\/si\/\",\"logo\":{\"@type\":\"ImageObject\",\"inLanguage\":\"sl-SI\",\"@id\":\"https:\/\/hudo.com\/si\/#\/schema\/logo\/image\/\",\"url\":\"https:\/\/hudo.com\/si\/wp-content\/uploads\/sites\/2\/2021\/03\/hudo-app-2.png\",\"contentUrl\":\"https:\/\/hudo.com\/si\/wp-content\/uploads\/sites\/2\/2021\/03\/hudo-app-2.png\",\"width\":2185,\"height\":2167,\"caption\":\"VSN Media\"},\"image\":{\"@id\":\"https:\/\/hudo.com\/si\/#\/schema\/logo\/image\/\"},\"sameAs\":[\"https:\/\/www.facebook.com\/hudo.si\",\"https:\/\/twitter.com\/hudo_si\"]},{\"@type\":\"Person\",\"@id\":\"https:\/\/hudo.com\/si\/#\/schema\/person\/601cf3379633985b20f7e50f2bb47707\",\"name\":\"hudo\",\"image\":{\"@type\":\"ImageObject\",\"inLanguage\":\"sl-SI\",\"@id\":\"https:\/\/hudo.com\/si\/#\/schema\/person\/image\/\",\"url\":\"https:\/\/secure.gravatar.com\/avatar\/c4ca25fa72cace7a696b52ff5db9e095?s=96&d=mm&r=g\",\"contentUrl\":\"https:\/\/secure.gravatar.com\/avatar\/c4ca25fa72cace7a696b52ff5db9e095?s=96&d=mm&r=g\",\"caption\":\"hudo\"},\"url\":\"https:\/\/hudo.com\/si\/author\/hudo\/\"}]}<\/script>\n<!-- \/ Yoast SEO plugin. -->","yoast_head_json":{"title":"Tudi ta vikend na Pohorju \"zimska pravljica\" - Hudo Slovenija","robots":{"index":"index","follow":"follow","max-snippet":"max-snippet:-1","max-image-preview":"max-image-preview:large","max-video-preview":"max-video-preview:-1"},"canonical":"https:\/\/hudo.com\/si\/aktualno\/tudi-ta-vikend-na-pohorju-zimska-pravljica\/","og_locale":"sl_SI","og_type":"article","og_title":"Tudi ta vikend na Pohorju \"zimska pravljica\" - Hudo Slovenija","og_description":"Po velikem zanimanju za otvoritveno smu\u010darsko nedeljo se zimska pravljica na mariborskem Pohorju nadaljuje tudi v vikendu, ki je pred nami. V soboto in nedeljo bosta, kot sporo\u010dajo iz Marproma, ob \u017ei\u010dnici Bellevue in sede\u017enici Sleme delovali tudi napravi Stolp in Videc. V primeru ugodnega vremena napovedujejo tudi \"sede\u017enico presene\u010denja\". Po promocijski ceni bodo odrasli za smu\u010danje od\u0161teli 15 evrov, otroci, mladina in seniorji 10 evrov, za otroke do \u0161estega leta starosti je brezpla\u010dno. Imetnikom sezonskih vozovnic, vklju\u010dno z vozovnico Ve\u010derovka, ta vikend vozovnice \u017ee veljajo. Smu\u010di\u0161\u010de bo na voljo med 9. in 16. uro, gondola pa bo obratovala med 7.in 19. uro, pri \u010demer bo med 9. in 16. uro kro\u017eila neprekinjeno. Dogajanje na belih strminah bo med 13. in 16. uro pospremil Apres Ski Party, na platoju pred zgornjo postajo vzpenja\u010de, kjer bo igral ansambel V\u017eig.Maribor","og_url":"https:\/\/hudo.com\/si\/aktualno\/tudi-ta-vikend-na-pohorju-zimska-pravljica\/","og_site_name":"Hudo Slovenija","article_publisher":"https:\/\/www.facebook.com\/hudo.si","article_published_time":"2016-11-17T08:21:00+00:00","article_modified_time":"2016-11-18T05:21:15+00:00","og_image":[{"width":450,"height":300,"url":"https:\/\/hudo.com\/si\/wp-content\/uploads\/sites\/2\/2016\/11\/1113Pohorje44-300.jpg","type":"image\/jpeg"}],"author":"hudo","twitter_card":"summary_large_image","twitter_creator":"@hudo_si","twitter_site":"@hudo_si","twitter_misc":{"Written by":"hudo","Est. reading time":"1 minuta"},"schema":{"@context":"https:\/\/schema.org","@graph":[{"@type":"Article","@id":"https:\/\/hudo.com\/si\/aktualno\/tudi-ta-vikend-na-pohorju-zimska-pravljica\/#article","isPartOf":{"@id":"https:\/\/hudo.com\/si\/aktualno\/tudi-ta-vikend-na-pohorju-zimska-pravljica\/"},"author":{"name":"hudo","@id":"https:\/\/hudo.com\/si\/#\/schema\/person\/601cf3379633985b20f7e50f2bb47707"},"headline":"Tudi ta vikend na Pohorju &#8220;zimska pravljica&#8221;","datePublished":"2016-11-17T08:21:00+00:00","dateModified":"2016-11-18T05:21:15+00:00","mainEntityOfPage":{"@id":"https:\/\/hudo.com\/si\/aktualno\/tudi-ta-vikend-na-pohorju-zimska-pravljica\/"},"wordCount":153,"publisher":{"@id":"https:\/\/hudo.com\/si\/#organization"},"articleSection":["Aktualno"],"inLanguage":"sl-SI"},{"@type":"WebPage","@id":"https:\/\/hudo.com\/si\/aktualno\/tudi-ta-vikend-na-pohorju-zimska-pravljica\/","url":"https:\/\/hudo.com\/si\/aktualno\/tudi-ta-vikend-na-pohorju-zimska-pravljica\/","name":"Tudi ta vikend na Pohorju \"zimska pravljica\" - Hudo Slovenija","isPartOf":{"@id":"https:\/\/hudo.com\/si\/#website"},"datePublished":"2016-11-17T08:21:00+00:00","dateModified":"2016-11-18T05:21:15+00:00","breadcrumb":{"@id":"https:\/\/hudo.com\/si\/aktualno\/tudi-ta-vikend-na-pohorju-zimska-pravljica\/#breadcrumb"},"inLanguage":"sl-SI","potentialAction":[{"@type":"ReadAction","target":["https:\/\/hudo.com\/si\/aktualno\/tudi-ta-vikend-na-pohorju-zimska-pravljica\/"]}]},{"@type":"BreadcrumbList","@id":"https:\/\/hudo.com\/si\/aktualno\/tudi-ta-vikend-na-pohorju-zimska-pravljica\/#breadcrumb","itemListElement":[{"@type":"ListItem","position":1,"name":"Home","item":"https:\/\/hudo.com\/si\/"},{"@type":"ListItem","position":2,"name":"Tudi ta vikend na Pohorju &#8220;zimska pravljica&#8221;"}]},{"@type":"WebSite","@id":"https:\/\/hudo.com\/si\/#website","url":"https:\/\/hudo.com\/si\/","name":"Hudo Slovenija","description":"Vse novice iz Slovenije in sveta","publisher":{"@id":"https:\/\/hudo.com\/si\/#organization"},"potentialAction":[{"@type":"SearchAction","target":{"@type":"EntryPoint","urlTemplate":"https:\/\/hudo.com\/si\/?s={search_term_string}"},"query-input":"required name=search_term_string"}],"inLanguage":"sl-SI"},{"@type":"Organization","@id":"https:\/\/hudo.com\/si\/#organization","name":"VSN Media","url":"https:\/\/hudo.com\/si\/","logo":{"@type":"ImageObject","inLanguage":"sl-SI","@id":"https:\/\/hudo.com\/si\/#\/schema\/logo\/image\/","url":"https:\/\/hudo.com\/si\/wp-content\/uploads\/sites\/2\/2021\/03\/hudo-app-2.png","contentUrl":"https:\/\/hudo.com\/si\/wp-content\/uploads\/sites\/2\/2021\/03\/hudo-app-2.png","width":2185,"height":2167,"caption":"VSN Media"},"image":{"@id":"https:\/\/hudo.com\/si\/#\/schema\/logo\/image\/"},"sameAs":["https:\/\/www.facebook.com\/hudo.si","https:\/\/twitter.com\/hudo_si"]},{"@type":"Person","@id":"https:\/\/hudo.com\/si\/#\/schema\/person\/601cf3379633985b20f7e50f2bb47707","name":"hudo","image":{"@type":"ImageObject","inLanguage":"sl-SI","@id":"https:\/\/hudo.com\/si\/#\/schema\/person\/image\/","url":"https:\/\/secure.gravatar.com\/avatar\/c4ca25fa72cace7a696b52ff5db9e095?s=96&d=mm&r=g","contentUrl":"https:\/\/secure.gravatar.com\/avatar\/c4ca25fa72cace7a696b52ff5db9e095?s=96&d=mm&r=g","caption":"hudo"},"url":"https:\/\/hudo.com\/si\/author\/hudo\/"}]}},"amp_enabled":true,"_links":{"self":[{"href":"https:\/\/hudo.com\/si\/wp-json\/wp\/v2\/posts\/174325"}],"collection":[{"href":"https:\/\/hudo.com\/si\/wp-json\/wp\/v2\/posts"}],"about":[{"href":"https:\/\/hudo.com\/si\/wp-json\/wp\/v2\/types\/post"}],"author":[{"embeddable":true,"href":"https:\/\/hudo.com\/si\/wp-json\/wp\/v2\/users\/1"}],"replies":[{"embeddable":true,"href":"https:\/\/hudo.com\/si\/wp-json\/wp\/v2\/comments?post=174325"}],"version-history":[{"count":1,"href":"https:\/\/hudo.com\/si\/wp-json\/wp\/v2\/posts\/174325\/revisions"}],"predecessor-version":[{"id":174535,"href":"https:\/\/hudo.com\/si\/wp-json\/wp\/v2\/posts\/174325\/revisions\/174535"}],"wp:attachment":[{"href":"https:\/\/hudo.com\/si\/wp-json\/wp\/v2\/media?parent=174325"}],"wp:term":[{"taxonomy":"category","embeddable":true,"href":"https:\/\/hudo.com\/si\/wp-json\/wp\/v2\/categories?post=174325"},{"taxonomy":"post_tag","embeddable":true,"href":"https:\/\/hudo.com\/si\/wp-json\/wp\/v2\/tags?post=174325"},{"taxonomy":"source","embeddable":true,"href":"https:\/\/hudo.com\/si\/wp-json\/wp\/v2\/source?post=174325"},{"taxonomy":"supertag","embeddable":true,"href":"https:\/\/hudo.com\/si\/wp-json\/wp\/v2\/supertag?post=174325"}],"curies":[{"name":"wp","href":"https:\/\/api.w.org\/{rel}","templated":true}]}}