{"id":174714,"date":"2016-11-17T16:37:00","date_gmt":"2016-11-17T15:37:00","guid":{"rendered":"http:\/\/hudo.com\/si\/2016\/11\/17\/avstrijec-na-celu-evropskega-rokometa\/"},"modified":"2016-11-17T16:37:00","modified_gmt":"2016-11-17T15:37:00","slug":"avstrijec-na-celu-evropskega-rokometa","status":"publish","type":"post","link":"https:\/\/hudo.com\/si\/aktualno\/avstrijec-na-celu-evropskega-rokometa\/","title":{"rendered":"Avstrijec na \u010delu evropskega rokometa"},"content":{"rendered":"<p>Kategorija: Rokomet Thu, 17 Nov 2016 17:37:00 +0100  Dunaj &#8211; Evropska rokometna zveza (EHF) bo odslej plesala po avstrijskih notah. Francoza Jeana Brihaulta, ki je na vro\u010dem stol\u010dku sedel od leta 2012, bo namre\u010d na predsedni\u0161kem polo\u017eaju nasledil dolgoletni generalni sekretar zveze, 60-letni Michael Wiederer, ki je bil na volilnem kongresu v njegovem doma\u010dem St. Wolfgangu edini kandidat. Wiederer je \u010detrti predsednik EHF, pred njim so to vlogo opravljali \u0160ved Staffan Holmqvist (med letoma 1991 in 2004), Norve\u017ean Tor Lian (2004-2012) in, kot zapisano, nazadnje Brihault (od 22. junija 2012), ki je moral s \u010dela rokometne dru\u017eine stare celine sestopiti zavoljo pravila o starostni omejitvi za funkcionarje EHF. Ti so lahko stari kve\u010djemu 68 let, francoski profesor pa jih je letos prekora\u010dil. \u00bbHvala vsem za podporo, v \u010dast mi je naslediti tri tako uspe\u0161ne predsednike,\u00ab je bil v govoru takoj\u00a0&#8230;<\/p>\n","protected":false},"excerpt":{"rendered":"<p>Kategorija: Rokomet Thu, 17 Nov 2016 17:37:00 +0100  Dunaj &#8211; Evropska rokometna zveza (EHF) bo odslej plesala po avstrijskih notah. Francoza Jeana Brihaulta, ki je na vro\u010dem stol\u010dku sedel od leta 2012, bo namre\u010d na predsedni\u0161kem polo\u017eaju nasledil dolgoletni generalni sekretar zveze, 60-letni Michael Wiederer, ki je bil na volilnem kongresu v njegovem doma\u010dem St. Wolfgangu edini kandidat. Wiederer je \u010detrti predsednik EHF, pred njim so to vlogo opravljali \u0160ved Staffan Holmqvist (med letoma 1991 in 2004), Norve\u017ean Tor Lian (2004-2012) in, kot zapisano, nazadnje Brihault (od 22. junija 2012), ki je moral s \u010dela rokometne dru\u017eine stare celine sestopiti zavoljo pravila o starostni omejitvi za funkcionarje EHF. Ti so lahko stari kve\u010djemu 68 let, francoski profesor pa jih je letos prekora\u010dil. \u00bbHvala vsem za podporo, v \u010dast mi je naslediti tri tako uspe\u0161ne predsednike,\u00ab je bil v govoru takoj\u00a0&#8230;<\/p>\n","protected":false},"author":1,"featured_media":0,"comment_status":"closed","ping_status":"closed","sticky":false,"template":"","format":"standard","meta":{"footnotes":""},"categories":[1179],"tags":[],"source":[1703],"supertag":[],"acf":[],"yoast_head":"<!-- This site is optimized with the Yoast SEO plugin v21.3 - https:\/\/yoast.com\/wordpress\/plugins\/seo\/ -->\n<title>Avstrijec na \u010delu evropskega rokometa - Hudo Slovenija<\/title>\n<meta name=\"robots\" content=\"index, follow, max-snippet:-1, max-image-preview:large, max-video-preview:-1\" \/>\n<link rel=\"canonical\" href=\"https:\/\/hudo.com\/si\/aktualno\/avstrijec-na-celu-evropskega-rokometa\/\" \/>\n<meta property=\"og:locale\" content=\"sl_SI\" \/>\n<meta property=\"og:type\" content=\"article\" \/>\n<meta property=\"og:title\" content=\"Avstrijec na \u010delu evropskega rokometa - Hudo Slovenija\" \/>\n<meta property=\"og:description\" content=\"Kategorija: Rokomet Thu, 17 Nov 2016 17:37:00 +0100 Dunaj - Evropska rokometna zveza (EHF) bo odslej plesala po avstrijskih notah. Francoza Jeana Brihaulta, ki je na vro\u010dem stol\u010dku sedel od leta 2012, bo namre\u010d na predsedni\u0161kem polo\u017eaju nasledil dolgoletni generalni sekretar zveze, 60-letni Michael Wiederer, ki je bil na volilnem kongresu v njegovem doma\u010dem St. Wolfgangu edini kandidat. Wiederer je \u010detrti predsednik EHF, pred njim so to vlogo opravljali \u0160ved Staffan Holmqvist (med letoma 1991 in 2004), Norve\u017ean Tor Lian (2004-2012) in, kot zapisano, nazadnje Brihault (od 22. junija 2012), ki je moral s \u010dela rokometne dru\u017eine stare celine sestopiti zavoljo pravila o starostni omejitvi za funkcionarje EHF. Ti so lahko stari kve\u010djemu 68 let, francoski profesor pa jih je letos prekora\u010dil. \u00bbHvala vsem za podporo, v \u010dast mi je naslediti tri tako uspe\u0161ne predsednike,\u00ab je bil v govoru takoj\u00a0...\" \/>\n<meta property=\"og:url\" content=\"https:\/\/hudo.com\/si\/aktualno\/avstrijec-na-celu-evropskega-rokometa\/\" \/>\n<meta property=\"og:site_name\" content=\"Hudo Slovenija\" \/>\n<meta property=\"article:publisher\" content=\"https:\/\/www.facebook.com\/hudo.si\" \/>\n<meta property=\"article:published_time\" content=\"2016-11-17T15:37:00+00:00\" \/>\n<meta property=\"og:image\" content=\"https:\/\/hudo.com\/si\/wp-content\/uploads\/sites\/2\/2016\/11\/480x290_djvu_1422240_janezp_ho-evar-ROKOMET-Evropska-ro.jpeg\" \/>\n\t<meta property=\"og:image:width\" content=\"480\" \/>\n\t<meta property=\"og:image:height\" content=\"290\" \/>\n\t<meta property=\"og:image:type\" content=\"image\/jpeg\" \/>\n<meta name=\"author\" content=\"hudo\" \/>\n<meta name=\"twitter:card\" content=\"summary_large_image\" \/>\n<meta name=\"twitter:creator\" content=\"@hudo_si\" \/>\n<meta name=\"twitter:site\" content=\"@hudo_si\" \/>\n<meta name=\"twitter:label1\" content=\"Written by\" \/>\n\t<meta name=\"twitter:data1\" content=\"hudo\" \/>\n\t<meta name=\"twitter:label2\" content=\"Est. reading time\" \/>\n\t<meta name=\"twitter:data2\" content=\"1 minuta\" \/>\n<script type=\"application\/ld+json\" class=\"yoast-schema-graph\">{\"@context\":\"https:\/\/schema.org\",\"@graph\":[{\"@type\":\"Article\",\"@id\":\"https:\/\/hudo.com\/si\/aktualno\/avstrijec-na-celu-evropskega-rokometa\/#article\",\"isPartOf\":{\"@id\":\"https:\/\/hudo.com\/si\/aktualno\/avstrijec-na-celu-evropskega-rokometa\/\"},\"author\":{\"name\":\"hudo\",\"@id\":\"https:\/\/hudo.com\/si\/#\/schema\/person\/601cf3379633985b20f7e50f2bb47707\"},\"headline\":\"Avstrijec na \u010delu evropskega rokometa\",\"datePublished\":\"2016-11-17T15:37:00+00:00\",\"dateModified\":\"2016-11-17T15:37:00+00:00\",\"mainEntityOfPage\":{\"@id\":\"https:\/\/hudo.com\/si\/aktualno\/avstrijec-na-celu-evropskega-rokometa\/\"},\"wordCount\":145,\"publisher\":{\"@id\":\"https:\/\/hudo.com\/si\/#organization\"},\"articleSection\":[\"Aktualno\"],\"inLanguage\":\"sl-SI\"},{\"@type\":\"WebPage\",\"@id\":\"https:\/\/hudo.com\/si\/aktualno\/avstrijec-na-celu-evropskega-rokometa\/\",\"url\":\"https:\/\/hudo.com\/si\/aktualno\/avstrijec-na-celu-evropskega-rokometa\/\",\"name\":\"Avstrijec na \u010delu evropskega rokometa - Hudo Slovenija\",\"isPartOf\":{\"@id\":\"https:\/\/hudo.com\/si\/#website\"},\"datePublished\":\"2016-11-17T15:37:00+00:00\",\"dateModified\":\"2016-11-17T15:37:00+00:00\",\"breadcrumb\":{\"@id\":\"https:\/\/hudo.com\/si\/aktualno\/avstrijec-na-celu-evropskega-rokometa\/#breadcrumb\"},\"inLanguage\":\"sl-SI\",\"potentialAction\":[{\"@type\":\"ReadAction\",\"target\":[\"https:\/\/hudo.com\/si\/aktualno\/avstrijec-na-celu-evropskega-rokometa\/\"]}]},{\"@type\":\"BreadcrumbList\",\"@id\":\"https:\/\/hudo.com\/si\/aktualno\/avstrijec-na-celu-evropskega-rokometa\/#breadcrumb\",\"itemListElement\":[{\"@type\":\"ListItem\",\"position\":1,\"name\":\"Home\",\"item\":\"https:\/\/hudo.com\/si\/\"},{\"@type\":\"ListItem\",\"position\":2,\"name\":\"Avstrijec na \u010delu evropskega rokometa\"}]},{\"@type\":\"WebSite\",\"@id\":\"https:\/\/hudo.com\/si\/#website\",\"url\":\"https:\/\/hudo.com\/si\/\",\"name\":\"Hudo Slovenija\",\"description\":\"Vse novice iz Slovenije in sveta\",\"publisher\":{\"@id\":\"https:\/\/hudo.com\/si\/#organization\"},\"potentialAction\":[{\"@type\":\"SearchAction\",\"target\":{\"@type\":\"EntryPoint\",\"urlTemplate\":\"https:\/\/hudo.com\/si\/?s={search_term_string}\"},\"query-input\":\"required name=search_term_string\"}],\"inLanguage\":\"sl-SI\"},{\"@type\":\"Organization\",\"@id\":\"https:\/\/hudo.com\/si\/#organization\",\"name\":\"VSN Media\",\"url\":\"https:\/\/hudo.com\/si\/\",\"logo\":{\"@type\":\"ImageObject\",\"inLanguage\":\"sl-SI\",\"@id\":\"https:\/\/hudo.com\/si\/#\/schema\/logo\/image\/\",\"url\":\"https:\/\/hudo.com\/si\/wp-content\/uploads\/sites\/2\/2021\/03\/hudo-app-2.png\",\"contentUrl\":\"https:\/\/hudo.com\/si\/wp-content\/uploads\/sites\/2\/2021\/03\/hudo-app-2.png\",\"width\":2185,\"height\":2167,\"caption\":\"VSN Media\"},\"image\":{\"@id\":\"https:\/\/hudo.com\/si\/#\/schema\/logo\/image\/\"},\"sameAs\":[\"https:\/\/www.facebook.com\/hudo.si\",\"https:\/\/twitter.com\/hudo_si\"]},{\"@type\":\"Person\",\"@id\":\"https:\/\/hudo.com\/si\/#\/schema\/person\/601cf3379633985b20f7e50f2bb47707\",\"name\":\"hudo\",\"image\":{\"@type\":\"ImageObject\",\"inLanguage\":\"sl-SI\",\"@id\":\"https:\/\/hudo.com\/si\/#\/schema\/person\/image\/\",\"url\":\"https:\/\/secure.gravatar.com\/avatar\/c4ca25fa72cace7a696b52ff5db9e095?s=96&d=mm&r=g\",\"contentUrl\":\"https:\/\/secure.gravatar.com\/avatar\/c4ca25fa72cace7a696b52ff5db9e095?s=96&d=mm&r=g\",\"caption\":\"hudo\"},\"url\":\"https:\/\/hudo.com\/si\/author\/hudo\/\"}]}<\/script>\n<!-- \/ Yoast SEO plugin. -->","yoast_head_json":{"title":"Avstrijec na \u010delu evropskega rokometa - Hudo Slovenija","robots":{"index":"index","follow":"follow","max-snippet":"max-snippet:-1","max-image-preview":"max-image-preview:large","max-video-preview":"max-video-preview:-1"},"canonical":"https:\/\/hudo.com\/si\/aktualno\/avstrijec-na-celu-evropskega-rokometa\/","og_locale":"sl_SI","og_type":"article","og_title":"Avstrijec na \u010delu evropskega rokometa - Hudo Slovenija","og_description":"Kategorija: Rokomet Thu, 17 Nov 2016 17:37:00 +0100 Dunaj - Evropska rokometna zveza (EHF) bo odslej plesala po avstrijskih notah. Francoza Jeana Brihaulta, ki je na vro\u010dem stol\u010dku sedel od leta 2012, bo namre\u010d na predsedni\u0161kem polo\u017eaju nasledil dolgoletni generalni sekretar zveze, 60-letni Michael Wiederer, ki je bil na volilnem kongresu v njegovem doma\u010dem St. Wolfgangu edini kandidat. Wiederer je \u010detrti predsednik EHF, pred njim so to vlogo opravljali \u0160ved Staffan Holmqvist (med letoma 1991 in 2004), Norve\u017ean Tor Lian (2004-2012) in, kot zapisano, nazadnje Brihault (od 22. junija 2012), ki je moral s \u010dela rokometne dru\u017eine stare celine sestopiti zavoljo pravila o starostni omejitvi za funkcionarje EHF. Ti so lahko stari kve\u010djemu 68 let, francoski profesor pa jih je letos prekora\u010dil. \u00bbHvala vsem za podporo, v \u010dast mi je naslediti tri tako uspe\u0161ne predsednike,\u00ab je bil v govoru takoj\u00a0...","og_url":"https:\/\/hudo.com\/si\/aktualno\/avstrijec-na-celu-evropskega-rokometa\/","og_site_name":"Hudo Slovenija","article_publisher":"https:\/\/www.facebook.com\/hudo.si","article_published_time":"2016-11-17T15:37:00+00:00","og_image":[{"width":480,"height":290,"url":"https:\/\/hudo.com\/si\/wp-content\/uploads\/sites\/2\/2016\/11\/480x290_djvu_1422240_janezp_ho-evar-ROKOMET-Evropska-ro.jpeg","type":"image\/jpeg"}],"author":"hudo","twitter_card":"summary_large_image","twitter_creator":"@hudo_si","twitter_site":"@hudo_si","twitter_misc":{"Written by":"hudo","Est. reading time":"1 minuta"},"schema":{"@context":"https:\/\/schema.org","@graph":[{"@type":"Article","@id":"https:\/\/hudo.com\/si\/aktualno\/avstrijec-na-celu-evropskega-rokometa\/#article","isPartOf":{"@id":"https:\/\/hudo.com\/si\/aktualno\/avstrijec-na-celu-evropskega-rokometa\/"},"author":{"name":"hudo","@id":"https:\/\/hudo.com\/si\/#\/schema\/person\/601cf3379633985b20f7e50f2bb47707"},"headline":"Avstrijec na \u010delu evropskega rokometa","datePublished":"2016-11-17T15:37:00+00:00","dateModified":"2016-11-17T15:37:00+00:00","mainEntityOfPage":{"@id":"https:\/\/hudo.com\/si\/aktualno\/avstrijec-na-celu-evropskega-rokometa\/"},"wordCount":145,"publisher":{"@id":"https:\/\/hudo.com\/si\/#organization"},"articleSection":["Aktualno"],"inLanguage":"sl-SI"},{"@type":"WebPage","@id":"https:\/\/hudo.com\/si\/aktualno\/avstrijec-na-celu-evropskega-rokometa\/","url":"https:\/\/hudo.com\/si\/aktualno\/avstrijec-na-celu-evropskega-rokometa\/","name":"Avstrijec na \u010delu evropskega rokometa - Hudo Slovenija","isPartOf":{"@id":"https:\/\/hudo.com\/si\/#website"},"datePublished":"2016-11-17T15:37:00+00:00","dateModified":"2016-11-17T15:37:00+00:00","breadcrumb":{"@id":"https:\/\/hudo.com\/si\/aktualno\/avstrijec-na-celu-evropskega-rokometa\/#breadcrumb"},"inLanguage":"sl-SI","potentialAction":[{"@type":"ReadAction","target":["https:\/\/hudo.com\/si\/aktualno\/avstrijec-na-celu-evropskega-rokometa\/"]}]},{"@type":"BreadcrumbList","@id":"https:\/\/hudo.com\/si\/aktualno\/avstrijec-na-celu-evropskega-rokometa\/#breadcrumb","itemListElement":[{"@type":"ListItem","position":1,"name":"Home","item":"https:\/\/hudo.com\/si\/"},{"@type":"ListItem","position":2,"name":"Avstrijec na \u010delu evropskega rokometa"}]},{"@type":"WebSite","@id":"https:\/\/hudo.com\/si\/#website","url":"https:\/\/hudo.com\/si\/","name":"Hudo Slovenija","description":"Vse novice iz Slovenije in sveta","publisher":{"@id":"https:\/\/hudo.com\/si\/#organization"},"potentialAction":[{"@type":"SearchAction","target":{"@type":"EntryPoint","urlTemplate":"https:\/\/hudo.com\/si\/?s={search_term_string}"},"query-input":"required name=search_term_string"}],"inLanguage":"sl-SI"},{"@type":"Organization","@id":"https:\/\/hudo.com\/si\/#organization","name":"VSN Media","url":"https:\/\/hudo.com\/si\/","logo":{"@type":"ImageObject","inLanguage":"sl-SI","@id":"https:\/\/hudo.com\/si\/#\/schema\/logo\/image\/","url":"https:\/\/hudo.com\/si\/wp-content\/uploads\/sites\/2\/2021\/03\/hudo-app-2.png","contentUrl":"https:\/\/hudo.com\/si\/wp-content\/uploads\/sites\/2\/2021\/03\/hudo-app-2.png","width":2185,"height":2167,"caption":"VSN Media"},"image":{"@id":"https:\/\/hudo.com\/si\/#\/schema\/logo\/image\/"},"sameAs":["https:\/\/www.facebook.com\/hudo.si","https:\/\/twitter.com\/hudo_si"]},{"@type":"Person","@id":"https:\/\/hudo.com\/si\/#\/schema\/person\/601cf3379633985b20f7e50f2bb47707","name":"hudo","image":{"@type":"ImageObject","inLanguage":"sl-SI","@id":"https:\/\/hudo.com\/si\/#\/schema\/person\/image\/","url":"https:\/\/secure.gravatar.com\/avatar\/c4ca25fa72cace7a696b52ff5db9e095?s=96&d=mm&r=g","contentUrl":"https:\/\/secure.gravatar.com\/avatar\/c4ca25fa72cace7a696b52ff5db9e095?s=96&d=mm&r=g","caption":"hudo"},"url":"https:\/\/hudo.com\/si\/author\/hudo\/"}]}},"amp_enabled":true,"_links":{"self":[{"href":"https:\/\/hudo.com\/si\/wp-json\/wp\/v2\/posts\/174714"}],"collection":[{"href":"https:\/\/hudo.com\/si\/wp-json\/wp\/v2\/posts"}],"about":[{"href":"https:\/\/hudo.com\/si\/wp-json\/wp\/v2\/types\/post"}],"author":[{"embeddable":true,"href":"https:\/\/hudo.com\/si\/wp-json\/wp\/v2\/users\/1"}],"replies":[{"embeddable":true,"href":"https:\/\/hudo.com\/si\/wp-json\/wp\/v2\/comments?post=174714"}],"version-history":[{"count":0,"href":"https:\/\/hudo.com\/si\/wp-json\/wp\/v2\/posts\/174714\/revisions"}],"wp:attachment":[{"href":"https:\/\/hudo.com\/si\/wp-json\/wp\/v2\/media?parent=174714"}],"wp:term":[{"taxonomy":"category","embeddable":true,"href":"https:\/\/hudo.com\/si\/wp-json\/wp\/v2\/categories?post=174714"},{"taxonomy":"post_tag","embeddable":true,"href":"https:\/\/hudo.com\/si\/wp-json\/wp\/v2\/tags?post=174714"},{"taxonomy":"source","embeddable":true,"href":"https:\/\/hudo.com\/si\/wp-json\/wp\/v2\/source?post=174714"},{"taxonomy":"supertag","embeddable":true,"href":"https:\/\/hudo.com\/si\/wp-json\/wp\/v2\/supertag?post=174714"}],"curies":[{"name":"wp","href":"https:\/\/api.w.org\/{rel}","templated":true}]}}