{"id":175371,"date":"2016-11-18T17:35:00","date_gmt":"2016-11-18T16:35:00","guid":{"rendered":"http:\/\/hudo.com\/si\/2016\/11\/18\/factor-banka-pesjaku-in-valencicu-dobro-leto-zapora\/"},"modified":"2016-11-18T17:35:00","modified_gmt":"2016-11-18T16:35:00","slug":"factor-banka-pesjaku-in-valencicu-dobro-leto-zapora","status":"publish","type":"post","link":"https:\/\/hudo.com\/si\/aktualno\/factor-banka-pesjaku-in-valencicu-dobro-leto-zapora\/","title":{"rendered":"Factor banka: Pesjaku in Valen\u010di\u010du dobro leto zapora"},"content":{"rendered":"<p>Kategorija: Kronika Fri, 18 Nov 2016 18:35:00 +0100  Ljubljana \u2013 Zaradi odobritve spornega kredita v vi\u0161ini 350.000 evrov so danes na ljubljanskem okro\u017enem sodi\u0161\u010du na dobro leto dni zaporne kazni obsodili nekdanja \u010dlana uprave Factor banke Borisa Pesjaka in Du\u0161ana Valen\u010di\u010da. Sodba \u0161e ni pravnomo\u010dna.Obto\u017enica specializiranega dr\u017eavnega to\u017eilstva Pesjaku in Valen\u010di\u010du o\u010dita kaznivo dejanje zlorabe polo\u017eaja ali zaupanja v gospodarski dejavnosti. Konec septembra 2012 je takratni predsednik uprave banke Ciril Dragonja za tedni dni pooblastil Borisa Pesjaka, takrat je bil svetovalec uprave banke, da v njegovem imenu sodeluje in glasuje pri odobravanju kreditov in drugih predlogov uprave. Pesjak in Valen\u010di\u010d, takratni \u010dlan uprave banke, sta 1. oktobra odobrila kratkoro\u010dni kredit beograjskemu poslovne\u017eu Dejanu Luki\u0107u v vi\u0161ini 353.000 evrov. Posojilo je bilo namenjeno popla\u010dilu Luki\u0107evih \u0161e neporavnanih kreditnih obveznosti\u00a0&#8230;<\/p>\n","protected":false},"excerpt":{"rendered":"<p>Kategorija: Kronika Fri, 18 Nov 2016 18:35:00 +0100  Ljubljana \u2013 Zaradi odobritve spornega kredita v vi\u0161ini 350.000 evrov so danes na ljubljanskem okro\u017enem sodi\u0161\u010du na dobro leto dni zaporne kazni obsodili nekdanja \u010dlana uprave Factor banke Borisa Pesjaka in Du\u0161ana Valen\u010di\u010da. Sodba \u0161e ni pravnomo\u010dna.Obto\u017enica specializiranega dr\u017eavnega to\u017eilstva Pesjaku in Valen\u010di\u010du o\u010dita kaznivo dejanje zlorabe polo\u017eaja ali zaupanja v gospodarski dejavnosti. Konec septembra 2012 je takratni predsednik uprave banke Ciril Dragonja za tedni dni pooblastil Borisa Pesjaka, takrat je bil svetovalec uprave banke, da v njegovem imenu sodeluje in glasuje pri odobravanju kreditov in drugih predlogov uprave. Pesjak in Valen\u010di\u010d, takratni \u010dlan uprave banke, sta 1. oktobra odobrila kratkoro\u010dni kredit beograjskemu poslovne\u017eu Dejanu Luki\u0107u v vi\u0161ini 353.000 evrov. Posojilo je bilo namenjeno popla\u010dilu Luki\u0107evih \u0161e neporavnanih kreditnih obveznosti\u00a0&#8230;<\/p>\n","protected":false},"author":1,"featured_media":0,"comment_status":"closed","ping_status":"closed","sticky":false,"template":"","format":"standard","meta":{"footnotes":""},"categories":[1179],"tags":[],"source":[1703],"supertag":[],"acf":[],"yoast_head":"<!-- This site is optimized with the Yoast SEO plugin v21.3 - https:\/\/yoast.com\/wordpress\/plugins\/seo\/ -->\n<title>Factor banka: Pesjaku in Valen\u010di\u010du dobro leto zapora - Hudo Slovenija<\/title>\n<meta name=\"robots\" content=\"index, follow, max-snippet:-1, max-image-preview:large, max-video-preview:-1\" \/>\n<link rel=\"canonical\" href=\"https:\/\/hudo.com\/si\/aktualno\/factor-banka-pesjaku-in-valencicu-dobro-leto-zapora\/\" \/>\n<meta property=\"og:locale\" content=\"sl_SI\" \/>\n<meta property=\"og:type\" content=\"article\" \/>\n<meta property=\"og:title\" content=\"Factor banka: Pesjaku in Valen\u010di\u010du dobro leto zapora - Hudo Slovenija\" \/>\n<meta property=\"og:description\" content=\"Kategorija: Kronika Fri, 18 Nov 2016 18:35:00 +0100 Ljubljana \u2013 Zaradi odobritve spornega kredita v vi\u0161ini 350.000 evrov so danes na ljubljanskem okro\u017enem sodi\u0161\u010du na dobro leto dni zaporne kazni obsodili nekdanja \u010dlana uprave Factor banke Borisa Pesjaka in Du\u0161ana Valen\u010di\u010da. Sodba \u0161e ni pravnomo\u010dna.Obto\u017enica specializiranega dr\u017eavnega to\u017eilstva Pesjaku in Valen\u010di\u010du o\u010dita kaznivo dejanje zlorabe polo\u017eaja ali zaupanja v gospodarski dejavnosti. Konec septembra 2012 je takratni predsednik uprave banke Ciril Dragonja za tedni dni pooblastil Borisa Pesjaka, takrat je bil svetovalec uprave banke, da v njegovem imenu sodeluje in glasuje pri odobravanju kreditov in drugih predlogov uprave. Pesjak in Valen\u010di\u010d, takratni \u010dlan uprave banke, sta 1. oktobra odobrila kratkoro\u010dni kredit beograjskemu poslovne\u017eu Dejanu Luki\u0107u v vi\u0161ini 353.000 evrov. Posojilo je bilo namenjeno popla\u010dilu Luki\u0107evih \u0161e neporavnanih kreditnih obveznosti\u00a0...\" \/>\n<meta property=\"og:url\" content=\"https:\/\/hudo.com\/si\/aktualno\/factor-banka-pesjaku-in-valencicu-dobro-leto-zapora\/\" \/>\n<meta property=\"og:site_name\" content=\"Hudo Slovenija\" \/>\n<meta property=\"article:publisher\" content=\"https:\/\/www.facebook.com\/hudo.si\" \/>\n<meta property=\"article:published_time\" content=\"2016-11-18T16:35:00+00:00\" \/>\n<meta property=\"og:image\" content=\"https:\/\/hudo.com\/si\/wp-content\/uploads\/sites\/2\/2016\/11\/480x290_djvu_1857056_cvetop_jsu-factor-banka.jpeg\" \/>\n\t<meta property=\"og:image:width\" content=\"480\" \/>\n\t<meta property=\"og:image:height\" content=\"290\" \/>\n\t<meta property=\"og:image:type\" content=\"image\/jpeg\" \/>\n<meta name=\"author\" content=\"hudo\" \/>\n<meta name=\"twitter:card\" content=\"summary_large_image\" \/>\n<meta name=\"twitter:creator\" content=\"@hudo_si\" \/>\n<meta name=\"twitter:site\" content=\"@hudo_si\" \/>\n<meta name=\"twitter:label1\" content=\"Written by\" \/>\n\t<meta name=\"twitter:data1\" content=\"hudo\" \/>\n\t<meta name=\"twitter:label2\" content=\"Est. reading time\" \/>\n\t<meta name=\"twitter:data2\" content=\"1 minuta\" \/>\n<script type=\"application\/ld+json\" class=\"yoast-schema-graph\">{\"@context\":\"https:\/\/schema.org\",\"@graph\":[{\"@type\":\"Article\",\"@id\":\"https:\/\/hudo.com\/si\/aktualno\/factor-banka-pesjaku-in-valencicu-dobro-leto-zapora\/#article\",\"isPartOf\":{\"@id\":\"https:\/\/hudo.com\/si\/aktualno\/factor-banka-pesjaku-in-valencicu-dobro-leto-zapora\/\"},\"author\":{\"name\":\"hudo\",\"@id\":\"https:\/\/hudo.com\/si\/#\/schema\/person\/601cf3379633985b20f7e50f2bb47707\"},\"headline\":\"Factor banka: Pesjaku in Valen\u010di\u010du dobro leto zapora\",\"datePublished\":\"2016-11-18T16:35:00+00:00\",\"dateModified\":\"2016-11-18T16:35:00+00:00\",\"mainEntityOfPage\":{\"@id\":\"https:\/\/hudo.com\/si\/aktualno\/factor-banka-pesjaku-in-valencicu-dobro-leto-zapora\/\"},\"wordCount\":151,\"publisher\":{\"@id\":\"https:\/\/hudo.com\/si\/#organization\"},\"articleSection\":[\"Aktualno\"],\"inLanguage\":\"sl-SI\"},{\"@type\":\"WebPage\",\"@id\":\"https:\/\/hudo.com\/si\/aktualno\/factor-banka-pesjaku-in-valencicu-dobro-leto-zapora\/\",\"url\":\"https:\/\/hudo.com\/si\/aktualno\/factor-banka-pesjaku-in-valencicu-dobro-leto-zapora\/\",\"name\":\"Factor banka: Pesjaku in Valen\u010di\u010du dobro leto zapora - Hudo Slovenija\",\"isPartOf\":{\"@id\":\"https:\/\/hudo.com\/si\/#website\"},\"datePublished\":\"2016-11-18T16:35:00+00:00\",\"dateModified\":\"2016-11-18T16:35:00+00:00\",\"breadcrumb\":{\"@id\":\"https:\/\/hudo.com\/si\/aktualno\/factor-banka-pesjaku-in-valencicu-dobro-leto-zapora\/#breadcrumb\"},\"inLanguage\":\"sl-SI\",\"potentialAction\":[{\"@type\":\"ReadAction\",\"target\":[\"https:\/\/hudo.com\/si\/aktualno\/factor-banka-pesjaku-in-valencicu-dobro-leto-zapora\/\"]}]},{\"@type\":\"BreadcrumbList\",\"@id\":\"https:\/\/hudo.com\/si\/aktualno\/factor-banka-pesjaku-in-valencicu-dobro-leto-zapora\/#breadcrumb\",\"itemListElement\":[{\"@type\":\"ListItem\",\"position\":1,\"name\":\"Home\",\"item\":\"https:\/\/hudo.com\/si\/\"},{\"@type\":\"ListItem\",\"position\":2,\"name\":\"Factor banka: Pesjaku in Valen\u010di\u010du dobro leto zapora\"}]},{\"@type\":\"WebSite\",\"@id\":\"https:\/\/hudo.com\/si\/#website\",\"url\":\"https:\/\/hudo.com\/si\/\",\"name\":\"Hudo Slovenija\",\"description\":\"Vse novice iz Slovenije in sveta\",\"publisher\":{\"@id\":\"https:\/\/hudo.com\/si\/#organization\"},\"potentialAction\":[{\"@type\":\"SearchAction\",\"target\":{\"@type\":\"EntryPoint\",\"urlTemplate\":\"https:\/\/hudo.com\/si\/?s={search_term_string}\"},\"query-input\":\"required name=search_term_string\"}],\"inLanguage\":\"sl-SI\"},{\"@type\":\"Organization\",\"@id\":\"https:\/\/hudo.com\/si\/#organization\",\"name\":\"VSN Media\",\"url\":\"https:\/\/hudo.com\/si\/\",\"logo\":{\"@type\":\"ImageObject\",\"inLanguage\":\"sl-SI\",\"@id\":\"https:\/\/hudo.com\/si\/#\/schema\/logo\/image\/\",\"url\":\"https:\/\/hudo.com\/si\/wp-content\/uploads\/sites\/2\/2021\/03\/hudo-app-2.png\",\"contentUrl\":\"https:\/\/hudo.com\/si\/wp-content\/uploads\/sites\/2\/2021\/03\/hudo-app-2.png\",\"width\":2185,\"height\":2167,\"caption\":\"VSN Media\"},\"image\":{\"@id\":\"https:\/\/hudo.com\/si\/#\/schema\/logo\/image\/\"},\"sameAs\":[\"https:\/\/www.facebook.com\/hudo.si\",\"https:\/\/twitter.com\/hudo_si\"]},{\"@type\":\"Person\",\"@id\":\"https:\/\/hudo.com\/si\/#\/schema\/person\/601cf3379633985b20f7e50f2bb47707\",\"name\":\"hudo\",\"image\":{\"@type\":\"ImageObject\",\"inLanguage\":\"sl-SI\",\"@id\":\"https:\/\/hudo.com\/si\/#\/schema\/person\/image\/\",\"url\":\"https:\/\/secure.gravatar.com\/avatar\/c4ca25fa72cace7a696b52ff5db9e095?s=96&d=mm&r=g\",\"contentUrl\":\"https:\/\/secure.gravatar.com\/avatar\/c4ca25fa72cace7a696b52ff5db9e095?s=96&d=mm&r=g\",\"caption\":\"hudo\"},\"url\":\"https:\/\/hudo.com\/si\/author\/hudo\/\"}]}<\/script>\n<!-- \/ Yoast SEO plugin. -->","yoast_head_json":{"title":"Factor banka: Pesjaku in Valen\u010di\u010du dobro leto zapora - Hudo Slovenija","robots":{"index":"index","follow":"follow","max-snippet":"max-snippet:-1","max-image-preview":"max-image-preview:large","max-video-preview":"max-video-preview:-1"},"canonical":"https:\/\/hudo.com\/si\/aktualno\/factor-banka-pesjaku-in-valencicu-dobro-leto-zapora\/","og_locale":"sl_SI","og_type":"article","og_title":"Factor banka: Pesjaku in Valen\u010di\u010du dobro leto zapora - Hudo Slovenija","og_description":"Kategorija: Kronika Fri, 18 Nov 2016 18:35:00 +0100 Ljubljana \u2013 Zaradi odobritve spornega kredita v vi\u0161ini 350.000 evrov so danes na ljubljanskem okro\u017enem sodi\u0161\u010du na dobro leto dni zaporne kazni obsodili nekdanja \u010dlana uprave Factor banke Borisa Pesjaka in Du\u0161ana Valen\u010di\u010da. Sodba \u0161e ni pravnomo\u010dna.Obto\u017enica specializiranega dr\u017eavnega to\u017eilstva Pesjaku in Valen\u010di\u010du o\u010dita kaznivo dejanje zlorabe polo\u017eaja ali zaupanja v gospodarski dejavnosti. Konec septembra 2012 je takratni predsednik uprave banke Ciril Dragonja za tedni dni pooblastil Borisa Pesjaka, takrat je bil svetovalec uprave banke, da v njegovem imenu sodeluje in glasuje pri odobravanju kreditov in drugih predlogov uprave. Pesjak in Valen\u010di\u010d, takratni \u010dlan uprave banke, sta 1. oktobra odobrila kratkoro\u010dni kredit beograjskemu poslovne\u017eu Dejanu Luki\u0107u v vi\u0161ini 353.000 evrov. Posojilo je bilo namenjeno popla\u010dilu Luki\u0107evih \u0161e neporavnanih kreditnih obveznosti\u00a0...","og_url":"https:\/\/hudo.com\/si\/aktualno\/factor-banka-pesjaku-in-valencicu-dobro-leto-zapora\/","og_site_name":"Hudo Slovenija","article_publisher":"https:\/\/www.facebook.com\/hudo.si","article_published_time":"2016-11-18T16:35:00+00:00","og_image":[{"width":480,"height":290,"url":"https:\/\/hudo.com\/si\/wp-content\/uploads\/sites\/2\/2016\/11\/480x290_djvu_1857056_cvetop_jsu-factor-banka.jpeg","type":"image\/jpeg"}],"author":"hudo","twitter_card":"summary_large_image","twitter_creator":"@hudo_si","twitter_site":"@hudo_si","twitter_misc":{"Written by":"hudo","Est. reading time":"1 minuta"},"schema":{"@context":"https:\/\/schema.org","@graph":[{"@type":"Article","@id":"https:\/\/hudo.com\/si\/aktualno\/factor-banka-pesjaku-in-valencicu-dobro-leto-zapora\/#article","isPartOf":{"@id":"https:\/\/hudo.com\/si\/aktualno\/factor-banka-pesjaku-in-valencicu-dobro-leto-zapora\/"},"author":{"name":"hudo","@id":"https:\/\/hudo.com\/si\/#\/schema\/person\/601cf3379633985b20f7e50f2bb47707"},"headline":"Factor banka: Pesjaku in Valen\u010di\u010du dobro leto zapora","datePublished":"2016-11-18T16:35:00+00:00","dateModified":"2016-11-18T16:35:00+00:00","mainEntityOfPage":{"@id":"https:\/\/hudo.com\/si\/aktualno\/factor-banka-pesjaku-in-valencicu-dobro-leto-zapora\/"},"wordCount":151,"publisher":{"@id":"https:\/\/hudo.com\/si\/#organization"},"articleSection":["Aktualno"],"inLanguage":"sl-SI"},{"@type":"WebPage","@id":"https:\/\/hudo.com\/si\/aktualno\/factor-banka-pesjaku-in-valencicu-dobro-leto-zapora\/","url":"https:\/\/hudo.com\/si\/aktualno\/factor-banka-pesjaku-in-valencicu-dobro-leto-zapora\/","name":"Factor banka: Pesjaku in Valen\u010di\u010du dobro leto zapora - Hudo Slovenija","isPartOf":{"@id":"https:\/\/hudo.com\/si\/#website"},"datePublished":"2016-11-18T16:35:00+00:00","dateModified":"2016-11-18T16:35:00+00:00","breadcrumb":{"@id":"https:\/\/hudo.com\/si\/aktualno\/factor-banka-pesjaku-in-valencicu-dobro-leto-zapora\/#breadcrumb"},"inLanguage":"sl-SI","potentialAction":[{"@type":"ReadAction","target":["https:\/\/hudo.com\/si\/aktualno\/factor-banka-pesjaku-in-valencicu-dobro-leto-zapora\/"]}]},{"@type":"BreadcrumbList","@id":"https:\/\/hudo.com\/si\/aktualno\/factor-banka-pesjaku-in-valencicu-dobro-leto-zapora\/#breadcrumb","itemListElement":[{"@type":"ListItem","position":1,"name":"Home","item":"https:\/\/hudo.com\/si\/"},{"@type":"ListItem","position":2,"name":"Factor banka: Pesjaku in Valen\u010di\u010du dobro leto zapora"}]},{"@type":"WebSite","@id":"https:\/\/hudo.com\/si\/#website","url":"https:\/\/hudo.com\/si\/","name":"Hudo Slovenija","description":"Vse novice iz Slovenije in sveta","publisher":{"@id":"https:\/\/hudo.com\/si\/#organization"},"potentialAction":[{"@type":"SearchAction","target":{"@type":"EntryPoint","urlTemplate":"https:\/\/hudo.com\/si\/?s={search_term_string}"},"query-input":"required name=search_term_string"}],"inLanguage":"sl-SI"},{"@type":"Organization","@id":"https:\/\/hudo.com\/si\/#organization","name":"VSN Media","url":"https:\/\/hudo.com\/si\/","logo":{"@type":"ImageObject","inLanguage":"sl-SI","@id":"https:\/\/hudo.com\/si\/#\/schema\/logo\/image\/","url":"https:\/\/hudo.com\/si\/wp-content\/uploads\/sites\/2\/2021\/03\/hudo-app-2.png","contentUrl":"https:\/\/hudo.com\/si\/wp-content\/uploads\/sites\/2\/2021\/03\/hudo-app-2.png","width":2185,"height":2167,"caption":"VSN Media"},"image":{"@id":"https:\/\/hudo.com\/si\/#\/schema\/logo\/image\/"},"sameAs":["https:\/\/www.facebook.com\/hudo.si","https:\/\/twitter.com\/hudo_si"]},{"@type":"Person","@id":"https:\/\/hudo.com\/si\/#\/schema\/person\/601cf3379633985b20f7e50f2bb47707","name":"hudo","image":{"@type":"ImageObject","inLanguage":"sl-SI","@id":"https:\/\/hudo.com\/si\/#\/schema\/person\/image\/","url":"https:\/\/secure.gravatar.com\/avatar\/c4ca25fa72cace7a696b52ff5db9e095?s=96&d=mm&r=g","contentUrl":"https:\/\/secure.gravatar.com\/avatar\/c4ca25fa72cace7a696b52ff5db9e095?s=96&d=mm&r=g","caption":"hudo"},"url":"https:\/\/hudo.com\/si\/author\/hudo\/"}]}},"amp_enabled":true,"_links":{"self":[{"href":"https:\/\/hudo.com\/si\/wp-json\/wp\/v2\/posts\/175371"}],"collection":[{"href":"https:\/\/hudo.com\/si\/wp-json\/wp\/v2\/posts"}],"about":[{"href":"https:\/\/hudo.com\/si\/wp-json\/wp\/v2\/types\/post"}],"author":[{"embeddable":true,"href":"https:\/\/hudo.com\/si\/wp-json\/wp\/v2\/users\/1"}],"replies":[{"embeddable":true,"href":"https:\/\/hudo.com\/si\/wp-json\/wp\/v2\/comments?post=175371"}],"version-history":[{"count":0,"href":"https:\/\/hudo.com\/si\/wp-json\/wp\/v2\/posts\/175371\/revisions"}],"wp:attachment":[{"href":"https:\/\/hudo.com\/si\/wp-json\/wp\/v2\/media?parent=175371"}],"wp:term":[{"taxonomy":"category","embeddable":true,"href":"https:\/\/hudo.com\/si\/wp-json\/wp\/v2\/categories?post=175371"},{"taxonomy":"post_tag","embeddable":true,"href":"https:\/\/hudo.com\/si\/wp-json\/wp\/v2\/tags?post=175371"},{"taxonomy":"source","embeddable":true,"href":"https:\/\/hudo.com\/si\/wp-json\/wp\/v2\/source?post=175371"},{"taxonomy":"supertag","embeddable":true,"href":"https:\/\/hudo.com\/si\/wp-json\/wp\/v2\/supertag?post=175371"}],"curies":[{"name":"wp","href":"https:\/\/api.w.org\/{rel}","templated":true}]}}