{"id":175377,"date":"2016-11-18T17:17:00","date_gmt":"2016-11-18T16:17:00","guid":{"rendered":"http:\/\/hudo.com\/si\/2016\/11\/18\/zdravniki-bodo-v-torek-zaostrili-stavko\/"},"modified":"2016-11-18T17:17:00","modified_gmt":"2016-11-18T16:17:00","slug":"zdravniki-bodo-v-torek-zaostrili-stavko","status":"publish","type":"post","link":"https:\/\/hudo.com\/si\/aktualno\/zdravniki-bodo-v-torek-zaostrili-stavko\/","title":{"rendered":"Zdravniki bodo v torek zaostrili stavko"},"content":{"rendered":"<p>Kategorija: Politika Fri, 18 Nov 2016 18:17:00 +0100  Ljubljana &#8211; Glavni stavkovni odbor zdravni\u0161kega sindikata Fides je danes sklenil, da bodo zdravniki v torek zaostrili stavko, je povedal predsednik Fidesa Konrad Ku\u0161trin. Sedaj sicer potekajo pogajanja med Fidesom in vladno stranjo. A Ku\u0161trin se boji, da danes ne bodo pri\u0161li tako skupaj, da bi zamrznili stavko. So se pa pripravljeni pogajati tudi \u010dez vikend. Ku\u0161trin je pred pogajanji dejal, da pri\u010dakuje \u00bbkak\u0161no presene\u010denje glede na to, da je vlada ministrici za zdravje Milojki Kolar Celarc dala pooblastila, da se pogaja in pride s kak\u0161nimi novimi predlogi\u00ab. A kot pravi, bodo zelo hitro videli, ali ima vlada kak\u0161ne nove zavezujo\u010de predloge. \u00bb\u010ce ne, bomo pogajanja prekinili, obvestili stavkovni odbor in nadaljevali takrat, ko bo vlada imela kaj v rokah,\u00ab je dejal. \u00bbStavka je bila zaostrena \u017ee pred tednom dni in smo to\u00a0&#8230;<\/p>\n","protected":false},"excerpt":{"rendered":"<p>Kategorija: Politika Fri, 18 Nov 2016 18:17:00 +0100  Ljubljana &#8211; Glavni stavkovni odbor zdravni\u0161kega sindikata Fides je danes sklenil, da bodo zdravniki v torek zaostrili stavko, je povedal predsednik Fidesa Konrad Ku\u0161trin. Sedaj sicer potekajo pogajanja med Fidesom in vladno stranjo. A Ku\u0161trin se boji, da danes ne bodo pri\u0161li tako skupaj, da bi zamrznili stavko. So se pa pripravljeni pogajati tudi \u010dez vikend. Ku\u0161trin je pred pogajanji dejal, da pri\u010dakuje \u00bbkak\u0161no presene\u010denje glede na to, da je vlada ministrici za zdravje Milojki Kolar Celarc dala pooblastila, da se pogaja in pride s kak\u0161nimi novimi predlogi\u00ab. A kot pravi, bodo zelo hitro videli, ali ima vlada kak\u0161ne nove zavezujo\u010de predloge. \u00bb\u010ce ne, bomo pogajanja prekinili, obvestili stavkovni odbor in nadaljevali takrat, ko bo vlada imela kaj v rokah,\u00ab je dejal. \u00bbStavka je bila zaostrena \u017ee pred tednom dni in smo to\u00a0&#8230;<\/p>\n","protected":false},"author":1,"featured_media":0,"comment_status":"closed","ping_status":"closed","sticky":false,"template":"","format":"standard","meta":{"footnotes":""},"categories":[1179],"tags":[],"source":[1703],"supertag":[],"acf":[],"yoast_head":"<!-- This site is optimized with the Yoast SEO plugin v21.3 - https:\/\/yoast.com\/wordpress\/plugins\/seo\/ -->\n<title>Zdravniki bodo v torek zaostrili stavko - Hudo Slovenija<\/title>\n<meta name=\"robots\" content=\"index, follow, max-snippet:-1, max-image-preview:large, max-video-preview:-1\" \/>\n<link rel=\"canonical\" href=\"https:\/\/hudo.com\/si\/aktualno\/zdravniki-bodo-v-torek-zaostrili-stavko\/\" \/>\n<meta property=\"og:locale\" content=\"sl_SI\" \/>\n<meta property=\"og:type\" content=\"article\" \/>\n<meta property=\"og:title\" content=\"Zdravniki bodo v torek zaostrili stavko - Hudo Slovenija\" \/>\n<meta property=\"og:description\" content=\"Kategorija: Politika Fri, 18 Nov 2016 18:17:00 +0100 Ljubljana - Glavni stavkovni odbor zdravni\u0161kega sindikata Fides je danes sklenil, da bodo zdravniki v torek zaostrili stavko, je povedal predsednik Fidesa Konrad Ku\u0161trin. Sedaj sicer potekajo pogajanja med Fidesom in vladno stranjo. A Ku\u0161trin se boji, da danes ne bodo pri\u0161li tako skupaj, da bi zamrznili stavko. So se pa pripravljeni pogajati tudi \u010dez vikend. Ku\u0161trin je pred pogajanji dejal, da pri\u010dakuje \u00bbkak\u0161no presene\u010denje glede na to, da je vlada ministrici za zdravje Milojki Kolar Celarc dala pooblastila, da se pogaja in pride s kak\u0161nimi novimi predlogi\u00ab. A kot pravi, bodo zelo hitro videli, ali ima vlada kak\u0161ne nove zavezujo\u010de predloge. \u00bb\u010ce ne, bomo pogajanja prekinili, obvestili stavkovni odbor in nadaljevali takrat, ko bo vlada imela kaj v rokah,\u00ab je dejal. \u00bbStavka je bila zaostrena \u017ee pred tednom dni in smo to\u00a0...\" \/>\n<meta property=\"og:url\" content=\"https:\/\/hudo.com\/si\/aktualno\/zdravniki-bodo-v-torek-zaostrili-stavko\/\" \/>\n<meta property=\"og:site_name\" content=\"Hudo Slovenija\" \/>\n<meta property=\"article:publisher\" content=\"https:\/\/www.facebook.com\/hudo.si\" \/>\n<meta property=\"article:published_time\" content=\"2016-11-18T16:17:00+00:00\" \/>\n<meta property=\"og:image\" content=\"https:\/\/hudo.com\/si\/wp-content\/uploads\/sites\/2\/2016\/11\/480x290_ukc.jpeg\" \/>\n\t<meta property=\"og:image:width\" content=\"480\" \/>\n\t<meta property=\"og:image:height\" content=\"290\" \/>\n\t<meta property=\"og:image:type\" content=\"image\/jpeg\" \/>\n<meta name=\"author\" content=\"hudo\" \/>\n<meta name=\"twitter:card\" content=\"summary_large_image\" \/>\n<meta name=\"twitter:creator\" content=\"@hudo_si\" \/>\n<meta name=\"twitter:site\" content=\"@hudo_si\" \/>\n<meta name=\"twitter:label1\" content=\"Written by\" \/>\n\t<meta name=\"twitter:data1\" content=\"hudo\" \/>\n\t<meta name=\"twitter:label2\" content=\"Est. reading time\" \/>\n\t<meta name=\"twitter:data2\" content=\"1 minuta\" \/>\n<script type=\"application\/ld+json\" class=\"yoast-schema-graph\">{\"@context\":\"https:\/\/schema.org\",\"@graph\":[{\"@type\":\"Article\",\"@id\":\"https:\/\/hudo.com\/si\/aktualno\/zdravniki-bodo-v-torek-zaostrili-stavko\/#article\",\"isPartOf\":{\"@id\":\"https:\/\/hudo.com\/si\/aktualno\/zdravniki-bodo-v-torek-zaostrili-stavko\/\"},\"author\":{\"name\":\"hudo\",\"@id\":\"https:\/\/hudo.com\/si\/#\/schema\/person\/601cf3379633985b20f7e50f2bb47707\"},\"headline\":\"Zdravniki bodo v torek zaostrili stavko\",\"datePublished\":\"2016-11-18T16:17:00+00:00\",\"dateModified\":\"2016-11-18T16:17:00+00:00\",\"mainEntityOfPage\":{\"@id\":\"https:\/\/hudo.com\/si\/aktualno\/zdravniki-bodo-v-torek-zaostrili-stavko\/\"},\"wordCount\":154,\"publisher\":{\"@id\":\"https:\/\/hudo.com\/si\/#organization\"},\"articleSection\":[\"Aktualno\"],\"inLanguage\":\"sl-SI\"},{\"@type\":\"WebPage\",\"@id\":\"https:\/\/hudo.com\/si\/aktualno\/zdravniki-bodo-v-torek-zaostrili-stavko\/\",\"url\":\"https:\/\/hudo.com\/si\/aktualno\/zdravniki-bodo-v-torek-zaostrili-stavko\/\",\"name\":\"Zdravniki bodo v torek zaostrili stavko - Hudo Slovenija\",\"isPartOf\":{\"@id\":\"https:\/\/hudo.com\/si\/#website\"},\"datePublished\":\"2016-11-18T16:17:00+00:00\",\"dateModified\":\"2016-11-18T16:17:00+00:00\",\"breadcrumb\":{\"@id\":\"https:\/\/hudo.com\/si\/aktualno\/zdravniki-bodo-v-torek-zaostrili-stavko\/#breadcrumb\"},\"inLanguage\":\"sl-SI\",\"potentialAction\":[{\"@type\":\"ReadAction\",\"target\":[\"https:\/\/hudo.com\/si\/aktualno\/zdravniki-bodo-v-torek-zaostrili-stavko\/\"]}]},{\"@type\":\"BreadcrumbList\",\"@id\":\"https:\/\/hudo.com\/si\/aktualno\/zdravniki-bodo-v-torek-zaostrili-stavko\/#breadcrumb\",\"itemListElement\":[{\"@type\":\"ListItem\",\"position\":1,\"name\":\"Home\",\"item\":\"https:\/\/hudo.com\/si\/\"},{\"@type\":\"ListItem\",\"position\":2,\"name\":\"Zdravniki bodo v torek zaostrili stavko\"}]},{\"@type\":\"WebSite\",\"@id\":\"https:\/\/hudo.com\/si\/#website\",\"url\":\"https:\/\/hudo.com\/si\/\",\"name\":\"Hudo Slovenija\",\"description\":\"Vse novice iz Slovenije in sveta\",\"publisher\":{\"@id\":\"https:\/\/hudo.com\/si\/#organization\"},\"potentialAction\":[{\"@type\":\"SearchAction\",\"target\":{\"@type\":\"EntryPoint\",\"urlTemplate\":\"https:\/\/hudo.com\/si\/?s={search_term_string}\"},\"query-input\":\"required name=search_term_string\"}],\"inLanguage\":\"sl-SI\"},{\"@type\":\"Organization\",\"@id\":\"https:\/\/hudo.com\/si\/#organization\",\"name\":\"VSN Media\",\"url\":\"https:\/\/hudo.com\/si\/\",\"logo\":{\"@type\":\"ImageObject\",\"inLanguage\":\"sl-SI\",\"@id\":\"https:\/\/hudo.com\/si\/#\/schema\/logo\/image\/\",\"url\":\"https:\/\/hudo.com\/si\/wp-content\/uploads\/sites\/2\/2021\/03\/hudo-app-2.png\",\"contentUrl\":\"https:\/\/hudo.com\/si\/wp-content\/uploads\/sites\/2\/2021\/03\/hudo-app-2.png\",\"width\":2185,\"height\":2167,\"caption\":\"VSN Media\"},\"image\":{\"@id\":\"https:\/\/hudo.com\/si\/#\/schema\/logo\/image\/\"},\"sameAs\":[\"https:\/\/www.facebook.com\/hudo.si\",\"https:\/\/twitter.com\/hudo_si\"]},{\"@type\":\"Person\",\"@id\":\"https:\/\/hudo.com\/si\/#\/schema\/person\/601cf3379633985b20f7e50f2bb47707\",\"name\":\"hudo\",\"image\":{\"@type\":\"ImageObject\",\"inLanguage\":\"sl-SI\",\"@id\":\"https:\/\/hudo.com\/si\/#\/schema\/person\/image\/\",\"url\":\"https:\/\/secure.gravatar.com\/avatar\/c4ca25fa72cace7a696b52ff5db9e095?s=96&d=mm&r=g\",\"contentUrl\":\"https:\/\/secure.gravatar.com\/avatar\/c4ca25fa72cace7a696b52ff5db9e095?s=96&d=mm&r=g\",\"caption\":\"hudo\"},\"url\":\"https:\/\/hudo.com\/si\/author\/hudo\/\"}]}<\/script>\n<!-- \/ Yoast SEO plugin. -->","yoast_head_json":{"title":"Zdravniki bodo v torek zaostrili stavko - Hudo Slovenija","robots":{"index":"index","follow":"follow","max-snippet":"max-snippet:-1","max-image-preview":"max-image-preview:large","max-video-preview":"max-video-preview:-1"},"canonical":"https:\/\/hudo.com\/si\/aktualno\/zdravniki-bodo-v-torek-zaostrili-stavko\/","og_locale":"sl_SI","og_type":"article","og_title":"Zdravniki bodo v torek zaostrili stavko - Hudo Slovenija","og_description":"Kategorija: Politika Fri, 18 Nov 2016 18:17:00 +0100 Ljubljana - Glavni stavkovni odbor zdravni\u0161kega sindikata Fides je danes sklenil, da bodo zdravniki v torek zaostrili stavko, je povedal predsednik Fidesa Konrad Ku\u0161trin. Sedaj sicer potekajo pogajanja med Fidesom in vladno stranjo. A Ku\u0161trin se boji, da danes ne bodo pri\u0161li tako skupaj, da bi zamrznili stavko. So se pa pripravljeni pogajati tudi \u010dez vikend. Ku\u0161trin je pred pogajanji dejal, da pri\u010dakuje \u00bbkak\u0161no presene\u010denje glede na to, da je vlada ministrici za zdravje Milojki Kolar Celarc dala pooblastila, da se pogaja in pride s kak\u0161nimi novimi predlogi\u00ab. A kot pravi, bodo zelo hitro videli, ali ima vlada kak\u0161ne nove zavezujo\u010de predloge. \u00bb\u010ce ne, bomo pogajanja prekinili, obvestili stavkovni odbor in nadaljevali takrat, ko bo vlada imela kaj v rokah,\u00ab je dejal. \u00bbStavka je bila zaostrena \u017ee pred tednom dni in smo to\u00a0...","og_url":"https:\/\/hudo.com\/si\/aktualno\/zdravniki-bodo-v-torek-zaostrili-stavko\/","og_site_name":"Hudo Slovenija","article_publisher":"https:\/\/www.facebook.com\/hudo.si","article_published_time":"2016-11-18T16:17:00+00:00","og_image":[{"width":480,"height":290,"url":"https:\/\/hudo.com\/si\/wp-content\/uploads\/sites\/2\/2016\/11\/480x290_ukc.jpeg","type":"image\/jpeg"}],"author":"hudo","twitter_card":"summary_large_image","twitter_creator":"@hudo_si","twitter_site":"@hudo_si","twitter_misc":{"Written by":"hudo","Est. reading time":"1 minuta"},"schema":{"@context":"https:\/\/schema.org","@graph":[{"@type":"Article","@id":"https:\/\/hudo.com\/si\/aktualno\/zdravniki-bodo-v-torek-zaostrili-stavko\/#article","isPartOf":{"@id":"https:\/\/hudo.com\/si\/aktualno\/zdravniki-bodo-v-torek-zaostrili-stavko\/"},"author":{"name":"hudo","@id":"https:\/\/hudo.com\/si\/#\/schema\/person\/601cf3379633985b20f7e50f2bb47707"},"headline":"Zdravniki bodo v torek zaostrili stavko","datePublished":"2016-11-18T16:17:00+00:00","dateModified":"2016-11-18T16:17:00+00:00","mainEntityOfPage":{"@id":"https:\/\/hudo.com\/si\/aktualno\/zdravniki-bodo-v-torek-zaostrili-stavko\/"},"wordCount":154,"publisher":{"@id":"https:\/\/hudo.com\/si\/#organization"},"articleSection":["Aktualno"],"inLanguage":"sl-SI"},{"@type":"WebPage","@id":"https:\/\/hudo.com\/si\/aktualno\/zdravniki-bodo-v-torek-zaostrili-stavko\/","url":"https:\/\/hudo.com\/si\/aktualno\/zdravniki-bodo-v-torek-zaostrili-stavko\/","name":"Zdravniki bodo v torek zaostrili stavko - Hudo Slovenija","isPartOf":{"@id":"https:\/\/hudo.com\/si\/#website"},"datePublished":"2016-11-18T16:17:00+00:00","dateModified":"2016-11-18T16:17:00+00:00","breadcrumb":{"@id":"https:\/\/hudo.com\/si\/aktualno\/zdravniki-bodo-v-torek-zaostrili-stavko\/#breadcrumb"},"inLanguage":"sl-SI","potentialAction":[{"@type":"ReadAction","target":["https:\/\/hudo.com\/si\/aktualno\/zdravniki-bodo-v-torek-zaostrili-stavko\/"]}]},{"@type":"BreadcrumbList","@id":"https:\/\/hudo.com\/si\/aktualno\/zdravniki-bodo-v-torek-zaostrili-stavko\/#breadcrumb","itemListElement":[{"@type":"ListItem","position":1,"name":"Home","item":"https:\/\/hudo.com\/si\/"},{"@type":"ListItem","position":2,"name":"Zdravniki bodo v torek zaostrili stavko"}]},{"@type":"WebSite","@id":"https:\/\/hudo.com\/si\/#website","url":"https:\/\/hudo.com\/si\/","name":"Hudo Slovenija","description":"Vse novice iz Slovenije in sveta","publisher":{"@id":"https:\/\/hudo.com\/si\/#organization"},"potentialAction":[{"@type":"SearchAction","target":{"@type":"EntryPoint","urlTemplate":"https:\/\/hudo.com\/si\/?s={search_term_string}"},"query-input":"required name=search_term_string"}],"inLanguage":"sl-SI"},{"@type":"Organization","@id":"https:\/\/hudo.com\/si\/#organization","name":"VSN Media","url":"https:\/\/hudo.com\/si\/","logo":{"@type":"ImageObject","inLanguage":"sl-SI","@id":"https:\/\/hudo.com\/si\/#\/schema\/logo\/image\/","url":"https:\/\/hudo.com\/si\/wp-content\/uploads\/sites\/2\/2021\/03\/hudo-app-2.png","contentUrl":"https:\/\/hudo.com\/si\/wp-content\/uploads\/sites\/2\/2021\/03\/hudo-app-2.png","width":2185,"height":2167,"caption":"VSN Media"},"image":{"@id":"https:\/\/hudo.com\/si\/#\/schema\/logo\/image\/"},"sameAs":["https:\/\/www.facebook.com\/hudo.si","https:\/\/twitter.com\/hudo_si"]},{"@type":"Person","@id":"https:\/\/hudo.com\/si\/#\/schema\/person\/601cf3379633985b20f7e50f2bb47707","name":"hudo","image":{"@type":"ImageObject","inLanguage":"sl-SI","@id":"https:\/\/hudo.com\/si\/#\/schema\/person\/image\/","url":"https:\/\/secure.gravatar.com\/avatar\/c4ca25fa72cace7a696b52ff5db9e095?s=96&d=mm&r=g","contentUrl":"https:\/\/secure.gravatar.com\/avatar\/c4ca25fa72cace7a696b52ff5db9e095?s=96&d=mm&r=g","caption":"hudo"},"url":"https:\/\/hudo.com\/si\/author\/hudo\/"}]}},"amp_enabled":true,"_links":{"self":[{"href":"https:\/\/hudo.com\/si\/wp-json\/wp\/v2\/posts\/175377"}],"collection":[{"href":"https:\/\/hudo.com\/si\/wp-json\/wp\/v2\/posts"}],"about":[{"href":"https:\/\/hudo.com\/si\/wp-json\/wp\/v2\/types\/post"}],"author":[{"embeddable":true,"href":"https:\/\/hudo.com\/si\/wp-json\/wp\/v2\/users\/1"}],"replies":[{"embeddable":true,"href":"https:\/\/hudo.com\/si\/wp-json\/wp\/v2\/comments?post=175377"}],"version-history":[{"count":0,"href":"https:\/\/hudo.com\/si\/wp-json\/wp\/v2\/posts\/175377\/revisions"}],"wp:attachment":[{"href":"https:\/\/hudo.com\/si\/wp-json\/wp\/v2\/media?parent=175377"}],"wp:term":[{"taxonomy":"category","embeddable":true,"href":"https:\/\/hudo.com\/si\/wp-json\/wp\/v2\/categories?post=175377"},{"taxonomy":"post_tag","embeddable":true,"href":"https:\/\/hudo.com\/si\/wp-json\/wp\/v2\/tags?post=175377"},{"taxonomy":"source","embeddable":true,"href":"https:\/\/hudo.com\/si\/wp-json\/wp\/v2\/source?post=175377"},{"taxonomy":"supertag","embeddable":true,"href":"https:\/\/hudo.com\/si\/wp-json\/wp\/v2\/supertag?post=175377"}],"curies":[{"name":"wp","href":"https:\/\/api.w.org\/{rel}","templated":true}]}}