{"id":175389,"date":"2016-11-18T16:45:00","date_gmt":"2016-11-18T15:45:00","guid":{"rendered":"http:\/\/hudo.com\/si\/2016\/11\/18\/prisli-na-demonstracijo-videli-pa-prvi-odziv-klicu-na-pomoc\/"},"modified":"2016-11-19T13:31:37","modified_gmt":"2016-11-19T12:31:37","slug":"prisli-na-demonstracijo-videli-pa-prvi-odziv-klicu-na-pomoc","status":"publish","type":"post","link":"https:\/\/hudo.com\/si\/aktualno\/prisli-na-demonstracijo-videli-pa-prvi-odziv-klicu-na-pomoc\/","title":{"rendered":"Pri\u0161li na demonstracijo, videli pa prvi odziv klicu na pomo\u010d"},"content":{"rendered":"<p>Bilo bi simbolno, \u010de ne bi \u0161lo zares. A se je prav med dana\u0161njim slavnostnim za\u010detkom delovanja helikopterske nujne medicinske pomo\u010di (HNMP) na mariborskem letali\u0161\u010du Edvarda Rusjana zgodilo, da je iz Kr\u0161kega med demonstracijo dela ekipe \u017ee prispel prvi klic na pomo\u010d. In tako so ministrica za zdravje Milojka Kolar Celarc, generalni direktor policije Marjan Fank, dr\u017eavni sekretar na notranjem ministrstvu Andrej \u0160penga in drugi predstavniki ministrstev, policije, poslanci dr\u017eavnega zbora in zbrani novinarji dobili potrditev, da je druga baza, ki bo sedaj prvi\u010d nudila pomo\u010d po zraku obolelim in po\u0161kodovanim tudi v vzhodnem delu dr\u017eave, res nujno potrebna. Vlada je z odprtjem baze HNMP &#8211; gre sicer za pilotni projekt do konca aprila, vrednost delovanja baze pa je 1,5 milijona na letni ravni &#8211; izpolnila obljubo, ki jo je dala ob regijskem obisku marca letos. Mariborska baza se tako po desetletju delovanja pridru\u017euje ljubljanski, ki je pred uradnim odprtjem leta 2006 pilotno delovala od leta 2003. A v\u010deraj v Mariboru je bil pridevnik pilotni vendarle odrinjen nekoliko na stran, saj vsi vpleteni ra\u010dunajo, da se bo projekt nadaljeval. &#8220;Vsi vemo, kako pomembna je hitrost pri re\u0161evanju po\u0161kodovanih, obolelih in \u010dlove\u0161ko \u017eivljenje nima cene, zato verjamem, da ekonomska ra\u010dunica ne bo na prvem mestu in bo dr\u017eava tudi po zaklju\u010dku pilotnega projekta namenila denar, da projekt ohranimo kot trajno dejavnost,&#8221; je dejal Fank, izrazil pa skrb nad starostjo flote. Helikopterji policije, ki zagotavlja v ekipah tudi po dva pilota in tehnika, so stari 25 do 30 let, sicer redno vzdr\u017eevani, tudi obnovljeni, a to bi lahko bil po besedah prvega policista v dr\u017eavi dejavnik tveganja v projektu HNMP. Sicer pa ima policija, je dejal Fank, s HNMP \u017ee bogate izku\u0161nje. Dejavnost HNMP na letali\u0161\u010du Maribor bodo v za\u010detku izvajali s helikopterjem AB-212, kasneje pa s helikopterjem A-109E power. \u010cas izmene v zimskem obdobju traja med 7.30 in 18.30, v poletnem \u010dasu pa med 7.30 in 19.30. Zadovoljen, da je b<\/p>\n","protected":false},"excerpt":{"rendered":"<p>Bilo bi simbolno, \u010de ne bi \u0161lo zares. A se je prav med dana\u0161njim slavnostnim za\u010detkom delovanja helikopterske nujne medicinske pomo\u010di (HNMP) na mariborskem letali\u0161\u010du Edvarda Rusjana zgodilo, da je iz Kr\u0161kega med demonstracijo dela ekipe \u017ee prispel prvi klic na pomo\u010d. In tako so ministrica za zdravje Milojka Kolar Celarc, generalni direktor policije Marjan Fank, dr\u017eavni sekretar na notranjem ministrstvu Andrej \u0160penga in drugi predstavniki ministrstev, policije, poslanci dr\u017eavnega zbora in zbrani novinarji dobili potrditev, da je druga baza, ki bo sedaj prvi\u010d nudila pomo\u010d po zraku obolelim in po\u0161kodovanim tudi v vzhodnem delu dr\u017eave, res nujno potrebna. Vlada je z odprtjem baze HNMP &#8211; gre sicer za pilotni projekt do konca aprila, vrednost delovanja baze pa je 1,5 milijona na letni ravni &#8211; izpolnila obljubo, ki jo je dala ob regijskem obisku marca letos. Mariborska baza se tako po desetletju delovanja pridru\u017euje ljubljanski, ki je pred uradnim odprtjem leta 2006 pilotno delovala od leta 2003. A v\u010deraj v Mariboru je bil pridevnik pilotni vendarle odrinjen nekoliko na stran, saj vsi vpleteni ra\u010dunajo, da se bo projekt nadaljeval. &#8220;Vsi vemo, kako pomembna je hitrost pri re\u0161evanju po\u0161kodovanih, obolelih in \u010dlove\u0161ko \u017eivljenje nima cene, zato verjamem, da ekonomska ra\u010dunica ne bo na prvem mestu in bo dr\u017eava tudi po zaklju\u010dku pilotnega projekta namenila denar, da projekt ohranimo kot trajno dejavnost,&#8221; je dejal Fank, izrazil pa skrb nad starostjo flote. Helikopterji policije, ki zagotavlja v ekipah tudi po dva pilota in tehnika, so stari 25 do 30 let, sicer redno vzdr\u017eevani, tudi obnovljeni, a to bi lahko bil po besedah prvega policista v dr\u017eavi dejavnik tveganja v projektu HNMP. Sicer pa ima policija, je dejal Fank, s HNMP \u017ee bogate izku\u0161nje. Dejavnost HNMP na letali\u0161\u010du Maribor bodo v za\u010detku izvajali s helikopterjem AB-212, kasneje pa s helikopterjem A-109E power. \u010cas izmene v zimskem obdobju traja med 7.30 in 18.30, v poletnem \u010dasu pa med 7.30 in 19.30. Zadovoljen, da je b<\/p>\n","protected":false},"author":1,"featured_media":0,"comment_status":"closed","ping_status":"closed","sticky":false,"template":"","format":"standard","meta":{"footnotes":""},"categories":[1179],"tags":[],"source":[1711],"supertag":[],"acf":[],"yoast_head":"<!-- This site is optimized with the Yoast SEO plugin v21.3 - https:\/\/yoast.com\/wordpress\/plugins\/seo\/ -->\n<title>Pri\u0161li na demonstracijo, videli pa prvi odziv klicu na pomo\u010d - Hudo Slovenija<\/title>\n<meta name=\"robots\" content=\"index, follow, max-snippet:-1, max-image-preview:large, max-video-preview:-1\" \/>\n<link rel=\"canonical\" href=\"https:\/\/hudo.com\/si\/aktualno\/prisli-na-demonstracijo-videli-pa-prvi-odziv-klicu-na-pomoc\/\" \/>\n<meta property=\"og:locale\" content=\"sl_SI\" \/>\n<meta property=\"og:type\" content=\"article\" \/>\n<meta property=\"og:title\" content=\"Pri\u0161li na demonstracijo, videli pa prvi odziv klicu na pomo\u010d - Hudo Slovenija\" \/>\n<meta property=\"og:description\" content=\"Bilo bi simbolno, \u010de ne bi \u0161lo zares. A se je prav med dana\u0161njim slavnostnim za\u010detkom delovanja helikopterske nujne medicinske pomo\u010di (HNMP) na mariborskem letali\u0161\u010du Edvarda Rusjana zgodilo, da je iz Kr\u0161kega med demonstracijo dela ekipe \u017ee prispel prvi klic na pomo\u010d. In tako so ministrica za zdravje Milojka Kolar Celarc, generalni direktor policije Marjan Fank, dr\u017eavni sekretar na notranjem ministrstvu Andrej \u0160penga in drugi predstavniki ministrstev, policije, poslanci dr\u017eavnega zbora in zbrani novinarji dobili potrditev, da je druga baza, ki bo sedaj prvi\u010d nudila pomo\u010d po zraku obolelim in po\u0161kodovanim tudi v vzhodnem delu dr\u017eave, res nujno potrebna. Vlada je z odprtjem baze HNMP - gre sicer za pilotni projekt do konca aprila, vrednost delovanja baze pa je 1,5 milijona na letni ravni - izpolnila obljubo, ki jo je dala ob regijskem obisku marca letos. Mariborska baza se tako po desetletju delovanja pridru\u017euje ljubljanski, ki je pred uradnim odprtjem leta 2006 pilotno delovala od leta 2003. A v\u010deraj v Mariboru je bil pridevnik pilotni vendarle odrinjen nekoliko na stran, saj vsi vpleteni ra\u010dunajo, da se bo projekt nadaljeval. &quot;Vsi vemo, kako pomembna je hitrost pri re\u0161evanju po\u0161kodovanih, obolelih in \u010dlove\u0161ko \u017eivljenje nima cene, zato verjamem, da ekonomska ra\u010dunica ne bo na prvem mestu in bo dr\u017eava tudi po zaklju\u010dku pilotnega projekta namenila denar, da projekt ohranimo kot trajno dejavnost,&quot; je dejal Fank, izrazil pa skrb nad starostjo flote. Helikopterji policije, ki zagotavlja v ekipah tudi po dva pilota in tehnika, so stari 25 do 30 let, sicer redno vzdr\u017eevani, tudi obnovljeni, a to bi lahko bil po besedah prvega policista v dr\u017eavi dejavnik tveganja v projektu HNMP. Sicer pa ima policija, je dejal Fank, s HNMP \u017ee bogate izku\u0161nje. Dejavnost HNMP na letali\u0161\u010du Maribor bodo v za\u010detku izvajali s helikopterjem AB-212, kasneje pa s helikopterjem A-109E power. \u010cas izmene v zimskem obdobju traja med 7.30 in 18.30, v poletnem \u010dasu pa med 7.30 in 19.30. Zadovoljen, da je b\" \/>\n<meta property=\"og:url\" content=\"https:\/\/hudo.com\/si\/aktualno\/prisli-na-demonstracijo-videli-pa-prvi-odziv-klicu-na-pomoc\/\" \/>\n<meta property=\"og:site_name\" content=\"Hudo Slovenija\" \/>\n<meta property=\"article:publisher\" content=\"https:\/\/www.facebook.com\/hudo.si\" \/>\n<meta property=\"article:published_time\" content=\"2016-11-18T15:45:00+00:00\" \/>\n<meta property=\"article:modified_time\" content=\"2016-11-19T12:31:37+00:00\" \/>\n<meta property=\"og:image\" content=\"https:\/\/hudo.com\/si\/wp-content\/uploads\/sites\/2\/2016\/11\/91-300.jpg\" \/>\n\t<meta property=\"og:image:width\" content=\"450\" \/>\n\t<meta property=\"og:image:height\" content=\"323\" \/>\n\t<meta property=\"og:image:type\" content=\"image\/jpeg\" \/>\n<meta name=\"author\" content=\"hudo\" \/>\n<meta name=\"twitter:card\" content=\"summary_large_image\" \/>\n<meta name=\"twitter:creator\" content=\"@hudo_si\" \/>\n<meta name=\"twitter:site\" content=\"@hudo_si\" \/>\n<meta name=\"twitter:label1\" content=\"Written by\" \/>\n\t<meta name=\"twitter:data1\" content=\"hudo\" \/>\n\t<meta name=\"twitter:label2\" content=\"Est. reading time\" \/>\n\t<meta name=\"twitter:data2\" content=\"2 minuti\" \/>\n<script type=\"application\/ld+json\" class=\"yoast-schema-graph\">{\"@context\":\"https:\/\/schema.org\",\"@graph\":[{\"@type\":\"Article\",\"@id\":\"https:\/\/hudo.com\/si\/aktualno\/prisli-na-demonstracijo-videli-pa-prvi-odziv-klicu-na-pomoc\/#article\",\"isPartOf\":{\"@id\":\"https:\/\/hudo.com\/si\/aktualno\/prisli-na-demonstracijo-videli-pa-prvi-odziv-klicu-na-pomoc\/\"},\"author\":{\"name\":\"hudo\",\"@id\":\"https:\/\/hudo.com\/si\/#\/schema\/person\/601cf3379633985b20f7e50f2bb47707\"},\"headline\":\"Pri\u0161li na demonstracijo, videli pa prvi odziv klicu na pomo\u010d\",\"datePublished\":\"2016-11-18T15:45:00+00:00\",\"dateModified\":\"2016-11-19T12:31:37+00:00\",\"mainEntityOfPage\":{\"@id\":\"https:\/\/hudo.com\/si\/aktualno\/prisli-na-demonstracijo-videli-pa-prvi-odziv-klicu-na-pomoc\/\"},\"wordCount\":346,\"publisher\":{\"@id\":\"https:\/\/hudo.com\/si\/#organization\"},\"articleSection\":[\"Aktualno\"],\"inLanguage\":\"sl-SI\"},{\"@type\":\"WebPage\",\"@id\":\"https:\/\/hudo.com\/si\/aktualno\/prisli-na-demonstracijo-videli-pa-prvi-odziv-klicu-na-pomoc\/\",\"url\":\"https:\/\/hudo.com\/si\/aktualno\/prisli-na-demonstracijo-videli-pa-prvi-odziv-klicu-na-pomoc\/\",\"name\":\"Pri\u0161li na demonstracijo, videli pa prvi odziv klicu na pomo\u010d - Hudo Slovenija\",\"isPartOf\":{\"@id\":\"https:\/\/hudo.com\/si\/#website\"},\"datePublished\":\"2016-11-18T15:45:00+00:00\",\"dateModified\":\"2016-11-19T12:31:37+00:00\",\"breadcrumb\":{\"@id\":\"https:\/\/hudo.com\/si\/aktualno\/prisli-na-demonstracijo-videli-pa-prvi-odziv-klicu-na-pomoc\/#breadcrumb\"},\"inLanguage\":\"sl-SI\",\"potentialAction\":[{\"@type\":\"ReadAction\",\"target\":[\"https:\/\/hudo.com\/si\/aktualno\/prisli-na-demonstracijo-videli-pa-prvi-odziv-klicu-na-pomoc\/\"]}]},{\"@type\":\"BreadcrumbList\",\"@id\":\"https:\/\/hudo.com\/si\/aktualno\/prisli-na-demonstracijo-videli-pa-prvi-odziv-klicu-na-pomoc\/#breadcrumb\",\"itemListElement\":[{\"@type\":\"ListItem\",\"position\":1,\"name\":\"Home\",\"item\":\"https:\/\/hudo.com\/si\/\"},{\"@type\":\"ListItem\",\"position\":2,\"name\":\"Pri\u0161li na demonstracijo, videli pa prvi odziv klicu na pomo\u010d\"}]},{\"@type\":\"WebSite\",\"@id\":\"https:\/\/hudo.com\/si\/#website\",\"url\":\"https:\/\/hudo.com\/si\/\",\"name\":\"Hudo Slovenija\",\"description\":\"Vse novice iz Slovenije in sveta\",\"publisher\":{\"@id\":\"https:\/\/hudo.com\/si\/#organization\"},\"potentialAction\":[{\"@type\":\"SearchAction\",\"target\":{\"@type\":\"EntryPoint\",\"urlTemplate\":\"https:\/\/hudo.com\/si\/?s={search_term_string}\"},\"query-input\":\"required name=search_term_string\"}],\"inLanguage\":\"sl-SI\"},{\"@type\":\"Organization\",\"@id\":\"https:\/\/hudo.com\/si\/#organization\",\"name\":\"VSN Media\",\"url\":\"https:\/\/hudo.com\/si\/\",\"logo\":{\"@type\":\"ImageObject\",\"inLanguage\":\"sl-SI\",\"@id\":\"https:\/\/hudo.com\/si\/#\/schema\/logo\/image\/\",\"url\":\"https:\/\/hudo.com\/si\/wp-content\/uploads\/sites\/2\/2021\/03\/hudo-app-2.png\",\"contentUrl\":\"https:\/\/hudo.com\/si\/wp-content\/uploads\/sites\/2\/2021\/03\/hudo-app-2.png\",\"width\":2185,\"height\":2167,\"caption\":\"VSN Media\"},\"image\":{\"@id\":\"https:\/\/hudo.com\/si\/#\/schema\/logo\/image\/\"},\"sameAs\":[\"https:\/\/www.facebook.com\/hudo.si\",\"https:\/\/twitter.com\/hudo_si\"]},{\"@type\":\"Person\",\"@id\":\"https:\/\/hudo.com\/si\/#\/schema\/person\/601cf3379633985b20f7e50f2bb47707\",\"name\":\"hudo\",\"image\":{\"@type\":\"ImageObject\",\"inLanguage\":\"sl-SI\",\"@id\":\"https:\/\/hudo.com\/si\/#\/schema\/person\/image\/\",\"url\":\"https:\/\/secure.gravatar.com\/avatar\/c4ca25fa72cace7a696b52ff5db9e095?s=96&d=mm&r=g\",\"contentUrl\":\"https:\/\/secure.gravatar.com\/avatar\/c4ca25fa72cace7a696b52ff5db9e095?s=96&d=mm&r=g\",\"caption\":\"hudo\"},\"url\":\"https:\/\/hudo.com\/si\/author\/hudo\/\"}]}<\/script>\n<!-- \/ Yoast SEO plugin. -->","yoast_head_json":{"title":"Pri\u0161li na demonstracijo, videli pa prvi odziv klicu na pomo\u010d - Hudo Slovenija","robots":{"index":"index","follow":"follow","max-snippet":"max-snippet:-1","max-image-preview":"max-image-preview:large","max-video-preview":"max-video-preview:-1"},"canonical":"https:\/\/hudo.com\/si\/aktualno\/prisli-na-demonstracijo-videli-pa-prvi-odziv-klicu-na-pomoc\/","og_locale":"sl_SI","og_type":"article","og_title":"Pri\u0161li na demonstracijo, videli pa prvi odziv klicu na pomo\u010d - Hudo Slovenija","og_description":"Bilo bi simbolno, \u010de ne bi \u0161lo zares. A se je prav med dana\u0161njim slavnostnim za\u010detkom delovanja helikopterske nujne medicinske pomo\u010di (HNMP) na mariborskem letali\u0161\u010du Edvarda Rusjana zgodilo, da je iz Kr\u0161kega med demonstracijo dela ekipe \u017ee prispel prvi klic na pomo\u010d. In tako so ministrica za zdravje Milojka Kolar Celarc, generalni direktor policije Marjan Fank, dr\u017eavni sekretar na notranjem ministrstvu Andrej \u0160penga in drugi predstavniki ministrstev, policije, poslanci dr\u017eavnega zbora in zbrani novinarji dobili potrditev, da je druga baza, ki bo sedaj prvi\u010d nudila pomo\u010d po zraku obolelim in po\u0161kodovanim tudi v vzhodnem delu dr\u017eave, res nujno potrebna. Vlada je z odprtjem baze HNMP - gre sicer za pilotni projekt do konca aprila, vrednost delovanja baze pa je 1,5 milijona na letni ravni - izpolnila obljubo, ki jo je dala ob regijskem obisku marca letos. Mariborska baza se tako po desetletju delovanja pridru\u017euje ljubljanski, ki je pred uradnim odprtjem leta 2006 pilotno delovala od leta 2003. A v\u010deraj v Mariboru je bil pridevnik pilotni vendarle odrinjen nekoliko na stran, saj vsi vpleteni ra\u010dunajo, da se bo projekt nadaljeval. \"Vsi vemo, kako pomembna je hitrost pri re\u0161evanju po\u0161kodovanih, obolelih in \u010dlove\u0161ko \u017eivljenje nima cene, zato verjamem, da ekonomska ra\u010dunica ne bo na prvem mestu in bo dr\u017eava tudi po zaklju\u010dku pilotnega projekta namenila denar, da projekt ohranimo kot trajno dejavnost,\" je dejal Fank, izrazil pa skrb nad starostjo flote. Helikopterji policije, ki zagotavlja v ekipah tudi po dva pilota in tehnika, so stari 25 do 30 let, sicer redno vzdr\u017eevani, tudi obnovljeni, a to bi lahko bil po besedah prvega policista v dr\u017eavi dejavnik tveganja v projektu HNMP. Sicer pa ima policija, je dejal Fank, s HNMP \u017ee bogate izku\u0161nje. Dejavnost HNMP na letali\u0161\u010du Maribor bodo v za\u010detku izvajali s helikopterjem AB-212, kasneje pa s helikopterjem A-109E power. \u010cas izmene v zimskem obdobju traja med 7.30 in 18.30, v poletnem \u010dasu pa med 7.30 in 19.30. Zadovoljen, da je b","og_url":"https:\/\/hudo.com\/si\/aktualno\/prisli-na-demonstracijo-videli-pa-prvi-odziv-klicu-na-pomoc\/","og_site_name":"Hudo Slovenija","article_publisher":"https:\/\/www.facebook.com\/hudo.si","article_published_time":"2016-11-18T15:45:00+00:00","article_modified_time":"2016-11-19T12:31:37+00:00","og_image":[{"width":450,"height":323,"url":"https:\/\/hudo.com\/si\/wp-content\/uploads\/sites\/2\/2016\/11\/91-300.jpg","type":"image\/jpeg"}],"author":"hudo","twitter_card":"summary_large_image","twitter_creator":"@hudo_si","twitter_site":"@hudo_si","twitter_misc":{"Written by":"hudo","Est. reading time":"2 minuti"},"schema":{"@context":"https:\/\/schema.org","@graph":[{"@type":"Article","@id":"https:\/\/hudo.com\/si\/aktualno\/prisli-na-demonstracijo-videli-pa-prvi-odziv-klicu-na-pomoc\/#article","isPartOf":{"@id":"https:\/\/hudo.com\/si\/aktualno\/prisli-na-demonstracijo-videli-pa-prvi-odziv-klicu-na-pomoc\/"},"author":{"name":"hudo","@id":"https:\/\/hudo.com\/si\/#\/schema\/person\/601cf3379633985b20f7e50f2bb47707"},"headline":"Pri\u0161li na demonstracijo, videli pa prvi odziv klicu na pomo\u010d","datePublished":"2016-11-18T15:45:00+00:00","dateModified":"2016-11-19T12:31:37+00:00","mainEntityOfPage":{"@id":"https:\/\/hudo.com\/si\/aktualno\/prisli-na-demonstracijo-videli-pa-prvi-odziv-klicu-na-pomoc\/"},"wordCount":346,"publisher":{"@id":"https:\/\/hudo.com\/si\/#organization"},"articleSection":["Aktualno"],"inLanguage":"sl-SI"},{"@type":"WebPage","@id":"https:\/\/hudo.com\/si\/aktualno\/prisli-na-demonstracijo-videli-pa-prvi-odziv-klicu-na-pomoc\/","url":"https:\/\/hudo.com\/si\/aktualno\/prisli-na-demonstracijo-videli-pa-prvi-odziv-klicu-na-pomoc\/","name":"Pri\u0161li na demonstracijo, videli pa prvi odziv klicu na pomo\u010d - Hudo Slovenija","isPartOf":{"@id":"https:\/\/hudo.com\/si\/#website"},"datePublished":"2016-11-18T15:45:00+00:00","dateModified":"2016-11-19T12:31:37+00:00","breadcrumb":{"@id":"https:\/\/hudo.com\/si\/aktualno\/prisli-na-demonstracijo-videli-pa-prvi-odziv-klicu-na-pomoc\/#breadcrumb"},"inLanguage":"sl-SI","potentialAction":[{"@type":"ReadAction","target":["https:\/\/hudo.com\/si\/aktualno\/prisli-na-demonstracijo-videli-pa-prvi-odziv-klicu-na-pomoc\/"]}]},{"@type":"BreadcrumbList","@id":"https:\/\/hudo.com\/si\/aktualno\/prisli-na-demonstracijo-videli-pa-prvi-odziv-klicu-na-pomoc\/#breadcrumb","itemListElement":[{"@type":"ListItem","position":1,"name":"Home","item":"https:\/\/hudo.com\/si\/"},{"@type":"ListItem","position":2,"name":"Pri\u0161li na demonstracijo, videli pa prvi odziv klicu na pomo\u010d"}]},{"@type":"WebSite","@id":"https:\/\/hudo.com\/si\/#website","url":"https:\/\/hudo.com\/si\/","name":"Hudo Slovenija","description":"Vse novice iz Slovenije in sveta","publisher":{"@id":"https:\/\/hudo.com\/si\/#organization"},"potentialAction":[{"@type":"SearchAction","target":{"@type":"EntryPoint","urlTemplate":"https:\/\/hudo.com\/si\/?s={search_term_string}"},"query-input":"required name=search_term_string"}],"inLanguage":"sl-SI"},{"@type":"Organization","@id":"https:\/\/hudo.com\/si\/#organization","name":"VSN Media","url":"https:\/\/hudo.com\/si\/","logo":{"@type":"ImageObject","inLanguage":"sl-SI","@id":"https:\/\/hudo.com\/si\/#\/schema\/logo\/image\/","url":"https:\/\/hudo.com\/si\/wp-content\/uploads\/sites\/2\/2021\/03\/hudo-app-2.png","contentUrl":"https:\/\/hudo.com\/si\/wp-content\/uploads\/sites\/2\/2021\/03\/hudo-app-2.png","width":2185,"height":2167,"caption":"VSN Media"},"image":{"@id":"https:\/\/hudo.com\/si\/#\/schema\/logo\/image\/"},"sameAs":["https:\/\/www.facebook.com\/hudo.si","https:\/\/twitter.com\/hudo_si"]},{"@type":"Person","@id":"https:\/\/hudo.com\/si\/#\/schema\/person\/601cf3379633985b20f7e50f2bb47707","name":"hudo","image":{"@type":"ImageObject","inLanguage":"sl-SI","@id":"https:\/\/hudo.com\/si\/#\/schema\/person\/image\/","url":"https:\/\/secure.gravatar.com\/avatar\/c4ca25fa72cace7a696b52ff5db9e095?s=96&d=mm&r=g","contentUrl":"https:\/\/secure.gravatar.com\/avatar\/c4ca25fa72cace7a696b52ff5db9e095?s=96&d=mm&r=g","caption":"hudo"},"url":"https:\/\/hudo.com\/si\/author\/hudo\/"}]}},"amp_enabled":true,"_links":{"self":[{"href":"https:\/\/hudo.com\/si\/wp-json\/wp\/v2\/posts\/175389"}],"collection":[{"href":"https:\/\/hudo.com\/si\/wp-json\/wp\/v2\/posts"}],"about":[{"href":"https:\/\/hudo.com\/si\/wp-json\/wp\/v2\/types\/post"}],"author":[{"embeddable":true,"href":"https:\/\/hudo.com\/si\/wp-json\/wp\/v2\/users\/1"}],"replies":[{"embeddable":true,"href":"https:\/\/hudo.com\/si\/wp-json\/wp\/v2\/comments?post=175389"}],"version-history":[{"count":1,"href":"https:\/\/hudo.com\/si\/wp-json\/wp\/v2\/posts\/175389\/revisions"}],"predecessor-version":[{"id":175520,"href":"https:\/\/hudo.com\/si\/wp-json\/wp\/v2\/posts\/175389\/revisions\/175520"}],"wp:attachment":[{"href":"https:\/\/hudo.com\/si\/wp-json\/wp\/v2\/media?parent=175389"}],"wp:term":[{"taxonomy":"category","embeddable":true,"href":"https:\/\/hudo.com\/si\/wp-json\/wp\/v2\/categories?post=175389"},{"taxonomy":"post_tag","embeddable":true,"href":"https:\/\/hudo.com\/si\/wp-json\/wp\/v2\/tags?post=175389"},{"taxonomy":"source","embeddable":true,"href":"https:\/\/hudo.com\/si\/wp-json\/wp\/v2\/source?post=175389"},{"taxonomy":"supertag","embeddable":true,"href":"https:\/\/hudo.com\/si\/wp-json\/wp\/v2\/supertag?post=175389"}],"curies":[{"name":"wp","href":"https:\/\/api.w.org\/{rel}","templated":true}]}}