{"id":175401,"date":"2016-11-18T16:04:00","date_gmt":"2016-11-18T15:04:00","guid":{"rendered":"http:\/\/hudo.com\/si\/2016\/11\/18\/foto-jelka-je-prispela\/"},"modified":"2016-11-18T16:04:00","modified_gmt":"2016-11-18T15:04:00","slug":"foto-jelka-je-prispela","status":"publish","type":"post","link":"https:\/\/hudo.com\/si\/aktualno\/foto-jelka-je-prispela\/","title":{"rendered":"FOTO: Jelka je prispela!"},"content":{"rendered":"<p>Ko se mimo Glavnega trga pripelje jelka, je jasno, da so prazniki \u017ee za vogalom. In ta, ki so jo danes postavili sredi kro\u017ei\u0161\u010da pri starem kazinu \u0161e zdale\u010d ni edina. Prazni\u010dne jelke, tradicionalno najvi\u0161ja je tista na Trgu svobode, stojijo na ve\u010dih koncih mesta. Tudi na desnem bregu Drave, na Trgu revolucije in pod Pohorjem pri vzpenja\u010di.  In kako visoke so junakinje leto\u0161njega mariborskega prazni\u010dnega vzdu\u0161ja? Jelka na Trgu svobode je visoka kar 22 metrov, tisti na Trgu revolucije in Glavnem trgu sta visoki med 10 in 12 metri, 12 metrov je visoka tudi jelka pod Pohorjem.  A samo jelke za prazni\u010dno vzdu\u0161je niso dovolj. Lu\u010dke bo potrebno pri\u017egati. Mariborski \u010carobni december bo za\u017eivel v petek, 25. novembra, ko se bodo me\u0161\u010dani tradicionalno, ob 17. uri, zbrali pred Prvo gimnazijo na Trgu generala Maistra, ter se odpravili postopoma osvetliti trge in ulice. Med 25. novembrom in 30. decembrom bo vabilo Vilinsko mesto, prihod prvega dobrega mo\u017ea pa pospremil Miklav\u017eev sejem.Maribor<\/p>\n","protected":false},"excerpt":{"rendered":"<p>Ko se mimo Glavnega trga pripelje jelka, je jasno, da so prazniki \u017ee za vogalom. In ta, ki so jo danes postavili sredi kro\u017ei\u0161\u010da pri starem kazinu \u0161e zdale\u010d ni edina. Prazni\u010dne jelke, tradicionalno najvi\u0161ja je tista na Trgu svobode, stojijo na ve\u010dih koncih mesta. Tudi na desnem bregu Drave, na Trgu revolucije in pod Pohorjem pri vzpenja\u010di.  In kako visoke so junakinje leto\u0161njega mariborskega prazni\u010dnega vzdu\u0161ja? Jelka na Trgu svobode je visoka kar 22 metrov, tisti na Trgu revolucije in Glavnem trgu sta visoki med 10 in 12 metri, 12 metrov je visoka tudi jelka pod Pohorjem.  A samo jelke za prazni\u010dno vzdu\u0161je niso dovolj. Lu\u010dke bo potrebno pri\u017egati. Mariborski \u010carobni december bo za\u017eivel v petek, 25. novembra, ko se bodo me\u0161\u010dani tradicionalno, ob 17. uri, zbrali pred Prvo gimnazijo na Trgu generala Maistra, ter se odpravili postopoma osvetliti trge in ulice. Med 25. novembrom in 30. decembrom bo vabilo Vilinsko mesto, prihod prvega dobrega mo\u017ea pa pospremil Miklav\u017eev sejem.Maribor<\/p>\n","protected":false},"author":1,"featured_media":0,"comment_status":"closed","ping_status":"closed","sticky":false,"template":"","format":"standard","meta":{"footnotes":""},"categories":[1179],"tags":[],"source":[1711],"supertag":[],"acf":[],"yoast_head":"<!-- This site is optimized with the Yoast SEO plugin v21.3 - https:\/\/yoast.com\/wordpress\/plugins\/seo\/ -->\n<title>FOTO: Jelka je prispela! - Hudo Slovenija<\/title>\n<meta name=\"robots\" content=\"index, follow, max-snippet:-1, max-image-preview:large, max-video-preview:-1\" \/>\n<link rel=\"canonical\" href=\"https:\/\/hudo.com\/si\/aktualno\/foto-jelka-je-prispela\/\" \/>\n<meta property=\"og:locale\" content=\"sl_SI\" \/>\n<meta property=\"og:type\" content=\"article\" \/>\n<meta property=\"og:title\" content=\"FOTO: Jelka je prispela! - Hudo Slovenija\" \/>\n<meta property=\"og:description\" content=\"Ko se mimo Glavnega trga pripelje jelka, je jasno, da so prazniki \u017ee za vogalom. In ta, ki so jo danes postavili sredi kro\u017ei\u0161\u010da pri starem kazinu \u0161e zdale\u010d ni edina. Prazni\u010dne jelke, tradicionalno najvi\u0161ja je tista na Trgu svobode, stojijo na ve\u010dih koncih mesta. Tudi na desnem bregu Drave, na Trgu revolucije in pod Pohorjem pri vzpenja\u010di. In kako visoke so junakinje leto\u0161njega mariborskega prazni\u010dnega vzdu\u0161ja? Jelka na Trgu svobode je visoka kar 22 metrov, tisti na Trgu revolucije in Glavnem trgu sta visoki med 10 in 12 metri, 12 metrov je visoka tudi jelka pod Pohorjem. A samo jelke za prazni\u010dno vzdu\u0161je niso dovolj. Lu\u010dke bo potrebno pri\u017egati. Mariborski \u010carobni december bo za\u017eivel v petek, 25. novembra, ko se bodo me\u0161\u010dani tradicionalno, ob 17. uri, zbrali pred Prvo gimnazijo na Trgu generala Maistra, ter se odpravili postopoma osvetliti trge in ulice. Med 25. novembrom in 30. decembrom bo vabilo Vilinsko mesto, prihod prvega dobrega mo\u017ea pa pospremil Miklav\u017eev sejem.Maribor\" \/>\n<meta property=\"og:url\" content=\"https:\/\/hudo.com\/si\/aktualno\/foto-jelka-je-prispela\/\" \/>\n<meta property=\"og:site_name\" content=\"Hudo Slovenija\" \/>\n<meta property=\"article:publisher\" content=\"https:\/\/www.facebook.com\/hudo.si\" \/>\n<meta property=\"article:published_time\" content=\"2016-11-18T15:04:00+00:00\" \/>\n<meta property=\"og:image\" content=\"https:\/\/hudo.com\/si\/wp-content\/uploads\/sites\/2\/2016\/11\/jelka-300.jpg\" \/>\n\t<meta property=\"og:image:width\" content=\"450\" \/>\n\t<meta property=\"og:image:height\" content=\"253\" \/>\n\t<meta property=\"og:image:type\" content=\"image\/jpeg\" \/>\n<meta name=\"author\" content=\"hudo\" \/>\n<meta name=\"twitter:card\" content=\"summary_large_image\" \/>\n<meta name=\"twitter:creator\" content=\"@hudo_si\" \/>\n<meta name=\"twitter:site\" content=\"@hudo_si\" \/>\n<meta name=\"twitter:label1\" content=\"Written by\" \/>\n\t<meta name=\"twitter:data1\" content=\"hudo\" \/>\n\t<meta name=\"twitter:label2\" content=\"Est. reading time\" \/>\n\t<meta name=\"twitter:data2\" content=\"1 minuta\" \/>\n<script type=\"application\/ld+json\" class=\"yoast-schema-graph\">{\"@context\":\"https:\/\/schema.org\",\"@graph\":[{\"@type\":\"Article\",\"@id\":\"https:\/\/hudo.com\/si\/aktualno\/foto-jelka-je-prispela\/#article\",\"isPartOf\":{\"@id\":\"https:\/\/hudo.com\/si\/aktualno\/foto-jelka-je-prispela\/\"},\"author\":{\"name\":\"hudo\",\"@id\":\"https:\/\/hudo.com\/si\/#\/schema\/person\/601cf3379633985b20f7e50f2bb47707\"},\"headline\":\"FOTO: Jelka je prispela!\",\"datePublished\":\"2016-11-18T15:04:00+00:00\",\"dateModified\":\"2016-11-18T15:04:00+00:00\",\"mainEntityOfPage\":{\"@id\":\"https:\/\/hudo.com\/si\/aktualno\/foto-jelka-je-prispela\/\"},\"wordCount\":175,\"publisher\":{\"@id\":\"https:\/\/hudo.com\/si\/#organization\"},\"articleSection\":[\"Aktualno\"],\"inLanguage\":\"sl-SI\"},{\"@type\":\"WebPage\",\"@id\":\"https:\/\/hudo.com\/si\/aktualno\/foto-jelka-je-prispela\/\",\"url\":\"https:\/\/hudo.com\/si\/aktualno\/foto-jelka-je-prispela\/\",\"name\":\"FOTO: Jelka je prispela! - Hudo Slovenija\",\"isPartOf\":{\"@id\":\"https:\/\/hudo.com\/si\/#website\"},\"datePublished\":\"2016-11-18T15:04:00+00:00\",\"dateModified\":\"2016-11-18T15:04:00+00:00\",\"breadcrumb\":{\"@id\":\"https:\/\/hudo.com\/si\/aktualno\/foto-jelka-je-prispela\/#breadcrumb\"},\"inLanguage\":\"sl-SI\",\"potentialAction\":[{\"@type\":\"ReadAction\",\"target\":[\"https:\/\/hudo.com\/si\/aktualno\/foto-jelka-je-prispela\/\"]}]},{\"@type\":\"BreadcrumbList\",\"@id\":\"https:\/\/hudo.com\/si\/aktualno\/foto-jelka-je-prispela\/#breadcrumb\",\"itemListElement\":[{\"@type\":\"ListItem\",\"position\":1,\"name\":\"Home\",\"item\":\"https:\/\/hudo.com\/si\/\"},{\"@type\":\"ListItem\",\"position\":2,\"name\":\"FOTO: Jelka je prispela!\"}]},{\"@type\":\"WebSite\",\"@id\":\"https:\/\/hudo.com\/si\/#website\",\"url\":\"https:\/\/hudo.com\/si\/\",\"name\":\"Hudo Slovenija\",\"description\":\"Vse novice iz Slovenije in sveta\",\"publisher\":{\"@id\":\"https:\/\/hudo.com\/si\/#organization\"},\"potentialAction\":[{\"@type\":\"SearchAction\",\"target\":{\"@type\":\"EntryPoint\",\"urlTemplate\":\"https:\/\/hudo.com\/si\/?s={search_term_string}\"},\"query-input\":\"required name=search_term_string\"}],\"inLanguage\":\"sl-SI\"},{\"@type\":\"Organization\",\"@id\":\"https:\/\/hudo.com\/si\/#organization\",\"name\":\"VSN Media\",\"url\":\"https:\/\/hudo.com\/si\/\",\"logo\":{\"@type\":\"ImageObject\",\"inLanguage\":\"sl-SI\",\"@id\":\"https:\/\/hudo.com\/si\/#\/schema\/logo\/image\/\",\"url\":\"https:\/\/hudo.com\/si\/wp-content\/uploads\/sites\/2\/2021\/03\/hudo-app-2.png\",\"contentUrl\":\"https:\/\/hudo.com\/si\/wp-content\/uploads\/sites\/2\/2021\/03\/hudo-app-2.png\",\"width\":2185,\"height\":2167,\"caption\":\"VSN Media\"},\"image\":{\"@id\":\"https:\/\/hudo.com\/si\/#\/schema\/logo\/image\/\"},\"sameAs\":[\"https:\/\/www.facebook.com\/hudo.si\",\"https:\/\/twitter.com\/hudo_si\"]},{\"@type\":\"Person\",\"@id\":\"https:\/\/hudo.com\/si\/#\/schema\/person\/601cf3379633985b20f7e50f2bb47707\",\"name\":\"hudo\",\"image\":{\"@type\":\"ImageObject\",\"inLanguage\":\"sl-SI\",\"@id\":\"https:\/\/hudo.com\/si\/#\/schema\/person\/image\/\",\"url\":\"https:\/\/secure.gravatar.com\/avatar\/c4ca25fa72cace7a696b52ff5db9e095?s=96&d=mm&r=g\",\"contentUrl\":\"https:\/\/secure.gravatar.com\/avatar\/c4ca25fa72cace7a696b52ff5db9e095?s=96&d=mm&r=g\",\"caption\":\"hudo\"},\"url\":\"https:\/\/hudo.com\/si\/author\/hudo\/\"}]}<\/script>\n<!-- \/ Yoast SEO plugin. -->","yoast_head_json":{"title":"FOTO: Jelka je prispela! - Hudo Slovenija","robots":{"index":"index","follow":"follow","max-snippet":"max-snippet:-1","max-image-preview":"max-image-preview:large","max-video-preview":"max-video-preview:-1"},"canonical":"https:\/\/hudo.com\/si\/aktualno\/foto-jelka-je-prispela\/","og_locale":"sl_SI","og_type":"article","og_title":"FOTO: Jelka je prispela! - Hudo Slovenija","og_description":"Ko se mimo Glavnega trga pripelje jelka, je jasno, da so prazniki \u017ee za vogalom. In ta, ki so jo danes postavili sredi kro\u017ei\u0161\u010da pri starem kazinu \u0161e zdale\u010d ni edina. Prazni\u010dne jelke, tradicionalno najvi\u0161ja je tista na Trgu svobode, stojijo na ve\u010dih koncih mesta. Tudi na desnem bregu Drave, na Trgu revolucije in pod Pohorjem pri vzpenja\u010di. In kako visoke so junakinje leto\u0161njega mariborskega prazni\u010dnega vzdu\u0161ja? Jelka na Trgu svobode je visoka kar 22 metrov, tisti na Trgu revolucije in Glavnem trgu sta visoki med 10 in 12 metri, 12 metrov je visoka tudi jelka pod Pohorjem. A samo jelke za prazni\u010dno vzdu\u0161je niso dovolj. Lu\u010dke bo potrebno pri\u017egati. Mariborski \u010carobni december bo za\u017eivel v petek, 25. novembra, ko se bodo me\u0161\u010dani tradicionalno, ob 17. uri, zbrali pred Prvo gimnazijo na Trgu generala Maistra, ter se odpravili postopoma osvetliti trge in ulice. Med 25. novembrom in 30. decembrom bo vabilo Vilinsko mesto, prihod prvega dobrega mo\u017ea pa pospremil Miklav\u017eev sejem.Maribor","og_url":"https:\/\/hudo.com\/si\/aktualno\/foto-jelka-je-prispela\/","og_site_name":"Hudo Slovenija","article_publisher":"https:\/\/www.facebook.com\/hudo.si","article_published_time":"2016-11-18T15:04:00+00:00","og_image":[{"width":450,"height":253,"url":"https:\/\/hudo.com\/si\/wp-content\/uploads\/sites\/2\/2016\/11\/jelka-300.jpg","type":"image\/jpeg"}],"author":"hudo","twitter_card":"summary_large_image","twitter_creator":"@hudo_si","twitter_site":"@hudo_si","twitter_misc":{"Written by":"hudo","Est. reading time":"1 minuta"},"schema":{"@context":"https:\/\/schema.org","@graph":[{"@type":"Article","@id":"https:\/\/hudo.com\/si\/aktualno\/foto-jelka-je-prispela\/#article","isPartOf":{"@id":"https:\/\/hudo.com\/si\/aktualno\/foto-jelka-je-prispela\/"},"author":{"name":"hudo","@id":"https:\/\/hudo.com\/si\/#\/schema\/person\/601cf3379633985b20f7e50f2bb47707"},"headline":"FOTO: Jelka je prispela!","datePublished":"2016-11-18T15:04:00+00:00","dateModified":"2016-11-18T15:04:00+00:00","mainEntityOfPage":{"@id":"https:\/\/hudo.com\/si\/aktualno\/foto-jelka-je-prispela\/"},"wordCount":175,"publisher":{"@id":"https:\/\/hudo.com\/si\/#organization"},"articleSection":["Aktualno"],"inLanguage":"sl-SI"},{"@type":"WebPage","@id":"https:\/\/hudo.com\/si\/aktualno\/foto-jelka-je-prispela\/","url":"https:\/\/hudo.com\/si\/aktualno\/foto-jelka-je-prispela\/","name":"FOTO: Jelka je prispela! - Hudo Slovenija","isPartOf":{"@id":"https:\/\/hudo.com\/si\/#website"},"datePublished":"2016-11-18T15:04:00+00:00","dateModified":"2016-11-18T15:04:00+00:00","breadcrumb":{"@id":"https:\/\/hudo.com\/si\/aktualno\/foto-jelka-je-prispela\/#breadcrumb"},"inLanguage":"sl-SI","potentialAction":[{"@type":"ReadAction","target":["https:\/\/hudo.com\/si\/aktualno\/foto-jelka-je-prispela\/"]}]},{"@type":"BreadcrumbList","@id":"https:\/\/hudo.com\/si\/aktualno\/foto-jelka-je-prispela\/#breadcrumb","itemListElement":[{"@type":"ListItem","position":1,"name":"Home","item":"https:\/\/hudo.com\/si\/"},{"@type":"ListItem","position":2,"name":"FOTO: Jelka je prispela!"}]},{"@type":"WebSite","@id":"https:\/\/hudo.com\/si\/#website","url":"https:\/\/hudo.com\/si\/","name":"Hudo Slovenija","description":"Vse novice iz Slovenije in sveta","publisher":{"@id":"https:\/\/hudo.com\/si\/#organization"},"potentialAction":[{"@type":"SearchAction","target":{"@type":"EntryPoint","urlTemplate":"https:\/\/hudo.com\/si\/?s={search_term_string}"},"query-input":"required name=search_term_string"}],"inLanguage":"sl-SI"},{"@type":"Organization","@id":"https:\/\/hudo.com\/si\/#organization","name":"VSN Media","url":"https:\/\/hudo.com\/si\/","logo":{"@type":"ImageObject","inLanguage":"sl-SI","@id":"https:\/\/hudo.com\/si\/#\/schema\/logo\/image\/","url":"https:\/\/hudo.com\/si\/wp-content\/uploads\/sites\/2\/2021\/03\/hudo-app-2.png","contentUrl":"https:\/\/hudo.com\/si\/wp-content\/uploads\/sites\/2\/2021\/03\/hudo-app-2.png","width":2185,"height":2167,"caption":"VSN Media"},"image":{"@id":"https:\/\/hudo.com\/si\/#\/schema\/logo\/image\/"},"sameAs":["https:\/\/www.facebook.com\/hudo.si","https:\/\/twitter.com\/hudo_si"]},{"@type":"Person","@id":"https:\/\/hudo.com\/si\/#\/schema\/person\/601cf3379633985b20f7e50f2bb47707","name":"hudo","image":{"@type":"ImageObject","inLanguage":"sl-SI","@id":"https:\/\/hudo.com\/si\/#\/schema\/person\/image\/","url":"https:\/\/secure.gravatar.com\/avatar\/c4ca25fa72cace7a696b52ff5db9e095?s=96&d=mm&r=g","contentUrl":"https:\/\/secure.gravatar.com\/avatar\/c4ca25fa72cace7a696b52ff5db9e095?s=96&d=mm&r=g","caption":"hudo"},"url":"https:\/\/hudo.com\/si\/author\/hudo\/"}]}},"amp_enabled":true,"_links":{"self":[{"href":"https:\/\/hudo.com\/si\/wp-json\/wp\/v2\/posts\/175401"}],"collection":[{"href":"https:\/\/hudo.com\/si\/wp-json\/wp\/v2\/posts"}],"about":[{"href":"https:\/\/hudo.com\/si\/wp-json\/wp\/v2\/types\/post"}],"author":[{"embeddable":true,"href":"https:\/\/hudo.com\/si\/wp-json\/wp\/v2\/users\/1"}],"replies":[{"embeddable":true,"href":"https:\/\/hudo.com\/si\/wp-json\/wp\/v2\/comments?post=175401"}],"version-history":[{"count":0,"href":"https:\/\/hudo.com\/si\/wp-json\/wp\/v2\/posts\/175401\/revisions"}],"wp:attachment":[{"href":"https:\/\/hudo.com\/si\/wp-json\/wp\/v2\/media?parent=175401"}],"wp:term":[{"taxonomy":"category","embeddable":true,"href":"https:\/\/hudo.com\/si\/wp-json\/wp\/v2\/categories?post=175401"},{"taxonomy":"post_tag","embeddable":true,"href":"https:\/\/hudo.com\/si\/wp-json\/wp\/v2\/tags?post=175401"},{"taxonomy":"source","embeddable":true,"href":"https:\/\/hudo.com\/si\/wp-json\/wp\/v2\/source?post=175401"},{"taxonomy":"supertag","embeddable":true,"href":"https:\/\/hudo.com\/si\/wp-json\/wp\/v2\/supertag?post=175401"}],"curies":[{"name":"wp","href":"https:\/\/api.w.org\/{rel}","templated":true}]}}