{"id":175407,"date":"2016-11-18T15:24:29","date_gmt":"2016-11-18T14:24:29","guid":{"rendered":"http:\/\/hudo.com\/si\/2016\/11\/18\/kdor-zeli-mir-se-seli-na-kras\/"},"modified":"2016-11-21T06:31:06","modified_gmt":"2016-11-21T05:31:06","slug":"kdor-zeli-mir-se-seli-na-kras","status":"publish","type":"post","link":"https:\/\/hudo.com\/si\/aktualno\/kdor-zeli-mir-se-seli-na-kras\/","title":{"rendered":"Kdor \u017eeli mir, se seli na Kras"},"content":{"rendered":"<p>Ni\u017eje cene hi\u0161 in stanovanj, ni\u017eje najemnine in obratovalni stro\u0161ki, obenem pa mir, bolj\u0161i zrak, lepa narava, bolj\u0161a kakovost bivanja. To so razlogi, ki jih navajajo kupci in najemniki stanovanj in hi\u0161 na Krasu. Bojazen izpred osmih let, da bodo Italijani preplavili Kras, se povsod ni uresni\u010dila, toda dele\u017e italijanskih kupcev in najemnikov vendarle vztrajno nara\u0161\u010da in v nekaterih vaseh \u017ee krepko presega desetino. \u201c30 odstotkov kupcev in najemnikov nepremi\u010dnin v Se\u017eani in okolici prihaja iz Italije,\u201d pravijo v eni od se\u017eanskih nepremi\u010dninskih agencij, v drugi pa, da jih je skoraj 40 odstotkov. Tudi Jana Kermolj v diplomski nalogi navaja, da so lani \u010detrtino nepremi\u010dnin na Krasu kupili tujci in ve\u010dina med njimi je italijanskih dr\u017eavljanov.<\/p>\n","protected":false},"excerpt":{"rendered":"<p>Ni\u017eje cene hi\u0161 in stanovanj, ni\u017eje najemnine in obratovalni stro\u0161ki, obenem pa mir, bolj\u0161i zrak, lepa narava, bolj\u0161a kakovost bivanja. To so razlogi, ki jih navajajo kupci in najemniki stanovanj in hi\u0161 na Krasu. Bojazen izpred osmih let, da bodo Italijani preplavili Kras, se povsod ni uresni\u010dila, toda dele\u017e italijanskih kupcev in najemnikov vendarle vztrajno nara\u0161\u010da in v nekaterih vaseh \u017ee krepko presega desetino. \u201c30 odstotkov kupcev in najemnikov nepremi\u010dnin v Se\u017eani in okolici prihaja iz Italije,\u201d pravijo v eni od se\u017eanskih nepremi\u010dninskih agencij, v drugi pa, da jih je skoraj 40 odstotkov. Tudi Jana Kermolj v diplomski nalogi navaja, da so lani \u010detrtino nepremi\u010dnin na Krasu kupili tujci in ve\u010dina med njimi je italijanskih dr\u017eavljanov.<\/p>\n","protected":false},"author":1,"featured_media":0,"comment_status":"closed","ping_status":"closed","sticky":false,"template":"","format":"standard","meta":{"footnotes":""},"categories":[1179],"tags":[],"source":[1707],"supertag":[],"acf":[],"yoast_head":"<!-- This site is optimized with the Yoast SEO plugin v21.3 - https:\/\/yoast.com\/wordpress\/plugins\/seo\/ -->\n<title>Kdor \u017eeli mir, se seli na Kras - Hudo Slovenija<\/title>\n<meta name=\"robots\" content=\"index, follow, max-snippet:-1, max-image-preview:large, max-video-preview:-1\" \/>\n<link rel=\"canonical\" href=\"https:\/\/hudo.com\/si\/aktualno\/kdor-zeli-mir-se-seli-na-kras\/\" \/>\n<meta property=\"og:locale\" content=\"sl_SI\" \/>\n<meta property=\"og:type\" content=\"article\" \/>\n<meta property=\"og:title\" content=\"Kdor \u017eeli mir, se seli na Kras - Hudo Slovenija\" \/>\n<meta property=\"og:description\" content=\"Ni\u017eje cene hi\u0161 in stanovanj, ni\u017eje najemnine in obratovalni stro\u0161ki, obenem pa mir, bolj\u0161i zrak, lepa narava, bolj\u0161a kakovost bivanja. To so razlogi, ki jih navajajo kupci in najemniki stanovanj in hi\u0161 na Krasu. Bojazen izpred osmih let, da bodo Italijani preplavili Kras, se povsod ni uresni\u010dila, toda dele\u017e italijanskih kupcev in najemnikov vendarle vztrajno nara\u0161\u010da in v nekaterih vaseh \u017ee krepko presega desetino. \u201c30 odstotkov kupcev in najemnikov nepremi\u010dnin v Se\u017eani in okolici prihaja iz Italije,\u201d pravijo v eni od se\u017eanskih nepremi\u010dninskih agencij, v drugi pa, da jih je skoraj 40 odstotkov. Tudi Jana Kermolj v diplomski nalogi navaja, da so lani \u010detrtino nepremi\u010dnin na Krasu kupili tujci in ve\u010dina med njimi je italijanskih dr\u017eavljanov.\" \/>\n<meta property=\"og:url\" content=\"https:\/\/hudo.com\/si\/aktualno\/kdor-zeli-mir-se-seli-na-kras\/\" \/>\n<meta property=\"og:site_name\" content=\"Hudo Slovenija\" \/>\n<meta property=\"article:publisher\" content=\"https:\/\/www.facebook.com\/hudo.si\" \/>\n<meta property=\"article:published_time\" content=\"2016-11-18T14:24:29+00:00\" \/>\n<meta property=\"article:modified_time\" content=\"2016-11-21T05:31:06+00:00\" \/>\n<meta property=\"og:image\" content=\"https:\/\/hudo.com\/si\/wp-content\/uploads\/sites\/2\/2016\/11\/267-lokev.jpg\" \/>\n\t<meta property=\"og:image:width\" content=\"620\" \/>\n\t<meta property=\"og:image:height\" content=\"257\" \/>\n\t<meta property=\"og:image:type\" content=\"image\/jpeg\" \/>\n<meta name=\"author\" content=\"hudo\" \/>\n<meta name=\"twitter:card\" content=\"summary_large_image\" \/>\n<meta name=\"twitter:creator\" content=\"@hudo_si\" \/>\n<meta name=\"twitter:site\" content=\"@hudo_si\" \/>\n<meta name=\"twitter:label1\" content=\"Written by\" \/>\n\t<meta name=\"twitter:data1\" content=\"hudo\" \/>\n\t<meta name=\"twitter:label2\" content=\"Est. reading time\" \/>\n\t<meta name=\"twitter:data2\" content=\"1 minuta\" \/>\n<script type=\"application\/ld+json\" class=\"yoast-schema-graph\">{\"@context\":\"https:\/\/schema.org\",\"@graph\":[{\"@type\":\"Article\",\"@id\":\"https:\/\/hudo.com\/si\/aktualno\/kdor-zeli-mir-se-seli-na-kras\/#article\",\"isPartOf\":{\"@id\":\"https:\/\/hudo.com\/si\/aktualno\/kdor-zeli-mir-se-seli-na-kras\/\"},\"author\":{\"name\":\"hudo\",\"@id\":\"https:\/\/hudo.com\/si\/#\/schema\/person\/601cf3379633985b20f7e50f2bb47707\"},\"headline\":\"Kdor \u017eeli mir, se seli na Kras\",\"datePublished\":\"2016-11-18T14:24:29+00:00\",\"dateModified\":\"2016-11-21T05:31:06+00:00\",\"mainEntityOfPage\":{\"@id\":\"https:\/\/hudo.com\/si\/aktualno\/kdor-zeli-mir-se-seli-na-kras\/\"},\"wordCount\":135,\"publisher\":{\"@id\":\"https:\/\/hudo.com\/si\/#organization\"},\"articleSection\":[\"Aktualno\"],\"inLanguage\":\"sl-SI\"},{\"@type\":\"WebPage\",\"@id\":\"https:\/\/hudo.com\/si\/aktualno\/kdor-zeli-mir-se-seli-na-kras\/\",\"url\":\"https:\/\/hudo.com\/si\/aktualno\/kdor-zeli-mir-se-seli-na-kras\/\",\"name\":\"Kdor \u017eeli mir, se seli na Kras - Hudo Slovenija\",\"isPartOf\":{\"@id\":\"https:\/\/hudo.com\/si\/#website\"},\"datePublished\":\"2016-11-18T14:24:29+00:00\",\"dateModified\":\"2016-11-21T05:31:06+00:00\",\"breadcrumb\":{\"@id\":\"https:\/\/hudo.com\/si\/aktualno\/kdor-zeli-mir-se-seli-na-kras\/#breadcrumb\"},\"inLanguage\":\"sl-SI\",\"potentialAction\":[{\"@type\":\"ReadAction\",\"target\":[\"https:\/\/hudo.com\/si\/aktualno\/kdor-zeli-mir-se-seli-na-kras\/\"]}]},{\"@type\":\"BreadcrumbList\",\"@id\":\"https:\/\/hudo.com\/si\/aktualno\/kdor-zeli-mir-se-seli-na-kras\/#breadcrumb\",\"itemListElement\":[{\"@type\":\"ListItem\",\"position\":1,\"name\":\"Home\",\"item\":\"https:\/\/hudo.com\/si\/\"},{\"@type\":\"ListItem\",\"position\":2,\"name\":\"Kdor \u017eeli mir, se seli na Kras\"}]},{\"@type\":\"WebSite\",\"@id\":\"https:\/\/hudo.com\/si\/#website\",\"url\":\"https:\/\/hudo.com\/si\/\",\"name\":\"Hudo Slovenija\",\"description\":\"Vse novice iz Slovenije in sveta\",\"publisher\":{\"@id\":\"https:\/\/hudo.com\/si\/#organization\"},\"potentialAction\":[{\"@type\":\"SearchAction\",\"target\":{\"@type\":\"EntryPoint\",\"urlTemplate\":\"https:\/\/hudo.com\/si\/?s={search_term_string}\"},\"query-input\":\"required name=search_term_string\"}],\"inLanguage\":\"sl-SI\"},{\"@type\":\"Organization\",\"@id\":\"https:\/\/hudo.com\/si\/#organization\",\"name\":\"VSN Media\",\"url\":\"https:\/\/hudo.com\/si\/\",\"logo\":{\"@type\":\"ImageObject\",\"inLanguage\":\"sl-SI\",\"@id\":\"https:\/\/hudo.com\/si\/#\/schema\/logo\/image\/\",\"url\":\"https:\/\/hudo.com\/si\/wp-content\/uploads\/sites\/2\/2021\/03\/hudo-app-2.png\",\"contentUrl\":\"https:\/\/hudo.com\/si\/wp-content\/uploads\/sites\/2\/2021\/03\/hudo-app-2.png\",\"width\":2185,\"height\":2167,\"caption\":\"VSN Media\"},\"image\":{\"@id\":\"https:\/\/hudo.com\/si\/#\/schema\/logo\/image\/\"},\"sameAs\":[\"https:\/\/www.facebook.com\/hudo.si\",\"https:\/\/twitter.com\/hudo_si\"]},{\"@type\":\"Person\",\"@id\":\"https:\/\/hudo.com\/si\/#\/schema\/person\/601cf3379633985b20f7e50f2bb47707\",\"name\":\"hudo\",\"image\":{\"@type\":\"ImageObject\",\"inLanguage\":\"sl-SI\",\"@id\":\"https:\/\/hudo.com\/si\/#\/schema\/person\/image\/\",\"url\":\"https:\/\/secure.gravatar.com\/avatar\/c4ca25fa72cace7a696b52ff5db9e095?s=96&d=mm&r=g\",\"contentUrl\":\"https:\/\/secure.gravatar.com\/avatar\/c4ca25fa72cace7a696b52ff5db9e095?s=96&d=mm&r=g\",\"caption\":\"hudo\"},\"url\":\"https:\/\/hudo.com\/si\/author\/hudo\/\"}]}<\/script>\n<!-- \/ Yoast SEO plugin. -->","yoast_head_json":{"title":"Kdor \u017eeli mir, se seli na Kras - Hudo Slovenija","robots":{"index":"index","follow":"follow","max-snippet":"max-snippet:-1","max-image-preview":"max-image-preview:large","max-video-preview":"max-video-preview:-1"},"canonical":"https:\/\/hudo.com\/si\/aktualno\/kdor-zeli-mir-se-seli-na-kras\/","og_locale":"sl_SI","og_type":"article","og_title":"Kdor \u017eeli mir, se seli na Kras - Hudo Slovenija","og_description":"Ni\u017eje cene hi\u0161 in stanovanj, ni\u017eje najemnine in obratovalni stro\u0161ki, obenem pa mir, bolj\u0161i zrak, lepa narava, bolj\u0161a kakovost bivanja. To so razlogi, ki jih navajajo kupci in najemniki stanovanj in hi\u0161 na Krasu. Bojazen izpred osmih let, da bodo Italijani preplavili Kras, se povsod ni uresni\u010dila, toda dele\u017e italijanskih kupcev in najemnikov vendarle vztrajno nara\u0161\u010da in v nekaterih vaseh \u017ee krepko presega desetino. \u201c30 odstotkov kupcev in najemnikov nepremi\u010dnin v Se\u017eani in okolici prihaja iz Italije,\u201d pravijo v eni od se\u017eanskih nepremi\u010dninskih agencij, v drugi pa, da jih je skoraj 40 odstotkov. Tudi Jana Kermolj v diplomski nalogi navaja, da so lani \u010detrtino nepremi\u010dnin na Krasu kupili tujci in ve\u010dina med njimi je italijanskih dr\u017eavljanov.","og_url":"https:\/\/hudo.com\/si\/aktualno\/kdor-zeli-mir-se-seli-na-kras\/","og_site_name":"Hudo Slovenija","article_publisher":"https:\/\/www.facebook.com\/hudo.si","article_published_time":"2016-11-18T14:24:29+00:00","article_modified_time":"2016-11-21T05:31:06+00:00","og_image":[{"width":620,"height":257,"url":"https:\/\/hudo.com\/si\/wp-content\/uploads\/sites\/2\/2016\/11\/267-lokev.jpg","type":"image\/jpeg"}],"author":"hudo","twitter_card":"summary_large_image","twitter_creator":"@hudo_si","twitter_site":"@hudo_si","twitter_misc":{"Written by":"hudo","Est. reading time":"1 minuta"},"schema":{"@context":"https:\/\/schema.org","@graph":[{"@type":"Article","@id":"https:\/\/hudo.com\/si\/aktualno\/kdor-zeli-mir-se-seli-na-kras\/#article","isPartOf":{"@id":"https:\/\/hudo.com\/si\/aktualno\/kdor-zeli-mir-se-seli-na-kras\/"},"author":{"name":"hudo","@id":"https:\/\/hudo.com\/si\/#\/schema\/person\/601cf3379633985b20f7e50f2bb47707"},"headline":"Kdor \u017eeli mir, se seli na Kras","datePublished":"2016-11-18T14:24:29+00:00","dateModified":"2016-11-21T05:31:06+00:00","mainEntityOfPage":{"@id":"https:\/\/hudo.com\/si\/aktualno\/kdor-zeli-mir-se-seli-na-kras\/"},"wordCount":135,"publisher":{"@id":"https:\/\/hudo.com\/si\/#organization"},"articleSection":["Aktualno"],"inLanguage":"sl-SI"},{"@type":"WebPage","@id":"https:\/\/hudo.com\/si\/aktualno\/kdor-zeli-mir-se-seli-na-kras\/","url":"https:\/\/hudo.com\/si\/aktualno\/kdor-zeli-mir-se-seli-na-kras\/","name":"Kdor \u017eeli mir, se seli na Kras - Hudo Slovenija","isPartOf":{"@id":"https:\/\/hudo.com\/si\/#website"},"datePublished":"2016-11-18T14:24:29+00:00","dateModified":"2016-11-21T05:31:06+00:00","breadcrumb":{"@id":"https:\/\/hudo.com\/si\/aktualno\/kdor-zeli-mir-se-seli-na-kras\/#breadcrumb"},"inLanguage":"sl-SI","potentialAction":[{"@type":"ReadAction","target":["https:\/\/hudo.com\/si\/aktualno\/kdor-zeli-mir-se-seli-na-kras\/"]}]},{"@type":"BreadcrumbList","@id":"https:\/\/hudo.com\/si\/aktualno\/kdor-zeli-mir-se-seli-na-kras\/#breadcrumb","itemListElement":[{"@type":"ListItem","position":1,"name":"Home","item":"https:\/\/hudo.com\/si\/"},{"@type":"ListItem","position":2,"name":"Kdor \u017eeli mir, se seli na Kras"}]},{"@type":"WebSite","@id":"https:\/\/hudo.com\/si\/#website","url":"https:\/\/hudo.com\/si\/","name":"Hudo Slovenija","description":"Vse novice iz Slovenije in sveta","publisher":{"@id":"https:\/\/hudo.com\/si\/#organization"},"potentialAction":[{"@type":"SearchAction","target":{"@type":"EntryPoint","urlTemplate":"https:\/\/hudo.com\/si\/?s={search_term_string}"},"query-input":"required name=search_term_string"}],"inLanguage":"sl-SI"},{"@type":"Organization","@id":"https:\/\/hudo.com\/si\/#organization","name":"VSN Media","url":"https:\/\/hudo.com\/si\/","logo":{"@type":"ImageObject","inLanguage":"sl-SI","@id":"https:\/\/hudo.com\/si\/#\/schema\/logo\/image\/","url":"https:\/\/hudo.com\/si\/wp-content\/uploads\/sites\/2\/2021\/03\/hudo-app-2.png","contentUrl":"https:\/\/hudo.com\/si\/wp-content\/uploads\/sites\/2\/2021\/03\/hudo-app-2.png","width":2185,"height":2167,"caption":"VSN Media"},"image":{"@id":"https:\/\/hudo.com\/si\/#\/schema\/logo\/image\/"},"sameAs":["https:\/\/www.facebook.com\/hudo.si","https:\/\/twitter.com\/hudo_si"]},{"@type":"Person","@id":"https:\/\/hudo.com\/si\/#\/schema\/person\/601cf3379633985b20f7e50f2bb47707","name":"hudo","image":{"@type":"ImageObject","inLanguage":"sl-SI","@id":"https:\/\/hudo.com\/si\/#\/schema\/person\/image\/","url":"https:\/\/secure.gravatar.com\/avatar\/c4ca25fa72cace7a696b52ff5db9e095?s=96&d=mm&r=g","contentUrl":"https:\/\/secure.gravatar.com\/avatar\/c4ca25fa72cace7a696b52ff5db9e095?s=96&d=mm&r=g","caption":"hudo"},"url":"https:\/\/hudo.com\/si\/author\/hudo\/"}]}},"amp_enabled":true,"_links":{"self":[{"href":"https:\/\/hudo.com\/si\/wp-json\/wp\/v2\/posts\/175407"}],"collection":[{"href":"https:\/\/hudo.com\/si\/wp-json\/wp\/v2\/posts"}],"about":[{"href":"https:\/\/hudo.com\/si\/wp-json\/wp\/v2\/types\/post"}],"author":[{"embeddable":true,"href":"https:\/\/hudo.com\/si\/wp-json\/wp\/v2\/users\/1"}],"replies":[{"embeddable":true,"href":"https:\/\/hudo.com\/si\/wp-json\/wp\/v2\/comments?post=175407"}],"version-history":[{"count":1,"href":"https:\/\/hudo.com\/si\/wp-json\/wp\/v2\/posts\/175407\/revisions"}],"predecessor-version":[{"id":175528,"href":"https:\/\/hudo.com\/si\/wp-json\/wp\/v2\/posts\/175407\/revisions\/175528"}],"wp:attachment":[{"href":"https:\/\/hudo.com\/si\/wp-json\/wp\/v2\/media?parent=175407"}],"wp:term":[{"taxonomy":"category","embeddable":true,"href":"https:\/\/hudo.com\/si\/wp-json\/wp\/v2\/categories?post=175407"},{"taxonomy":"post_tag","embeddable":true,"href":"https:\/\/hudo.com\/si\/wp-json\/wp\/v2\/tags?post=175407"},{"taxonomy":"source","embeddable":true,"href":"https:\/\/hudo.com\/si\/wp-json\/wp\/v2\/source?post=175407"},{"taxonomy":"supertag","embeddable":true,"href":"https:\/\/hudo.com\/si\/wp-json\/wp\/v2\/supertag?post=175407"}],"curies":[{"name":"wp","href":"https:\/\/api.w.org\/{rel}","templated":true}]}}