{"id":177545,"date":"2016-11-22T20:13:00","date_gmt":"2016-11-22T19:13:00","guid":{"rendered":"http:\/\/hudo.com\/si\/2016\/11\/22\/japoncem-svarilo-pred-cunamijem-na-mobilnikih\/"},"modified":"2016-11-23T04:52:29","modified_gmt":"2016-11-23T03:52:29","slug":"japoncem-svarilo-pred-cunamijem-na-mobilnikih","status":"publish","type":"post","link":"https:\/\/hudo.com\/si\/aktualno\/japoncem-svarilo-pred-cunamijem-na-mobilnikih\/","title":{"rendered":"Japoncem svarilo pred cunamijem na mobilnikih"},"content":{"rendered":"<p>Kategorija: Globalno Tue, 22 Nov 2016 21:13:00 +0100  Potres z mo\u010djo 7,4 stopnje po Richterjevi lestvici, ki je sino\u010di po na\u0161em \u010dasu prizadel Japonsko, je zagotovo popotresni sunek katastrofalnega potresa, ki je marca 2011 razdejal japonski severovzhod. Do te ugotovitve je pri\u0161la japonska meteorolo\u0161ka agencija, ki je opozorila prebivalce, da lahko prihodnji teden pri\u010dakujejo \u0161e en podobno mo\u010den potresni sunek. Potem ko je v torek minuto pred 6. uro po lokalnem \u010dasu potres prizadel prav tisto obmo\u010dje, na katerem je pred petimi leti vzel okoli 18.000 \u017eivljenj, se je pokazalo, da se je Japonska iz omenjene tragedije veliko nau\u010dila. Vsem prebivalcem mesta Ivaki v prefekturi Fuku\u0161ima so poslali opozorilo, da mestu grozi cunami, na mobilnik, saj se je leta 2011 pokazalo, da sredi zmede in prekinitve elektri\u010dne energije veliko ljudi ni sli\u0161alo radijskih in televizijskih navodil. Samo v\u00a0&#8230;<\/p>\n","protected":false},"excerpt":{"rendered":"<p>Kategorija: Globalno Tue, 22 Nov 2016 21:13:00 +0100  Potres z mo\u010djo 7,4 stopnje po Richterjevi lestvici, ki je sino\u010di po na\u0161em \u010dasu prizadel Japonsko, je zagotovo popotresni sunek katastrofalnega potresa, ki je marca 2011 razdejal japonski severovzhod. Do te ugotovitve je pri\u0161la japonska meteorolo\u0161ka agencija, ki je opozorila prebivalce, da lahko prihodnji teden pri\u010dakujejo \u0161e en podobno mo\u010den potresni sunek. Potem ko je v torek minuto pred 6. uro po lokalnem \u010dasu potres prizadel prav tisto obmo\u010dje, na katerem je pred petimi leti vzel okoli 18.000 \u017eivljenj, se je pokazalo, da se je Japonska iz omenjene tragedije veliko nau\u010dila. Vsem prebivalcem mesta Ivaki v prefekturi Fuku\u0161ima so poslali opozorilo, da mestu grozi cunami, na mobilnik, saj se je leta 2011 pokazalo, da sredi zmede in prekinitve elektri\u010dne energije veliko ljudi ni sli\u0161alo radijskih in televizijskih navodil. Samo v\u00a0&#8230;<\/p>\n","protected":false},"author":1,"featured_media":0,"comment_status":"closed","ping_status":"closed","sticky":false,"template":"","format":"standard","meta":{"footnotes":""},"categories":[1179],"tags":[],"source":[1703],"supertag":[],"acf":[],"yoast_head":"<!-- This site is optimized with the Yoast SEO plugin v21.3 - https:\/\/yoast.com\/wordpress\/plugins\/seo\/ -->\n<title>Japoncem svarilo pred cunamijem na mobilnikih - Hudo Slovenija<\/title>\n<meta name=\"robots\" content=\"index, follow, max-snippet:-1, max-image-preview:large, max-video-preview:-1\" \/>\n<link rel=\"canonical\" href=\"https:\/\/hudo.com\/si\/aktualno\/japoncem-svarilo-pred-cunamijem-na-mobilnikih\/\" \/>\n<meta property=\"og:locale\" content=\"sl_SI\" \/>\n<meta property=\"og:type\" content=\"article\" \/>\n<meta property=\"og:title\" content=\"Japoncem svarilo pred cunamijem na mobilnikih - Hudo Slovenija\" \/>\n<meta property=\"og:description\" content=\"Kategorija: Globalno Tue, 22 Nov 2016 21:13:00 +0100 Potres z mo\u010djo 7,4 stopnje po Richterjevi lestvici, ki je sino\u010di po na\u0161em \u010dasu prizadel Japonsko, je zagotovo popotresni sunek katastrofalnega potresa, ki je marca 2011 razdejal japonski severovzhod. Do te ugotovitve je pri\u0161la japonska meteorolo\u0161ka agencija, ki je opozorila prebivalce, da lahko prihodnji teden pri\u010dakujejo \u0161e en podobno mo\u010den potresni sunek. Potem ko je v torek minuto pred 6. uro po lokalnem \u010dasu potres prizadel prav tisto obmo\u010dje, na katerem je pred petimi leti vzel okoli 18.000 \u017eivljenj, se je pokazalo, da se je Japonska iz omenjene tragedije veliko nau\u010dila. Vsem prebivalcem mesta Ivaki v prefekturi Fuku\u0161ima so poslali opozorilo, da mestu grozi cunami, na mobilnik, saj se je leta 2011 pokazalo, da sredi zmede in prekinitve elektri\u010dne energije veliko ljudi ni sli\u0161alo radijskih in televizijskih navodil. Samo v\u00a0...\" \/>\n<meta property=\"og:url\" content=\"https:\/\/hudo.com\/si\/aktualno\/japoncem-svarilo-pred-cunamijem-na-mobilnikih\/\" \/>\n<meta property=\"og:site_name\" content=\"Hudo Slovenija\" \/>\n<meta property=\"article:publisher\" content=\"https:\/\/www.facebook.com\/hudo.si\" \/>\n<meta property=\"article:published_time\" content=\"2016-11-22T19:13:00+00:00\" \/>\n<meta property=\"article:modified_time\" content=\"2016-11-23T03:52:29+00:00\" \/>\n<meta property=\"og:image\" content=\"https:\/\/hudo.com\/si\/wp-content\/uploads\/sites\/2\/2016\/11\/480x290_Zadnja_stran__RTR2Y50L_hires1.jpeg\" \/>\n\t<meta property=\"og:image:width\" content=\"480\" \/>\n\t<meta property=\"og:image:height\" content=\"290\" \/>\n\t<meta property=\"og:image:type\" content=\"image\/jpeg\" \/>\n<meta name=\"author\" content=\"hudo\" \/>\n<meta name=\"twitter:card\" content=\"summary_large_image\" \/>\n<meta name=\"twitter:creator\" content=\"@hudo_si\" \/>\n<meta name=\"twitter:site\" content=\"@hudo_si\" \/>\n<meta name=\"twitter:label1\" content=\"Written by\" \/>\n\t<meta name=\"twitter:data1\" content=\"hudo\" \/>\n\t<meta name=\"twitter:label2\" content=\"Est. reading time\" \/>\n\t<meta name=\"twitter:data2\" content=\"1 minuta\" \/>\n<script type=\"application\/ld+json\" class=\"yoast-schema-graph\">{\"@context\":\"https:\/\/schema.org\",\"@graph\":[{\"@type\":\"Article\",\"@id\":\"https:\/\/hudo.com\/si\/aktualno\/japoncem-svarilo-pred-cunamijem-na-mobilnikih\/#article\",\"isPartOf\":{\"@id\":\"https:\/\/hudo.com\/si\/aktualno\/japoncem-svarilo-pred-cunamijem-na-mobilnikih\/\"},\"author\":{\"name\":\"hudo\",\"@id\":\"https:\/\/hudo.com\/si\/#\/schema\/person\/601cf3379633985b20f7e50f2bb47707\"},\"headline\":\"Japoncem svarilo pred cunamijem na mobilnikih\",\"datePublished\":\"2016-11-22T19:13:00+00:00\",\"dateModified\":\"2016-11-23T03:52:29+00:00\",\"mainEntityOfPage\":{\"@id\":\"https:\/\/hudo.com\/si\/aktualno\/japoncem-svarilo-pred-cunamijem-na-mobilnikih\/\"},\"wordCount\":147,\"publisher\":{\"@id\":\"https:\/\/hudo.com\/si\/#organization\"},\"articleSection\":[\"Aktualno\"],\"inLanguage\":\"sl-SI\"},{\"@type\":\"WebPage\",\"@id\":\"https:\/\/hudo.com\/si\/aktualno\/japoncem-svarilo-pred-cunamijem-na-mobilnikih\/\",\"url\":\"https:\/\/hudo.com\/si\/aktualno\/japoncem-svarilo-pred-cunamijem-na-mobilnikih\/\",\"name\":\"Japoncem svarilo pred cunamijem na mobilnikih - Hudo Slovenija\",\"isPartOf\":{\"@id\":\"https:\/\/hudo.com\/si\/#website\"},\"datePublished\":\"2016-11-22T19:13:00+00:00\",\"dateModified\":\"2016-11-23T03:52:29+00:00\",\"breadcrumb\":{\"@id\":\"https:\/\/hudo.com\/si\/aktualno\/japoncem-svarilo-pred-cunamijem-na-mobilnikih\/#breadcrumb\"},\"inLanguage\":\"sl-SI\",\"potentialAction\":[{\"@type\":\"ReadAction\",\"target\":[\"https:\/\/hudo.com\/si\/aktualno\/japoncem-svarilo-pred-cunamijem-na-mobilnikih\/\"]}]},{\"@type\":\"BreadcrumbList\",\"@id\":\"https:\/\/hudo.com\/si\/aktualno\/japoncem-svarilo-pred-cunamijem-na-mobilnikih\/#breadcrumb\",\"itemListElement\":[{\"@type\":\"ListItem\",\"position\":1,\"name\":\"Home\",\"item\":\"https:\/\/hudo.com\/si\/\"},{\"@type\":\"ListItem\",\"position\":2,\"name\":\"Japoncem svarilo pred cunamijem na mobilnikih\"}]},{\"@type\":\"WebSite\",\"@id\":\"https:\/\/hudo.com\/si\/#website\",\"url\":\"https:\/\/hudo.com\/si\/\",\"name\":\"Hudo Slovenija\",\"description\":\"Vse novice iz Slovenije in sveta\",\"publisher\":{\"@id\":\"https:\/\/hudo.com\/si\/#organization\"},\"potentialAction\":[{\"@type\":\"SearchAction\",\"target\":{\"@type\":\"EntryPoint\",\"urlTemplate\":\"https:\/\/hudo.com\/si\/?s={search_term_string}\"},\"query-input\":\"required name=search_term_string\"}],\"inLanguage\":\"sl-SI\"},{\"@type\":\"Organization\",\"@id\":\"https:\/\/hudo.com\/si\/#organization\",\"name\":\"VSN Media\",\"url\":\"https:\/\/hudo.com\/si\/\",\"logo\":{\"@type\":\"ImageObject\",\"inLanguage\":\"sl-SI\",\"@id\":\"https:\/\/hudo.com\/si\/#\/schema\/logo\/image\/\",\"url\":\"https:\/\/hudo.com\/si\/wp-content\/uploads\/sites\/2\/2021\/03\/hudo-app-2.png\",\"contentUrl\":\"https:\/\/hudo.com\/si\/wp-content\/uploads\/sites\/2\/2021\/03\/hudo-app-2.png\",\"width\":2185,\"height\":2167,\"caption\":\"VSN Media\"},\"image\":{\"@id\":\"https:\/\/hudo.com\/si\/#\/schema\/logo\/image\/\"},\"sameAs\":[\"https:\/\/www.facebook.com\/hudo.si\",\"https:\/\/twitter.com\/hudo_si\"]},{\"@type\":\"Person\",\"@id\":\"https:\/\/hudo.com\/si\/#\/schema\/person\/601cf3379633985b20f7e50f2bb47707\",\"name\":\"hudo\",\"image\":{\"@type\":\"ImageObject\",\"inLanguage\":\"sl-SI\",\"@id\":\"https:\/\/hudo.com\/si\/#\/schema\/person\/image\/\",\"url\":\"https:\/\/secure.gravatar.com\/avatar\/c4ca25fa72cace7a696b52ff5db9e095?s=96&d=mm&r=g\",\"contentUrl\":\"https:\/\/secure.gravatar.com\/avatar\/c4ca25fa72cace7a696b52ff5db9e095?s=96&d=mm&r=g\",\"caption\":\"hudo\"},\"url\":\"https:\/\/hudo.com\/si\/author\/hudo\/\"}]}<\/script>\n<!-- \/ Yoast SEO plugin. -->","yoast_head_json":{"title":"Japoncem svarilo pred cunamijem na mobilnikih - Hudo Slovenija","robots":{"index":"index","follow":"follow","max-snippet":"max-snippet:-1","max-image-preview":"max-image-preview:large","max-video-preview":"max-video-preview:-1"},"canonical":"https:\/\/hudo.com\/si\/aktualno\/japoncem-svarilo-pred-cunamijem-na-mobilnikih\/","og_locale":"sl_SI","og_type":"article","og_title":"Japoncem svarilo pred cunamijem na mobilnikih - Hudo Slovenija","og_description":"Kategorija: Globalno Tue, 22 Nov 2016 21:13:00 +0100 Potres z mo\u010djo 7,4 stopnje po Richterjevi lestvici, ki je sino\u010di po na\u0161em \u010dasu prizadel Japonsko, je zagotovo popotresni sunek katastrofalnega potresa, ki je marca 2011 razdejal japonski severovzhod. Do te ugotovitve je pri\u0161la japonska meteorolo\u0161ka agencija, ki je opozorila prebivalce, da lahko prihodnji teden pri\u010dakujejo \u0161e en podobno mo\u010den potresni sunek. Potem ko je v torek minuto pred 6. uro po lokalnem \u010dasu potres prizadel prav tisto obmo\u010dje, na katerem je pred petimi leti vzel okoli 18.000 \u017eivljenj, se je pokazalo, da se je Japonska iz omenjene tragedije veliko nau\u010dila. Vsem prebivalcem mesta Ivaki v prefekturi Fuku\u0161ima so poslali opozorilo, da mestu grozi cunami, na mobilnik, saj se je leta 2011 pokazalo, da sredi zmede in prekinitve elektri\u010dne energije veliko ljudi ni sli\u0161alo radijskih in televizijskih navodil. Samo v\u00a0...","og_url":"https:\/\/hudo.com\/si\/aktualno\/japoncem-svarilo-pred-cunamijem-na-mobilnikih\/","og_site_name":"Hudo Slovenija","article_publisher":"https:\/\/www.facebook.com\/hudo.si","article_published_time":"2016-11-22T19:13:00+00:00","article_modified_time":"2016-11-23T03:52:29+00:00","og_image":[{"width":480,"height":290,"url":"https:\/\/hudo.com\/si\/wp-content\/uploads\/sites\/2\/2016\/11\/480x290_Zadnja_stran__RTR2Y50L_hires1.jpeg","type":"image\/jpeg"}],"author":"hudo","twitter_card":"summary_large_image","twitter_creator":"@hudo_si","twitter_site":"@hudo_si","twitter_misc":{"Written by":"hudo","Est. reading time":"1 minuta"},"schema":{"@context":"https:\/\/schema.org","@graph":[{"@type":"Article","@id":"https:\/\/hudo.com\/si\/aktualno\/japoncem-svarilo-pred-cunamijem-na-mobilnikih\/#article","isPartOf":{"@id":"https:\/\/hudo.com\/si\/aktualno\/japoncem-svarilo-pred-cunamijem-na-mobilnikih\/"},"author":{"name":"hudo","@id":"https:\/\/hudo.com\/si\/#\/schema\/person\/601cf3379633985b20f7e50f2bb47707"},"headline":"Japoncem svarilo pred cunamijem na mobilnikih","datePublished":"2016-11-22T19:13:00+00:00","dateModified":"2016-11-23T03:52:29+00:00","mainEntityOfPage":{"@id":"https:\/\/hudo.com\/si\/aktualno\/japoncem-svarilo-pred-cunamijem-na-mobilnikih\/"},"wordCount":147,"publisher":{"@id":"https:\/\/hudo.com\/si\/#organization"},"articleSection":["Aktualno"],"inLanguage":"sl-SI"},{"@type":"WebPage","@id":"https:\/\/hudo.com\/si\/aktualno\/japoncem-svarilo-pred-cunamijem-na-mobilnikih\/","url":"https:\/\/hudo.com\/si\/aktualno\/japoncem-svarilo-pred-cunamijem-na-mobilnikih\/","name":"Japoncem svarilo pred cunamijem na mobilnikih - Hudo Slovenija","isPartOf":{"@id":"https:\/\/hudo.com\/si\/#website"},"datePublished":"2016-11-22T19:13:00+00:00","dateModified":"2016-11-23T03:52:29+00:00","breadcrumb":{"@id":"https:\/\/hudo.com\/si\/aktualno\/japoncem-svarilo-pred-cunamijem-na-mobilnikih\/#breadcrumb"},"inLanguage":"sl-SI","potentialAction":[{"@type":"ReadAction","target":["https:\/\/hudo.com\/si\/aktualno\/japoncem-svarilo-pred-cunamijem-na-mobilnikih\/"]}]},{"@type":"BreadcrumbList","@id":"https:\/\/hudo.com\/si\/aktualno\/japoncem-svarilo-pred-cunamijem-na-mobilnikih\/#breadcrumb","itemListElement":[{"@type":"ListItem","position":1,"name":"Home","item":"https:\/\/hudo.com\/si\/"},{"@type":"ListItem","position":2,"name":"Japoncem svarilo pred cunamijem na mobilnikih"}]},{"@type":"WebSite","@id":"https:\/\/hudo.com\/si\/#website","url":"https:\/\/hudo.com\/si\/","name":"Hudo Slovenija","description":"Vse novice iz Slovenije in sveta","publisher":{"@id":"https:\/\/hudo.com\/si\/#organization"},"potentialAction":[{"@type":"SearchAction","target":{"@type":"EntryPoint","urlTemplate":"https:\/\/hudo.com\/si\/?s={search_term_string}"},"query-input":"required name=search_term_string"}],"inLanguage":"sl-SI"},{"@type":"Organization","@id":"https:\/\/hudo.com\/si\/#organization","name":"VSN Media","url":"https:\/\/hudo.com\/si\/","logo":{"@type":"ImageObject","inLanguage":"sl-SI","@id":"https:\/\/hudo.com\/si\/#\/schema\/logo\/image\/","url":"https:\/\/hudo.com\/si\/wp-content\/uploads\/sites\/2\/2021\/03\/hudo-app-2.png","contentUrl":"https:\/\/hudo.com\/si\/wp-content\/uploads\/sites\/2\/2021\/03\/hudo-app-2.png","width":2185,"height":2167,"caption":"VSN Media"},"image":{"@id":"https:\/\/hudo.com\/si\/#\/schema\/logo\/image\/"},"sameAs":["https:\/\/www.facebook.com\/hudo.si","https:\/\/twitter.com\/hudo_si"]},{"@type":"Person","@id":"https:\/\/hudo.com\/si\/#\/schema\/person\/601cf3379633985b20f7e50f2bb47707","name":"hudo","image":{"@type":"ImageObject","inLanguage":"sl-SI","@id":"https:\/\/hudo.com\/si\/#\/schema\/person\/image\/","url":"https:\/\/secure.gravatar.com\/avatar\/c4ca25fa72cace7a696b52ff5db9e095?s=96&d=mm&r=g","contentUrl":"https:\/\/secure.gravatar.com\/avatar\/c4ca25fa72cace7a696b52ff5db9e095?s=96&d=mm&r=g","caption":"hudo"},"url":"https:\/\/hudo.com\/si\/author\/hudo\/"}]}},"amp_enabled":true,"_links":{"self":[{"href":"https:\/\/hudo.com\/si\/wp-json\/wp\/v2\/posts\/177545"}],"collection":[{"href":"https:\/\/hudo.com\/si\/wp-json\/wp\/v2\/posts"}],"about":[{"href":"https:\/\/hudo.com\/si\/wp-json\/wp\/v2\/types\/post"}],"author":[{"embeddable":true,"href":"https:\/\/hudo.com\/si\/wp-json\/wp\/v2\/users\/1"}],"replies":[{"embeddable":true,"href":"https:\/\/hudo.com\/si\/wp-json\/wp\/v2\/comments?post=177545"}],"version-history":[{"count":1,"href":"https:\/\/hudo.com\/si\/wp-json\/wp\/v2\/posts\/177545\/revisions"}],"predecessor-version":[{"id":177736,"href":"https:\/\/hudo.com\/si\/wp-json\/wp\/v2\/posts\/177545\/revisions\/177736"}],"wp:attachment":[{"href":"https:\/\/hudo.com\/si\/wp-json\/wp\/v2\/media?parent=177545"}],"wp:term":[{"taxonomy":"category","embeddable":true,"href":"https:\/\/hudo.com\/si\/wp-json\/wp\/v2\/categories?post=177545"},{"taxonomy":"post_tag","embeddable":true,"href":"https:\/\/hudo.com\/si\/wp-json\/wp\/v2\/tags?post=177545"},{"taxonomy":"source","embeddable":true,"href":"https:\/\/hudo.com\/si\/wp-json\/wp\/v2\/source?post=177545"},{"taxonomy":"supertag","embeddable":true,"href":"https:\/\/hudo.com\/si\/wp-json\/wp\/v2\/supertag?post=177545"}],"curies":[{"name":"wp","href":"https:\/\/api.w.org\/{rel}","templated":true}]}}