{"id":177575,"date":"2016-11-22T19:16:00","date_gmt":"2016-11-22T18:16:00","guid":{"rendered":"http:\/\/hudo.com\/si\/2016\/11\/22\/pred-98-leti-je-maister-obranil-tretjino-nase-danasnje-drzave\/"},"modified":"2016-11-22T19:16:00","modified_gmt":"2016-11-22T18:16:00","slug":"pred-98-leti-je-maister-obranil-tretjino-nase-danasnje-drzave","status":"publish","type":"post","link":"https:\/\/hudo.com\/si\/aktualno\/pred-98-leti-je-maister-obranil-tretjino-nase-danasnje-drzave\/","title":{"rendered":"Pred 98 leti je Maister obranil tretjino na\u0161e dana\u0161nje dr\u017eave"},"content":{"rendered":"<p>Kategorija: Slovenija Tue, 22 Nov 2016 20:16:00 +0100  Dornava &#8211; Ljubezen do domovine je bila ena temeljnih vrednot generala Rudolfa Maistra in to je budila nocoj\u0161nja dr\u017eavna proslava ob Maistrovem dnevu v Dornavi na Ptujskem polju. Dan Rudolfa Maistra je bil kot dr\u017eavni praznik uzakonjen pred enajstimi leti, pred tem pa Maistrovo delo in prizadevanja dolgo \u010dasa niso zanimala nobenega sistema. Slavnostni govornik v Dornavi, podpredsednik slovenske vlade in kmetijski minister Dejan \u017didan, pa je podrobneje orisal generalovo \u017eivljenje in delo ter potegnil premico od programa Zedinjene Slovenije prek Maistra, partizanskih borcev do pripadnikov teritorialne obrambe. Maistrova razoro\u017eitev Zelene garde pred 98 leti je v resnici obranila tretjino ozemlja na\u0161e dana\u0161nje dr\u017eave, je poudaril Milan Lovren\u010di\u010d, predsednik Zveze dru\u0161tev Rudolfa Maistra, teh je po Sloveniji zdaj \u017ee 25 in imajo preko 1.500 \u010dlanov. Pevci in glasbeniki iz Dornave in okolice so po\u00a0&#8230;<\/p>\n","protected":false},"excerpt":{"rendered":"<p>Kategorija: Slovenija Tue, 22 Nov 2016 20:16:00 +0100  Dornava &#8211; Ljubezen do domovine je bila ena temeljnih vrednot generala Rudolfa Maistra in to je budila nocoj\u0161nja dr\u017eavna proslava ob Maistrovem dnevu v Dornavi na Ptujskem polju. Dan Rudolfa Maistra je bil kot dr\u017eavni praznik uzakonjen pred enajstimi leti, pred tem pa Maistrovo delo in prizadevanja dolgo \u010dasa niso zanimala nobenega sistema. Slavnostni govornik v Dornavi, podpredsednik slovenske vlade in kmetijski minister Dejan \u017didan, pa je podrobneje orisal generalovo \u017eivljenje in delo ter potegnil premico od programa Zedinjene Slovenije prek Maistra, partizanskih borcev do pripadnikov teritorialne obrambe. Maistrova razoro\u017eitev Zelene garde pred 98 leti je v resnici obranila tretjino ozemlja na\u0161e dana\u0161nje dr\u017eave, je poudaril Milan Lovren\u010di\u010d, predsednik Zveze dru\u0161tev Rudolfa Maistra, teh je po Sloveniji zdaj \u017ee 25 in imajo preko 1.500 \u010dlanov. Pevci in glasbeniki iz Dornave in okolice so po\u00a0&#8230;<\/p>\n","protected":false},"author":1,"featured_media":0,"comment_status":"closed","ping_status":"closed","sticky":false,"template":"","format":"standard","meta":{"footnotes":""},"categories":[1179],"tags":[],"source":[1703],"supertag":[],"acf":[],"yoast_head":"<!-- This site is optimized with the Yoast SEO plugin v21.3 - https:\/\/yoast.com\/wordpress\/plugins\/seo\/ -->\n<title>Pred 98 leti je Maister obranil tretjino na\u0161e dana\u0161nje dr\u017eave - Hudo Slovenija<\/title>\n<meta name=\"robots\" content=\"index, follow, max-snippet:-1, max-image-preview:large, max-video-preview:-1\" \/>\n<link rel=\"canonical\" href=\"https:\/\/hudo.com\/si\/aktualno\/pred-98-leti-je-maister-obranil-tretjino-nase-danasnje-drzave\/\" \/>\n<meta property=\"og:locale\" content=\"sl_SI\" \/>\n<meta property=\"og:type\" content=\"article\" \/>\n<meta property=\"og:title\" content=\"Pred 98 leti je Maister obranil tretjino na\u0161e dana\u0161nje dr\u017eave - Hudo Slovenija\" \/>\n<meta property=\"og:description\" content=\"Kategorija: Slovenija Tue, 22 Nov 2016 20:16:00 +0100 Dornava - Ljubezen do domovine je bila ena temeljnih vrednot generala Rudolfa Maistra in to je budila nocoj\u0161nja dr\u017eavna proslava ob Maistrovem dnevu v Dornavi na Ptujskem polju. Dan Rudolfa Maistra je bil kot dr\u017eavni praznik uzakonjen pred enajstimi leti, pred tem pa Maistrovo delo in prizadevanja dolgo \u010dasa niso zanimala nobenega sistema. Slavnostni govornik v Dornavi, podpredsednik slovenske vlade in kmetijski minister Dejan \u017didan, pa je podrobneje orisal generalovo \u017eivljenje in delo ter potegnil premico od programa Zedinjene Slovenije prek Maistra, partizanskih borcev do pripadnikov teritorialne obrambe. Maistrova razoro\u017eitev Zelene garde pred 98 leti je v resnici obranila tretjino ozemlja na\u0161e dana\u0161nje dr\u017eave, je poudaril Milan Lovren\u010di\u010d, predsednik Zveze dru\u0161tev Rudolfa Maistra, teh je po Sloveniji zdaj \u017ee 25 in imajo preko 1.500 \u010dlanov. Pevci in glasbeniki iz Dornave in okolice so po\u00a0...\" \/>\n<meta property=\"og:url\" content=\"https:\/\/hudo.com\/si\/aktualno\/pred-98-leti-je-maister-obranil-tretjino-nase-danasnje-drzave\/\" \/>\n<meta property=\"og:site_name\" content=\"Hudo Slovenija\" \/>\n<meta property=\"article:publisher\" content=\"https:\/\/www.facebook.com\/hudo.si\" \/>\n<meta property=\"article:published_time\" content=\"2016-11-22T18:16:00+00:00\" \/>\n<meta property=\"og:image\" content=\"https:\/\/hudo.com\/si\/wp-content\/uploads\/sites\/2\/2016\/11\/480x290_Delo_Foto-20161122185426-23320400.jpeg\" \/>\n\t<meta property=\"og:image:width\" content=\"480\" \/>\n\t<meta property=\"og:image:height\" content=\"290\" \/>\n\t<meta property=\"og:image:type\" content=\"image\/jpeg\" \/>\n<meta name=\"author\" content=\"hudo\" \/>\n<meta name=\"twitter:card\" content=\"summary_large_image\" \/>\n<meta name=\"twitter:creator\" content=\"@hudo_si\" \/>\n<meta name=\"twitter:site\" content=\"@hudo_si\" \/>\n<meta name=\"twitter:label1\" content=\"Written by\" \/>\n\t<meta name=\"twitter:data1\" content=\"hudo\" \/>\n\t<meta name=\"twitter:label2\" content=\"Est. reading time\" \/>\n\t<meta name=\"twitter:data2\" content=\"1 minuta\" \/>\n<script type=\"application\/ld+json\" class=\"yoast-schema-graph\">{\"@context\":\"https:\/\/schema.org\",\"@graph\":[{\"@type\":\"Article\",\"@id\":\"https:\/\/hudo.com\/si\/aktualno\/pred-98-leti-je-maister-obranil-tretjino-nase-danasnje-drzave\/#article\",\"isPartOf\":{\"@id\":\"https:\/\/hudo.com\/si\/aktualno\/pred-98-leti-je-maister-obranil-tretjino-nase-danasnje-drzave\/\"},\"author\":{\"name\":\"hudo\",\"@id\":\"https:\/\/hudo.com\/si\/#\/schema\/person\/601cf3379633985b20f7e50f2bb47707\"},\"headline\":\"Pred 98 leti je Maister obranil tretjino na\u0161e dana\u0161nje dr\u017eave\",\"datePublished\":\"2016-11-22T18:16:00+00:00\",\"dateModified\":\"2016-11-22T18:16:00+00:00\",\"mainEntityOfPage\":{\"@id\":\"https:\/\/hudo.com\/si\/aktualno\/pred-98-leti-je-maister-obranil-tretjino-nase-danasnje-drzave\/\"},\"wordCount\":156,\"publisher\":{\"@id\":\"https:\/\/hudo.com\/si\/#organization\"},\"articleSection\":[\"Aktualno\"],\"inLanguage\":\"sl-SI\"},{\"@type\":\"WebPage\",\"@id\":\"https:\/\/hudo.com\/si\/aktualno\/pred-98-leti-je-maister-obranil-tretjino-nase-danasnje-drzave\/\",\"url\":\"https:\/\/hudo.com\/si\/aktualno\/pred-98-leti-je-maister-obranil-tretjino-nase-danasnje-drzave\/\",\"name\":\"Pred 98 leti je Maister obranil tretjino na\u0161e dana\u0161nje dr\u017eave - Hudo Slovenija\",\"isPartOf\":{\"@id\":\"https:\/\/hudo.com\/si\/#website\"},\"datePublished\":\"2016-11-22T18:16:00+00:00\",\"dateModified\":\"2016-11-22T18:16:00+00:00\",\"breadcrumb\":{\"@id\":\"https:\/\/hudo.com\/si\/aktualno\/pred-98-leti-je-maister-obranil-tretjino-nase-danasnje-drzave\/#breadcrumb\"},\"inLanguage\":\"sl-SI\",\"potentialAction\":[{\"@type\":\"ReadAction\",\"target\":[\"https:\/\/hudo.com\/si\/aktualno\/pred-98-leti-je-maister-obranil-tretjino-nase-danasnje-drzave\/\"]}]},{\"@type\":\"BreadcrumbList\",\"@id\":\"https:\/\/hudo.com\/si\/aktualno\/pred-98-leti-je-maister-obranil-tretjino-nase-danasnje-drzave\/#breadcrumb\",\"itemListElement\":[{\"@type\":\"ListItem\",\"position\":1,\"name\":\"Home\",\"item\":\"https:\/\/hudo.com\/si\/\"},{\"@type\":\"ListItem\",\"position\":2,\"name\":\"Pred 98 leti je Maister obranil tretjino na\u0161e dana\u0161nje dr\u017eave\"}]},{\"@type\":\"WebSite\",\"@id\":\"https:\/\/hudo.com\/si\/#website\",\"url\":\"https:\/\/hudo.com\/si\/\",\"name\":\"Hudo Slovenija\",\"description\":\"Vse novice iz Slovenije in sveta\",\"publisher\":{\"@id\":\"https:\/\/hudo.com\/si\/#organization\"},\"potentialAction\":[{\"@type\":\"SearchAction\",\"target\":{\"@type\":\"EntryPoint\",\"urlTemplate\":\"https:\/\/hudo.com\/si\/?s={search_term_string}\"},\"query-input\":\"required name=search_term_string\"}],\"inLanguage\":\"sl-SI\"},{\"@type\":\"Organization\",\"@id\":\"https:\/\/hudo.com\/si\/#organization\",\"name\":\"VSN Media\",\"url\":\"https:\/\/hudo.com\/si\/\",\"logo\":{\"@type\":\"ImageObject\",\"inLanguage\":\"sl-SI\",\"@id\":\"https:\/\/hudo.com\/si\/#\/schema\/logo\/image\/\",\"url\":\"https:\/\/hudo.com\/si\/wp-content\/uploads\/sites\/2\/2021\/03\/hudo-app-2.png\",\"contentUrl\":\"https:\/\/hudo.com\/si\/wp-content\/uploads\/sites\/2\/2021\/03\/hudo-app-2.png\",\"width\":2185,\"height\":2167,\"caption\":\"VSN Media\"},\"image\":{\"@id\":\"https:\/\/hudo.com\/si\/#\/schema\/logo\/image\/\"},\"sameAs\":[\"https:\/\/www.facebook.com\/hudo.si\",\"https:\/\/twitter.com\/hudo_si\"]},{\"@type\":\"Person\",\"@id\":\"https:\/\/hudo.com\/si\/#\/schema\/person\/601cf3379633985b20f7e50f2bb47707\",\"name\":\"hudo\",\"image\":{\"@type\":\"ImageObject\",\"inLanguage\":\"sl-SI\",\"@id\":\"https:\/\/hudo.com\/si\/#\/schema\/person\/image\/\",\"url\":\"https:\/\/secure.gravatar.com\/avatar\/c4ca25fa72cace7a696b52ff5db9e095?s=96&d=mm&r=g\",\"contentUrl\":\"https:\/\/secure.gravatar.com\/avatar\/c4ca25fa72cace7a696b52ff5db9e095?s=96&d=mm&r=g\",\"caption\":\"hudo\"},\"url\":\"https:\/\/hudo.com\/si\/author\/hudo\/\"}]}<\/script>\n<!-- \/ Yoast SEO plugin. -->","yoast_head_json":{"title":"Pred 98 leti je Maister obranil tretjino na\u0161e dana\u0161nje dr\u017eave - Hudo Slovenija","robots":{"index":"index","follow":"follow","max-snippet":"max-snippet:-1","max-image-preview":"max-image-preview:large","max-video-preview":"max-video-preview:-1"},"canonical":"https:\/\/hudo.com\/si\/aktualno\/pred-98-leti-je-maister-obranil-tretjino-nase-danasnje-drzave\/","og_locale":"sl_SI","og_type":"article","og_title":"Pred 98 leti je Maister obranil tretjino na\u0161e dana\u0161nje dr\u017eave - Hudo Slovenija","og_description":"Kategorija: Slovenija Tue, 22 Nov 2016 20:16:00 +0100 Dornava - Ljubezen do domovine je bila ena temeljnih vrednot generala Rudolfa Maistra in to je budila nocoj\u0161nja dr\u017eavna proslava ob Maistrovem dnevu v Dornavi na Ptujskem polju. Dan Rudolfa Maistra je bil kot dr\u017eavni praznik uzakonjen pred enajstimi leti, pred tem pa Maistrovo delo in prizadevanja dolgo \u010dasa niso zanimala nobenega sistema. Slavnostni govornik v Dornavi, podpredsednik slovenske vlade in kmetijski minister Dejan \u017didan, pa je podrobneje orisal generalovo \u017eivljenje in delo ter potegnil premico od programa Zedinjene Slovenije prek Maistra, partizanskih borcev do pripadnikov teritorialne obrambe. Maistrova razoro\u017eitev Zelene garde pred 98 leti je v resnici obranila tretjino ozemlja na\u0161e dana\u0161nje dr\u017eave, je poudaril Milan Lovren\u010di\u010d, predsednik Zveze dru\u0161tev Rudolfa Maistra, teh je po Sloveniji zdaj \u017ee 25 in imajo preko 1.500 \u010dlanov. Pevci in glasbeniki iz Dornave in okolice so po\u00a0...","og_url":"https:\/\/hudo.com\/si\/aktualno\/pred-98-leti-je-maister-obranil-tretjino-nase-danasnje-drzave\/","og_site_name":"Hudo Slovenija","article_publisher":"https:\/\/www.facebook.com\/hudo.si","article_published_time":"2016-11-22T18:16:00+00:00","og_image":[{"width":480,"height":290,"url":"https:\/\/hudo.com\/si\/wp-content\/uploads\/sites\/2\/2016\/11\/480x290_Delo_Foto-20161122185426-23320400.jpeg","type":"image\/jpeg"}],"author":"hudo","twitter_card":"summary_large_image","twitter_creator":"@hudo_si","twitter_site":"@hudo_si","twitter_misc":{"Written by":"hudo","Est. reading time":"1 minuta"},"schema":{"@context":"https:\/\/schema.org","@graph":[{"@type":"Article","@id":"https:\/\/hudo.com\/si\/aktualno\/pred-98-leti-je-maister-obranil-tretjino-nase-danasnje-drzave\/#article","isPartOf":{"@id":"https:\/\/hudo.com\/si\/aktualno\/pred-98-leti-je-maister-obranil-tretjino-nase-danasnje-drzave\/"},"author":{"name":"hudo","@id":"https:\/\/hudo.com\/si\/#\/schema\/person\/601cf3379633985b20f7e50f2bb47707"},"headline":"Pred 98 leti je Maister obranil tretjino na\u0161e dana\u0161nje dr\u017eave","datePublished":"2016-11-22T18:16:00+00:00","dateModified":"2016-11-22T18:16:00+00:00","mainEntityOfPage":{"@id":"https:\/\/hudo.com\/si\/aktualno\/pred-98-leti-je-maister-obranil-tretjino-nase-danasnje-drzave\/"},"wordCount":156,"publisher":{"@id":"https:\/\/hudo.com\/si\/#organization"},"articleSection":["Aktualno"],"inLanguage":"sl-SI"},{"@type":"WebPage","@id":"https:\/\/hudo.com\/si\/aktualno\/pred-98-leti-je-maister-obranil-tretjino-nase-danasnje-drzave\/","url":"https:\/\/hudo.com\/si\/aktualno\/pred-98-leti-je-maister-obranil-tretjino-nase-danasnje-drzave\/","name":"Pred 98 leti je Maister obranil tretjino na\u0161e dana\u0161nje dr\u017eave - Hudo Slovenija","isPartOf":{"@id":"https:\/\/hudo.com\/si\/#website"},"datePublished":"2016-11-22T18:16:00+00:00","dateModified":"2016-11-22T18:16:00+00:00","breadcrumb":{"@id":"https:\/\/hudo.com\/si\/aktualno\/pred-98-leti-je-maister-obranil-tretjino-nase-danasnje-drzave\/#breadcrumb"},"inLanguage":"sl-SI","potentialAction":[{"@type":"ReadAction","target":["https:\/\/hudo.com\/si\/aktualno\/pred-98-leti-je-maister-obranil-tretjino-nase-danasnje-drzave\/"]}]},{"@type":"BreadcrumbList","@id":"https:\/\/hudo.com\/si\/aktualno\/pred-98-leti-je-maister-obranil-tretjino-nase-danasnje-drzave\/#breadcrumb","itemListElement":[{"@type":"ListItem","position":1,"name":"Home","item":"https:\/\/hudo.com\/si\/"},{"@type":"ListItem","position":2,"name":"Pred 98 leti je Maister obranil tretjino na\u0161e dana\u0161nje dr\u017eave"}]},{"@type":"WebSite","@id":"https:\/\/hudo.com\/si\/#website","url":"https:\/\/hudo.com\/si\/","name":"Hudo Slovenija","description":"Vse novice iz Slovenije in sveta","publisher":{"@id":"https:\/\/hudo.com\/si\/#organization"},"potentialAction":[{"@type":"SearchAction","target":{"@type":"EntryPoint","urlTemplate":"https:\/\/hudo.com\/si\/?s={search_term_string}"},"query-input":"required name=search_term_string"}],"inLanguage":"sl-SI"},{"@type":"Organization","@id":"https:\/\/hudo.com\/si\/#organization","name":"VSN Media","url":"https:\/\/hudo.com\/si\/","logo":{"@type":"ImageObject","inLanguage":"sl-SI","@id":"https:\/\/hudo.com\/si\/#\/schema\/logo\/image\/","url":"https:\/\/hudo.com\/si\/wp-content\/uploads\/sites\/2\/2021\/03\/hudo-app-2.png","contentUrl":"https:\/\/hudo.com\/si\/wp-content\/uploads\/sites\/2\/2021\/03\/hudo-app-2.png","width":2185,"height":2167,"caption":"VSN Media"},"image":{"@id":"https:\/\/hudo.com\/si\/#\/schema\/logo\/image\/"},"sameAs":["https:\/\/www.facebook.com\/hudo.si","https:\/\/twitter.com\/hudo_si"]},{"@type":"Person","@id":"https:\/\/hudo.com\/si\/#\/schema\/person\/601cf3379633985b20f7e50f2bb47707","name":"hudo","image":{"@type":"ImageObject","inLanguage":"sl-SI","@id":"https:\/\/hudo.com\/si\/#\/schema\/person\/image\/","url":"https:\/\/secure.gravatar.com\/avatar\/c4ca25fa72cace7a696b52ff5db9e095?s=96&d=mm&r=g","contentUrl":"https:\/\/secure.gravatar.com\/avatar\/c4ca25fa72cace7a696b52ff5db9e095?s=96&d=mm&r=g","caption":"hudo"},"url":"https:\/\/hudo.com\/si\/author\/hudo\/"}]}},"amp_enabled":true,"_links":{"self":[{"href":"https:\/\/hudo.com\/si\/wp-json\/wp\/v2\/posts\/177575"}],"collection":[{"href":"https:\/\/hudo.com\/si\/wp-json\/wp\/v2\/posts"}],"about":[{"href":"https:\/\/hudo.com\/si\/wp-json\/wp\/v2\/types\/post"}],"author":[{"embeddable":true,"href":"https:\/\/hudo.com\/si\/wp-json\/wp\/v2\/users\/1"}],"replies":[{"embeddable":true,"href":"https:\/\/hudo.com\/si\/wp-json\/wp\/v2\/comments?post=177575"}],"version-history":[{"count":0,"href":"https:\/\/hudo.com\/si\/wp-json\/wp\/v2\/posts\/177575\/revisions"}],"wp:attachment":[{"href":"https:\/\/hudo.com\/si\/wp-json\/wp\/v2\/media?parent=177575"}],"wp:term":[{"taxonomy":"category","embeddable":true,"href":"https:\/\/hudo.com\/si\/wp-json\/wp\/v2\/categories?post=177575"},{"taxonomy":"post_tag","embeddable":true,"href":"https:\/\/hudo.com\/si\/wp-json\/wp\/v2\/tags?post=177575"},{"taxonomy":"source","embeddable":true,"href":"https:\/\/hudo.com\/si\/wp-json\/wp\/v2\/source?post=177575"},{"taxonomy":"supertag","embeddable":true,"href":"https:\/\/hudo.com\/si\/wp-json\/wp\/v2\/supertag?post=177575"}],"curies":[{"name":"wp","href":"https:\/\/api.w.org\/{rel}","templated":true}]}}