{"id":178783,"date":"2016-11-27T17:47:12","date_gmt":"2016-11-27T16:47:12","guid":{"rendered":"http:\/\/hudo.com\/si\/?p=178783"},"modified":"2016-11-27T17:49:50","modified_gmt":"2016-11-27T16:49:50","slug":"radovljcan-prvi-slovenec-z-zmago-v-sestevku-svetovnega-pokala-v-sportnem-plezanju","status":"publish","type":"post","link":"https:\/\/hudo.com\/si\/aktualno\/radovljcan-prvi-slovenec-z-zmago-v-sestevku-svetovnega-pokala-v-sportnem-plezanju\/","title":{"rendered":"Domen \u0160kofic kot prvi Slovenec v zgodovini osvojil skupni se\u0161tevek svetovnega pokala \u0161portnih plezalcev v te\u017eavnosti"},"content":{"rendered":"<p>Zmagal je Nemec Sebastian Halenke, drugi je bil \u0160kofic, ki je sicer bil med vodilnimi po kvalifikacijah in polfinalu, tretji je bil Italijan Stefano Ghisolfi.<\/p>\n<p>\u0160kofic, ki je v Kranju osvojil prve stopni\u010dke, je s finalnim nastopom pri\u0161el do \u010dislane lovorike, postal je najbolj\u0161i \u0161portni plezalec v te\u017eavnostnem plezanju. Potem ko je lani prvi\u010d zmagal na tekmah svetovnega pokala v Puursu, je Gorenjec za\u010del ta uspeh nadgraditi. In ga tudi je. Odlo\u010dno je za\u010del sezono z zmago v Chamonixu, nato pa se je na najvi\u0161jo stopni\u010dko zmagovalnega odra povzpel \u0161e v Brianconu in Imstu, sezono pa sklenil s \u010detrtimi leto\u0161njimi stopni\u010dkami.<\/p>\n<p>\u0160kofic je kot prvi slovenski \u0161portni plezalec v mo\u0161ki konkurenci osvojil kon\u010dni se\u0161tevek svetovnega pokala v te\u017eavnosti v eni sezoni. S tem se je pridru\u017eil svoji partnerki na in zunaj tekmovalnih sten Janji Garnbret, Maji Vidmar in Mini Markovi\u010d, ki je skupni se\u0161tevek osvojila najve\u010dkrat med Slovenci, trikrat.<\/p>\n<p>Slovenija je imela v kranjskem finalu \u0161e enega predstavnika. Urban Primo\u017ei\u010d je na svoji zadnji tekmi v svetovnem pokalu ob slovesu od tekmovalnega plezanja zasedel \u0161esto mesto.<\/p>\n<p>Dvorana Zlato polje je bila premajhna za vse ljubitelje \u0161portnega plezanja, ki so si \u017eeleli v \u017eivo ogledati sklepno dejanje sezone. Dvorana je bila razprodana \u017ee pol dneva pred za\u010detkom finala, mnogi so tako ostali pred vrati v dvorano.<\/p>\n<p>\u0160kofic je imel takoj po finalnem nastopu nekoliko me\u0161ane ob\u010dutke: &#8220;Smer je bila zelo te\u017eka, vedel sem, da je marsikdo padel \u017ee prej, nisem verjel, da je to bilo dovolj, imel sem \u0161e nekaj v sebi, lahko bi \u0161e nadaljeval, sem se presenetil. Zmaga v Kranju lahko \u0161e po\u010daka, sem pa zelo vesel, da sem osvojil se\u0161tevek svetovnega pokala v te\u017eavnosti, kar je neverjetno, saj si na za\u010detku nisem predstavljal, da se bom boril za kon\u010dno zmago.&#8221;<\/p>\n<p>Prvi od slovenske \u010detverice se je v steno podal Primo\u017ei\u010d, ki je svoj zadnji nastop v svetovnem pokalu kon\u010dal nekako po pribli\u017eno polovici smeri, pod previsnim delom, na oprimku 20, na katerem so padli \u0161e trije finalisti.<\/p>\n<p>&#8220;Takoj v tistem trenutku sem seveda bil nekoliko razo\u010daran, saj sem imel \u0161e nekaj mo\u010di in bi lahko nadaljeval, \u010de me ne bi presenetil te\u017eek gib. Kolikor sem preplezal smeri lahko povem, da je bila te\u017eka, \u0161lo je za fizi\u010dne gibe, pri\u010dakoval sem, da bo oprimek bolj\u0161i. Druga\u010de sem res vesel, da mi je uspelo priti v finale v Kranju. Vzdu\u0161je tukaj je fenomenalno in sem vesel, ne glede na rezultat, da sem po petih letih znova nastopil v kranjskem finalu. Letos je nabito polna dvorana, v\u0161e\u010d mi je, da plezanje pridobiva na priljubljenosti in da vse ve\u010d ljudi spremlja na\u0161e nastope. To so bili zadnji gibi na tekmah svetovnega pokala, a tudi naprej v mojem \u017eivljenju ne bo \u0161lo brez plezanja,&#8221; je bila prva izjava Primo\u017ei\u010da, ki se pri 24 letih poslavlja od tekmovalnega plezanja na najvi\u0161ji mednarodni ravni ter se bo posvetil novim poslovnim izzivom.<\/p>\n<p>V steni so \u017ee \u017eenske. Na startu sta tudi najbolj\u0161i Slovenki, \u0161tirikratna zmagovalka Kranja Mina Markovi\u010d in 17-letna Janja Garnbret, ki je \u017ee pred Kranjem osvojila se\u0161tevek svetovnega pokala v te\u017eavnosti in kombinaciji ter se ji nasmiha prva, krstna zmaga, na umetni steni v Kranju.<\/p>\n","protected":false},"excerpt":{"rendered":"<p>Radovlji\u010dan je najve\u010dji uspeh v karieri vknji\u017eil na sklepnem dejanju sezone v Kranju, v razprodani dvorani Zlato polje. A na premierno zmago v Kranju bo moral \u0161e po\u010dakati. V dana\u0161njem finalu je osvojil drugo mesto.<\/p>\n","protected":false},"author":8,"featured_media":178784,"comment_status":"closed","ping_status":"closed","sticky":false,"template":"","format":"standard","meta":{"footnotes":""},"categories":[1179],"tags":[7119,6793],"source":[4511],"supertag":[5675,6098],"acf":[],"yoast_head":"<!-- This site is optimized with the Yoast SEO plugin v21.3 - https:\/\/yoast.com\/wordpress\/plugins\/seo\/ -->\n<title>Domen \u0160kofic kot prvi Slovenec v zgodovini osvojil skupni se\u0161tevek svetovnega pokala \u0161portnih plezalcev v te\u017eavnosti - Hudo Slovenija<\/title>\n<meta name=\"robots\" content=\"index, follow, max-snippet:-1, max-image-preview:large, max-video-preview:-1\" \/>\n<link rel=\"canonical\" href=\"https:\/\/hudo.com\/si\/aktualno\/radovljcan-prvi-slovenec-z-zmago-v-sestevku-svetovnega-pokala-v-sportnem-plezanju\/\" \/>\n<meta property=\"og:locale\" content=\"sl_SI\" \/>\n<meta property=\"og:type\" content=\"article\" \/>\n<meta property=\"og:title\" content=\"Domen \u0160kofic kot prvi Slovenec v zgodovini osvojil skupni se\u0161tevek svetovnega pokala \u0161portnih plezalcev v te\u017eavnosti - Hudo Slovenija\" \/>\n<meta property=\"og:description\" content=\"Radovlji\u010dan je najve\u010dji uspeh v karieri vknji\u017eil na sklepnem dejanju sezone v Kranju, v razprodani dvorani Zlato polje. A na premierno zmago v Kranju bo moral \u0161e po\u010dakati. V dana\u0161njem finalu je osvojil drugo mesto.\" \/>\n<meta property=\"og:url\" content=\"https:\/\/hudo.com\/si\/aktualno\/radovljcan-prvi-slovenec-z-zmago-v-sestevku-svetovnega-pokala-v-sportnem-plezanju\/\" \/>\n<meta property=\"og:site_name\" content=\"Hudo Slovenija\" \/>\n<meta property=\"article:publisher\" content=\"https:\/\/www.facebook.com\/hudo.si\" \/>\n<meta property=\"article:published_time\" content=\"2016-11-27T16:47:12+00:00\" \/>\n<meta property=\"article:modified_time\" content=\"2016-11-27T16:49:50+00:00\" \/>\n<meta property=\"og:image\" content=\"https:\/\/hudo.com\/si\/wp-content\/uploads\/sites\/2\/2016\/11\/20161127-00743478.jpg\" \/>\n\t<meta property=\"og:image:width\" content=\"640\" \/>\n\t<meta property=\"og:image:height\" content=\"384\" \/>\n\t<meta property=\"og:image:type\" content=\"image\/jpeg\" \/>\n<meta name=\"author\" content=\"M. N., STA\" \/>\n<meta name=\"twitter:card\" content=\"summary_large_image\" \/>\n<meta name=\"twitter:creator\" content=\"@hudo_si\" \/>\n<meta name=\"twitter:site\" content=\"@hudo_si\" \/>\n<meta name=\"twitter:label1\" content=\"Written by\" \/>\n\t<meta name=\"twitter:data1\" content=\"M. N., STA\" \/>\n\t<meta name=\"twitter:label2\" content=\"Est. reading time\" \/>\n\t<meta name=\"twitter:data2\" content=\"3 minute\" \/>\n<script type=\"application\/ld+json\" class=\"yoast-schema-graph\">{\"@context\":\"https:\/\/schema.org\",\"@graph\":[{\"@type\":\"Article\",\"@id\":\"https:\/\/hudo.com\/si\/aktualno\/radovljcan-prvi-slovenec-z-zmago-v-sestevku-svetovnega-pokala-v-sportnem-plezanju\/#article\",\"isPartOf\":{\"@id\":\"https:\/\/hudo.com\/si\/aktualno\/radovljcan-prvi-slovenec-z-zmago-v-sestevku-svetovnega-pokala-v-sportnem-plezanju\/\"},\"author\":{\"name\":\"M. N., STA\",\"@id\":\"https:\/\/hudo.com\/si\/#\/schema\/person\/c2f10ce65d2e6ede2aeda5be2a0611fa\"},\"headline\":\"Domen \u0160kofic kot prvi Slovenec v zgodovini osvojil skupni se\u0161tevek svetovnega pokala \u0161portnih plezalcev v te\u017eavnosti\",\"datePublished\":\"2016-11-27T16:47:12+00:00\",\"dateModified\":\"2016-11-27T16:49:50+00:00\",\"mainEntityOfPage\":{\"@id\":\"https:\/\/hudo.com\/si\/aktualno\/radovljcan-prvi-slovenec-z-zmago-v-sestevku-svetovnega-pokala-v-sportnem-plezanju\/\"},\"wordCount\":585,\"publisher\":{\"@id\":\"https:\/\/hudo.com\/si\/#organization\"},\"keywords\":[\"Domen \u0160kofic\",\"\u0161portno plezanje\"],\"articleSection\":[\"Aktualno\"],\"inLanguage\":\"sl-SI\"},{\"@type\":\"WebPage\",\"@id\":\"https:\/\/hudo.com\/si\/aktualno\/radovljcan-prvi-slovenec-z-zmago-v-sestevku-svetovnega-pokala-v-sportnem-plezanju\/\",\"url\":\"https:\/\/hudo.com\/si\/aktualno\/radovljcan-prvi-slovenec-z-zmago-v-sestevku-svetovnega-pokala-v-sportnem-plezanju\/\",\"name\":\"Domen \u0160kofic kot prvi Slovenec v zgodovini osvojil skupni se\u0161tevek svetovnega pokala \u0161portnih plezalcev v te\u017eavnosti - Hudo Slovenija\",\"isPartOf\":{\"@id\":\"https:\/\/hudo.com\/si\/#website\"},\"datePublished\":\"2016-11-27T16:47:12+00:00\",\"dateModified\":\"2016-11-27T16:49:50+00:00\",\"breadcrumb\":{\"@id\":\"https:\/\/hudo.com\/si\/aktualno\/radovljcan-prvi-slovenec-z-zmago-v-sestevku-svetovnega-pokala-v-sportnem-plezanju\/#breadcrumb\"},\"inLanguage\":\"sl-SI\",\"potentialAction\":[{\"@type\":\"ReadAction\",\"target\":[\"https:\/\/hudo.com\/si\/aktualno\/radovljcan-prvi-slovenec-z-zmago-v-sestevku-svetovnega-pokala-v-sportnem-plezanju\/\"]}]},{\"@type\":\"BreadcrumbList\",\"@id\":\"https:\/\/hudo.com\/si\/aktualno\/radovljcan-prvi-slovenec-z-zmago-v-sestevku-svetovnega-pokala-v-sportnem-plezanju\/#breadcrumb\",\"itemListElement\":[{\"@type\":\"ListItem\",\"position\":1,\"name\":\"Home\",\"item\":\"https:\/\/hudo.com\/si\/\"},{\"@type\":\"ListItem\",\"position\":2,\"name\":\"Domen \u0160kofic kot prvi Slovenec v zgodovini osvojil skupni se\u0161tevek svetovnega pokala \u0161portnih plezalcev v te\u017eavnosti\"}]},{\"@type\":\"WebSite\",\"@id\":\"https:\/\/hudo.com\/si\/#website\",\"url\":\"https:\/\/hudo.com\/si\/\",\"name\":\"Hudo Slovenija\",\"description\":\"Vse novice iz Slovenije in sveta\",\"publisher\":{\"@id\":\"https:\/\/hudo.com\/si\/#organization\"},\"potentialAction\":[{\"@type\":\"SearchAction\",\"target\":{\"@type\":\"EntryPoint\",\"urlTemplate\":\"https:\/\/hudo.com\/si\/?s={search_term_string}\"},\"query-input\":\"required name=search_term_string\"}],\"inLanguage\":\"sl-SI\"},{\"@type\":\"Organization\",\"@id\":\"https:\/\/hudo.com\/si\/#organization\",\"name\":\"VSN Media\",\"url\":\"https:\/\/hudo.com\/si\/\",\"logo\":{\"@type\":\"ImageObject\",\"inLanguage\":\"sl-SI\",\"@id\":\"https:\/\/hudo.com\/si\/#\/schema\/logo\/image\/\",\"url\":\"https:\/\/hudo.com\/si\/wp-content\/uploads\/sites\/2\/2021\/03\/hudo-app-2.png\",\"contentUrl\":\"https:\/\/hudo.com\/si\/wp-content\/uploads\/sites\/2\/2021\/03\/hudo-app-2.png\",\"width\":2185,\"height\":2167,\"caption\":\"VSN Media\"},\"image\":{\"@id\":\"https:\/\/hudo.com\/si\/#\/schema\/logo\/image\/\"},\"sameAs\":[\"https:\/\/www.facebook.com\/hudo.si\",\"https:\/\/twitter.com\/hudo_si\"]},{\"@type\":\"Person\",\"@id\":\"https:\/\/hudo.com\/si\/#\/schema\/person\/c2f10ce65d2e6ede2aeda5be2a0611fa\",\"name\":\"M. N., STA\",\"image\":{\"@type\":\"ImageObject\",\"inLanguage\":\"sl-SI\",\"@id\":\"https:\/\/hudo.com\/si\/#\/schema\/person\/image\/\",\"url\":\"https:\/\/secure.gravatar.com\/avatar\/f370d38daa10467f755c5c766a4cac20?s=96&d=mm&r=g\",\"contentUrl\":\"https:\/\/secure.gravatar.com\/avatar\/f370d38daa10467f755c5c766a4cac20?s=96&d=mm&r=g\",\"caption\":\"M. N., STA\"},\"url\":\"https:\/\/hudo.com\/si\/author\/mana\/\"}]}<\/script>\n<!-- \/ Yoast SEO plugin. -->","yoast_head_json":{"title":"Domen \u0160kofic kot prvi Slovenec v zgodovini osvojil skupni se\u0161tevek svetovnega pokala \u0161portnih plezalcev v te\u017eavnosti - Hudo Slovenija","robots":{"index":"index","follow":"follow","max-snippet":"max-snippet:-1","max-image-preview":"max-image-preview:large","max-video-preview":"max-video-preview:-1"},"canonical":"https:\/\/hudo.com\/si\/aktualno\/radovljcan-prvi-slovenec-z-zmago-v-sestevku-svetovnega-pokala-v-sportnem-plezanju\/","og_locale":"sl_SI","og_type":"article","og_title":"Domen \u0160kofic kot prvi Slovenec v zgodovini osvojil skupni se\u0161tevek svetovnega pokala \u0161portnih plezalcev v te\u017eavnosti - Hudo Slovenija","og_description":"Radovlji\u010dan je najve\u010dji uspeh v karieri vknji\u017eil na sklepnem dejanju sezone v Kranju, v razprodani dvorani Zlato polje. A na premierno zmago v Kranju bo moral \u0161e po\u010dakati. V dana\u0161njem finalu je osvojil drugo mesto.","og_url":"https:\/\/hudo.com\/si\/aktualno\/radovljcan-prvi-slovenec-z-zmago-v-sestevku-svetovnega-pokala-v-sportnem-plezanju\/","og_site_name":"Hudo Slovenija","article_publisher":"https:\/\/www.facebook.com\/hudo.si","article_published_time":"2016-11-27T16:47:12+00:00","article_modified_time":"2016-11-27T16:49:50+00:00","og_image":[{"width":640,"height":384,"url":"https:\/\/hudo.com\/si\/wp-content\/uploads\/sites\/2\/2016\/11\/20161127-00743478.jpg","type":"image\/jpeg"}],"author":"M. N., STA","twitter_card":"summary_large_image","twitter_creator":"@hudo_si","twitter_site":"@hudo_si","twitter_misc":{"Written by":"M. N., STA","Est. reading time":"3 minute"},"schema":{"@context":"https:\/\/schema.org","@graph":[{"@type":"Article","@id":"https:\/\/hudo.com\/si\/aktualno\/radovljcan-prvi-slovenec-z-zmago-v-sestevku-svetovnega-pokala-v-sportnem-plezanju\/#article","isPartOf":{"@id":"https:\/\/hudo.com\/si\/aktualno\/radovljcan-prvi-slovenec-z-zmago-v-sestevku-svetovnega-pokala-v-sportnem-plezanju\/"},"author":{"name":"M. N., STA","@id":"https:\/\/hudo.com\/si\/#\/schema\/person\/c2f10ce65d2e6ede2aeda5be2a0611fa"},"headline":"Domen \u0160kofic kot prvi Slovenec v zgodovini osvojil skupni se\u0161tevek svetovnega pokala \u0161portnih plezalcev v te\u017eavnosti","datePublished":"2016-11-27T16:47:12+00:00","dateModified":"2016-11-27T16:49:50+00:00","mainEntityOfPage":{"@id":"https:\/\/hudo.com\/si\/aktualno\/radovljcan-prvi-slovenec-z-zmago-v-sestevku-svetovnega-pokala-v-sportnem-plezanju\/"},"wordCount":585,"publisher":{"@id":"https:\/\/hudo.com\/si\/#organization"},"keywords":["Domen \u0160kofic","\u0161portno plezanje"],"articleSection":["Aktualno"],"inLanguage":"sl-SI"},{"@type":"WebPage","@id":"https:\/\/hudo.com\/si\/aktualno\/radovljcan-prvi-slovenec-z-zmago-v-sestevku-svetovnega-pokala-v-sportnem-plezanju\/","url":"https:\/\/hudo.com\/si\/aktualno\/radovljcan-prvi-slovenec-z-zmago-v-sestevku-svetovnega-pokala-v-sportnem-plezanju\/","name":"Domen \u0160kofic kot prvi Slovenec v zgodovini osvojil skupni se\u0161tevek svetovnega pokala \u0161portnih plezalcev v te\u017eavnosti - Hudo Slovenija","isPartOf":{"@id":"https:\/\/hudo.com\/si\/#website"},"datePublished":"2016-11-27T16:47:12+00:00","dateModified":"2016-11-27T16:49:50+00:00","breadcrumb":{"@id":"https:\/\/hudo.com\/si\/aktualno\/radovljcan-prvi-slovenec-z-zmago-v-sestevku-svetovnega-pokala-v-sportnem-plezanju\/#breadcrumb"},"inLanguage":"sl-SI","potentialAction":[{"@type":"ReadAction","target":["https:\/\/hudo.com\/si\/aktualno\/radovljcan-prvi-slovenec-z-zmago-v-sestevku-svetovnega-pokala-v-sportnem-plezanju\/"]}]},{"@type":"BreadcrumbList","@id":"https:\/\/hudo.com\/si\/aktualno\/radovljcan-prvi-slovenec-z-zmago-v-sestevku-svetovnega-pokala-v-sportnem-plezanju\/#breadcrumb","itemListElement":[{"@type":"ListItem","position":1,"name":"Home","item":"https:\/\/hudo.com\/si\/"},{"@type":"ListItem","position":2,"name":"Domen \u0160kofic kot prvi Slovenec v zgodovini osvojil skupni se\u0161tevek svetovnega pokala \u0161portnih plezalcev v te\u017eavnosti"}]},{"@type":"WebSite","@id":"https:\/\/hudo.com\/si\/#website","url":"https:\/\/hudo.com\/si\/","name":"Hudo Slovenija","description":"Vse novice iz Slovenije in sveta","publisher":{"@id":"https:\/\/hudo.com\/si\/#organization"},"potentialAction":[{"@type":"SearchAction","target":{"@type":"EntryPoint","urlTemplate":"https:\/\/hudo.com\/si\/?s={search_term_string}"},"query-input":"required name=search_term_string"}],"inLanguage":"sl-SI"},{"@type":"Organization","@id":"https:\/\/hudo.com\/si\/#organization","name":"VSN Media","url":"https:\/\/hudo.com\/si\/","logo":{"@type":"ImageObject","inLanguage":"sl-SI","@id":"https:\/\/hudo.com\/si\/#\/schema\/logo\/image\/","url":"https:\/\/hudo.com\/si\/wp-content\/uploads\/sites\/2\/2021\/03\/hudo-app-2.png","contentUrl":"https:\/\/hudo.com\/si\/wp-content\/uploads\/sites\/2\/2021\/03\/hudo-app-2.png","width":2185,"height":2167,"caption":"VSN Media"},"image":{"@id":"https:\/\/hudo.com\/si\/#\/schema\/logo\/image\/"},"sameAs":["https:\/\/www.facebook.com\/hudo.si","https:\/\/twitter.com\/hudo_si"]},{"@type":"Person","@id":"https:\/\/hudo.com\/si\/#\/schema\/person\/c2f10ce65d2e6ede2aeda5be2a0611fa","name":"M. N., STA","image":{"@type":"ImageObject","inLanguage":"sl-SI","@id":"https:\/\/hudo.com\/si\/#\/schema\/person\/image\/","url":"https:\/\/secure.gravatar.com\/avatar\/f370d38daa10467f755c5c766a4cac20?s=96&d=mm&r=g","contentUrl":"https:\/\/secure.gravatar.com\/avatar\/f370d38daa10467f755c5c766a4cac20?s=96&d=mm&r=g","caption":"M. N., STA"},"url":"https:\/\/hudo.com\/si\/author\/mana\/"}]}},"amp_enabled":true,"_links":{"self":[{"href":"https:\/\/hudo.com\/si\/wp-json\/wp\/v2\/posts\/178783"}],"collection":[{"href":"https:\/\/hudo.com\/si\/wp-json\/wp\/v2\/posts"}],"about":[{"href":"https:\/\/hudo.com\/si\/wp-json\/wp\/v2\/types\/post"}],"author":[{"embeddable":true,"href":"https:\/\/hudo.com\/si\/wp-json\/wp\/v2\/users\/8"}],"replies":[{"embeddable":true,"href":"https:\/\/hudo.com\/si\/wp-json\/wp\/v2\/comments?post=178783"}],"version-history":[{"count":3,"href":"https:\/\/hudo.com\/si\/wp-json\/wp\/v2\/posts\/178783\/revisions"}],"predecessor-version":[{"id":178787,"href":"https:\/\/hudo.com\/si\/wp-json\/wp\/v2\/posts\/178783\/revisions\/178787"}],"wp:featuredmedia":[{"embeddable":true,"href":"https:\/\/hudo.com\/si\/wp-json\/wp\/v2\/media\/178784"}],"wp:attachment":[{"href":"https:\/\/hudo.com\/si\/wp-json\/wp\/v2\/media?parent=178783"}],"wp:term":[{"taxonomy":"category","embeddable":true,"href":"https:\/\/hudo.com\/si\/wp-json\/wp\/v2\/categories?post=178783"},{"taxonomy":"post_tag","embeddable":true,"href":"https:\/\/hudo.com\/si\/wp-json\/wp\/v2\/tags?post=178783"},{"taxonomy":"source","embeddable":true,"href":"https:\/\/hudo.com\/si\/wp-json\/wp\/v2\/source?post=178783"},{"taxonomy":"supertag","embeddable":true,"href":"https:\/\/hudo.com\/si\/wp-json\/wp\/v2\/supertag?post=178783"}],"curies":[{"name":"wp","href":"https:\/\/api.w.org\/{rel}","templated":true}]}}