{"id":178994,"date":"2016-11-30T08:36:29","date_gmt":"2016-11-30T07:36:29","guid":{"rendered":"http:\/\/hudo.com\/si\/?p=178994"},"modified":"2016-11-30T08:36:29","modified_gmt":"2016-11-30T07:36:29","slug":"ljubljanska-obcina-bi-se-gradnje-parkirne-hise-pod-osrednjo-trznico-lotila-sama","status":"publish","type":"post","link":"https:\/\/hudo.com\/si\/aktualno\/ljubljanska-obcina-bi-se-gradnje-parkirne-hise-pod-osrednjo-trznico-lotila-sama\/","title":{"rendered":"Ljubljanska ob\u010dina bi se gradnje parkirne hi\u0161e pod osrednjo tr\u017enico lotila sama"},"content":{"rendered":"<div id=\"center\">\n<article class=\"articleui\">\n<div class=\"text\">\n<p>Ljubljanski mestni svetniki so akt o javno-zasebnem partnerstvu za gradnjo parkirne hi\u0161e pod tr\u017enico sprejeli leta 2011, na razpis, ki ga je ob\u010dina objavili decembra istega leta, pa je prispela ena skupna ponudba dru\u017ebe Gradis skupina G in Kranjske investicijske dru\u017ebe. Ob\u010dina je ponudbo kot nepopolno leta 2012 zavrnila.<\/p>\n<p>Ker od tedaj ni bilo izkazanega interesa zasebnih partnerjev po vstopu v projekt, ob\u010dina prelaga, da bi investicijo izpeljala sama. Sredstva za investicijo so \u017ee predvidena v predlogu ob\u010dinskih prora\u010dunov za leti 2017 in 2018.<\/p>\n<p>Slabe tri milijone evrov je ob\u010dina v projekt \u017ee vlo\u017eila, prihodnje leto je projektu namenjenih 2,2 milijona evrov, leta 2018 pa 1,4 milijona evrov. Ostalih slabih 25 milijonov evrov bo ob\u010dina v projekt investirala od leta 2019 do leta 2021.<\/p>\n<p>Za projekt izgradnje parkirne hi\u0161e Tr\u017enica, prizidka in ureditev Vodnikovega trga je ob\u010dina sicer v za\u010detku avgusta prejela nove kulturnovarstvene pogoje Zavoda za varstvo kulturne dedi\u0161\u010dine Slovenije, ki so natan\u010dneje opredelili arheolo\u0161ka izkopavanja, ter Agencije RS za okolje o potrebni pridobitvi okoljevarstvenega soglasja na podlagi izdelane presoje vplivov na okolje.<\/p>\n<p>Na osnovi teh dejstev ob\u010dina za\u010detek gradnje na\u010drtuje v letu 2018, bo pa odvisno, kako dale\u010d bodo arheolo\u0161ka izkopavanja, pridobitev okoljevarstvenega soglasja in upravni postopek za pridobitev gradbenega dovoljenja, so \u0161e zapisali na Molu.<\/p>\n<\/div>\n<\/article>\n<\/div>\n<div id=\"sidebar\">\n<aside class=\"articlemeta\" data-nid=\"2323055\">\n<div class=\"socnet\">\n<div id=\"___plus_0\"><\/div>\n<div><\/div>\n<\/div>\n<\/aside>\n<div class=\"banner\"><\/div>\n<\/div>\n","protected":false},"excerpt":{"rendered":"<p>Mestna ob\u010dina Ljubljana (Mol) bi se projekta gradnje parkirne hi\u0161e pod osrednjo ljubljansko tr\u017enico, prizidka k Mahrovi hi\u0161i in ureditve Vodnikovega trga lotila sama in ne v obliki javno-zasebnega partnerstva. Predlog o prekinitvi akta o javno-zasebnem partnerstvu za 31,4 milijona evrov vreden projekt bo mestni svet obravnaval na decembrski seji.<\/p>\n","protected":false},"author":8,"featured_media":179000,"comment_status":"closed","ping_status":"closed","sticky":false,"template":"","format":"standard","meta":{"footnotes":""},"categories":[1179],"tags":[1633,7141,7142],"source":[4511],"supertag":[5675],"acf":[],"yoast_head":"<!-- This site is optimized with the Yoast SEO plugin v21.3 - https:\/\/yoast.com\/wordpress\/plugins\/seo\/ -->\n<title>Ljubljanska ob\u010dina bi se gradnje parkirne hi\u0161e pod osrednjo tr\u017enico lotila sama - Hudo Slovenija<\/title>\n<meta name=\"robots\" content=\"index, follow, max-snippet:-1, max-image-preview:large, max-video-preview:-1\" \/>\n<link rel=\"canonical\" href=\"https:\/\/hudo.com\/si\/aktualno\/ljubljanska-obcina-bi-se-gradnje-parkirne-hise-pod-osrednjo-trznico-lotila-sama\/\" \/>\n<meta property=\"og:locale\" content=\"sl_SI\" \/>\n<meta property=\"og:type\" content=\"article\" \/>\n<meta property=\"og:title\" content=\"Ljubljanska ob\u010dina bi se gradnje parkirne hi\u0161e pod osrednjo tr\u017enico lotila sama - Hudo Slovenija\" \/>\n<meta property=\"og:description\" content=\"Mestna ob\u010dina Ljubljana (Mol) bi se projekta gradnje parkirne hi\u0161e pod osrednjo ljubljansko tr\u017enico, prizidka k Mahrovi hi\u0161i in ureditve Vodnikovega trga lotila sama in ne v obliki javno-zasebnega partnerstva. Predlog o prekinitvi akta o javno-zasebnem partnerstvu za 31,4 milijona evrov vreden projekt bo mestni svet obravnaval na decembrski seji.\" \/>\n<meta property=\"og:url\" content=\"https:\/\/hudo.com\/si\/aktualno\/ljubljanska-obcina-bi-se-gradnje-parkirne-hise-pod-osrednjo-trznico-lotila-sama\/\" \/>\n<meta property=\"og:site_name\" content=\"Hudo Slovenija\" \/>\n<meta property=\"article:publisher\" content=\"https:\/\/www.facebook.com\/hudo.si\" \/>\n<meta property=\"article:published_time\" content=\"2016-11-30T07:36:29+00:00\" \/>\n<meta property=\"og:image\" content=\"https:\/\/hudo.com\/si\/wp-content\/uploads\/sites\/2\/2016\/11\/profimedia-0176044366.jpg\" \/>\n\t<meta property=\"og:image:width\" content=\"1250\" \/>\n\t<meta property=\"og:image:height\" content=\"831\" \/>\n\t<meta property=\"og:image:type\" content=\"image\/jpeg\" \/>\n<meta name=\"author\" content=\"M. N., STA\" \/>\n<meta name=\"twitter:card\" content=\"summary_large_image\" \/>\n<meta name=\"twitter:creator\" content=\"@hudo_si\" \/>\n<meta name=\"twitter:site\" content=\"@hudo_si\" \/>\n<meta name=\"twitter:label1\" content=\"Written by\" \/>\n\t<meta name=\"twitter:data1\" content=\"M. N., STA\" \/>\n\t<meta name=\"twitter:label2\" content=\"Est. reading time\" \/>\n\t<meta name=\"twitter:data2\" content=\"1 minuta\" \/>\n<script type=\"application\/ld+json\" class=\"yoast-schema-graph\">{\"@context\":\"https:\/\/schema.org\",\"@graph\":[{\"@type\":\"Article\",\"@id\":\"https:\/\/hudo.com\/si\/aktualno\/ljubljanska-obcina-bi-se-gradnje-parkirne-hise-pod-osrednjo-trznico-lotila-sama\/#article\",\"isPartOf\":{\"@id\":\"https:\/\/hudo.com\/si\/aktualno\/ljubljanska-obcina-bi-se-gradnje-parkirne-hise-pod-osrednjo-trznico-lotila-sama\/\"},\"author\":{\"name\":\"M. N., STA\",\"@id\":\"https:\/\/hudo.com\/si\/#\/schema\/person\/c2f10ce65d2e6ede2aeda5be2a0611fa\"},\"headline\":\"Ljubljanska ob\u010dina bi se gradnje parkirne hi\u0161e pod osrednjo tr\u017enico lotila sama\",\"datePublished\":\"2016-11-30T07:36:29+00:00\",\"dateModified\":\"2016-11-30T07:36:29+00:00\",\"mainEntityOfPage\":{\"@id\":\"https:\/\/hudo.com\/si\/aktualno\/ljubljanska-obcina-bi-se-gradnje-parkirne-hise-pod-osrednjo-trznico-lotila-sama\/\"},\"wordCount\":235,\"publisher\":{\"@id\":\"https:\/\/hudo.com\/si\/#organization\"},\"keywords\":[\"Ljubljana\",\"ljubljanska tr\u017enica\",\"parkirna hi\u0161a\"],\"articleSection\":[\"Aktualno\"],\"inLanguage\":\"sl-SI\"},{\"@type\":\"WebPage\",\"@id\":\"https:\/\/hudo.com\/si\/aktualno\/ljubljanska-obcina-bi-se-gradnje-parkirne-hise-pod-osrednjo-trznico-lotila-sama\/\",\"url\":\"https:\/\/hudo.com\/si\/aktualno\/ljubljanska-obcina-bi-se-gradnje-parkirne-hise-pod-osrednjo-trznico-lotila-sama\/\",\"name\":\"Ljubljanska ob\u010dina bi se gradnje parkirne hi\u0161e pod osrednjo tr\u017enico lotila sama - Hudo Slovenija\",\"isPartOf\":{\"@id\":\"https:\/\/hudo.com\/si\/#website\"},\"datePublished\":\"2016-11-30T07:36:29+00:00\",\"dateModified\":\"2016-11-30T07:36:29+00:00\",\"breadcrumb\":{\"@id\":\"https:\/\/hudo.com\/si\/aktualno\/ljubljanska-obcina-bi-se-gradnje-parkirne-hise-pod-osrednjo-trznico-lotila-sama\/#breadcrumb\"},\"inLanguage\":\"sl-SI\",\"potentialAction\":[{\"@type\":\"ReadAction\",\"target\":[\"https:\/\/hudo.com\/si\/aktualno\/ljubljanska-obcina-bi-se-gradnje-parkirne-hise-pod-osrednjo-trznico-lotila-sama\/\"]}]},{\"@type\":\"BreadcrumbList\",\"@id\":\"https:\/\/hudo.com\/si\/aktualno\/ljubljanska-obcina-bi-se-gradnje-parkirne-hise-pod-osrednjo-trznico-lotila-sama\/#breadcrumb\",\"itemListElement\":[{\"@type\":\"ListItem\",\"position\":1,\"name\":\"Home\",\"item\":\"https:\/\/hudo.com\/si\/\"},{\"@type\":\"ListItem\",\"position\":2,\"name\":\"Ljubljanska ob\u010dina bi se gradnje parkirne hi\u0161e pod osrednjo tr\u017enico lotila sama\"}]},{\"@type\":\"WebSite\",\"@id\":\"https:\/\/hudo.com\/si\/#website\",\"url\":\"https:\/\/hudo.com\/si\/\",\"name\":\"Hudo Slovenija\",\"description\":\"Vse novice iz Slovenije in sveta\",\"publisher\":{\"@id\":\"https:\/\/hudo.com\/si\/#organization\"},\"potentialAction\":[{\"@type\":\"SearchAction\",\"target\":{\"@type\":\"EntryPoint\",\"urlTemplate\":\"https:\/\/hudo.com\/si\/?s={search_term_string}\"},\"query-input\":\"required name=search_term_string\"}],\"inLanguage\":\"sl-SI\"},{\"@type\":\"Organization\",\"@id\":\"https:\/\/hudo.com\/si\/#organization\",\"name\":\"VSN Media\",\"url\":\"https:\/\/hudo.com\/si\/\",\"logo\":{\"@type\":\"ImageObject\",\"inLanguage\":\"sl-SI\",\"@id\":\"https:\/\/hudo.com\/si\/#\/schema\/logo\/image\/\",\"url\":\"https:\/\/hudo.com\/si\/wp-content\/uploads\/sites\/2\/2021\/03\/hudo-app-2.png\",\"contentUrl\":\"https:\/\/hudo.com\/si\/wp-content\/uploads\/sites\/2\/2021\/03\/hudo-app-2.png\",\"width\":2185,\"height\":2167,\"caption\":\"VSN Media\"},\"image\":{\"@id\":\"https:\/\/hudo.com\/si\/#\/schema\/logo\/image\/\"},\"sameAs\":[\"https:\/\/www.facebook.com\/hudo.si\",\"https:\/\/twitter.com\/hudo_si\"]},{\"@type\":\"Person\",\"@id\":\"https:\/\/hudo.com\/si\/#\/schema\/person\/c2f10ce65d2e6ede2aeda5be2a0611fa\",\"name\":\"M. N., STA\",\"image\":{\"@type\":\"ImageObject\",\"inLanguage\":\"sl-SI\",\"@id\":\"https:\/\/hudo.com\/si\/#\/schema\/person\/image\/\",\"url\":\"https:\/\/secure.gravatar.com\/avatar\/f370d38daa10467f755c5c766a4cac20?s=96&d=mm&r=g\",\"contentUrl\":\"https:\/\/secure.gravatar.com\/avatar\/f370d38daa10467f755c5c766a4cac20?s=96&d=mm&r=g\",\"caption\":\"M. N., STA\"},\"url\":\"https:\/\/hudo.com\/si\/author\/mana\/\"}]}<\/script>\n<!-- \/ Yoast SEO plugin. -->","yoast_head_json":{"title":"Ljubljanska ob\u010dina bi se gradnje parkirne hi\u0161e pod osrednjo tr\u017enico lotila sama - Hudo Slovenija","robots":{"index":"index","follow":"follow","max-snippet":"max-snippet:-1","max-image-preview":"max-image-preview:large","max-video-preview":"max-video-preview:-1"},"canonical":"https:\/\/hudo.com\/si\/aktualno\/ljubljanska-obcina-bi-se-gradnje-parkirne-hise-pod-osrednjo-trznico-lotila-sama\/","og_locale":"sl_SI","og_type":"article","og_title":"Ljubljanska ob\u010dina bi se gradnje parkirne hi\u0161e pod osrednjo tr\u017enico lotila sama - Hudo Slovenija","og_description":"Mestna ob\u010dina Ljubljana (Mol) bi se projekta gradnje parkirne hi\u0161e pod osrednjo ljubljansko tr\u017enico, prizidka k Mahrovi hi\u0161i in ureditve Vodnikovega trga lotila sama in ne v obliki javno-zasebnega partnerstva. Predlog o prekinitvi akta o javno-zasebnem partnerstvu za 31,4 milijona evrov vreden projekt bo mestni svet obravnaval na decembrski seji.","og_url":"https:\/\/hudo.com\/si\/aktualno\/ljubljanska-obcina-bi-se-gradnje-parkirne-hise-pod-osrednjo-trznico-lotila-sama\/","og_site_name":"Hudo Slovenija","article_publisher":"https:\/\/www.facebook.com\/hudo.si","article_published_time":"2016-11-30T07:36:29+00:00","og_image":[{"width":1250,"height":831,"url":"https:\/\/hudo.com\/si\/wp-content\/uploads\/sites\/2\/2016\/11\/profimedia-0176044366.jpg","type":"image\/jpeg"}],"author":"M. N., STA","twitter_card":"summary_large_image","twitter_creator":"@hudo_si","twitter_site":"@hudo_si","twitter_misc":{"Written by":"M. N., STA","Est. reading time":"1 minuta"},"schema":{"@context":"https:\/\/schema.org","@graph":[{"@type":"Article","@id":"https:\/\/hudo.com\/si\/aktualno\/ljubljanska-obcina-bi-se-gradnje-parkirne-hise-pod-osrednjo-trznico-lotila-sama\/#article","isPartOf":{"@id":"https:\/\/hudo.com\/si\/aktualno\/ljubljanska-obcina-bi-se-gradnje-parkirne-hise-pod-osrednjo-trznico-lotila-sama\/"},"author":{"name":"M. N., STA","@id":"https:\/\/hudo.com\/si\/#\/schema\/person\/c2f10ce65d2e6ede2aeda5be2a0611fa"},"headline":"Ljubljanska ob\u010dina bi se gradnje parkirne hi\u0161e pod osrednjo tr\u017enico lotila sama","datePublished":"2016-11-30T07:36:29+00:00","dateModified":"2016-11-30T07:36:29+00:00","mainEntityOfPage":{"@id":"https:\/\/hudo.com\/si\/aktualno\/ljubljanska-obcina-bi-se-gradnje-parkirne-hise-pod-osrednjo-trznico-lotila-sama\/"},"wordCount":235,"publisher":{"@id":"https:\/\/hudo.com\/si\/#organization"},"keywords":["Ljubljana","ljubljanska tr\u017enica","parkirna hi\u0161a"],"articleSection":["Aktualno"],"inLanguage":"sl-SI"},{"@type":"WebPage","@id":"https:\/\/hudo.com\/si\/aktualno\/ljubljanska-obcina-bi-se-gradnje-parkirne-hise-pod-osrednjo-trznico-lotila-sama\/","url":"https:\/\/hudo.com\/si\/aktualno\/ljubljanska-obcina-bi-se-gradnje-parkirne-hise-pod-osrednjo-trznico-lotila-sama\/","name":"Ljubljanska ob\u010dina bi se gradnje parkirne hi\u0161e pod osrednjo tr\u017enico lotila sama - Hudo Slovenija","isPartOf":{"@id":"https:\/\/hudo.com\/si\/#website"},"datePublished":"2016-11-30T07:36:29+00:00","dateModified":"2016-11-30T07:36:29+00:00","breadcrumb":{"@id":"https:\/\/hudo.com\/si\/aktualno\/ljubljanska-obcina-bi-se-gradnje-parkirne-hise-pod-osrednjo-trznico-lotila-sama\/#breadcrumb"},"inLanguage":"sl-SI","potentialAction":[{"@type":"ReadAction","target":["https:\/\/hudo.com\/si\/aktualno\/ljubljanska-obcina-bi-se-gradnje-parkirne-hise-pod-osrednjo-trznico-lotila-sama\/"]}]},{"@type":"BreadcrumbList","@id":"https:\/\/hudo.com\/si\/aktualno\/ljubljanska-obcina-bi-se-gradnje-parkirne-hise-pod-osrednjo-trznico-lotila-sama\/#breadcrumb","itemListElement":[{"@type":"ListItem","position":1,"name":"Home","item":"https:\/\/hudo.com\/si\/"},{"@type":"ListItem","position":2,"name":"Ljubljanska ob\u010dina bi se gradnje parkirne hi\u0161e pod osrednjo tr\u017enico lotila sama"}]},{"@type":"WebSite","@id":"https:\/\/hudo.com\/si\/#website","url":"https:\/\/hudo.com\/si\/","name":"Hudo Slovenija","description":"Vse novice iz Slovenije in sveta","publisher":{"@id":"https:\/\/hudo.com\/si\/#organization"},"potentialAction":[{"@type":"SearchAction","target":{"@type":"EntryPoint","urlTemplate":"https:\/\/hudo.com\/si\/?s={search_term_string}"},"query-input":"required name=search_term_string"}],"inLanguage":"sl-SI"},{"@type":"Organization","@id":"https:\/\/hudo.com\/si\/#organization","name":"VSN Media","url":"https:\/\/hudo.com\/si\/","logo":{"@type":"ImageObject","inLanguage":"sl-SI","@id":"https:\/\/hudo.com\/si\/#\/schema\/logo\/image\/","url":"https:\/\/hudo.com\/si\/wp-content\/uploads\/sites\/2\/2021\/03\/hudo-app-2.png","contentUrl":"https:\/\/hudo.com\/si\/wp-content\/uploads\/sites\/2\/2021\/03\/hudo-app-2.png","width":2185,"height":2167,"caption":"VSN Media"},"image":{"@id":"https:\/\/hudo.com\/si\/#\/schema\/logo\/image\/"},"sameAs":["https:\/\/www.facebook.com\/hudo.si","https:\/\/twitter.com\/hudo_si"]},{"@type":"Person","@id":"https:\/\/hudo.com\/si\/#\/schema\/person\/c2f10ce65d2e6ede2aeda5be2a0611fa","name":"M. N., STA","image":{"@type":"ImageObject","inLanguage":"sl-SI","@id":"https:\/\/hudo.com\/si\/#\/schema\/person\/image\/","url":"https:\/\/secure.gravatar.com\/avatar\/f370d38daa10467f755c5c766a4cac20?s=96&d=mm&r=g","contentUrl":"https:\/\/secure.gravatar.com\/avatar\/f370d38daa10467f755c5c766a4cac20?s=96&d=mm&r=g","caption":"M. N., STA"},"url":"https:\/\/hudo.com\/si\/author\/mana\/"}]}},"amp_enabled":true,"_links":{"self":[{"href":"https:\/\/hudo.com\/si\/wp-json\/wp\/v2\/posts\/178994"}],"collection":[{"href":"https:\/\/hudo.com\/si\/wp-json\/wp\/v2\/posts"}],"about":[{"href":"https:\/\/hudo.com\/si\/wp-json\/wp\/v2\/types\/post"}],"author":[{"embeddable":true,"href":"https:\/\/hudo.com\/si\/wp-json\/wp\/v2\/users\/8"}],"replies":[{"embeddable":true,"href":"https:\/\/hudo.com\/si\/wp-json\/wp\/v2\/comments?post=178994"}],"version-history":[{"count":1,"href":"https:\/\/hudo.com\/si\/wp-json\/wp\/v2\/posts\/178994\/revisions"}],"predecessor-version":[{"id":179001,"href":"https:\/\/hudo.com\/si\/wp-json\/wp\/v2\/posts\/178994\/revisions\/179001"}],"wp:featuredmedia":[{"embeddable":true,"href":"https:\/\/hudo.com\/si\/wp-json\/wp\/v2\/media\/179000"}],"wp:attachment":[{"href":"https:\/\/hudo.com\/si\/wp-json\/wp\/v2\/media?parent=178994"}],"wp:term":[{"taxonomy":"category","embeddable":true,"href":"https:\/\/hudo.com\/si\/wp-json\/wp\/v2\/categories?post=178994"},{"taxonomy":"post_tag","embeddable":true,"href":"https:\/\/hudo.com\/si\/wp-json\/wp\/v2\/tags?post=178994"},{"taxonomy":"source","embeddable":true,"href":"https:\/\/hudo.com\/si\/wp-json\/wp\/v2\/source?post=178994"},{"taxonomy":"supertag","embeddable":true,"href":"https:\/\/hudo.com\/si\/wp-json\/wp\/v2\/supertag?post=178994"}],"curies":[{"name":"wp","href":"https:\/\/api.w.org\/{rel}","templated":true}]}}