{"id":179266,"date":"2016-12-02T10:08:58","date_gmt":"2016-12-02T09:08:58","guid":{"rendered":"http:\/\/hudo.com\/si\/?p=179266"},"modified":"2016-12-02T10:08:58","modified_gmt":"2016-12-02T09:08:58","slug":"slovenija-odlocno-na-poti-v-vesoljsko-prihodnost","status":"publish","type":"post","link":"https:\/\/hudo.com\/si\/aktualno\/slovenija-odlocno-na-poti-v-vesoljsko-prihodnost\/","title":{"rendered":"Slovenija odlo\u010dno na poti v vesoljsko prihodnost"},"content":{"rendered":"<p>Potrditev statusa pridru\u017eene \u010dlanice za Slovenijo pomeni korak bli\u017eje polnopravnemu \u010dlanstvu v ESA, so v sporo\u010dilu za javnost zapisali na ministrstvu za gospodarski razvoj in tehnologijo.<\/p>\n<p>Po besedah dr\u017eavnega sekretarja na gospodarskem ministrstvu Ale\u0161a Cantaruttija bo \u010dlanstvo Sloveniji omogo\u010dilo dostop do vseh programov. Lahko bo nastopala kot nosilka izbranih opcijskih programov ter kot podizvajalka ostalih programov. Napovedal je sodelovanje Slovenije v treh opcijskih programih, in sicer splo\u0161nem tehnolo\u0161kem programu, programu opazovanja Zemlje ter znanstvenem programu Prodex.<\/p>\n<p>S sklenitvijo sporazuma se bo okrepilo tudi poslovno povezovanje podjetij vesoljske industrije, ne le na evropski pa\u010d pa tudi na globalni ravni. Slovenskim podjetjem bo sporazum omogo\u010dil razvoj novih produktov z visoko dodano vrednostjo in dodatno diverzifikacijo prodajnih portfeljev na podro\u010dju vesoljske tehnologije in z njo povezanih tehnolo\u0161kih podro\u010dij.<\/p>\n<p>Prinesel bo tudi nova delovna mesta, rast gospodarstva skozi \u0161iritev na nov trg in uvajanje novih tehnologij, ki jih brez povezave z vesoljskimi tehnologijami sploh ne bi bilo, je nekaj dobrobiti sporazuma izpostavil Cantarutti.<\/p>\n<p>Sodelovanje z agencijo predstavlja referenco in odsko\u010dno desko na tujih trgih tudi za slovenska podjetja, saj sodelovanje v tej agenciji izkazuje kakovost produktov podjetij pa tudi sposobnost izvajanja zahtevnih projektov ter re\u0161evanja visokotehnolo\u0161kih problemov.<\/p>\n<p>ESA ima 22 \u010dlanic, in sicer 20 dr\u017eav EU ter Norve\u0161ko in \u0160vico.<\/p>\n","protected":false},"excerpt":{"rendered":"<p>Svet Evropske vesoljske agencije (ESA) je v \u010detrtek na zasedanju v Lucernu soglasno potrdil status Slovenije kot pridru\u017eene \u010dlanice agencije. Sporazum je sicer minister za gospodarski razvoj in tehnologijo Zdravko Po\u010dival\u0161ek podpisal \u017ee julija na sede\u017eu agencije v Parizu.<\/p>\n","protected":false},"author":7,"featured_media":179267,"comment_status":"closed","ping_status":"closed","sticky":false,"template":"","format":"standard","meta":{"footnotes":""},"categories":[1179],"tags":[5388,1595,2023],"source":[4511],"supertag":[],"acf":[],"yoast_head":"<!-- This site is optimized with the Yoast SEO plugin v21.3 - https:\/\/yoast.com\/wordpress\/plugins\/seo\/ -->\n<title>Slovenija odlo\u010dno na poti v vesoljsko prihodnost - Hudo Slovenija<\/title>\n<meta name=\"robots\" content=\"index, follow, max-snippet:-1, max-image-preview:large, max-video-preview:-1\" \/>\n<link rel=\"canonical\" href=\"https:\/\/hudo.com\/si\/aktualno\/slovenija-odlocno-na-poti-v-vesoljsko-prihodnost\/\" \/>\n<meta property=\"og:locale\" content=\"sl_SI\" \/>\n<meta property=\"og:type\" content=\"article\" \/>\n<meta property=\"og:title\" content=\"Slovenija odlo\u010dno na poti v vesoljsko prihodnost - Hudo Slovenija\" \/>\n<meta property=\"og:description\" content=\"Svet Evropske vesoljske agencije (ESA) je v \u010detrtek na zasedanju v Lucernu soglasno potrdil status Slovenije kot pridru\u017eene \u010dlanice agencije. Sporazum je sicer minister za gospodarski razvoj in tehnologijo Zdravko Po\u010dival\u0161ek podpisal \u017ee julija na sede\u017eu agencije v Parizu.\" \/>\n<meta property=\"og:url\" content=\"https:\/\/hudo.com\/si\/aktualno\/slovenija-odlocno-na-poti-v-vesoljsko-prihodnost\/\" \/>\n<meta property=\"og:site_name\" content=\"Hudo Slovenija\" \/>\n<meta property=\"article:publisher\" content=\"https:\/\/www.facebook.com\/hudo.si\" \/>\n<meta property=\"article:published_time\" content=\"2016-12-02T09:08:58+00:00\" \/>\n<meta property=\"og:image\" content=\"https:\/\/hudo.com\/si\/wp-content\/uploads\/sites\/2\/2016\/12\/profimedia-0206455639.jpg\" \/>\n\t<meta property=\"og:image:width\" content=\"1250\" \/>\n\t<meta property=\"og:image:height\" content=\"937\" \/>\n\t<meta property=\"og:image:type\" content=\"image\/jpeg\" \/>\n<meta name=\"author\" content=\"A. P., STA\" \/>\n<meta name=\"twitter:card\" content=\"summary_large_image\" \/>\n<meta name=\"twitter:creator\" content=\"@hudo_si\" \/>\n<meta name=\"twitter:site\" content=\"@hudo_si\" \/>\n<meta name=\"twitter:label1\" content=\"Written by\" \/>\n\t<meta name=\"twitter:data1\" content=\"A. P., STA\" \/>\n\t<meta name=\"twitter:label2\" content=\"Est. reading time\" \/>\n\t<meta name=\"twitter:data2\" content=\"1 minuta\" \/>\n<script type=\"application\/ld+json\" class=\"yoast-schema-graph\">{\"@context\":\"https:\/\/schema.org\",\"@graph\":[{\"@type\":\"Article\",\"@id\":\"https:\/\/hudo.com\/si\/aktualno\/slovenija-odlocno-na-poti-v-vesoljsko-prihodnost\/#article\",\"isPartOf\":{\"@id\":\"https:\/\/hudo.com\/si\/aktualno\/slovenija-odlocno-na-poti-v-vesoljsko-prihodnost\/\"},\"author\":{\"name\":\"A. P., STA\",\"@id\":\"https:\/\/hudo.com\/si\/#\/schema\/person\/18f09c02475ba9e606e941a565b80cff\"},\"headline\":\"Slovenija odlo\u010dno na poti v vesoljsko prihodnost\",\"datePublished\":\"2016-12-02T09:08:58+00:00\",\"dateModified\":\"2016-12-02T09:08:58+00:00\",\"mainEntityOfPage\":{\"@id\":\"https:\/\/hudo.com\/si\/aktualno\/slovenija-odlocno-na-poti-v-vesoljsko-prihodnost\/\"},\"wordCount\":229,\"publisher\":{\"@id\":\"https:\/\/hudo.com\/si\/#organization\"},\"keywords\":[\"ESA\",\"Slovenija\",\"vesolje\"],\"articleSection\":[\"Aktualno\"],\"inLanguage\":\"sl-SI\"},{\"@type\":\"WebPage\",\"@id\":\"https:\/\/hudo.com\/si\/aktualno\/slovenija-odlocno-na-poti-v-vesoljsko-prihodnost\/\",\"url\":\"https:\/\/hudo.com\/si\/aktualno\/slovenija-odlocno-na-poti-v-vesoljsko-prihodnost\/\",\"name\":\"Slovenija odlo\u010dno na poti v vesoljsko prihodnost - Hudo Slovenija\",\"isPartOf\":{\"@id\":\"https:\/\/hudo.com\/si\/#website\"},\"datePublished\":\"2016-12-02T09:08:58+00:00\",\"dateModified\":\"2016-12-02T09:08:58+00:00\",\"breadcrumb\":{\"@id\":\"https:\/\/hudo.com\/si\/aktualno\/slovenija-odlocno-na-poti-v-vesoljsko-prihodnost\/#breadcrumb\"},\"inLanguage\":\"sl-SI\",\"potentialAction\":[{\"@type\":\"ReadAction\",\"target\":[\"https:\/\/hudo.com\/si\/aktualno\/slovenija-odlocno-na-poti-v-vesoljsko-prihodnost\/\"]}]},{\"@type\":\"BreadcrumbList\",\"@id\":\"https:\/\/hudo.com\/si\/aktualno\/slovenija-odlocno-na-poti-v-vesoljsko-prihodnost\/#breadcrumb\",\"itemListElement\":[{\"@type\":\"ListItem\",\"position\":1,\"name\":\"Home\",\"item\":\"https:\/\/hudo.com\/si\/\"},{\"@type\":\"ListItem\",\"position\":2,\"name\":\"Slovenija odlo\u010dno na poti v vesoljsko prihodnost\"}]},{\"@type\":\"WebSite\",\"@id\":\"https:\/\/hudo.com\/si\/#website\",\"url\":\"https:\/\/hudo.com\/si\/\",\"name\":\"Hudo Slovenija\",\"description\":\"Vse novice iz Slovenije in sveta\",\"publisher\":{\"@id\":\"https:\/\/hudo.com\/si\/#organization\"},\"potentialAction\":[{\"@type\":\"SearchAction\",\"target\":{\"@type\":\"EntryPoint\",\"urlTemplate\":\"https:\/\/hudo.com\/si\/?s={search_term_string}\"},\"query-input\":\"required name=search_term_string\"}],\"inLanguage\":\"sl-SI\"},{\"@type\":\"Organization\",\"@id\":\"https:\/\/hudo.com\/si\/#organization\",\"name\":\"VSN Media\",\"url\":\"https:\/\/hudo.com\/si\/\",\"logo\":{\"@type\":\"ImageObject\",\"inLanguage\":\"sl-SI\",\"@id\":\"https:\/\/hudo.com\/si\/#\/schema\/logo\/image\/\",\"url\":\"https:\/\/hudo.com\/si\/wp-content\/uploads\/sites\/2\/2021\/03\/hudo-app-2.png\",\"contentUrl\":\"https:\/\/hudo.com\/si\/wp-content\/uploads\/sites\/2\/2021\/03\/hudo-app-2.png\",\"width\":2185,\"height\":2167,\"caption\":\"VSN Media\"},\"image\":{\"@id\":\"https:\/\/hudo.com\/si\/#\/schema\/logo\/image\/\"},\"sameAs\":[\"https:\/\/www.facebook.com\/hudo.si\",\"https:\/\/twitter.com\/hudo_si\"]},{\"@type\":\"Person\",\"@id\":\"https:\/\/hudo.com\/si\/#\/schema\/person\/18f09c02475ba9e606e941a565b80cff\",\"name\":\"A. P., STA\",\"image\":{\"@type\":\"ImageObject\",\"inLanguage\":\"sl-SI\",\"@id\":\"https:\/\/hudo.com\/si\/#\/schema\/person\/image\/\",\"url\":\"https:\/\/secure.gravatar.com\/avatar\/03eac8e609f5f04383125d80eaeaaf3e?s=96&d=mm&r=g\",\"contentUrl\":\"https:\/\/secure.gravatar.com\/avatar\/03eac8e609f5f04383125d80eaeaaf3e?s=96&d=mm&r=g\",\"caption\":\"A. P., STA\"},\"url\":\"https:\/\/hudo.com\/si\/author\/lubu\/\"}]}<\/script>\n<!-- \/ Yoast SEO plugin. -->","yoast_head_json":{"title":"Slovenija odlo\u010dno na poti v vesoljsko prihodnost - Hudo Slovenija","robots":{"index":"index","follow":"follow","max-snippet":"max-snippet:-1","max-image-preview":"max-image-preview:large","max-video-preview":"max-video-preview:-1"},"canonical":"https:\/\/hudo.com\/si\/aktualno\/slovenija-odlocno-na-poti-v-vesoljsko-prihodnost\/","og_locale":"sl_SI","og_type":"article","og_title":"Slovenija odlo\u010dno na poti v vesoljsko prihodnost - Hudo Slovenija","og_description":"Svet Evropske vesoljske agencije (ESA) je v \u010detrtek na zasedanju v Lucernu soglasno potrdil status Slovenije kot pridru\u017eene \u010dlanice agencije. Sporazum je sicer minister za gospodarski razvoj in tehnologijo Zdravko Po\u010dival\u0161ek podpisal \u017ee julija na sede\u017eu agencije v Parizu.","og_url":"https:\/\/hudo.com\/si\/aktualno\/slovenija-odlocno-na-poti-v-vesoljsko-prihodnost\/","og_site_name":"Hudo Slovenija","article_publisher":"https:\/\/www.facebook.com\/hudo.si","article_published_time":"2016-12-02T09:08:58+00:00","og_image":[{"width":1250,"height":937,"url":"https:\/\/hudo.com\/si\/wp-content\/uploads\/sites\/2\/2016\/12\/profimedia-0206455639.jpg","type":"image\/jpeg"}],"author":"A. P., STA","twitter_card":"summary_large_image","twitter_creator":"@hudo_si","twitter_site":"@hudo_si","twitter_misc":{"Written by":"A. P., STA","Est. reading time":"1 minuta"},"schema":{"@context":"https:\/\/schema.org","@graph":[{"@type":"Article","@id":"https:\/\/hudo.com\/si\/aktualno\/slovenija-odlocno-na-poti-v-vesoljsko-prihodnost\/#article","isPartOf":{"@id":"https:\/\/hudo.com\/si\/aktualno\/slovenija-odlocno-na-poti-v-vesoljsko-prihodnost\/"},"author":{"name":"A. P., STA","@id":"https:\/\/hudo.com\/si\/#\/schema\/person\/18f09c02475ba9e606e941a565b80cff"},"headline":"Slovenija odlo\u010dno na poti v vesoljsko prihodnost","datePublished":"2016-12-02T09:08:58+00:00","dateModified":"2016-12-02T09:08:58+00:00","mainEntityOfPage":{"@id":"https:\/\/hudo.com\/si\/aktualno\/slovenija-odlocno-na-poti-v-vesoljsko-prihodnost\/"},"wordCount":229,"publisher":{"@id":"https:\/\/hudo.com\/si\/#organization"},"keywords":["ESA","Slovenija","vesolje"],"articleSection":["Aktualno"],"inLanguage":"sl-SI"},{"@type":"WebPage","@id":"https:\/\/hudo.com\/si\/aktualno\/slovenija-odlocno-na-poti-v-vesoljsko-prihodnost\/","url":"https:\/\/hudo.com\/si\/aktualno\/slovenija-odlocno-na-poti-v-vesoljsko-prihodnost\/","name":"Slovenija odlo\u010dno na poti v vesoljsko prihodnost - Hudo Slovenija","isPartOf":{"@id":"https:\/\/hudo.com\/si\/#website"},"datePublished":"2016-12-02T09:08:58+00:00","dateModified":"2016-12-02T09:08:58+00:00","breadcrumb":{"@id":"https:\/\/hudo.com\/si\/aktualno\/slovenija-odlocno-na-poti-v-vesoljsko-prihodnost\/#breadcrumb"},"inLanguage":"sl-SI","potentialAction":[{"@type":"ReadAction","target":["https:\/\/hudo.com\/si\/aktualno\/slovenija-odlocno-na-poti-v-vesoljsko-prihodnost\/"]}]},{"@type":"BreadcrumbList","@id":"https:\/\/hudo.com\/si\/aktualno\/slovenija-odlocno-na-poti-v-vesoljsko-prihodnost\/#breadcrumb","itemListElement":[{"@type":"ListItem","position":1,"name":"Home","item":"https:\/\/hudo.com\/si\/"},{"@type":"ListItem","position":2,"name":"Slovenija odlo\u010dno na poti v vesoljsko prihodnost"}]},{"@type":"WebSite","@id":"https:\/\/hudo.com\/si\/#website","url":"https:\/\/hudo.com\/si\/","name":"Hudo Slovenija","description":"Vse novice iz Slovenije in sveta","publisher":{"@id":"https:\/\/hudo.com\/si\/#organization"},"potentialAction":[{"@type":"SearchAction","target":{"@type":"EntryPoint","urlTemplate":"https:\/\/hudo.com\/si\/?s={search_term_string}"},"query-input":"required name=search_term_string"}],"inLanguage":"sl-SI"},{"@type":"Organization","@id":"https:\/\/hudo.com\/si\/#organization","name":"VSN Media","url":"https:\/\/hudo.com\/si\/","logo":{"@type":"ImageObject","inLanguage":"sl-SI","@id":"https:\/\/hudo.com\/si\/#\/schema\/logo\/image\/","url":"https:\/\/hudo.com\/si\/wp-content\/uploads\/sites\/2\/2021\/03\/hudo-app-2.png","contentUrl":"https:\/\/hudo.com\/si\/wp-content\/uploads\/sites\/2\/2021\/03\/hudo-app-2.png","width":2185,"height":2167,"caption":"VSN Media"},"image":{"@id":"https:\/\/hudo.com\/si\/#\/schema\/logo\/image\/"},"sameAs":["https:\/\/www.facebook.com\/hudo.si","https:\/\/twitter.com\/hudo_si"]},{"@type":"Person","@id":"https:\/\/hudo.com\/si\/#\/schema\/person\/18f09c02475ba9e606e941a565b80cff","name":"A. P., STA","image":{"@type":"ImageObject","inLanguage":"sl-SI","@id":"https:\/\/hudo.com\/si\/#\/schema\/person\/image\/","url":"https:\/\/secure.gravatar.com\/avatar\/03eac8e609f5f04383125d80eaeaaf3e?s=96&d=mm&r=g","contentUrl":"https:\/\/secure.gravatar.com\/avatar\/03eac8e609f5f04383125d80eaeaaf3e?s=96&d=mm&r=g","caption":"A. P., STA"},"url":"https:\/\/hudo.com\/si\/author\/lubu\/"}]}},"amp_enabled":true,"_links":{"self":[{"href":"https:\/\/hudo.com\/si\/wp-json\/wp\/v2\/posts\/179266"}],"collection":[{"href":"https:\/\/hudo.com\/si\/wp-json\/wp\/v2\/posts"}],"about":[{"href":"https:\/\/hudo.com\/si\/wp-json\/wp\/v2\/types\/post"}],"author":[{"embeddable":true,"href":"https:\/\/hudo.com\/si\/wp-json\/wp\/v2\/users\/7"}],"replies":[{"embeddable":true,"href":"https:\/\/hudo.com\/si\/wp-json\/wp\/v2\/comments?post=179266"}],"version-history":[{"count":1,"href":"https:\/\/hudo.com\/si\/wp-json\/wp\/v2\/posts\/179266\/revisions"}],"predecessor-version":[{"id":179268,"href":"https:\/\/hudo.com\/si\/wp-json\/wp\/v2\/posts\/179266\/revisions\/179268"}],"wp:featuredmedia":[{"embeddable":true,"href":"https:\/\/hudo.com\/si\/wp-json\/wp\/v2\/media\/179267"}],"wp:attachment":[{"href":"https:\/\/hudo.com\/si\/wp-json\/wp\/v2\/media?parent=179266"}],"wp:term":[{"taxonomy":"category","embeddable":true,"href":"https:\/\/hudo.com\/si\/wp-json\/wp\/v2\/categories?post=179266"},{"taxonomy":"post_tag","embeddable":true,"href":"https:\/\/hudo.com\/si\/wp-json\/wp\/v2\/tags?post=179266"},{"taxonomy":"source","embeddable":true,"href":"https:\/\/hudo.com\/si\/wp-json\/wp\/v2\/source?post=179266"},{"taxonomy":"supertag","embeddable":true,"href":"https:\/\/hudo.com\/si\/wp-json\/wp\/v2\/supertag?post=179266"}],"curies":[{"name":"wp","href":"https:\/\/api.w.org\/{rel}","templated":true}]}}