{"id":180281,"date":"2016-12-13T12:07:24","date_gmt":"2016-12-13T11:07:24","guid":{"rendered":"http:\/\/hudo.com\/si\/?p=180281"},"modified":"2016-12-13T12:07:24","modified_gmt":"2016-12-13T11:07:24","slug":"slovenec-potrosi-manj-kot-povprecen-evropejec","status":"publish","type":"post","link":"https:\/\/hudo.com\/si\/aktualno\/slovenec-potrosi-manj-kot-povprecen-evropejec\/","title":{"rendered":"Slovenec potro\u0161i manj kot povpre\u010den Evropejec"},"content":{"rendered":"<p>Kazalnik se uporablja za merjenje materialne blaginje gospodinjstev. Sestavljen je iz blaga in storitev, ki jih posamezniki dejansko potro\u0161ijo. Vklju\u010duje blago in storitve, ki jih za potro\u0161njo posameznikov kupijo in pla\u010dajo gospodinjstva, dr\u017eava ali nepridobitne ustanove, ki opravljajo storitve za gospodinjstva.<\/p>\n<p>Tudi lani je bila materialna blaginja gospodinjstev glede na dejansko potro\u0161njo najvi\u0161ja v Luksemburgu (137 odstotkov povpre\u010dja EU), sledili sta Nem\u010dija (123 odstotkov povpre\u010dja) in Avstrija (119 odstotkov povpre\u010dja).<\/p>\n<p>Glede na kazalnik dejanske potro\u0161nje na prebivalca so bile najni\u017eje pod povpre\u010djem lani Bolgarija (53 odstotkov povpre\u010dja unije), Hrva\u0161ka (58 odstotkov povpre\u010dja) ter Romunija (59 odstotkov povpre\u010dja).<\/p>\n<p>Nekoliko bolje se je Slovenija odrezala po bruto doma\u010dem proizvodu na prebivalca (BDP), izra\u017eenem po kriteriju kupne mo\u010di, ki je lani dosegel 83 odstotkov povpre\u010dja EU.<\/p>\n<p>Glede na ta kriterij so lani najvi\u0161je vrednosti dosegli Luksemburg (264 odstotkov povpre\u010dja), Avstrija in Nizozemska (obe 128 odstotkov povpre\u010dja) ter \u0160vedska in Nem\u010dija (obe 124 odstotkov povpre\u010dja).<\/p>\n<p>Na dnu lestvice so bile po drugi strani Bolgarija (47 odstotkov povpre\u010dja), Romunija (57 odstotkov povpre\u010dja) ter Hrva\u0161ka (58 odstotkov povpre\u010dja).<\/p>\n","protected":false},"excerpt":{"rendered":"<p>Slovenija po potro\u0161nji na prebivalca \u0161e vedno ostaja precej pod povpre\u010djem EU. Po kazalniku dejanske potro\u0161nje na prebivalca, izra\u017eenem po kriteriju paritete kupne mo\u010di, ki izni\u010duje cenovne razlike med \u010dlanicami povezave, je lani dosegla 75 odstotkov povpre\u010dja unije, kar je odstotno to\u010dko ni\u017eje kot leto pred tem in enako kot leta 2013.<\/p>\n","protected":false},"author":7,"featured_media":180282,"comment_status":"closed","ping_status":"closed","sticky":false,"template":"","format":"standard","meta":{"footnotes":""},"categories":[1179],"tags":[1910,1595,4505],"source":[4511],"supertag":[7541],"acf":[],"yoast_head":"<!-- This site is optimized with the Yoast SEO plugin v21.3 - https:\/\/yoast.com\/wordpress\/plugins\/seo\/ -->\n<title>Slovenec potro\u0161i manj kot povpre\u010den Evropejec - Hudo Slovenija<\/title>\n<meta name=\"robots\" content=\"index, follow, max-snippet:-1, max-image-preview:large, max-video-preview:-1\" \/>\n<link rel=\"canonical\" href=\"https:\/\/hudo.com\/si\/aktualno\/slovenec-potrosi-manj-kot-povprecen-evropejec\/\" \/>\n<meta property=\"og:locale\" content=\"sl_SI\" \/>\n<meta property=\"og:type\" content=\"article\" \/>\n<meta property=\"og:title\" content=\"Slovenec potro\u0161i manj kot povpre\u010den Evropejec - Hudo Slovenija\" \/>\n<meta property=\"og:description\" content=\"Slovenija po potro\u0161nji na prebivalca \u0161e vedno ostaja precej pod povpre\u010djem EU. Po kazalniku dejanske potro\u0161nje na prebivalca, izra\u017eenem po kriteriju paritete kupne mo\u010di, ki izni\u010duje cenovne razlike med \u010dlanicami povezave, je lani dosegla 75 odstotkov povpre\u010dja unije, kar je odstotno to\u010dko ni\u017eje kot leto pred tem in enako kot leta 2013.\" \/>\n<meta property=\"og:url\" content=\"https:\/\/hudo.com\/si\/aktualno\/slovenec-potrosi-manj-kot-povprecen-evropejec\/\" \/>\n<meta property=\"og:site_name\" content=\"Hudo Slovenija\" \/>\n<meta property=\"article:publisher\" content=\"https:\/\/www.facebook.com\/hudo.si\" \/>\n<meta property=\"article:published_time\" content=\"2016-12-13T11:07:24+00:00\" \/>\n<meta property=\"og:image\" content=\"https:\/\/hudo.com\/si\/wp-content\/uploads\/sites\/2\/2016\/12\/profimedia-0252311916.jpg\" \/>\n\t<meta property=\"og:image:width\" content=\"1250\" \/>\n\t<meta property=\"og:image:height\" content=\"830\" \/>\n\t<meta property=\"og:image:type\" content=\"image\/jpeg\" \/>\n<meta name=\"author\" content=\"A. P., STA\" \/>\n<meta name=\"twitter:card\" content=\"summary_large_image\" \/>\n<meta name=\"twitter:creator\" content=\"@hudo_si\" \/>\n<meta name=\"twitter:site\" content=\"@hudo_si\" \/>\n<meta name=\"twitter:label1\" content=\"Written by\" \/>\n\t<meta name=\"twitter:data1\" content=\"A. P., STA\" \/>\n\t<meta name=\"twitter:label2\" content=\"Est. reading time\" \/>\n\t<meta name=\"twitter:data2\" content=\"1 minuta\" \/>\n<script type=\"application\/ld+json\" class=\"yoast-schema-graph\">{\"@context\":\"https:\/\/schema.org\",\"@graph\":[{\"@type\":\"Article\",\"@id\":\"https:\/\/hudo.com\/si\/aktualno\/slovenec-potrosi-manj-kot-povprecen-evropejec\/#article\",\"isPartOf\":{\"@id\":\"https:\/\/hudo.com\/si\/aktualno\/slovenec-potrosi-manj-kot-povprecen-evropejec\/\"},\"author\":{\"name\":\"A. P., STA\",\"@id\":\"https:\/\/hudo.com\/si\/#\/schema\/person\/18f09c02475ba9e606e941a565b80cff\"},\"headline\":\"Slovenec potro\u0161i manj kot povpre\u010den Evropejec\",\"datePublished\":\"2016-12-13T11:07:24+00:00\",\"dateModified\":\"2016-12-13T11:07:24+00:00\",\"mainEntityOfPage\":{\"@id\":\"https:\/\/hudo.com\/si\/aktualno\/slovenec-potrosi-manj-kot-povprecen-evropejec\/\"},\"wordCount\":198,\"publisher\":{\"@id\":\"https:\/\/hudo.com\/si\/#organization\"},\"keywords\":[\"evropska unija\",\"Slovenija\",\"statistika\"],\"articleSection\":[\"Aktualno\"],\"inLanguage\":\"sl-SI\"},{\"@type\":\"WebPage\",\"@id\":\"https:\/\/hudo.com\/si\/aktualno\/slovenec-potrosi-manj-kot-povprecen-evropejec\/\",\"url\":\"https:\/\/hudo.com\/si\/aktualno\/slovenec-potrosi-manj-kot-povprecen-evropejec\/\",\"name\":\"Slovenec potro\u0161i manj kot povpre\u010den Evropejec - Hudo Slovenija\",\"isPartOf\":{\"@id\":\"https:\/\/hudo.com\/si\/#website\"},\"datePublished\":\"2016-12-13T11:07:24+00:00\",\"dateModified\":\"2016-12-13T11:07:24+00:00\",\"breadcrumb\":{\"@id\":\"https:\/\/hudo.com\/si\/aktualno\/slovenec-potrosi-manj-kot-povprecen-evropejec\/#breadcrumb\"},\"inLanguage\":\"sl-SI\",\"potentialAction\":[{\"@type\":\"ReadAction\",\"target\":[\"https:\/\/hudo.com\/si\/aktualno\/slovenec-potrosi-manj-kot-povprecen-evropejec\/\"]}]},{\"@type\":\"BreadcrumbList\",\"@id\":\"https:\/\/hudo.com\/si\/aktualno\/slovenec-potrosi-manj-kot-povprecen-evropejec\/#breadcrumb\",\"itemListElement\":[{\"@type\":\"ListItem\",\"position\":1,\"name\":\"Home\",\"item\":\"https:\/\/hudo.com\/si\/\"},{\"@type\":\"ListItem\",\"position\":2,\"name\":\"Slovenec potro\u0161i manj kot povpre\u010den Evropejec\"}]},{\"@type\":\"WebSite\",\"@id\":\"https:\/\/hudo.com\/si\/#website\",\"url\":\"https:\/\/hudo.com\/si\/\",\"name\":\"Hudo Slovenija\",\"description\":\"Vse novice iz Slovenije in sveta\",\"publisher\":{\"@id\":\"https:\/\/hudo.com\/si\/#organization\"},\"potentialAction\":[{\"@type\":\"SearchAction\",\"target\":{\"@type\":\"EntryPoint\",\"urlTemplate\":\"https:\/\/hudo.com\/si\/?s={search_term_string}\"},\"query-input\":\"required name=search_term_string\"}],\"inLanguage\":\"sl-SI\"},{\"@type\":\"Organization\",\"@id\":\"https:\/\/hudo.com\/si\/#organization\",\"name\":\"VSN Media\",\"url\":\"https:\/\/hudo.com\/si\/\",\"logo\":{\"@type\":\"ImageObject\",\"inLanguage\":\"sl-SI\",\"@id\":\"https:\/\/hudo.com\/si\/#\/schema\/logo\/image\/\",\"url\":\"https:\/\/hudo.com\/si\/wp-content\/uploads\/sites\/2\/2021\/03\/hudo-app-2.png\",\"contentUrl\":\"https:\/\/hudo.com\/si\/wp-content\/uploads\/sites\/2\/2021\/03\/hudo-app-2.png\",\"width\":2185,\"height\":2167,\"caption\":\"VSN Media\"},\"image\":{\"@id\":\"https:\/\/hudo.com\/si\/#\/schema\/logo\/image\/\"},\"sameAs\":[\"https:\/\/www.facebook.com\/hudo.si\",\"https:\/\/twitter.com\/hudo_si\"]},{\"@type\":\"Person\",\"@id\":\"https:\/\/hudo.com\/si\/#\/schema\/person\/18f09c02475ba9e606e941a565b80cff\",\"name\":\"A. P., STA\",\"image\":{\"@type\":\"ImageObject\",\"inLanguage\":\"sl-SI\",\"@id\":\"https:\/\/hudo.com\/si\/#\/schema\/person\/image\/\",\"url\":\"https:\/\/secure.gravatar.com\/avatar\/03eac8e609f5f04383125d80eaeaaf3e?s=96&d=mm&r=g\",\"contentUrl\":\"https:\/\/secure.gravatar.com\/avatar\/03eac8e609f5f04383125d80eaeaaf3e?s=96&d=mm&r=g\",\"caption\":\"A. P., STA\"},\"url\":\"https:\/\/hudo.com\/si\/author\/lubu\/\"}]}<\/script>\n<!-- \/ Yoast SEO plugin. -->","yoast_head_json":{"title":"Slovenec potro\u0161i manj kot povpre\u010den Evropejec - Hudo Slovenija","robots":{"index":"index","follow":"follow","max-snippet":"max-snippet:-1","max-image-preview":"max-image-preview:large","max-video-preview":"max-video-preview:-1"},"canonical":"https:\/\/hudo.com\/si\/aktualno\/slovenec-potrosi-manj-kot-povprecen-evropejec\/","og_locale":"sl_SI","og_type":"article","og_title":"Slovenec potro\u0161i manj kot povpre\u010den Evropejec - Hudo Slovenija","og_description":"Slovenija po potro\u0161nji na prebivalca \u0161e vedno ostaja precej pod povpre\u010djem EU. Po kazalniku dejanske potro\u0161nje na prebivalca, izra\u017eenem po kriteriju paritete kupne mo\u010di, ki izni\u010duje cenovne razlike med \u010dlanicami povezave, je lani dosegla 75 odstotkov povpre\u010dja unije, kar je odstotno to\u010dko ni\u017eje kot leto pred tem in enako kot leta 2013.","og_url":"https:\/\/hudo.com\/si\/aktualno\/slovenec-potrosi-manj-kot-povprecen-evropejec\/","og_site_name":"Hudo Slovenija","article_publisher":"https:\/\/www.facebook.com\/hudo.si","article_published_time":"2016-12-13T11:07:24+00:00","og_image":[{"width":1250,"height":830,"url":"https:\/\/hudo.com\/si\/wp-content\/uploads\/sites\/2\/2016\/12\/profimedia-0252311916.jpg","type":"image\/jpeg"}],"author":"A. P., STA","twitter_card":"summary_large_image","twitter_creator":"@hudo_si","twitter_site":"@hudo_si","twitter_misc":{"Written by":"A. P., STA","Est. reading time":"1 minuta"},"schema":{"@context":"https:\/\/schema.org","@graph":[{"@type":"Article","@id":"https:\/\/hudo.com\/si\/aktualno\/slovenec-potrosi-manj-kot-povprecen-evropejec\/#article","isPartOf":{"@id":"https:\/\/hudo.com\/si\/aktualno\/slovenec-potrosi-manj-kot-povprecen-evropejec\/"},"author":{"name":"A. P., STA","@id":"https:\/\/hudo.com\/si\/#\/schema\/person\/18f09c02475ba9e606e941a565b80cff"},"headline":"Slovenec potro\u0161i manj kot povpre\u010den Evropejec","datePublished":"2016-12-13T11:07:24+00:00","dateModified":"2016-12-13T11:07:24+00:00","mainEntityOfPage":{"@id":"https:\/\/hudo.com\/si\/aktualno\/slovenec-potrosi-manj-kot-povprecen-evropejec\/"},"wordCount":198,"publisher":{"@id":"https:\/\/hudo.com\/si\/#organization"},"keywords":["evropska unija","Slovenija","statistika"],"articleSection":["Aktualno"],"inLanguage":"sl-SI"},{"@type":"WebPage","@id":"https:\/\/hudo.com\/si\/aktualno\/slovenec-potrosi-manj-kot-povprecen-evropejec\/","url":"https:\/\/hudo.com\/si\/aktualno\/slovenec-potrosi-manj-kot-povprecen-evropejec\/","name":"Slovenec potro\u0161i manj kot povpre\u010den Evropejec - Hudo Slovenija","isPartOf":{"@id":"https:\/\/hudo.com\/si\/#website"},"datePublished":"2016-12-13T11:07:24+00:00","dateModified":"2016-12-13T11:07:24+00:00","breadcrumb":{"@id":"https:\/\/hudo.com\/si\/aktualno\/slovenec-potrosi-manj-kot-povprecen-evropejec\/#breadcrumb"},"inLanguage":"sl-SI","potentialAction":[{"@type":"ReadAction","target":["https:\/\/hudo.com\/si\/aktualno\/slovenec-potrosi-manj-kot-povprecen-evropejec\/"]}]},{"@type":"BreadcrumbList","@id":"https:\/\/hudo.com\/si\/aktualno\/slovenec-potrosi-manj-kot-povprecen-evropejec\/#breadcrumb","itemListElement":[{"@type":"ListItem","position":1,"name":"Home","item":"https:\/\/hudo.com\/si\/"},{"@type":"ListItem","position":2,"name":"Slovenec potro\u0161i manj kot povpre\u010den Evropejec"}]},{"@type":"WebSite","@id":"https:\/\/hudo.com\/si\/#website","url":"https:\/\/hudo.com\/si\/","name":"Hudo Slovenija","description":"Vse novice iz Slovenije in sveta","publisher":{"@id":"https:\/\/hudo.com\/si\/#organization"},"potentialAction":[{"@type":"SearchAction","target":{"@type":"EntryPoint","urlTemplate":"https:\/\/hudo.com\/si\/?s={search_term_string}"},"query-input":"required name=search_term_string"}],"inLanguage":"sl-SI"},{"@type":"Organization","@id":"https:\/\/hudo.com\/si\/#organization","name":"VSN Media","url":"https:\/\/hudo.com\/si\/","logo":{"@type":"ImageObject","inLanguage":"sl-SI","@id":"https:\/\/hudo.com\/si\/#\/schema\/logo\/image\/","url":"https:\/\/hudo.com\/si\/wp-content\/uploads\/sites\/2\/2021\/03\/hudo-app-2.png","contentUrl":"https:\/\/hudo.com\/si\/wp-content\/uploads\/sites\/2\/2021\/03\/hudo-app-2.png","width":2185,"height":2167,"caption":"VSN Media"},"image":{"@id":"https:\/\/hudo.com\/si\/#\/schema\/logo\/image\/"},"sameAs":["https:\/\/www.facebook.com\/hudo.si","https:\/\/twitter.com\/hudo_si"]},{"@type":"Person","@id":"https:\/\/hudo.com\/si\/#\/schema\/person\/18f09c02475ba9e606e941a565b80cff","name":"A. P., STA","image":{"@type":"ImageObject","inLanguage":"sl-SI","@id":"https:\/\/hudo.com\/si\/#\/schema\/person\/image\/","url":"https:\/\/secure.gravatar.com\/avatar\/03eac8e609f5f04383125d80eaeaaf3e?s=96&d=mm&r=g","contentUrl":"https:\/\/secure.gravatar.com\/avatar\/03eac8e609f5f04383125d80eaeaaf3e?s=96&d=mm&r=g","caption":"A. P., STA"},"url":"https:\/\/hudo.com\/si\/author\/lubu\/"}]}},"amp_enabled":true,"_links":{"self":[{"href":"https:\/\/hudo.com\/si\/wp-json\/wp\/v2\/posts\/180281"}],"collection":[{"href":"https:\/\/hudo.com\/si\/wp-json\/wp\/v2\/posts"}],"about":[{"href":"https:\/\/hudo.com\/si\/wp-json\/wp\/v2\/types\/post"}],"author":[{"embeddable":true,"href":"https:\/\/hudo.com\/si\/wp-json\/wp\/v2\/users\/7"}],"replies":[{"embeddable":true,"href":"https:\/\/hudo.com\/si\/wp-json\/wp\/v2\/comments?post=180281"}],"version-history":[{"count":1,"href":"https:\/\/hudo.com\/si\/wp-json\/wp\/v2\/posts\/180281\/revisions"}],"predecessor-version":[{"id":180283,"href":"https:\/\/hudo.com\/si\/wp-json\/wp\/v2\/posts\/180281\/revisions\/180283"}],"wp:featuredmedia":[{"embeddable":true,"href":"https:\/\/hudo.com\/si\/wp-json\/wp\/v2\/media\/180282"}],"wp:attachment":[{"href":"https:\/\/hudo.com\/si\/wp-json\/wp\/v2\/media?parent=180281"}],"wp:term":[{"taxonomy":"category","embeddable":true,"href":"https:\/\/hudo.com\/si\/wp-json\/wp\/v2\/categories?post=180281"},{"taxonomy":"post_tag","embeddable":true,"href":"https:\/\/hudo.com\/si\/wp-json\/wp\/v2\/tags?post=180281"},{"taxonomy":"source","embeddable":true,"href":"https:\/\/hudo.com\/si\/wp-json\/wp\/v2\/source?post=180281"},{"taxonomy":"supertag","embeddable":true,"href":"https:\/\/hudo.com\/si\/wp-json\/wp\/v2\/supertag?post=180281"}],"curies":[{"name":"wp","href":"https:\/\/api.w.org\/{rel}","templated":true}]}}