{"id":180485,"date":"2016-12-15T08:11:58","date_gmt":"2016-12-15T07:11:58","guid":{"rendered":"http:\/\/hudo.com\/si\/?p=180485"},"modified":"2016-12-15T08:11:58","modified_gmt":"2016-12-15T07:11:58","slug":"v-milanu-bodo-razstavili-razstaviti-ladjo-smrti-s-katero-je-potonilo-800-migantov","status":"publish","type":"post","link":"https:\/\/hudo.com\/si\/aktualno\/v-milanu-bodo-razstavili-razstaviti-ladjo-smrti-s-katero-je-potonilo-800-migantov\/","title":{"rendered":"V Milanu bodo razstavili razstaviti ladjo smrti, s katero je potonilo 800 migantov"},"content":{"rendered":"<p>Gonzalez Inarritu bi rad modro-rjavo ladjo do marca prihodnje leto prepeljal iz Sicilije v sredi\u0161\u010de italijanske prestolnice mode in jo postavil na ogled nasproti tamkaj\u0161nje gotske katedrale.<\/p>\n<p>Mehi\u0161ki re\u017eiser si \u017eeli z instalacijo odpreti javno debato o problematiki migracij ter da bi o tem spregovoril tudi pape\u017e Fran\u010di\u0161ek, velik zagovornik pravic migrantov, ki je napovedal, da bo 25. marca obiskal Milano. Po pisanju La Repubblice si \u017eeli Gonzalez Inarritu ladjo razstaviti tudi drugod po svetu, da bi z njo opozarjal na tragedije, ki se dogajajo v Sredozemskem morju.<\/p>\n<p>Ladja se je 18. aprila lani prevrnila z okoli 800 migranti na krovu, potem ko naj bi tr\u010dila s portugalsko trgovsko ladjo, ki ji je pri\u0161la na pomo\u010d. Po brodolomu so v morju na\u0161li 24 trupel in 28 pre\u017eivelih, preostali so potonili z ladjo.<\/p>\n<p>Gre za eno od najve\u010djih tragedij migrantov v Sredozemlju. Do brodoloma je pri\u0161lo kak\u0161nih 200 kilometrov ju\u017eno od obale italijanskega otoka Lampedusa in okoli 100 kilometrov od libijske obale. V torek je sodi\u0161\u010de v italijanskem mestu Catania na Siciliji kapitana ladje obsodilo na 18 let zapora, njegovega pomo\u010dnika pa na pet let. Kapitana so obsodili zaradi ve\u010dkratnega uboja, povzro\u010ditve brodoloma in sodelovanja pri nezakonitih migracijah.<\/p>\n<p>Italijanska mornarica je izvedla veliko akcijo in ladjo, polno trupel, letos dvignila z dna morja. Sku\u0161ali bodo identificirati pokojnike, saj bi jim italijanska vlada rada zagotovila dostojen pokop. S tem dejanjem bi po pisanju francoske tiskovne agencije AFP radi simbolno izrazili spo\u0161tovanje vsem migrantom, ki izgubijo \u017eivljenje na poti v zanje &#8220;obljubljeno de\u017eelo&#8221;, Evropo.<\/p>\n","protected":false},"excerpt":{"rendered":"<p>Z ve\u010d oskarji nagrajeni mehi\u0161ki re\u017eiser Alejandro Gonzalez Inarritu na\u010drtuje, da bi na milanskem trgu kot instalacijo razstavil ladjo, ki je aprila lani v Sredozemskem morju potonila z okoli 800 migranti na krovu, poro\u010da La Repubblica. Ladja naj bi bila na trgu Duomo na ogled od 24. marca, kar je dan pred pape\u017eevim obiskom v Milanu.<\/p>\n","protected":false},"author":8,"featured_media":180486,"comment_status":"closed","ping_status":"closed","sticky":false,"template":"","format":"standard","meta":{"footnotes":""},"categories":[1179],"tags":[7342,5465,4525,2607],"source":[4511],"supertag":[6103],"acf":[],"yoast_head":"<!-- This site is optimized with the Yoast SEO plugin v21.3 - https:\/\/yoast.com\/wordpress\/plugins\/seo\/ -->\n<title>V Milanu bodo razstavili razstaviti ladjo smrti, s katero je potonilo 800 migantov - Hudo Slovenija<\/title>\n<meta name=\"robots\" content=\"index, follow, max-snippet:-1, max-image-preview:large, max-video-preview:-1\" \/>\n<link rel=\"canonical\" href=\"https:\/\/hudo.com\/si\/aktualno\/v-milanu-bodo-razstavili-razstaviti-ladjo-smrti-s-katero-je-potonilo-800-migantov\/\" \/>\n<meta property=\"og:locale\" content=\"sl_SI\" \/>\n<meta property=\"og:type\" content=\"article\" \/>\n<meta property=\"og:title\" content=\"V Milanu bodo razstavili razstaviti ladjo smrti, s katero je potonilo 800 migantov - Hudo Slovenija\" \/>\n<meta property=\"og:description\" content=\"Z ve\u010d oskarji nagrajeni mehi\u0161ki re\u017eiser Alejandro Gonzalez Inarritu na\u010drtuje, da bi na milanskem trgu kot instalacijo razstavil ladjo, ki je aprila lani v Sredozemskem morju potonila z okoli 800 migranti na krovu, poro\u010da La Repubblica. Ladja naj bi bila na trgu Duomo na ogled od 24. marca, kar je dan pred pape\u017eevim obiskom v Milanu.\" \/>\n<meta property=\"og:url\" content=\"https:\/\/hudo.com\/si\/aktualno\/v-milanu-bodo-razstavili-razstaviti-ladjo-smrti-s-katero-je-potonilo-800-migantov\/\" \/>\n<meta property=\"og:site_name\" content=\"Hudo Slovenija\" \/>\n<meta property=\"article:publisher\" content=\"https:\/\/www.facebook.com\/hudo.si\" \/>\n<meta property=\"article:published_time\" content=\"2016-12-15T07:11:58+00:00\" \/>\n<meta property=\"og:image\" content=\"https:\/\/hudo.com\/si\/wp-content\/uploads\/sites\/2\/2016\/12\/profimedia-0285107375.jpg\" \/>\n\t<meta property=\"og:image:width\" content=\"1250\" \/>\n\t<meta property=\"og:image:height\" content=\"833\" \/>\n\t<meta property=\"og:image:type\" content=\"image\/jpeg\" \/>\n<meta name=\"author\" content=\"M. N., STA\" \/>\n<meta name=\"twitter:card\" content=\"summary_large_image\" \/>\n<meta name=\"twitter:creator\" content=\"@hudo_si\" \/>\n<meta name=\"twitter:site\" content=\"@hudo_si\" \/>\n<meta name=\"twitter:label1\" content=\"Written by\" \/>\n\t<meta name=\"twitter:data1\" content=\"M. N., STA\" \/>\n\t<meta name=\"twitter:label2\" content=\"Est. reading time\" \/>\n\t<meta name=\"twitter:data2\" content=\"1 minuta\" \/>\n<script type=\"application\/ld+json\" class=\"yoast-schema-graph\">{\"@context\":\"https:\/\/schema.org\",\"@graph\":[{\"@type\":\"Article\",\"@id\":\"https:\/\/hudo.com\/si\/aktualno\/v-milanu-bodo-razstavili-razstaviti-ladjo-smrti-s-katero-je-potonilo-800-migantov\/#article\",\"isPartOf\":{\"@id\":\"https:\/\/hudo.com\/si\/aktualno\/v-milanu-bodo-razstavili-razstaviti-ladjo-smrti-s-katero-je-potonilo-800-migantov\/\"},\"author\":{\"name\":\"M. N., STA\",\"@id\":\"https:\/\/hudo.com\/si\/#\/schema\/person\/c2f10ce65d2e6ede2aeda5be2a0611fa\"},\"headline\":\"V Milanu bodo razstavili razstaviti ladjo smrti, s katero je potonilo 800 migantov\",\"datePublished\":\"2016-12-15T07:11:58+00:00\",\"dateModified\":\"2016-12-15T07:11:58+00:00\",\"mainEntityOfPage\":{\"@id\":\"https:\/\/hudo.com\/si\/aktualno\/v-milanu-bodo-razstavili-razstaviti-ladjo-smrti-s-katero-je-potonilo-800-migantov\/\"},\"wordCount\":276,\"publisher\":{\"@id\":\"https:\/\/hudo.com\/si\/#organization\"},\"keywords\":[\"Alejandro Gonzalez Inarritu\",\"migranti\",\"migrantska kriza\",\"milano\"],\"articleSection\":[\"Aktualno\"],\"inLanguage\":\"sl-SI\"},{\"@type\":\"WebPage\",\"@id\":\"https:\/\/hudo.com\/si\/aktualno\/v-milanu-bodo-razstavili-razstaviti-ladjo-smrti-s-katero-je-potonilo-800-migantov\/\",\"url\":\"https:\/\/hudo.com\/si\/aktualno\/v-milanu-bodo-razstavili-razstaviti-ladjo-smrti-s-katero-je-potonilo-800-migantov\/\",\"name\":\"V Milanu bodo razstavili razstaviti ladjo smrti, s katero je potonilo 800 migantov - Hudo Slovenija\",\"isPartOf\":{\"@id\":\"https:\/\/hudo.com\/si\/#website\"},\"datePublished\":\"2016-12-15T07:11:58+00:00\",\"dateModified\":\"2016-12-15T07:11:58+00:00\",\"breadcrumb\":{\"@id\":\"https:\/\/hudo.com\/si\/aktualno\/v-milanu-bodo-razstavili-razstaviti-ladjo-smrti-s-katero-je-potonilo-800-migantov\/#breadcrumb\"},\"inLanguage\":\"sl-SI\",\"potentialAction\":[{\"@type\":\"ReadAction\",\"target\":[\"https:\/\/hudo.com\/si\/aktualno\/v-milanu-bodo-razstavili-razstaviti-ladjo-smrti-s-katero-je-potonilo-800-migantov\/\"]}]},{\"@type\":\"BreadcrumbList\",\"@id\":\"https:\/\/hudo.com\/si\/aktualno\/v-milanu-bodo-razstavili-razstaviti-ladjo-smrti-s-katero-je-potonilo-800-migantov\/#breadcrumb\",\"itemListElement\":[{\"@type\":\"ListItem\",\"position\":1,\"name\":\"Home\",\"item\":\"https:\/\/hudo.com\/si\/\"},{\"@type\":\"ListItem\",\"position\":2,\"name\":\"V Milanu bodo razstavili razstaviti ladjo smrti, s katero je potonilo 800 migantov\"}]},{\"@type\":\"WebSite\",\"@id\":\"https:\/\/hudo.com\/si\/#website\",\"url\":\"https:\/\/hudo.com\/si\/\",\"name\":\"Hudo Slovenija\",\"description\":\"Vse novice iz Slovenije in sveta\",\"publisher\":{\"@id\":\"https:\/\/hudo.com\/si\/#organization\"},\"potentialAction\":[{\"@type\":\"SearchAction\",\"target\":{\"@type\":\"EntryPoint\",\"urlTemplate\":\"https:\/\/hudo.com\/si\/?s={search_term_string}\"},\"query-input\":\"required name=search_term_string\"}],\"inLanguage\":\"sl-SI\"},{\"@type\":\"Organization\",\"@id\":\"https:\/\/hudo.com\/si\/#organization\",\"name\":\"VSN Media\",\"url\":\"https:\/\/hudo.com\/si\/\",\"logo\":{\"@type\":\"ImageObject\",\"inLanguage\":\"sl-SI\",\"@id\":\"https:\/\/hudo.com\/si\/#\/schema\/logo\/image\/\",\"url\":\"https:\/\/hudo.com\/si\/wp-content\/uploads\/sites\/2\/2021\/03\/hudo-app-2.png\",\"contentUrl\":\"https:\/\/hudo.com\/si\/wp-content\/uploads\/sites\/2\/2021\/03\/hudo-app-2.png\",\"width\":2185,\"height\":2167,\"caption\":\"VSN Media\"},\"image\":{\"@id\":\"https:\/\/hudo.com\/si\/#\/schema\/logo\/image\/\"},\"sameAs\":[\"https:\/\/www.facebook.com\/hudo.si\",\"https:\/\/twitter.com\/hudo_si\"]},{\"@type\":\"Person\",\"@id\":\"https:\/\/hudo.com\/si\/#\/schema\/person\/c2f10ce65d2e6ede2aeda5be2a0611fa\",\"name\":\"M. N., STA\",\"image\":{\"@type\":\"ImageObject\",\"inLanguage\":\"sl-SI\",\"@id\":\"https:\/\/hudo.com\/si\/#\/schema\/person\/image\/\",\"url\":\"https:\/\/secure.gravatar.com\/avatar\/f370d38daa10467f755c5c766a4cac20?s=96&d=mm&r=g\",\"contentUrl\":\"https:\/\/secure.gravatar.com\/avatar\/f370d38daa10467f755c5c766a4cac20?s=96&d=mm&r=g\",\"caption\":\"M. N., STA\"},\"url\":\"https:\/\/hudo.com\/si\/author\/mana\/\"}]}<\/script>\n<!-- \/ Yoast SEO plugin. -->","yoast_head_json":{"title":"V Milanu bodo razstavili razstaviti ladjo smrti, s katero je potonilo 800 migantov - Hudo Slovenija","robots":{"index":"index","follow":"follow","max-snippet":"max-snippet:-1","max-image-preview":"max-image-preview:large","max-video-preview":"max-video-preview:-1"},"canonical":"https:\/\/hudo.com\/si\/aktualno\/v-milanu-bodo-razstavili-razstaviti-ladjo-smrti-s-katero-je-potonilo-800-migantov\/","og_locale":"sl_SI","og_type":"article","og_title":"V Milanu bodo razstavili razstaviti ladjo smrti, s katero je potonilo 800 migantov - Hudo Slovenija","og_description":"Z ve\u010d oskarji nagrajeni mehi\u0161ki re\u017eiser Alejandro Gonzalez Inarritu na\u010drtuje, da bi na milanskem trgu kot instalacijo razstavil ladjo, ki je aprila lani v Sredozemskem morju potonila z okoli 800 migranti na krovu, poro\u010da La Repubblica. Ladja naj bi bila na trgu Duomo na ogled od 24. marca, kar je dan pred pape\u017eevim obiskom v Milanu.","og_url":"https:\/\/hudo.com\/si\/aktualno\/v-milanu-bodo-razstavili-razstaviti-ladjo-smrti-s-katero-je-potonilo-800-migantov\/","og_site_name":"Hudo Slovenija","article_publisher":"https:\/\/www.facebook.com\/hudo.si","article_published_time":"2016-12-15T07:11:58+00:00","og_image":[{"width":1250,"height":833,"url":"https:\/\/hudo.com\/si\/wp-content\/uploads\/sites\/2\/2016\/12\/profimedia-0285107375.jpg","type":"image\/jpeg"}],"author":"M. N., STA","twitter_card":"summary_large_image","twitter_creator":"@hudo_si","twitter_site":"@hudo_si","twitter_misc":{"Written by":"M. N., STA","Est. reading time":"1 minuta"},"schema":{"@context":"https:\/\/schema.org","@graph":[{"@type":"Article","@id":"https:\/\/hudo.com\/si\/aktualno\/v-milanu-bodo-razstavili-razstaviti-ladjo-smrti-s-katero-je-potonilo-800-migantov\/#article","isPartOf":{"@id":"https:\/\/hudo.com\/si\/aktualno\/v-milanu-bodo-razstavili-razstaviti-ladjo-smrti-s-katero-je-potonilo-800-migantov\/"},"author":{"name":"M. N., STA","@id":"https:\/\/hudo.com\/si\/#\/schema\/person\/c2f10ce65d2e6ede2aeda5be2a0611fa"},"headline":"V Milanu bodo razstavili razstaviti ladjo smrti, s katero je potonilo 800 migantov","datePublished":"2016-12-15T07:11:58+00:00","dateModified":"2016-12-15T07:11:58+00:00","mainEntityOfPage":{"@id":"https:\/\/hudo.com\/si\/aktualno\/v-milanu-bodo-razstavili-razstaviti-ladjo-smrti-s-katero-je-potonilo-800-migantov\/"},"wordCount":276,"publisher":{"@id":"https:\/\/hudo.com\/si\/#organization"},"keywords":["Alejandro Gonzalez Inarritu","migranti","migrantska kriza","milano"],"articleSection":["Aktualno"],"inLanguage":"sl-SI"},{"@type":"WebPage","@id":"https:\/\/hudo.com\/si\/aktualno\/v-milanu-bodo-razstavili-razstaviti-ladjo-smrti-s-katero-je-potonilo-800-migantov\/","url":"https:\/\/hudo.com\/si\/aktualno\/v-milanu-bodo-razstavili-razstaviti-ladjo-smrti-s-katero-je-potonilo-800-migantov\/","name":"V Milanu bodo razstavili razstaviti ladjo smrti, s katero je potonilo 800 migantov - Hudo Slovenija","isPartOf":{"@id":"https:\/\/hudo.com\/si\/#website"},"datePublished":"2016-12-15T07:11:58+00:00","dateModified":"2016-12-15T07:11:58+00:00","breadcrumb":{"@id":"https:\/\/hudo.com\/si\/aktualno\/v-milanu-bodo-razstavili-razstaviti-ladjo-smrti-s-katero-je-potonilo-800-migantov\/#breadcrumb"},"inLanguage":"sl-SI","potentialAction":[{"@type":"ReadAction","target":["https:\/\/hudo.com\/si\/aktualno\/v-milanu-bodo-razstavili-razstaviti-ladjo-smrti-s-katero-je-potonilo-800-migantov\/"]}]},{"@type":"BreadcrumbList","@id":"https:\/\/hudo.com\/si\/aktualno\/v-milanu-bodo-razstavili-razstaviti-ladjo-smrti-s-katero-je-potonilo-800-migantov\/#breadcrumb","itemListElement":[{"@type":"ListItem","position":1,"name":"Home","item":"https:\/\/hudo.com\/si\/"},{"@type":"ListItem","position":2,"name":"V Milanu bodo razstavili razstaviti ladjo smrti, s katero je potonilo 800 migantov"}]},{"@type":"WebSite","@id":"https:\/\/hudo.com\/si\/#website","url":"https:\/\/hudo.com\/si\/","name":"Hudo Slovenija","description":"Vse novice iz Slovenije in sveta","publisher":{"@id":"https:\/\/hudo.com\/si\/#organization"},"potentialAction":[{"@type":"SearchAction","target":{"@type":"EntryPoint","urlTemplate":"https:\/\/hudo.com\/si\/?s={search_term_string}"},"query-input":"required name=search_term_string"}],"inLanguage":"sl-SI"},{"@type":"Organization","@id":"https:\/\/hudo.com\/si\/#organization","name":"VSN Media","url":"https:\/\/hudo.com\/si\/","logo":{"@type":"ImageObject","inLanguage":"sl-SI","@id":"https:\/\/hudo.com\/si\/#\/schema\/logo\/image\/","url":"https:\/\/hudo.com\/si\/wp-content\/uploads\/sites\/2\/2021\/03\/hudo-app-2.png","contentUrl":"https:\/\/hudo.com\/si\/wp-content\/uploads\/sites\/2\/2021\/03\/hudo-app-2.png","width":2185,"height":2167,"caption":"VSN Media"},"image":{"@id":"https:\/\/hudo.com\/si\/#\/schema\/logo\/image\/"},"sameAs":["https:\/\/www.facebook.com\/hudo.si","https:\/\/twitter.com\/hudo_si"]},{"@type":"Person","@id":"https:\/\/hudo.com\/si\/#\/schema\/person\/c2f10ce65d2e6ede2aeda5be2a0611fa","name":"M. N., STA","image":{"@type":"ImageObject","inLanguage":"sl-SI","@id":"https:\/\/hudo.com\/si\/#\/schema\/person\/image\/","url":"https:\/\/secure.gravatar.com\/avatar\/f370d38daa10467f755c5c766a4cac20?s=96&d=mm&r=g","contentUrl":"https:\/\/secure.gravatar.com\/avatar\/f370d38daa10467f755c5c766a4cac20?s=96&d=mm&r=g","caption":"M. N., STA"},"url":"https:\/\/hudo.com\/si\/author\/mana\/"}]}},"amp_enabled":true,"_links":{"self":[{"href":"https:\/\/hudo.com\/si\/wp-json\/wp\/v2\/posts\/180485"}],"collection":[{"href":"https:\/\/hudo.com\/si\/wp-json\/wp\/v2\/posts"}],"about":[{"href":"https:\/\/hudo.com\/si\/wp-json\/wp\/v2\/types\/post"}],"author":[{"embeddable":true,"href":"https:\/\/hudo.com\/si\/wp-json\/wp\/v2\/users\/8"}],"replies":[{"embeddable":true,"href":"https:\/\/hudo.com\/si\/wp-json\/wp\/v2\/comments?post=180485"}],"version-history":[{"count":1,"href":"https:\/\/hudo.com\/si\/wp-json\/wp\/v2\/posts\/180485\/revisions"}],"predecessor-version":[{"id":180487,"href":"https:\/\/hudo.com\/si\/wp-json\/wp\/v2\/posts\/180485\/revisions\/180487"}],"wp:featuredmedia":[{"embeddable":true,"href":"https:\/\/hudo.com\/si\/wp-json\/wp\/v2\/media\/180486"}],"wp:attachment":[{"href":"https:\/\/hudo.com\/si\/wp-json\/wp\/v2\/media?parent=180485"}],"wp:term":[{"taxonomy":"category","embeddable":true,"href":"https:\/\/hudo.com\/si\/wp-json\/wp\/v2\/categories?post=180485"},{"taxonomy":"post_tag","embeddable":true,"href":"https:\/\/hudo.com\/si\/wp-json\/wp\/v2\/tags?post=180485"},{"taxonomy":"source","embeddable":true,"href":"https:\/\/hudo.com\/si\/wp-json\/wp\/v2\/source?post=180485"},{"taxonomy":"supertag","embeddable":true,"href":"https:\/\/hudo.com\/si\/wp-json\/wp\/v2\/supertag?post=180485"}],"curies":[{"name":"wp","href":"https:\/\/api.w.org\/{rel}","templated":true}]}}